{"id":6061,"date":"2017-11-20T08:00:11","date_gmt":"2017-11-20T11:00:11","guid":{"rendered":"http:\/\/clusterciarnews.com.ar\/prensa\/?p=6061"},"modified":"2017-11-07T08:23:23","modified_gmt":"2017-11-07T11:23:23","slug":"el-plan-estrategico-de-ypf-punto-por-punto","status":"publish","type":"post","link":"http:\/\/ccnews.com.ar\/prensa\/el-plan-estrategico-de-ypf-punto-por-punto\/","title":{"rendered":"El plan estrat\u00e9gico de YPF, punto por punto"},"content":{"rendered":"<p>YPF present\u00f3 el Plan Estrat\u00e9gico que guiar\u00e1 el accionar de la mayor petrolera de la Argentina durante los pr\u00f3ximos cinco a\u00f1os. La hoja de ruta \u2013el primer plan quinquenal que da a conocer la compa\u00f1\u00eda durante la presidencia de Miguel \u00c1ngel Guti\u00e9rrez- contempla<strong>\u00a0una inversi\u00f3n de US$ 30.000 millones entre 2018 y 2022<\/strong>, de los cuales<strong>\u00a0el Capex neto de YPF ser\u00e1 de US$ 21.500 millones<\/strong>\u00a0(los US$ 8.500 millones restantes correr\u00e1n por cuenta de socios actuales de la petrolera).<\/p>\n<p><strong>La meta es alcanzar un 2022 una producci\u00f3n de 700.000 barriles diarios de petr\u00f3leo equivalente (boe\/d)<\/strong>, lo que implica un incremento del 26% con relaci\u00f3n a la estad\u00edstica actual. \u201cPrevemos\u00a0<strong>un incremento del 5% anua<\/strong>l, seguramente con una mayor participaci\u00f3n de la oferta de gas\u201d, precis\u00f3 Guti\u00e9rrez desde Nueva York en di\u00e1logo con\u00a0<em>EconoJournal<\/em>.<\/p>\n<p>El plan estrat\u00e9gico de YPF -el primero en anunciarse p\u00fablicamente tras el Plan de los 100 d\u00edas presentado en 2012 por el ex CEO Miguel Galuccio- proyecta una\u00a0<strong>aceleraci\u00f3n de la producci\u00f3n no convencional de hidrocarburos<\/strong>, en especial del porfolio de proyectos de Vaca Muerta. \u201cEl objetivo es\u00a0<strong>elevar la producci\u00f3n no convencional<\/strong>proveniente de los campos de tight gas y de los de shale,\u00a0<strong>en un 150% hasta 2022<\/strong>. Eso implica un cambio importante en nuestro portafolio de activos,\u00a0<strong>queremos que un 50% de la producci\u00f3n provenga de campos no convencionales<\/strong>\u201d, afirm\u00f3 Guti\u00e9rrez. Daniel Gonzalez, vicepresidente de Finanzas de la petrolera y responsable del dise\u00f1o del Plan Estrat\u00e9gico 2018-2022, agreg\u00f3 que \u201cl<strong>a oferta incremental desde campos no convencionales provendr\u00e1 mayoritariamente de Vaca Muerta<\/strong>. La producci\u00f3n de tight gas aumentar\u00e1 entre un 5% y un 10% por a\u00f1o\u201d. Para 2022, la intenci\u00f3n es producir 350.000 boe\/d desde reservorios no convencionales.<\/p>\n<p><a href=\"https:\/\/i0.wp.com\/econojournal.com.ar\/cntnt\/uploads\/2017\/10\/Gutie%CC%81rrez-Gonza%CC%81lez-YPF-1024x714-1.jpg\"><img data-recalc-dims=\"1\" loading=\"lazy\" decoding=\"async\" class=\"alignnone size-full wp-image-19219\" src=\"https:\/\/i0.wp.com\/econojournal.com.ar\/cntnt\/uploads\/2017\/10\/Gutie%CC%81rrez-Gonza%CC%81lez-YPF-1024x714-1.jpg?resize=600%2C400\" sizes=\"auto, (max-width: 600px) 100vw, 600px\" srcset=\"http:\/\/econojournal.com.ar\/cntnt\/uploads\/2017\/10\/Gutie\u0301rrez-Gonza\u0301lez-YPF-1024x714-1.jpg 600w, http:\/\/econojournal.com.ar\/cntnt\/uploads\/2017\/10\/Gutie\u0301rrez-Gonza\u0301lez-YPF-1024x714-1-300x200.jpg 300w, http:\/\/econojournal.com.ar\/cntnt\/uploads\/2017\/10\/Gutie\u0301rrez-Gonza\u0301lez-YPF-1024x714-1-768x512.jpg 768w, http:\/\/econojournal.com.ar\/cntnt\/uploads\/2017\/10\/Gutie\u0301rrez-Gonza\u0301lez-YPF-1024x714-1-1024x682.jpg 1024w\" alt=\"\" width=\"600\" height=\"400\" data-attachment-id=\"19219\" data-permalink=\"http:\/\/econojournal.com.ar\/2017\/10\/el-plan-estrategico-de-ypf-punto-por-punto\/gutierrez-gonzalez-ypf-1024x714\/\" data-orig-file=\"http:\/\/econojournal.com.ar\/cntnt\/uploads\/2017\/10\/Gutie\u0301rrez-Gonza\u0301lez-YPF-1024x714-1.jpg\" data-orig-size=\"600,400\" data-comments-opened=\"1\" data-image-meta=\"{&quot;aperture&quot;:&quot;2.8&quot;,&quot;credit&quot;:&quot;&quot;,&quot;camera&quot;:&quot;Canon EOS 5D Mark III&quot;,&quot;caption&quot;:&quot;&quot;,&quot;created_timestamp&quot;:&quot;1508775754&quot;,&quot;copyright&quot;:&quot;&quot;,&quot;focal_length&quot;:&quot;53&quot;,&quot;iso&quot;:&quot;1000&quot;,&quot;shutter_speed&quot;:&quot;0.0025&quot;,&quot;title&quot;:&quot;&quot;,&quot;orientation&quot;:&quot;1&quot;}\" data-image-title=\"Gutie\u0301rrez-Gonza\u0301lez-YPF-1024\u00d7714\" data-image-description=\"\" data-medium-file=\"http:\/\/econojournal.com.ar\/cntnt\/uploads\/2017\/10\/Gutie\u0301rrez-Gonza\u0301lez-YPF-1024x714-1-300x200.jpg\" data-large-file=\"http:\/\/econojournal.com.ar\/cntnt\/uploads\/2017\/10\/Gutie\u0301rrez-Gonza\u0301lez-YPF-1024x714-1-1024x682.jpg\" \/><\/a><\/p>\n<p>La petrolera traz\u00f3 su plan quinquenal sobre una serie de par\u00e1metros centrales.\u00a0<strong>Proyect\u00f3 sus n\u00fameros sobre la base de un precio internacional del petr\u00f3leo de 50 d\u00f3lares<\/strong>\u00a0y un valor del gas de US$ 5,5 por mill\u00f3n de BTU. Son datos que dan cuenta de una postura criteriosa y hasta conservadora. Adem\u00e1s,\u00a0<strong>la planificaci\u00f3n no contempl\u00f3 la venta de activos ni la incorporaci\u00f3n de nuevos socios en Vaca Muerta.<\/strong>\u00a0Est\u00e1 claro que no son hip\u00f3tesis ciertas (la compa\u00f1\u00eda buscar\u00e1 sumar nuevos socios para desarrollar campos no convencionales), pero\u00a0<strong>se opt\u00f3 por realizar una proyecci\u00f3n que contemple \u00fanicamente la base actual de recursos identificados de YPF<\/strong>. \u201cIncluso tampoco asignamos un porcentaje de \u00e9xito a\u00a0<strong>la inversi\u00f3n en exploraci\u00f3n, que ascender\u00e1 a US$ 150 millones por a\u00f1o<\/strong>\u00a0hasta fin del per\u00edodo a fin de incrementar un 50% las reservas probadas\u201d, precis\u00f3 Guti\u00e9rrez.<\/p>\n<p>Se trata de una programaci\u00f3n racional, que buscar\u00e1 poner el foco en la gesti\u00f3n. \u201c<strong>Es un plan potente, pero el verdadero desaf\u00edo pasa por la ejecuci\u00f3n<\/strong>\u201d, advirti\u00f3 Guti\u00e9rrez. La petrolera enfrenta la necesidad de frenar la declinaci\u00f3n de los campos maduros de petr\u00f3leo. \u201cVamos a llevar adelante todos las iniciativas de recuperaci\u00f3n secundaria y terciaria que sean convenientes.\u00a0<strong>Aspiramos a perforar m\u00e1s de 1600 pozos en 29 proyectos integrales en yacimientos maduros<\/strong>\u201d, precis\u00f3 Guti\u00e9rrez.<\/p>\n<p>El presidente de YPF profundiz\u00f3 tambi\u00e9n sobre la reformulaci\u00f3n de la compa\u00f1\u00eda, ya no como una petrolera, sino como una empresa integral de energ\u00eda. En ese sentido, precis\u00f3 que YPF Energ\u00eda El\u00e9ctrica, la subsidiaria que maneja los activos en el segmento de generaci\u00f3n, aspita a traccionar inversiones por US$ 2000 millones en el per\u00edodo. Si bien los directivos evitaron dar precisiones sobre el proceso de incorporaci\u00f3n de un socio en YPF Energ\u00eda El\u00e9ctrica, las negociaciones para venderle un 49% de esa firma a GE estar\u00edan pr\u00e1cticamente definidas. \u201cQueremos llevar a la compa\u00f1\u00eda al top 3 del mercado de generaci\u00f3n, duplicando la capacidad instalada que hoy es de 1300 Mw\u201d, indic\u00f3 Guti\u00e9rrez.<\/p>\n<p><strong>Tambi\u00e9n buscar\u00e1 sacarle el jugo a la cadena de retail de YPF<\/strong>, un canal de comercializaci\u00f3n que abastece a m\u00e1s de 1,5 millones de personas en las estaciones de servicio de la petrolera controlada por el Estado. \u201cTenemos el gran desaf\u00edo colocar al cliente en el centro de nuestros servicios. En ese sentido, existen dos vectores. Uno vinculado a mejorar la experiencia del cliente en nuestras estaciones, para lo cual\u00a0<strong>estamos evaluando asociaciones con l\u00edderes tecnol\u00f3gicos. De hecho, ya estamos en conversaciones con uno de los unicornios argentinos<\/strong>\u00a0(tal como se conoce en el mercado al p\u00f3ker de empresas que conforman Mercado Libre,\u00a0Despegar.com, OLX y Globant). A su vez, el otro vector est\u00e1 ligado concretamente con la expansi\u00f3n de nuestra red mediante la apertura de 200 bocas nuevas y la inversi\u00f3n para alcanzar las metas medioambientales.\u00a0<strong>Para 2022, la meta es abastecer un 70% de la demanda con combustibles de bajo azufre de producci\u00f3n propia<\/strong>\u201d, agreg\u00f3. En esa clave, YPF invertir\u00e1 US$ 3300 millones en el quinquenio en el marco de programas de cuidado del medio ambiente y sustentabilidad.<\/p>\n<p>&nbsp;<\/p>\n<p>Fuente: Ecojornal<\/p>\n<!-- AddThis Advanced Settings generic via filter on the_content -->","protected":false},"excerpt":{"rendered":"<p>YPF present\u00f3 el Plan Estrat\u00e9gico que guiar\u00e1 el accionar de la mayor petrolera de la Argentina durante los pr\u00f3ximos cinco<!-- AddThis Advanced Settings generic via filter on get_the_excerpt --><\/p>\n","protected":false},"author":2,"featured_media":6063,"comment_status":"closed","ping_status":"closed","sticky":false,"template":"","format":"standard","meta":{"colormag_page_container_layout":"default_layout","colormag_page_sidebar_layout":"default_layout","jetpack_post_was_ever_published":false,"_jetpack_newsletter_access":"","_jetpack_dont_email_post_to_subs":false,"_jetpack_newsletter_tier_id":0,"_jetpack_memberships_contains_paywalled_content":false,"_jetpack_memberships_contains_paid_content":false,"footnotes":"","jetpack_publicize_message":"","jetpack_publicize_feature_enabled":true,"jetpack_social_post_already_shared":true,"jetpack_social_options":{"image_generator_settings":{"template":"highway","default_image_id":0,"font":"","enabled":false},"version":2}},"categories":[11],"tags":[17],"class_list":["post-6061","post","type-post","status-publish","format-standard","has-post-thumbnail","hentry","category-energia-y-produccion","tag-otros-medios"],"jetpack_publicize_connections":[],"jetpack_featured_media_url":"https:\/\/i0.wp.com\/ccnews.com.ar\/prensa\/wp-content\/uploads\/2017\/11\/Gutie%CC_rrez-Gonza%CC_lez-YPF-1024x714-1.jpg?fit=600%2C400","jetpack_shortlink":"https:\/\/wp.me\/p7L1gj-1zL","jetpack-related-posts":[{"id":6055,"url":"http:\/\/ccnews.com.ar\/prensa\/ypf-presento-sus-planes-en-wall-street\/","url_meta":{"origin":6061,"position":0},"title":"YPF present\u00f3 sus planes en Wall Street","author":"CLUSTERciar","date":"16 noviembre, 2017","format":false,"excerpt":"La compa\u00f1\u00eda particip\u00f3 del Investor Day y su presidente, Miguel Guti\u00e9rrez, mostr\u00f3 su programa a cinco a\u00f1os La petrolera YPF particip\u00f3 ayer en la Bolsa de Nueva York, del Investor day, un evento en el cual el presidente de la compa\u00f1\u00eda Miguel Guti\u00e9rrez, junto a la alta gerencia de la\u2026","rel":"","context":"En \u00abManagement\u00bb","block_context":{"text":"Management","link":"http:\/\/ccnews.com.ar\/prensa\/category\/management\/"},"img":{"alt_text":"","src":"https:\/\/i0.wp.com\/ccnews.com.ar\/prensa\/wp-content\/uploads\/2017\/11\/ypf261017.jpg?fit=250%2C250&resize=350%2C200","width":350,"height":200},"classes":[]},{"id":6071,"url":"http:\/\/ccnews.com.ar\/prensa\/ypf-y-exxonmobil-impulsan-la-ampliacion-de-gasoducto-estrategico-en-vaca-muerta\/","url_meta":{"origin":6061,"position":1},"title":"YPF y ExxonMobil impulsan la ampliaci\u00f3n de gasoducto estrat\u00e9gico en Vaca Muerta","author":"CLUSTERciar","date":"14 noviembre, 2017","format":false,"excerpt":"Gasoducto del Pac\u00edfico, una empresa controlada por la espa\u00f1ola Gas Natural Fenosa que cuenta entre sus accionistas a YPF, realiz\u00f3 un\u00a0Open Season\u00a0para convocar a las petroleras interesadas en contratar la capacidad adicional que incorporar\u00e1 a su red de transporte de gas. El tendido es estrat\u00e9gico porque en los pr\u00f3ximos a\u00f1os\u2026","rel":"","context":"En \u00abSustentabilidad\u00bb","block_context":{"text":"Sustentabilidad","link":"http:\/\/ccnews.com.ar\/prensa\/category\/sustentabilidad\/"},"img":{"alt_text":"","src":"https:\/\/i0.wp.com\/econojournal.com.ar\/cntnt\/uploads\/2017\/11\/YPF-Midstream-1024x728.jpg?resize=350%2C200","width":350,"height":200,"srcset":"https:\/\/i0.wp.com\/econojournal.com.ar\/cntnt\/uploads\/2017\/11\/YPF-Midstream-1024x728.jpg?resize=350%2C200 1x, https:\/\/i0.wp.com\/econojournal.com.ar\/cntnt\/uploads\/2017\/11\/YPF-Midstream-1024x728.jpg?resize=525%2C300 1,5x"},"classes":[]},{"id":3587,"url":"http:\/\/ccnews.com.ar\/prensa\/ypf-baja-costos-en-vaca-muerta\/","url_meta":{"origin":6061,"position":2},"title":"YPF baja costos en Vaca Muerta","author":"CLUSTERciar","date":"13 marzo, 2017","format":false,"excerpt":"La petrolera nacional confirm\u00f3 esta semana que con un barril de 40 d\u00f3lares consigue rentabilidad. El presidente de la firma, Miguel Guti\u00e9rrez, asegur\u00f3 adem\u00e1s que redujeron los tiempos de perforaci\u00f3n. Los vaivenes de la industria petrolera suelen destruir hasta las estimaciones de m\u00e1s corto plazo. El acuerdo que YPF firm\u00f3\u2026","rel":"","context":"En \u00abEnerg\u00eda y Producci\u00f3n\u00bb","block_context":{"text":"Energ\u00eda y Producci\u00f3n","link":"http:\/\/ccnews.com.ar\/prensa\/category\/energia-y-produccion\/"},"img":{"alt_text":"","src":"https:\/\/i0.wp.com\/ccnews.com.ar\/prensa\/wp-content\/uploads\/2017\/03\/ypf090317.jpg?fit=250%2C250&resize=350%2C200","width":350,"height":200},"classes":[]},{"id":1087,"url":"http:\/\/ccnews.com.ar\/prensa\/para-el-nuevo-ceo-ypf-debe-vender-algunos-activos\/","url_meta":{"origin":6061,"position":3},"title":"Para el nuevo CEO, YPF debe vender algunos activos","author":"CLUSTERciar","date":"13 agosto, 2016","format":false,"excerpt":"Darr\u00e9 dijo que no se puede ser bueno en todo y que hay que concentrarse en el negocio principal. En su primera presentaci\u00f3n ante los analistas, el nuevo CEO de YPF, Ricardo Darr\u00e9\u00a0dio precisiones sobre qu\u00e9 planea para el futuro de la principal compa\u00f1\u00eda petrolera del pa\u00eds. El ejecutivo, un\u2026","rel":"","context":"En \u00abSustentabilidad\u00bb","block_context":{"text":"Sustentabilidad","link":"http:\/\/ccnews.com.ar\/prensa\/category\/sustentabilidad\/"},"img":{"alt_text":"Ricardo Darr\u00e9, ex Total, es el nuevo CEO de YPF  Foto: Prensa YPF","src":"https:\/\/i0.wp.com\/images.clarin.com\/ieco\/economia\/Ricardo-Total-CEO-YPF-Prensa_CLAIMA20160805_0231_28.jpg?resize=350%2C200","width":350,"height":200,"srcset":"https:\/\/i0.wp.com\/images.clarin.com\/ieco\/economia\/Ricardo-Total-CEO-YPF-Prensa_CLAIMA20160805_0231_28.jpg?resize=350%2C200 1x, https:\/\/i0.wp.com\/images.clarin.com\/ieco\/economia\/Ricardo-Total-CEO-YPF-Prensa_CLAIMA20160805_0231_28.jpg?resize=525%2C300 1,5x"},"classes":[]},{"id":3835,"url":"http:\/\/ccnews.com.ar\/prensa\/schlumberger-cambia-de-rol-en-vaca-muerta\/","url_meta":{"origin":6061,"position":4},"title":"Schlumberger cambia de rol en Vaca Muerta","author":"CLUSTERciar","date":"19 abril, 2017","format":false,"excerpt":"Desembolsar\u00e1 u$s 390 millones para un desarrollo shale de petr\u00f3leo y gas. El piloto lo realizar\u00e1 con YPF, que operar\u00e1 el \u00e1rea. El desembarco ser\u00e1 en Bandurria Sur, al norte de Loma Campana. Schlumberger, la principal empresa de servicios petroleros del mundo, desembarc\u00f3 en Vaca Muerta hace a\u00f1os. Sin embargo,\u2026","rel":"","context":"En \u00abEnerg\u00eda y Producci\u00f3n\u00bb","block_context":{"text":"Energ\u00eda y Producci\u00f3n","link":"http:\/\/ccnews.com.ar\/prensa\/category\/energia-y-produccion\/"},"img":{"alt_text":"","src":"https:\/\/i0.wp.com\/ccnews.com.ar\/prensa\/wp-content\/uploads\/2017\/04\/image_content_8288673_20170412221043.jpg?fit=660%2C370&resize=350%2C200","width":350,"height":200,"srcset":"https:\/\/i0.wp.com\/ccnews.com.ar\/prensa\/wp-content\/uploads\/2017\/04\/image_content_8288673_20170412221043.jpg?fit=660%2C370&resize=350%2C200 1x, https:\/\/i0.wp.com\/ccnews.com.ar\/prensa\/wp-content\/uploads\/2017\/04\/image_content_8288673_20170412221043.jpg?fit=660%2C370&resize=525%2C300 1,5x"},"classes":[]},{"id":4961,"url":"http:\/\/ccnews.com.ar\/prensa\/en-ypf-confian-en-que-repuntara-la-produccion-petrolera\/","url_meta":{"origin":6061,"position":5},"title":"En YPF conf\u00edan en que repuntar\u00e1 la producci\u00f3n petrolera","author":"CLUSTERciar","date":"18 agosto, 2017","format":false,"excerpt":"El presidente de YPF, Miguel \u00c1ngel Guti\u00e9rrez, consider\u00f3 ayer que la producci\u00f3n de petr\u00f3leo en el pa\u00eds toc\u00f3 su nivel m\u00e1s bajo, pero asegur\u00f3 que, tras un \"proceso de ajuste\" de las compa\u00f1\u00edas, el n\u00famero de pozos aumentar\u00e1 e impulsar\u00e1 la producci\u00f3n de crudo hacia el a\u00f1o pr\u00f3ximo. \"Para m\u00ed,\u2026","rel":"","context":"En \u00abManagement\u00bb","block_context":{"text":"Management","link":"http:\/\/ccnews.com.ar\/prensa\/category\/management\/"},"img":{"alt_text":"","src":"https:\/\/i0.wp.com\/ccnews.com.ar\/prensa\/wp-content\/uploads\/2017\/08\/ypf080817.jpg?fit=250%2C250&resize=350%2C200","width":350,"height":200},"classes":[]}],"jetpack_sharing_enabled":true,"_links":{"self":[{"href":"http:\/\/ccnews.com.ar\/prensa\/wp-json\/wp\/v2\/posts\/6061","targetHints":{"allow":["GET"]}}],"collection":[{"href":"http:\/\/ccnews.com.ar\/prensa\/wp-json\/wp\/v2\/posts"}],"about":[{"href":"http:\/\/ccnews.com.ar\/prensa\/wp-json\/wp\/v2\/types\/post"}],"author":[{"embeddable":true,"href":"http:\/\/ccnews.com.ar\/prensa\/wp-json\/wp\/v2\/users\/2"}],"replies":[{"embeddable":true,"href":"http:\/\/ccnews.com.ar\/prensa\/wp-json\/wp\/v2\/comments?post=6061"}],"version-history":[{"count":1,"href":"http:\/\/ccnews.com.ar\/prensa\/wp-json\/wp\/v2\/posts\/6061\/revisions"}],"predecessor-version":[{"id":6065,"href":"http:\/\/ccnews.com.ar\/prensa\/wp-json\/wp\/v2\/posts\/6061\/revisions\/6065"}],"wp:featuredmedia":[{"embeddable":true,"href":"http:\/\/ccnews.com.ar\/prensa\/wp-json\/wp\/v2\/media\/6063"}],"wp:attachment":[{"href":"http:\/\/ccnews.com.ar\/prensa\/wp-json\/wp\/v2\/media?parent=6061"}],"wp:term":[{"taxonomy":"category","embeddable":true,"href":"http:\/\/ccnews.com.ar\/prensa\/wp-json\/wp\/v2\/categories?post=6061"},{"taxonomy":"post_tag","embeddable":true,"href":"http:\/\/ccnews.com.ar\/prensa\/wp-json\/wp\/v2\/tags?post=6061"}],"curies":[{"name":"wp","href":"https:\/\/api.w.org\/{rel}","templated":true}]}}