{"id":6371,"date":"2017-12-23T08:00:21","date_gmt":"2017-12-23T11:00:21","guid":{"rendered":"http:\/\/clusterciarnews.com.ar\/prensa\/?p=6371"},"modified":"2017-12-19T11:53:54","modified_gmt":"2017-12-19T14:53:54","slug":"francia-prohibe-el-uso-de-moviles-en-los-colegios-hasta-en-el-recreo","status":"publish","type":"post","link":"http:\/\/ccnews.com.ar\/prensa\/francia-prohibe-el-uso-de-moviles-en-los-colegios-hasta-en-el-recreo\/","title":{"rendered":"Francia proh\u00edbe el uso de m\u00f3viles en los colegios hasta en el recreo"},"content":{"rendered":"<p><strong>La medida entrar\u00e1 en vigor en\u00a0septiembre de 2018 y\u00a0no impide llevar los terminales a la escuela, aunque s\u00ed su empleo en cualquier parte del colegio<\/strong><\/p>\n<p>Desde el comienzo del pr\u00f3ximo curso escolar en\u00a0<strong>Francia<\/strong>, los ni\u00f1os, de hasta 15 a\u00f1os, tendr\u00e1n prohibido sacar el m\u00f3vil utilizar el m\u00f3vil durante el horario escolar, incluso durante los recreos.Se trata de una pol\u00e9mica medida del Poder Ejecutivo franc\u00e9s.\u00a0El ministro de Educaci\u00f3n,\u00a0<strong>Jean-Michel Blanquer<\/strong>, dijo que se trata de &#8220;un mensaje de salud p\u00fablica para las familias&#8221;, en declaraciones a RTL Radio.<\/p>\n<div id=\"eplAdDivBanner_7_Inline_video\">\u00a0&#8220;A veces, se necesita un m\u00f3vil por\u00a0<strong>razones relacionadas con la ense\u00f1anza<\/strong>. Sin embargo, su uso debe de estar controlado&#8221;, destac\u00f3 el ministro.&#8221;Es bueno que los ni\u00f1os no est\u00e9n tan a menudo, o incluso nunca, delante de una pantalla con siete a\u00f1os de edad&#8221;, argument\u00f3.<\/div>\n<p>Esta nueva prohibici\u00f3n, que entrar\u00e1 en vigor en\u00a0<strong>septiembre de 2018<\/strong>, no impide llevar los terminales a la escuela, aunque s\u00ed su empleo en cualquier parte del recinto escolar.Una medida que suscita ciertas dudas en el seno de la comunidad educativa: &#8220;Este anuncio del Ministerio de Educaci\u00f3n nos deja dubitativos porque estamos teniendo problemas para entender cu\u00e1l es el asunto real aqu\u00ed. En general, estamos acostumbrados a ser l\u00f3gicos y pragm\u00e1ticos sobre estas cosas, pero no encontramos l\u00f3gica o pragmatismo en este anuncio&#8221;, afirm\u00f3 el portavoz sindical,\u00a0<strong>Philippe Vincent<\/strong>.El anuncio en Francia no se tom\u00f3 como sorpresa. El presidente\u00a0<strong>Emmanuel Macron\u00a0<\/strong>inform\u00f3 esta medida educativa de forma reiterada durante su exitosa campa\u00f1a hacia el El\u00edseo.<\/p>\n<div id=\"eplAdDivBanner_9_970x250\">\n<div id=\"adDefaultBanner_9_970x250_54c6d90a5de8e3f0\">Adem\u00e1s, la prohibici\u00f3n del uso de m\u00f3viles en las aulas es una\u00a0<strong>pr\u00e1ctica bastante extendida\u00a0<\/strong>que, hasta ahora, se aplica de forma discrecional en las escuelas.<\/div>\n<\/div>\n<!-- AddThis Advanced Settings generic via filter on the_content -->","protected":false},"excerpt":{"rendered":"<p>La medida entrar\u00e1 en vigor en\u00a0septiembre de 2018 y\u00a0no impide llevar los terminales a la escuela, aunque s\u00ed su empleo<!-- AddThis Advanced Settings generic via filter on get_the_excerpt --><\/p>\n","protected":false},"author":2,"featured_media":6373,"comment_status":"closed","ping_status":"closed","sticky":false,"template":"","format":"standard","meta":{"colormag_page_container_layout":"default_layout","colormag_page_sidebar_layout":"default_layout","jetpack_post_was_ever_published":false,"_jetpack_newsletter_access":"","_jetpack_dont_email_post_to_subs":false,"_jetpack_newsletter_tier_id":0,"_jetpack_memberships_contains_paywalled_content":false,"_jetpack_memberships_contains_paid_content":false,"footnotes":"","jetpack_publicize_message":"","jetpack_publicize_feature_enabled":true,"jetpack_social_post_already_shared":true,"jetpack_social_options":{"image_generator_settings":{"template":"highway","default_image_id":0,"font":"","enabled":false},"version":2}},"categories":[19],"tags":[17],"class_list":["post-6371","post","type-post","status-publish","format-standard","has-post-thumbnail","hentry","category-educacion-sociedad","tag-otros-medios"],"jetpack_publicize_connections":[],"jetpack_featured_media_url":"https:\/\/i0.wp.com\/ccnews.com.ar\/prensa\/wp-content\/uploads\/2017\/12\/399044.jpg?fit=630%2C460","jetpack_shortlink":"https:\/\/wp.me\/p7L1gj-1EL","jetpack-related-posts":[{"id":7231,"url":"http:\/\/ccnews.com.ar\/prensa\/prohibiran-el-uso-de-telefonos-celulares-en-las-escuelas-de-francia\/","url_meta":{"origin":6371,"position":0},"title":"Prohibir\u00e1n el uso de tel\u00e9fonos celulares en las escuelas de Francia","author":"admin","date":"23 marzo, 2018","format":false,"excerpt":"El gobierno de Francia prohibir\u00e1 el uso de celulares y smartphones en todos los colegios de ese pa\u00eds. El presidente franc\u00e9s Emmanuel Macron implementar\u00e1 esta medida desde setiembre como parte de su pol\u00edtica de salud p\u00fablica para las familias. Esta misma medida que impondr\u00e1 el gobierno de Macron proh\u00edbir\u00e1 a\u2026","rel":"","context":"En \u00abEducaci\u00f3n\/Sociedad\u00bb","block_context":{"text":"Educaci\u00f3n\/Sociedad","link":"http:\/\/ccnews.com.ar\/prensa\/category\/educacion-sociedad\/"},"img":{"alt_text":"","src":"https:\/\/i0.wp.com\/ccnews.com.ar\/prensa\/wp-content\/uploads\/2018\/03\/francia-prohibe-el-uso-de-celulares-dentro-de-cole-791684-png_604x0.png?fit=604%2C340&resize=350%2C200","width":350,"height":200,"srcset":"https:\/\/i0.wp.com\/ccnews.com.ar\/prensa\/wp-content\/uploads\/2018\/03\/francia-prohibe-el-uso-de-celulares-dentro-de-cole-791684-png_604x0.png?fit=604%2C340&resize=350%2C200 1x, https:\/\/i0.wp.com\/ccnews.com.ar\/prensa\/wp-content\/uploads\/2018\/03\/francia-prohibe-el-uso-de-celulares-dentro-de-cole-791684-png_604x0.png?fit=604%2C340&resize=525%2C300 1,5x"},"classes":[]},{"id":16494,"url":"http:\/\/ccnews.com.ar\/prensa\/en-el-segundo-semestre-se-duplicaron-las-clases-por-videoconferencia-aunque-whatsapp-fue-la-herramienta-mas-usada\/","url_meta":{"origin":6371,"position":1},"title":"En el segundo semestre, se duplicaron las clases por videoconferencia aunque WhatsApp fue la herramienta m\u00e1s usada","author":"Editor","date":"30 diciembre, 2020","format":false,"excerpt":"Si bien aument\u00f3 el contacto en tiempo en real entre docentes y alumnos, el env\u00edo de tareas se mantuvo sobre todo a trav\u00e9s de chat y archivos PDF","rel":"","context":"En \u00abEducaci\u00f3n\/Sociedad\u00bb","block_context":{"text":"Educaci\u00f3n\/Sociedad","link":"http:\/\/ccnews.com.ar\/prensa\/category\/educacion-sociedad\/"},"img":{"alt_text":"","src":"","width":0,"height":0},"classes":[]},{"id":12967,"url":"http:\/\/ccnews.com.ar\/prensa\/la-educacion-infantil-que-ofrece-la-television\/","url_meta":{"origin":6371,"position":2},"title":"La educaci\u00f3n infantil que ofrece la televisi\u00f3n","author":"admin","date":"13 septiembre, 2019","format":false,"excerpt":"Programas infantiles como Dora, la exploradora tienen una influencia en el proceso cognitivo de los ni\u00f1os; aunque limitado y m\u00ednimo, expertos aseguran que es innegable el aprendizaje que se adquiere por la televisi\u00f3n. Dirigida por James Bobin (Alicia a trav\u00e9s del espejo, 2016),\u00a0Dora y la ciudad perdida, que se estrena\u2026","rel":"","context":"En \u00abEducaci\u00f3n\/Sociedad\u00bb","block_context":{"text":"Educaci\u00f3n\/Sociedad","link":"http:\/\/ccnews.com.ar\/prensa\/category\/educacion-sociedad\/"},"img":{"alt_text":"","src":"https:\/\/i0.wp.com\/ccnews.com.ar\/prensa\/wp-content\/uploads\/2019\/09\/nino-tv.jpg?fit=750%2C498&resize=350%2C200","width":350,"height":200,"srcset":"https:\/\/i0.wp.com\/ccnews.com.ar\/prensa\/wp-content\/uploads\/2019\/09\/nino-tv.jpg?fit=750%2C498&resize=350%2C200 1x, https:\/\/i0.wp.com\/ccnews.com.ar\/prensa\/wp-content\/uploads\/2019\/09\/nino-tv.jpg?fit=750%2C498&resize=525%2C300 1,5x, https:\/\/i0.wp.com\/ccnews.com.ar\/prensa\/wp-content\/uploads\/2019\/09\/nino-tv.jpg?fit=750%2C498&resize=700%2C400 2x"},"classes":[]},{"id":10705,"url":"http:\/\/ccnews.com.ar\/prensa\/empleo-del-futuro-la-propuesta-argentina-para-ensenarles-a-los-ninos-programacion-y-robotica\/","url_meta":{"origin":6371,"position":3},"title":"Empleo del futuro: la propuesta argentina para ense\u00f1arles a los ni\u00f1os programaci\u00f3n y rob\u00f3tica","author":"admin","date":"8 marzo, 2019","format":false,"excerpt":"La organizaci\u00f3n del MWC, el congreso de la industria m\u00f3vil en Barcelona, convoc\u00f3 en esta edici\u00f3n a la empresa argentina TecnoKids para brindar charlas sobre educaci\u00f3n y tecnolog\u00eda. \"Somos la primera instituci\u00f3n de la Argentina y Am\u00e9rica Latina en participar en 3 eventos del MWC\", se\u00f1al\u00f3 a Infobae Leandro Swietarski,\u2026","rel":"","context":"En \u00abEducaci\u00f3n\/Sociedad\u00bb","block_context":{"text":"Educaci\u00f3n\/Sociedad","link":"http:\/\/ccnews.com.ar\/prensa\/category\/educacion-sociedad\/"},"img":{"alt_text":"","src":"https:\/\/i0.wp.com\/ccnews.com.ar\/prensa\/wp-content\/uploads\/2019\/03\/empleo-del-futuro-la-propuesta-argentina-para-ensenarles-a-los-ninos-programacion-y-robotica.jpg?fit=1200%2C675&resize=350%2C200","width":350,"height":200,"srcset":"https:\/\/i0.wp.com\/ccnews.com.ar\/prensa\/wp-content\/uploads\/2019\/03\/empleo-del-futuro-la-propuesta-argentina-para-ensenarles-a-los-ninos-programacion-y-robotica.jpg?fit=1200%2C675&resize=350%2C200 1x, https:\/\/i0.wp.com\/ccnews.com.ar\/prensa\/wp-content\/uploads\/2019\/03\/empleo-del-futuro-la-propuesta-argentina-para-ensenarles-a-los-ninos-programacion-y-robotica.jpg?fit=1200%2C675&resize=525%2C300 1,5x, https:\/\/i0.wp.com\/ccnews.com.ar\/prensa\/wp-content\/uploads\/2019\/03\/empleo-del-futuro-la-propuesta-argentina-para-ensenarles-a-los-ninos-programacion-y-robotica.jpg?fit=1200%2C675&resize=700%2C400 2x, https:\/\/i0.wp.com\/ccnews.com.ar\/prensa\/wp-content\/uploads\/2019\/03\/empleo-del-futuro-la-propuesta-argentina-para-ensenarles-a-los-ninos-programacion-y-robotica.jpg?fit=1200%2C675&resize=1050%2C600 3x"},"classes":[]},{"id":14246,"url":"http:\/\/ccnews.com.ar\/prensa\/asi-sera-el-smartphone-del-futuro\/","url_meta":{"origin":6371,"position":4},"title":"As\u00ed ser\u00e1 el \u2018smartphone\u2019 del futuro","author":"admin","date":"13 enero, 2020","format":false,"excerpt":"Los dispositivos m\u00f3viles, que hoy ya facilitan nuestras vidas, todav\u00eda lo har\u00e1n m\u00e1s en los pr\u00f3ximos a\u00f1os. El tel\u00e9fono se ha convertido en una extensi\u00f3n de nuestro propio cuerpo y ya no podemos vivir sin \u00e9l. https:\/\/youtu.be\/aEK7-_kGCkI uena el despertador, abrimos los ojos. Y el primer gesto del d\u00eda es\u2026","rel":"","context":"En \u00abTransformaci\u00f3n digital\u00bb","block_context":{"text":"Transformaci\u00f3n digital","link":"http:\/\/ccnews.com.ar\/prensa\/category\/transformacion-digital\/"},"img":{"alt_text":"","src":"https:\/\/i0.wp.com\/ccnews.com.ar\/prensa\/wp-content\/uploads\/2020\/01\/1578656375_909703_1578657767_sumario_normal_recorte1.jpg?fit=1200%2C597&resize=350%2C200","width":350,"height":200,"srcset":"https:\/\/i0.wp.com\/ccnews.com.ar\/prensa\/wp-content\/uploads\/2020\/01\/1578656375_909703_1578657767_sumario_normal_recorte1.jpg?fit=1200%2C597&resize=350%2C200 1x, https:\/\/i0.wp.com\/ccnews.com.ar\/prensa\/wp-content\/uploads\/2020\/01\/1578656375_909703_1578657767_sumario_normal_recorte1.jpg?fit=1200%2C597&resize=525%2C300 1,5x, https:\/\/i0.wp.com\/ccnews.com.ar\/prensa\/wp-content\/uploads\/2020\/01\/1578656375_909703_1578657767_sumario_normal_recorte1.jpg?fit=1200%2C597&resize=700%2C400 2x, https:\/\/i0.wp.com\/ccnews.com.ar\/prensa\/wp-content\/uploads\/2020\/01\/1578656375_909703_1578657767_sumario_normal_recorte1.jpg?fit=1200%2C597&resize=1050%2C600 3x"},"classes":[]},{"id":3281,"url":"http:\/\/ccnews.com.ar\/prensa\/formacion-docente-en-el-uso-de-celulares-en-el-aula\/","url_meta":{"origin":6371,"position":5},"title":"Formaci\u00f3n docente en el uso de celulares en el aula","author":"CLUSTERciar","date":"1 marzo, 2017","format":false,"excerpt":"El Ministerio de Educaci\u00f3n de C\u00f3rdoba y el Grupo Telecom, a trav\u00e9s del programa DiME, capacitaron a m\u00e1s de 1700 docentes en 2016 El\u00a0programa Di.M.E (Dispositivos m\u00f3viles en educaci\u00f3n) dise\u00f1ado e implementado por el Ministerio de Educaci\u00f3n de C\u00f3rdoba en alianza con Grupo Telecom, capacit\u00f3 este a\u00f1o a m\u00e1s de\u2026","rel":"","context":"En \u00abEducaci\u00f3n\/Sociedad\u00bb","block_context":{"text":"Educaci\u00f3n\/Sociedad","link":"http:\/\/ccnews.com.ar\/prensa\/category\/educacion-sociedad\/"},"img":{"alt_text":"","src":"https:\/\/i0.wp.com\/ccnews.com.ar\/prensa\/wp-content\/uploads\/2017\/02\/437108.jpg?fit=630%2C460&resize=350%2C200","width":350,"height":200,"srcset":"https:\/\/i0.wp.com\/ccnews.com.ar\/prensa\/wp-content\/uploads\/2017\/02\/437108.jpg?fit=630%2C460&resize=350%2C200 1x, https:\/\/i0.wp.com\/ccnews.com.ar\/prensa\/wp-content\/uploads\/2017\/02\/437108.jpg?fit=630%2C460&resize=525%2C300 1,5x"},"classes":[]}],"jetpack_sharing_enabled":true,"_links":{"self":[{"href":"http:\/\/ccnews.com.ar\/prensa\/wp-json\/wp\/v2\/posts\/6371","targetHints":{"allow":["GET"]}}],"collection":[{"href":"http:\/\/ccnews.com.ar\/prensa\/wp-json\/wp\/v2\/posts"}],"about":[{"href":"http:\/\/ccnews.com.ar\/prensa\/wp-json\/wp\/v2\/types\/post"}],"author":[{"embeddable":true,"href":"http:\/\/ccnews.com.ar\/prensa\/wp-json\/wp\/v2\/users\/2"}],"replies":[{"embeddable":true,"href":"http:\/\/ccnews.com.ar\/prensa\/wp-json\/wp\/v2\/comments?post=6371"}],"version-history":[{"count":1,"href":"http:\/\/ccnews.com.ar\/prensa\/wp-json\/wp\/v2\/posts\/6371\/revisions"}],"predecessor-version":[{"id":6375,"href":"http:\/\/ccnews.com.ar\/prensa\/wp-json\/wp\/v2\/posts\/6371\/revisions\/6375"}],"wp:featuredmedia":[{"embeddable":true,"href":"http:\/\/ccnews.com.ar\/prensa\/wp-json\/wp\/v2\/media\/6373"}],"wp:attachment":[{"href":"http:\/\/ccnews.com.ar\/prensa\/wp-json\/wp\/v2\/media?parent=6371"}],"wp:term":[{"taxonomy":"category","embeddable":true,"href":"http:\/\/ccnews.com.ar\/prensa\/wp-json\/wp\/v2\/categories?post=6371"},{"taxonomy":"post_tag","embeddable":true,"href":"http:\/\/ccnews.com.ar\/prensa\/wp-json\/wp\/v2\/tags?post=6371"}],"curies":[{"name":"wp","href":"https:\/\/api.w.org\/{rel}","templated":true}]}}