{"id":6389,"date":"2017-12-22T08:00:39","date_gmt":"2017-12-22T11:00:39","guid":{"rendered":"http:\/\/clusterciarnews.com.ar\/prensa\/?p=6389"},"modified":"2017-12-22T11:25:27","modified_gmt":"2017-12-22T14:25:27","slug":"asi-es-el-pin-del-futuro-con-pantalla-color-para-mostrar-gifs-animados","status":"publish","type":"post","link":"http:\/\/ccnews.com.ar\/prensa\/asi-es-el-pin-del-futuro-con-pantalla-color-para-mostrar-gifs-animados\/","title":{"rendered":"As\u00ed es el pin del futuro, con pantalla color para mostrar GIFs animados"},"content":{"rendered":"<p><strong>El prendedor electr\u00f3nico BEAM tiene conexi\u00f3n Bluetooth y un display AMOLED que permite reproducir GIF animados y diapositivas con varias im\u00e1genes<\/strong><\/p>\n<p><iframe loading=\"lazy\" src=\"https:\/\/www.youtube.com\/embed\/XaoRe1znnjM\" width=\"620\" height=\"360\" frameborder=\"0\" allowfullscreen=\"allowfullscreen\"><\/iframe><\/p>\n<p>Los prendedores y pins, esas\u00a0identificaciones retro\u00a0que se abrochan en la solapa de alg\u00fan saco en situaciones m\u00e1s formales o en cualquier parte de una campera de jean o en una mochila, ahora tendr\u00e1n una versi\u00f3n conectada gracias a\u00a0BEAM, con pantalla color y diversas visualizaciones.<\/p>\n<aside class=\"banner caja2\" data-adpos=\"caja2\">\n<div id=\"eplAdDivcaja2\">BEAM est\u00e1 equipado con una pantalla AMOLED de 400 por 400 pixeles y cuenta con una bater\u00eda incorporada que le permite una autonom\u00eda de uso de 24 a 48 horas seg\u00fan el tipo de uso. Puede reproducir archivos GIF animados y peque\u00f1as presentaciones compuestas por varias im\u00e1genes. Posee conectividad Bluetooth y sensores de luz ambiental para mejorar la visibilidad mediante el ajuste del brillo de la pantalla durante el d\u00eda o la noche.<\/div>\n<\/aside>\n<figure class=\"L\">\n<div class=\"conModal f-imagenRelacionada\" data-notaid=\"2092507\" data-imagenid=\"2592902\" data-tipo=\"imagen\" data-extension=\"jpg\" data-esrelacionada=\"0\"><img data-recalc-dims=\"1\" decoding=\"async\" id=\"imagen_2592902\" class=\"f-sinGif\" src=\"https:\/\/i0.wp.com\/bucket3.glanacion.com\/anexos\/fotos\/02\/tecnologia-2592902w640.jpg?w=800\" alt=\"El pin de BEAM tiene una pantalla que va mostrando diferentes im\u00e1genes\" data-imagenid=\"2592902\" \/><\/div><figcaption id=\"epigrafe2592902\">El pin de BEAM tiene una pantalla que va mostrando diferentes im\u00e1genes.<\/figcaption><div class=\"herramientas floatFix\"><\/div>\n<\/figure>\n<aside class=\"banner caja3\" data-adpos=\"caja3\">\n<div id=\"eplAdDivcaja3\">\n<div id=\"eplAdDiv57a84e2035f96fb2\">El pin inteligente tambi\u00e9n cuenta con un peque\u00f1o bot\u00f3n de p\u00e1nico que, luego de estar presionado durante 10 segundos, emitir\u00e1 una alerta hasta a cuatro destinatarios mediante un mensaje de texto con un enlace web que tiene el mapa y la localizaci\u00f3n del tel\u00e9fono.<\/div>\n<\/div>\n<\/aside>\n<p>Con un sistema magn\u00e9tico de sujeci\u00f3n, BEAM posee un puerto micro USB para la recarga de la bater\u00eda y est\u00e1 disponible para la venta a 99 d\u00f3lares, de los cuales 3 d\u00f3lares ser\u00e1n donados a organizaciones sin fines de lucro.<\/p>\n<p>Fuente: La Naci\u00f3n<\/p>\n<!-- AddThis Advanced Settings generic via filter on the_content -->","protected":false},"excerpt":{"rendered":"<p>El prendedor electr\u00f3nico BEAM tiene conexi\u00f3n Bluetooth y un display AMOLED que permite reproducir GIF animados y diapositivas con varias<!-- AddThis Advanced Settings generic via filter on get_the_excerpt --><\/p>\n","protected":false},"author":2,"featured_media":6391,"comment_status":"closed","ping_status":"closed","sticky":false,"template":"","format":"standard","meta":{"colormag_page_container_layout":"default_layout","colormag_page_sidebar_layout":"default_layout","jetpack_post_was_ever_published":false,"_jetpack_newsletter_access":"","_jetpack_dont_email_post_to_subs":false,"_jetpack_newsletter_tier_id":0,"_jetpack_memberships_contains_paywalled_content":false,"_jetpack_memberships_contains_paid_content":false,"footnotes":"","jetpack_publicize_message":"","jetpack_publicize_feature_enabled":true,"jetpack_social_post_already_shared":true,"jetpack_social_options":{"image_generator_settings":{"template":"highway","default_image_id":0,"font":"","enabled":false},"version":2}},"categories":[5],"tags":[17],"class_list":["post-6389","post","type-post","status-publish","format-standard","has-post-thumbnail","hentry","category-transformacion-digital","tag-otros-medios"],"jetpack_publicize_connections":[],"jetpack_featured_media_url":"https:\/\/i0.wp.com\/ccnews.com.ar\/prensa\/wp-content\/uploads\/2017\/12\/tecnologia-2592902w640.jpg?fit=640%2C360","jetpack_shortlink":"https:\/\/wp.me\/p7L1gj-1F3","jetpack-related-posts":[{"id":11801,"url":"http:\/\/ccnews.com.ar\/prensa\/el-robot-de-hello-kitty-una-tatuadora-express-y-otras-curiosidades-de-la-feria-ces-asia-2019\/","url_meta":{"origin":6389,"position":0},"title":"El robot de Hello Kitty, una tatuadora express y otras curiosidades de la feria CES Asia 2019","author":"admin","date":"17 junio, 2019","format":false,"excerpt":"Un recorrido por algunos de los dispositivos tecnol\u00f3gicos m\u00e1s novedosos (Shanghai \u2013 enviada especial) Si en la feria de tecnolog\u00eda CES en Las Vegas el \u00e1rea de productos chinos deslumbra por su originalidad, tecnolog\u00eda y est\u00e9tica, en su versi\u00f3n asi\u00e1tica se multiplica el impacto. En los pabellones del SINIEC (el\u2026","rel":"","context":"En \u00abTransformaci\u00f3n digital\u00bb","block_context":{"text":"Transformaci\u00f3n digital","link":"http:\/\/ccnews.com.ar\/prensa\/category\/transformacion-digital\/"},"img":{"alt_text":"","src":"https:\/\/i0.wp.com\/ccnews.com.ar\/prensa\/wp-content\/uploads\/2019\/06\/Maquina-para-volar-en-CES-ASIA-19201.jpg?fit=1200%2C674&resize=350%2C200","width":350,"height":200,"srcset":"https:\/\/i0.wp.com\/ccnews.com.ar\/prensa\/wp-content\/uploads\/2019\/06\/Maquina-para-volar-en-CES-ASIA-19201.jpg?fit=1200%2C674&resize=350%2C200 1x, https:\/\/i0.wp.com\/ccnews.com.ar\/prensa\/wp-content\/uploads\/2019\/06\/Maquina-para-volar-en-CES-ASIA-19201.jpg?fit=1200%2C674&resize=525%2C300 1,5x, https:\/\/i0.wp.com\/ccnews.com.ar\/prensa\/wp-content\/uploads\/2019\/06\/Maquina-para-volar-en-CES-ASIA-19201.jpg?fit=1200%2C674&resize=700%2C400 2x, https:\/\/i0.wp.com\/ccnews.com.ar\/prensa\/wp-content\/uploads\/2019\/06\/Maquina-para-volar-en-CES-ASIA-19201.jpg?fit=1200%2C674&resize=1050%2C600 3x"},"classes":[]},{"id":6971,"url":"http:\/\/ccnews.com.ar\/prensa\/pantallas-inteligentes-el-impacto-de-las-reuniones-colaborativas\/","url_meta":{"origin":6389,"position":1},"title":"Pantallas inteligentes:  el impacto de las reuniones  colaborativas","author":"admin","date":"22 febrero, 2018","format":false,"excerpt":"El trabajo interactivo es un modo eficaz de lograr mayor productividad. Las pantallas t\u00e1ctiles inteligentes llevan la interacci\u00f3n a reuniones, presentaciones y capacitaciones, porque permiten a los participantes colaborar, editar y compartir contenidos m\u00e1s all\u00e1 del lugar f\u00edsico donde se encuentren. CIAR Tecnolog\u00eda comercializa la marca i3TOUCH. Hasta hace poco\u2026","rel":"","context":"En \u00abTransformaci\u00f3n digital\u00bb","block_context":{"text":"Transformaci\u00f3n digital","link":"http:\/\/ccnews.com.ar\/prensa\/category\/transformacion-digital\/"},"img":{"alt_text":"","src":"https:\/\/i0.wp.com\/clusterciarnews.com.ar\/prensa\/wp-content\/uploads\/2018\/02\/0-Plantilla-01-300x118.jpg?resize=350%2C200","width":350,"height":200},"classes":[]},{"id":8131,"url":"http:\/\/ccnews.com.ar\/prensa\/google-te-conoce-que-datos-tiene-y-utiliza-para-mostrar-publicidad\/","url_meta":{"origin":6389,"position":2},"title":"Google te conoce: qu\u00e9 datos tiene y utiliza para mostrar publicidad","author":"admin","date":"22 junio, 2018","format":false,"excerpt":"Debido al reciente\u00a0esc\u00e1ndalo por el uso indebido de datos personales\u00a0en el que se vio involucrada la red social\u00a0Facebook, las empresas de\u00a0Internet\u00a0ahora\u00a0buscan transparentar su operaci\u00f3n\u00a0y dejar en claro los datos que poseen. Al menos esa es la postura que adopt\u00f3\u00a0Google, que es uno de los pesos pesados de la\u00a0publicidad online. \u00bfQu\u00e9\u2026","rel":"","context":"En \u00abTransformaci\u00f3n digital\u00bb","block_context":{"text":"Transformaci\u00f3n digital","link":"http:\/\/ccnews.com.ar\/prensa\/category\/transformacion-digital\/"},"img":{"alt_text":"","src":"https:\/\/i0.wp.com\/ccnews.com.ar\/prensa\/wp-content\/uploads\/2018\/06\/451619.jpg?fit=630%2C460&resize=350%2C200","width":350,"height":200,"srcset":"https:\/\/i0.wp.com\/ccnews.com.ar\/prensa\/wp-content\/uploads\/2018\/06\/451619.jpg?fit=630%2C460&resize=350%2C200 1x, https:\/\/i0.wp.com\/ccnews.com.ar\/prensa\/wp-content\/uploads\/2018\/06\/451619.jpg?fit=630%2C460&resize=525%2C300 1,5x"},"classes":[]},{"id":8295,"url":"http:\/\/ccnews.com.ar\/prensa\/5-tecnologias-que-pueden-mejorar-la-vida-de-las-personas-con-discapacidad-visual\/","url_meta":{"origin":6389,"position":3},"title":"5 tecnolog\u00edas que pueden mejorar la vida de las personas con discapacidad visual","author":"CLUSTERciar","date":"12 julio, 2018","format":false,"excerpt":"Hay 253 millones de ciegos y habitantes con baja visi\u00f3n en todo el mundo. Solo el 15% entiende el sistema Braille. Por eso la lectura auditiva est\u00e1 creciendo exponencialmente. \u00bfQu\u00e9 es la tiflotecnolog\u00eda? En el mundo, hay 253 millones de personas con discapacidad visual, seg\u00fan datos de fines de 2017\u2026","rel":"","context":"En \u00abTransformaci\u00f3n digital\u00bb","block_context":{"text":"Transformaci\u00f3n digital","link":"http:\/\/ccnews.com.ar\/prensa\/category\/transformacion-digital\/"},"img":{"alt_text":"","src":"https:\/\/i0.wp.com\/www.infobae.com\/new-resizer\/7QbW0yTFEBrkPqGjWUBfcZ5wSvc%3D\/600x0\/filters%3Aquality%28100%29\/s3.amazonaws.com\/arc-wordpress-client-uploads\/infobae-wp\/wp-content\/uploads\/2017\/06\/16085319\/OrcamMyEye-1920-1.jpg?resize=350%2C200&ssl=1","width":350,"height":200,"srcset":"https:\/\/i0.wp.com\/www.infobae.com\/new-resizer\/7QbW0yTFEBrkPqGjWUBfcZ5wSvc%3D\/600x0\/filters%3Aquality%28100%29\/s3.amazonaws.com\/arc-wordpress-client-uploads\/infobae-wp\/wp-content\/uploads\/2017\/06\/16085319\/OrcamMyEye-1920-1.jpg?resize=350%2C200&ssl=1 1x, https:\/\/i0.wp.com\/www.infobae.com\/new-resizer\/7QbW0yTFEBrkPqGjWUBfcZ5wSvc%3D\/600x0\/filters%3Aquality%28100%29\/s3.amazonaws.com\/arc-wordpress-client-uploads\/infobae-wp\/wp-content\/uploads\/2017\/06\/16085319\/OrcamMyEye-1920-1.jpg?resize=525%2C300&ssl=1 1,5x, https:\/\/i0.wp.com\/www.infobae.com\/new-resizer\/7QbW0yTFEBrkPqGjWUBfcZ5wSvc%3D\/600x0\/filters%3Aquality%28100%29\/s3.amazonaws.com\/arc-wordpress-client-uploads\/infobae-wp\/wp-content\/uploads\/2017\/06\/16085319\/OrcamMyEye-1920-1.jpg?resize=700%2C400&ssl=1 2x"},"classes":[]},{"id":9833,"url":"http:\/\/ccnews.com.ar\/prensa\/asi-seran-las-teles-del-futuro-con-resolucion-8k-enrollables-personalizables-y-con-itunes\/","url_meta":{"origin":6389,"position":4},"title":"As\u00ed ser\u00e1n las teles del futuro: con resoluci\u00f3n 8K, enrollables, personalizables y con iTunes","author":"admin","date":"8 enero, 2019","format":false,"excerpt":"La feria de electr\u00f3nica de Las Vegas vuelve a asombrar con monstruosas televisiones inteligentes que desaf\u00edan el espacio y con definiciones que se adelantan varios a\u00f1os a su implantaci\u00f3n oficial Los televisores fueron los grandes protagonistas en la feria de electr\u00f3nica de consumo\u00a0CES 2019, en la que dos aut\u00e9nticos titanes\u2026","rel":"","context":"En \u00abTransformaci\u00f3n digital\u00bb","block_context":{"text":"Transformaci\u00f3n digital","link":"http:\/\/ccnews.com.ar\/prensa\/category\/transformacion-digital\/"},"img":{"alt_text":"","src":"https:\/\/i0.wp.com\/ccnews.com.ar\/prensa\/wp-content\/uploads\/2019\/01\/1412344607-ke7-620x349%40abc.jpg?fit=620%2C349&resize=350%2C200","width":350,"height":200,"srcset":"https:\/\/i0.wp.com\/ccnews.com.ar\/prensa\/wp-content\/uploads\/2019\/01\/1412344607-ke7-620x349%40abc.jpg?fit=620%2C349&resize=350%2C200 1x, https:\/\/i0.wp.com\/ccnews.com.ar\/prensa\/wp-content\/uploads\/2019\/01\/1412344607-ke7-620x349%40abc.jpg?fit=620%2C349&resize=525%2C300 1,5x"},"classes":[]},{"id":12894,"url":"http:\/\/ccnews.com.ar\/prensa\/los-paises-en-los-que-la-gente-pasa-mas-tiempo-en-las-redes-sociales\/","url_meta":{"origin":6389,"position":5},"title":"Los pa\u00edses en los que la gente pasa m\u00e1s tiempo en las redes sociales","author":"admin","date":"10 septiembre, 2019","format":false,"excerpt":"A nivel global el tiempo dedicado a las redes sociales ha aumentado en promedio casi un 60% en los \u00faltimos siete a\u00f1os. La firma de investigaci\u00f3n con sede en Londres GlobalWebIndex analiz\u00f3 datos de 45 de los mercados de internet m\u00e1s grandes del mundo y estim\u00f3 que el tiempo que\u2026","rel":"","context":"En \u00abTransformaci\u00f3n digital\u00bb","block_context":{"text":"Transformaci\u00f3n digital","link":"http:\/\/ccnews.com.ar\/prensa\/category\/transformacion-digital\/"},"img":{"alt_text":"","src":"https:\/\/i0.wp.com\/ccnews.com.ar\/prensa\/wp-content\/uploads\/2019\/09\/108368222_gettyimages-11287595671.jpg?fit=1024%2C576&resize=350%2C200","width":350,"height":200,"srcset":"https:\/\/i0.wp.com\/ccnews.com.ar\/prensa\/wp-content\/uploads\/2019\/09\/108368222_gettyimages-11287595671.jpg?fit=1024%2C576&resize=350%2C200 1x, https:\/\/i0.wp.com\/ccnews.com.ar\/prensa\/wp-content\/uploads\/2019\/09\/108368222_gettyimages-11287595671.jpg?fit=1024%2C576&resize=525%2C300 1,5x, https:\/\/i0.wp.com\/ccnews.com.ar\/prensa\/wp-content\/uploads\/2019\/09\/108368222_gettyimages-11287595671.jpg?fit=1024%2C576&resize=700%2C400 2x"},"classes":[]}],"jetpack_sharing_enabled":true,"_links":{"self":[{"href":"http:\/\/ccnews.com.ar\/prensa\/wp-json\/wp\/v2\/posts\/6389","targetHints":{"allow":["GET"]}}],"collection":[{"href":"http:\/\/ccnews.com.ar\/prensa\/wp-json\/wp\/v2\/posts"}],"about":[{"href":"http:\/\/ccnews.com.ar\/prensa\/wp-json\/wp\/v2\/types\/post"}],"author":[{"embeddable":true,"href":"http:\/\/ccnews.com.ar\/prensa\/wp-json\/wp\/v2\/users\/2"}],"replies":[{"embeddable":true,"href":"http:\/\/ccnews.com.ar\/prensa\/wp-json\/wp\/v2\/comments?post=6389"}],"version-history":[{"count":1,"href":"http:\/\/ccnews.com.ar\/prensa\/wp-json\/wp\/v2\/posts\/6389\/revisions"}],"predecessor-version":[{"id":6393,"href":"http:\/\/ccnews.com.ar\/prensa\/wp-json\/wp\/v2\/posts\/6389\/revisions\/6393"}],"wp:featuredmedia":[{"embeddable":true,"href":"http:\/\/ccnews.com.ar\/prensa\/wp-json\/wp\/v2\/media\/6391"}],"wp:attachment":[{"href":"http:\/\/ccnews.com.ar\/prensa\/wp-json\/wp\/v2\/media?parent=6389"}],"wp:term":[{"taxonomy":"category","embeddable":true,"href":"http:\/\/ccnews.com.ar\/prensa\/wp-json\/wp\/v2\/categories?post=6389"},{"taxonomy":"post_tag","embeddable":true,"href":"http:\/\/ccnews.com.ar\/prensa\/wp-json\/wp\/v2\/tags?post=6389"}],"curies":[{"name":"wp","href":"https:\/\/api.w.org\/{rel}","templated":true}]}}