{"id":6401,"date":"2017-12-24T08:00:19","date_gmt":"2017-12-24T11:00:19","guid":{"rendered":"http:\/\/clusterciarnews.com.ar\/prensa\/?p=6401"},"modified":"2017-12-19T12:16:41","modified_gmt":"2017-12-19T15:16:41","slug":"ingenieros-locales-con-otra-mirada","status":"publish","type":"post","link":"http:\/\/ccnews.com.ar\/prensa\/ingenieros-locales-con-otra-mirada\/","title":{"rendered":"Ingenieros locales con otra mirada"},"content":{"rendered":"<h2 class=\"subheadline font-2 fs16\">La carrera de la UNC prepar\u00f3 dos especializaciones: una en reservorios no convencionales y la otra en energ\u00eda e\u00f3lica. Buscan mejorar la calificaci\u00f3n de los egresados locales. Los desaf\u00edos de los futuros profesionales.<\/h2>\n<div class=\"paragraph\">\n<p>\u201cEl conocimiento cient\u00edfico y tecnol\u00f3gico aplicado al desarrollo energ\u00e9tico y productivo es el pilar del avance de los pa\u00edses m\u00e1s desarrollados\u201d, dijo el decano de la Facultad de Ingenier\u00eda de la Universidad Nacional del Comahue (UNC), Salvador Canzonieri y dibuj\u00f3 el camino que eligen para capacitar a\u00fan m\u00e1s a sus profesionales y marchar al ritmo de las industrias energ\u00e9ticas.<\/p>\n<p>Es as\u00ed que acaban de aprobar la carrera de posgrado \u201cEspecializaci\u00f3n en hidrocarburos con orientaci\u00f3n en reservorios no convencionales\u201d. Pero la regi\u00f3n no solo lleva la fuerza del subsuelo, sino tambi\u00e9n de sus vientos, por lo que tambi\u00e9n se trabaja en el proyecto de posgrado: \u201cEspecializaci\u00f3n en Energ\u00eda E\u00f3lica\u201d.<\/p>\n<p>\u201cLa regi\u00f3n del Comahue y espec\u00edficamente la Cuenca Neuquina alberga m\u00e1s del 50 % de la producci\u00f3n y reservas de hidrocarburos de la Argentina, por lo que es el sitio de mayor necesidad de preparaci\u00f3n profesional adecuada para enfrentar los desaf\u00edos de maximizar la recuperaci\u00f3n de yacimientos maduros y la explotaci\u00f3n de recursos no convencionales\u201d, se\u00f1al\u00f3 Canzonieri.<\/p>\n<p>La Facultad de Ingenier\u00eda es la responsable del dictado de las carreras de ingenier\u00eda con mayor matr\u00edcula en la Patagonia. Forma ingenieros en qu\u00edmica, mec\u00e1nica, civil, petr\u00f3leo, el\u00e9ctrica y electr\u00f3nica y licenciados en geolog\u00eda. Los egresados tienen formaci\u00f3n general que les permite insertarse laboralmente con facilidad, pero creen que es imprescindible acceder a mayor formaci\u00f3n.<\/p>\n<p>\u201cSe considera que con la implementaci\u00f3n de una especializaci\u00f3n se podr\u00e1 adquirir y mejorar el conocimiento de los participantes a nivel individual y lograr un beneficio en recurso humano calificado\u201d, detall\u00f3 en un informe Canzonieri.<\/p>\n<p>La especializaci\u00f3n responde a la detecci\u00f3n de una demanda insatisfecha de profesionales formados en la rama de petr\u00f3leo y gas. Los ingenieros en petr\u00f3leo y los ge\u00f3logos especializados no alcanzan para cubrir los puestos requeridos y se necesita capacitaci\u00f3n en especialidades petroleras.<\/p>\n<p><b>Preparan el futuro<\/b><\/p>\n<p>Tanto los hidrocarburos no convencionales como las energ\u00edas limpias son las dos grandes apuestas del pa\u00eds en los pr\u00f3ximos a\u00f1os y la Facultad de Ingenier\u00eda le dar\u00e1 a sus egresados la posibilidad de enfrentar ambos con excelencia.<\/p>\n<p>El proceso de expansi\u00f3n que experiment\u00f3 el sector e\u00f3lico en el pa\u00eds genera una demanda de personal especializado .<\/p>\n<p>Si bien la investigaci\u00f3n en energ\u00eda e\u00f3lica en la Universidad tiene m\u00e1s de 30 a\u00f1os, el objetivo es conseguir que los alumnos adquieran formaci\u00f3n en los fundamentos y la tecnolog\u00eda de los sistemas de aprovechamiento de energ\u00eda e\u00f3lica y en las t\u00e9cnicas de investigaci\u00f3n y dentro del campo.<\/p>\n<\/div>\n<div class=\"microformat_headline ant-text\"><b>En n\u00fameros<\/b><\/div>\n<div class=\"microformat_headline ant-microformat_headline\"><b>Menos matriculados en los \u00faltimos dos a\u00f1os<\/b><\/div>\n<div class=\"microformat_text ant-microformat_headline\">En Ingenier\u00eda en Petr\u00f3leo desde el 2008 hasta el 2015 se duplic\u00f3 la matr\u00edcula, pero en los dos \u00faltimos a\u00f1os descendi\u00f3. En la Lic. en Cs. Geol\u00f3gicas la matr\u00edcula iba en ascenso desde su creaci\u00f3n en el 2010 y cay\u00f3 en el \u00faltimo a\u00f1o.<\/div>\n<div class=\"microformat_text ant-microformat_text\">La Facultad tiene 380 docentes, s\u00f3lo un tercio de ellos tienen dedicaci\u00f3n exclusiva.<\/div>\n<div class=\"microformat_text ant-microformat_text\">Los egresados tienen una r\u00e1pida salida laboral. Muchos antes de graduarse est\u00e1n trabajando.<\/div>\n<div class=\"microformat_text ant-microformat_text\">La casa de estudios tiene convenios con empresas de la industria hidrocarbur\u00edfera.<\/div>\n<div><\/div>\n<div>Fuente: Rio Negro<\/div>\n<!-- AddThis Advanced Settings generic via filter on the_content -->","protected":false},"excerpt":{"rendered":"<p>La carrera de la UNC prepar\u00f3 dos especializaciones: una en reservorios no convencionales y la otra en energ\u00eda e\u00f3lica. Buscan<!-- AddThis Advanced Settings generic via filter on get_the_excerpt --><\/p>\n","protected":false},"author":2,"featured_media":0,"comment_status":"closed","ping_status":"closed","sticky":false,"template":"","format":"standard","meta":{"colormag_page_container_layout":"default_layout","colormag_page_sidebar_layout":"default_layout","jetpack_post_was_ever_published":false,"_jetpack_newsletter_access":"","_jetpack_dont_email_post_to_subs":false,"_jetpack_newsletter_tier_id":0,"_jetpack_memberships_contains_paywalled_content":false,"_jetpack_memberships_contains_paid_content":false,"footnotes":"","jetpack_publicize_message":"","jetpack_publicize_feature_enabled":true,"jetpack_social_post_already_shared":true,"jetpack_social_options":{"image_generator_settings":{"template":"highway","default_image_id":0,"font":"","enabled":false},"version":2}},"categories":[3],"tags":[17],"class_list":["post-6401","post","type-post","status-publish","format-standard","hentry","category-sustentabilidad","tag-otros-medios"],"jetpack_publicize_connections":[],"jetpack_featured_media_url":"","jetpack_shortlink":"https:\/\/wp.me\/p7L1gj-1Ff","jetpack-related-posts":[{"id":8611,"url":"http:\/\/ccnews.com.ar\/prensa\/neuquen-presento-un-balance-de-su-actividad-hidrocarburifera\/","url_meta":{"origin":6401,"position":0},"title":"Neuqu\u00e9n present\u00f3 un balance de su actividad hidrocarbur\u00edfera","author":"CLUSTERciar","date":"18 agosto, 2018","format":false,"excerpt":"En los \u00faltimos diez a\u00f1os, tom\u00f3 fuerza el shale y declin\u00f3 fuerte la producci\u00f3n\u00a0en yacimientos maduros. La Direcci\u00f3n Provincial de Estad\u00edstica y Censos de Neuqu\u00e9n difundi\u00f3 un informe sobre la evoluci\u00f3n temporal y la distribuci\u00f3n espacial de los pozos petroleros y su producci\u00f3n en la provincia durante la \u00faltima d\u00e9cada.\u2026","rel":"","context":"En \u00abManagement\u00bb","block_context":{"text":"Management","link":"http:\/\/ccnews.com.ar\/prensa\/category\/management\/"},"img":{"alt_text":"","src":"","width":0,"height":0},"classes":[]},{"id":8397,"url":"http:\/\/ccnews.com.ar\/prensa\/exxonmobil-tiene-luz-verde-para-la-inversion-en-los-toldos-i-sur\/","url_meta":{"origin":6401,"position":1},"title":"Exxonmobil tiene luz verde para la inversi\u00f3n en los toldos I Sur","author":"CLUSTERciar","date":"11 julio, 2018","format":false,"excerpt":"Implica una inversi\u00f3n de 257.400.000 d\u00f3lares, que comprende la perforaci\u00f3n de seis pozos horizontales de tres mil metros de longitud y culminaci\u00f3n y ejecuci\u00f3n de obras. El ministerio de Energ\u00eda y Recursos Naturales de Neuqu\u00e9n inform\u00f3 el jueves 5 de julio que se aprob\u00f3 el plan de inversi\u00f3n de la\u2026","rel":"","context":"En \u00abEnerg\u00eda y Producci\u00f3n\u00bb","block_context":{"text":"Energ\u00eda y Producci\u00f3n","link":"http:\/\/ccnews.com.ar\/prensa\/category\/energia-y-produccion\/"},"img":{"alt_text":"","src":"https:\/\/i0.wp.com\/ccnews.com.ar\/prensa\/wp-content\/uploads\/2018\/07\/exxxon-2-750x375.jpg?fit=750%2C375&resize=350%2C200","width":350,"height":200,"srcset":"https:\/\/i0.wp.com\/ccnews.com.ar\/prensa\/wp-content\/uploads\/2018\/07\/exxxon-2-750x375.jpg?fit=750%2C375&resize=350%2C200 1x, https:\/\/i0.wp.com\/ccnews.com.ar\/prensa\/wp-content\/uploads\/2018\/07\/exxxon-2-750x375.jpg?fit=750%2C375&resize=525%2C300 1,5x, https:\/\/i0.wp.com\/ccnews.com.ar\/prensa\/wp-content\/uploads\/2018\/07\/exxxon-2-750x375.jpg?fit=750%2C375&resize=700%2C400 2x"},"classes":[]},{"id":9429,"url":"http:\/\/ccnews.com.ar\/prensa\/vaca-muerta-le-impone-nuevos-desafios-a-ingenieria-en-la-unco\/","url_meta":{"origin":6401,"position":2},"title":"Vaca Muerta le impone nuevos desaf\u00edos a Ingenier\u00eda en la UNCo","author":"CLUSTERciar","date":"22 noviembre, 2018","format":false,"excerpt":"Escribe Salvador Canzonieri Decano de Ingenier\u00eda UNCo El hecho de estar \u201cencima\u201d de Vaca Muerta nos posiciona en un lugar diferente. Esto, como visi\u00f3n desde la academia. Siempre surge el tema de la relaci\u00f3n con la industria, el gobierno y las instituciones en los temas vinculados al sector petrolero. Pero\u2026","rel":"","context":"En \u00abSustentabilidad\u00bb","block_context":{"text":"Sustentabilidad","link":"http:\/\/ccnews.com.ar\/prensa\/category\/sustentabilidad\/"},"img":{"alt_text":"","src":"https:\/\/i0.wp.com\/ccnews.com.ar\/prensa\/wp-content\/uploads\/2018\/11\/0003345338.jpg?fit=770%2C433&resize=350%2C200","width":350,"height":200,"srcset":"https:\/\/i0.wp.com\/ccnews.com.ar\/prensa\/wp-content\/uploads\/2018\/11\/0003345338.jpg?fit=770%2C433&resize=350%2C200 1x, https:\/\/i0.wp.com\/ccnews.com.ar\/prensa\/wp-content\/uploads\/2018\/11\/0003345338.jpg?fit=770%2C433&resize=525%2C300 1,5x, https:\/\/i0.wp.com\/ccnews.com.ar\/prensa\/wp-content\/uploads\/2018\/11\/0003345338.jpg?fit=770%2C433&resize=700%2C400 2x"},"classes":[]},{"id":1135,"url":"http:\/\/ccnews.com.ar\/prensa\/chevron-presento-a-su-nuevo-country-manager\/","url_meta":{"origin":6401,"position":3},"title":"Chevron present\u00f3 a su nuevo Country Manager","author":"CLUSTERciar","date":"21 agosto, 2016","format":false,"excerpt":"La compa\u00f1\u00eda petrolera Chevron anunci\u00f3 que Chris Stevens es el nuevo Country Manager de la filial argentina de la firma, siendo responsable por las operaciones en las provincias de Neuqu\u00e9n y R\u00edo Negro as\u00ed como tambi\u00e9n por la participaci\u00f3n de afiliadas de Chevron en el proyecto de no convencionales de\u2026","rel":"","context":"En \u00abManagement\u00bb","block_context":{"text":"Management","link":"http:\/\/ccnews.com.ar\/prensa\/category\/management\/"},"img":{"alt_text":"","src":"","width":0,"height":0},"classes":[]},{"id":2015,"url":"http:\/\/ccnews.com.ar\/prensa\/crece-la-oferta-academica-del-petroleo-y-se-renuevan-perfiles\/","url_meta":{"origin":6401,"position":4},"title":"Crece la oferta acad\u00e9mica del petr\u00f3leo y se renuevan perfiles","author":"CLUSTERciar","date":"25 octubre, 2016","format":false,"excerpt":"La UBA inaugur\u00f3 este a\u00f1o su Ingenier\u00eda en Petr\u00f3leo y los recursos \u201cno convencionales\u201d obligan a modificar planes y perfiles. \u00a0 A pesar de estar en la era de las energ\u00edas \u201calternativas\u201d y los recursos renovables, las ingenier\u00edas en Petr\u00f3leo gozan de buena salud. La Facultad de Ingenier\u00eda de la\u2026","rel":"","context":"En \u00abEducaci\u00f3n\/Sociedad\u00bb","block_context":{"text":"Educaci\u00f3n\/Sociedad","link":"http:\/\/ccnews.com.ar\/prensa\/category\/educacion-sociedad\/"},"img":{"alt_text":"Los estudiantes de la carrera de la UBA har\u00e1n la parte de laboratorio en Y-TEC, empresa de YPF y Conicet. Foto: Prensa YPF..","src":"https:\/\/i0.wp.com\/images.clarin.com\/ieco\/campus-ieco\/UBA-Y-TEC-YPF-Conicet-Prensa_CLAIMA20161014_0343_28.jpg?resize=350%2C200","width":350,"height":200},"classes":[]},{"id":1787,"url":"http:\/\/ccnews.com.ar\/prensa\/nuestros-hidrocarburos-no-convencionales-posibilitaran-el-autoabastecmiento-nacional\/","url_meta":{"origin":6401,"position":5},"title":"\u201cNuestros hidrocarburos no convencionales posibilitar\u00e1n el autoabastecmiento nacional\u201d","author":"CLUSTERciar","date":"28 septiembre, 2016","format":false,"excerpt":"Entrevista con el secretario de Energ\u00eda de Neuqu\u00e9n, Alejandro Nicola Aunque s\u00f3lo representa un 3% del territorio argentino y alberga a un 2% de la poblaci\u00f3n nacional, Neuqu\u00e9n es responsable de un 50% de la producci\u00f3n gas\u00edfera y de un 22% de la explotaci\u00f3n petrolera del pa\u00eds. Seg\u00fan el ministro\u2026","rel":"","context":"En \u00abSustentabilidad\u00bb","block_context":{"text":"Sustentabilidad","link":"http:\/\/ccnews.com.ar\/prensa\/category\/sustentabilidad\/"},"img":{"alt_text":"alejandro-nicola","src":"https:\/\/i0.wp.com\/revistapetroquimica.com\/wp-content\/uploads\/2016\/09\/alejandro-nicola.jpg?resize=350%2C200","width":350,"height":200},"classes":[]}],"jetpack_sharing_enabled":true,"_links":{"self":[{"href":"http:\/\/ccnews.com.ar\/prensa\/wp-json\/wp\/v2\/posts\/6401","targetHints":{"allow":["GET"]}}],"collection":[{"href":"http:\/\/ccnews.com.ar\/prensa\/wp-json\/wp\/v2\/posts"}],"about":[{"href":"http:\/\/ccnews.com.ar\/prensa\/wp-json\/wp\/v2\/types\/post"}],"author":[{"embeddable":true,"href":"http:\/\/ccnews.com.ar\/prensa\/wp-json\/wp\/v2\/users\/2"}],"replies":[{"embeddable":true,"href":"http:\/\/ccnews.com.ar\/prensa\/wp-json\/wp\/v2\/comments?post=6401"}],"version-history":[{"count":1,"href":"http:\/\/ccnews.com.ar\/prensa\/wp-json\/wp\/v2\/posts\/6401\/revisions"}],"predecessor-version":[{"id":6403,"href":"http:\/\/ccnews.com.ar\/prensa\/wp-json\/wp\/v2\/posts\/6401\/revisions\/6403"}],"wp:attachment":[{"href":"http:\/\/ccnews.com.ar\/prensa\/wp-json\/wp\/v2\/media?parent=6401"}],"wp:term":[{"taxonomy":"category","embeddable":true,"href":"http:\/\/ccnews.com.ar\/prensa\/wp-json\/wp\/v2\/categories?post=6401"},{"taxonomy":"post_tag","embeddable":true,"href":"http:\/\/ccnews.com.ar\/prensa\/wp-json\/wp\/v2\/tags?post=6401"}],"curies":[{"name":"wp","href":"https:\/\/api.w.org\/{rel}","templated":true}]}}