{"id":6415,"date":"2017-12-30T08:00:09","date_gmt":"2017-12-30T11:00:09","guid":{"rendered":"http:\/\/clusterciarnews.com.ar\/prensa\/?p=6415"},"modified":"2017-12-19T12:23:33","modified_gmt":"2017-12-19T15:23:33","slug":"un-plan-para-custodiar-los-canos","status":"publish","type":"post","link":"http:\/\/ccnews.com.ar\/prensa\/un-plan-para-custodiar-los-canos\/","title":{"rendered":"Un plan para custodiar los ca\u00f1os"},"content":{"rendered":"<h2 class=\"subheadline font-2 fs16\">Oldelval cierra el a\u00f1o con dos simulacros sobre agua. Uno fue la zona del puerto de Bah\u00eda Blanca y el otro tendr\u00e1 epicentro en el canal de riego. La clave de planificaci\u00f3n en seguridad.<\/h2>\n<p>Los mayores esfuerzos en la industria petrolera est\u00e1n orientados hacia la prevenci\u00f3n de accidentes que puedan afectar a las personas y al medio ambiente. Sin embargo tambi\u00e9n dedican cuantiosas inversiones al dise\u00f1o de planes de contenci\u00f3n por posibles eventos inesperados. Una de las compa\u00f1\u00edas de vanguardia en la planificaci\u00f3n de medidas de seguridad es Olvelval.<\/p>\n<p>La transportista de crudo realiza, en promedio, unos 40 simulacros anuales pensando en distintas hip\u00f3tesis de derrames. El principal ca\u00f1o que opera la compa\u00f1\u00eda conecta la Cuenca Neuquina con Puerto Rosales, en Bah\u00eda Blanca, por m\u00e1s de 1.700 kil\u00f3metros atravesando el r\u00edo Neuqu\u00e9n y el canal principal de riego en el Alto Valle.<\/p>\n<p>Seg\u00fan coment\u00f3 Iv\u00e1n Eberle, jefe de Seguridad de Oldelval, el plan de contingencia de la compa\u00f1\u00eda contempla escenarios con derrames sobre tierra y con alcance hasta cauces. Cada incidente es distinto y, en los casos m\u00e1s complejos, demandan la intervenci\u00f3n de otras compa\u00f1\u00edas especializadas.<\/p>\n<p>Eberle explica que hay \u201cenemigos\u201d internos, que se combaten con mantenimiento y reparaciones, y tambi\u00e9n externos que refieren a situaciones inesperadas: \u201cuna m\u00e1quina que trabaja en el campo y da\u00f1a el ca\u00f1o\u201d, explica el especialista. En cada caso se activar\u00e1 un protocolo que, por defecto, convoca a organismos externos de apoyo como Bomberos, hospitales y Defensa Civil.<\/p>\n<p>El pasado 7 de diciembre la firma realiz\u00f3 un simulacro sobre la riada en cercan\u00edas al puerto de Bah\u00eda Blanca. Y el pr\u00f3ximo 14 repetir\u00e1n en el canal de riego en la zona de Cinco Saltos.<\/p>\n<p>Fuente: Rio Negro<\/p>\n<!-- AddThis Advanced Settings generic via filter on the_content -->","protected":false},"excerpt":{"rendered":"<p>Oldelval cierra el a\u00f1o con dos simulacros sobre agua. Uno fue la zona del puerto de Bah\u00eda Blanca y el<!-- AddThis Advanced Settings generic via filter on get_the_excerpt --><\/p>\n","protected":false},"author":2,"featured_media":6417,"comment_status":"closed","ping_status":"closed","sticky":false,"template":"","format":"standard","meta":{"colormag_page_container_layout":"default_layout","colormag_page_sidebar_layout":"default_layout","jetpack_post_was_ever_published":false,"_jetpack_newsletter_access":"","_jetpack_dont_email_post_to_subs":false,"_jetpack_newsletter_tier_id":0,"_jetpack_memberships_contains_paywalled_content":false,"_jetpack_memberships_contains_paid_content":false,"footnotes":"","jetpack_publicize_message":"","jetpack_publicize_feature_enabled":true,"jetpack_social_post_already_shared":true,"jetpack_social_options":{"image_generator_settings":{"template":"highway","default_image_id":0,"font":"","enabled":false},"version":2}},"categories":[11],"tags":[17],"class_list":["post-6415","post","type-post","status-publish","format-standard","has-post-thumbnail","hentry","category-energia-y-produccion","tag-otros-medios"],"jetpack_publicize_connections":[],"jetpack_featured_media_url":"https:\/\/i0.wp.com\/ccnews.com.ar\/prensa\/wp-content\/uploads\/2017\/12\/image_content_9163027_20171213002613.jpg?fit=660%2C370","jetpack_shortlink":"https:\/\/wp.me\/p7L1gj-1Ft","jetpack-related-posts":[{"id":10013,"url":"http:\/\/ccnews.com.ar\/prensa\/en-abril-comenzara-a-operar-la-barcaza-que-exportara-gas-desde-bahia-blanca\/","url_meta":{"origin":6415,"position":0},"title":"En abril comenzar\u00e1 a operar la barcaza que exportar\u00e1 gas desde Bah\u00eda Blanca","author":"CLUSTERciar","date":"19 enero, 2019","format":false,"excerpt":"La barcaza licuefactora que le permitir\u00e1 al pa\u00eds, por primera vez en su historia, comenzar\u00e1 a exportar gas natural licuado (GNL) e industrializar el gas argentino arribar\u00e1 en el mes de febrero al puerto de Bah\u00eda Blanca, donde tras distintas pruebas t\u00e9cnicas comenzar\u00e1 a operar a partir de abril. Se\u2026","rel":"","context":"En \u00abEnerg\u00eda y Producci\u00f3n\u00bb","block_context":{"text":"Energ\u00eda y Producci\u00f3n","link":"http:\/\/ccnews.com.ar\/prensa\/category\/energia-y-produccion\/"},"img":{"alt_text":"","src":"https:\/\/i0.wp.com\/ccnews.com.ar\/prensa\/wp-content\/uploads\/2019\/01\/Barcaza-gas-696x392.jpg?fit=696%2C392&resize=350%2C200","width":350,"height":200,"srcset":"https:\/\/i0.wp.com\/ccnews.com.ar\/prensa\/wp-content\/uploads\/2019\/01\/Barcaza-gas-696x392.jpg?fit=696%2C392&resize=350%2C200 1x, https:\/\/i0.wp.com\/ccnews.com.ar\/prensa\/wp-content\/uploads\/2019\/01\/Barcaza-gas-696x392.jpg?fit=696%2C392&resize=525%2C300 1,5x"},"classes":[]},{"id":11657,"url":"http:\/\/ccnews.com.ar\/prensa\/el-gas-de-vaca-muerta-ya-se-carga-en-el-buque-fuji\/","url_meta":{"origin":6415,"position":1},"title":"El gas de Vaca Muerta ya se carga en el buque Fuji","author":"admin","date":"3 junio, 2019","format":false,"excerpt":"Es la primera exportaci\u00f3n de gas natural licuado (GNL) realizada por YPF. El carguero de bandera de Malta ingres\u00f3 al puerto ayer. La primera exportaci\u00f3n de gas natural licuado (GNL) realizada por Argentina ya est\u00e1 en proceso y sit\u00faa al pa\u00eds, de la mano del desarrollo realizado por YPF, dentro\u2026","rel":"","context":"En \u00abEnerg\u00eda y Producci\u00f3n\u00bb","block_context":{"text":"Energ\u00eda y Producci\u00f3n","link":"http:\/\/ccnews.com.ar\/prensa\/category\/energia-y-produccion\/"},"img":{"alt_text":"","src":"https:\/\/i0.wp.com\/ccnews.com.ar\/prensa\/wp-content\/uploads\/2019\/06\/D8AbHfsXoAAmlKA.jpg?fit=920%2C520&resize=350%2C200","width":350,"height":200,"srcset":"https:\/\/i0.wp.com\/ccnews.com.ar\/prensa\/wp-content\/uploads\/2019\/06\/D8AbHfsXoAAmlKA.jpg?fit=920%2C520&resize=350%2C200 1x, https:\/\/i0.wp.com\/ccnews.com.ar\/prensa\/wp-content\/uploads\/2019\/06\/D8AbHfsXoAAmlKA.jpg?fit=920%2C520&resize=525%2C300 1,5x, https:\/\/i0.wp.com\/ccnews.com.ar\/prensa\/wp-content\/uploads\/2019\/06\/D8AbHfsXoAAmlKA.jpg?fit=920%2C520&resize=700%2C400 2x"},"classes":[]},{"id":12721,"url":"http:\/\/ccnews.com.ar\/prensa\/la-barcaza-de-ypf-se-prepara-para-volver-a-procesar-gnl\/","url_meta":{"origin":6415,"position":2},"title":"La barcaza de YPF se prepara para volver a procesar GNL","author":"admin","date":"1 septiembre, 2019","format":false,"excerpt":"El complejo montado en Bah\u00eda Blanca proyecta realizar una segunda exportaci\u00f3n antes de fin de a\u00f1o. Las autoridades de YPF se preparan para poner en funcionamiento nuevamente la barcaza licuefactora que est\u00e1 montada en el puerto de Bah\u00eda Blanca y desde donde parti\u00f3 a principios de junio la primera exportaci\u00f3n\u2026","rel":"","context":"En \u00abEnerg\u00eda y Producci\u00f3n\u00bb","block_context":{"text":"Energ\u00eda y Producci\u00f3n","link":"http:\/\/ccnews.com.ar\/prensa\/category\/energia-y-produccion\/"},"img":{"alt_text":"","src":"https:\/\/i0.wp.com\/ccnews.com.ar\/prensa\/wp-content\/uploads\/2019\/08\/Imagen-ext.jpg?fit=800%2C427&resize=350%2C200","width":350,"height":200,"srcset":"https:\/\/i0.wp.com\/ccnews.com.ar\/prensa\/wp-content\/uploads\/2019\/08\/Imagen-ext.jpg?fit=800%2C427&resize=350%2C200 1x, https:\/\/i0.wp.com\/ccnews.com.ar\/prensa\/wp-content\/uploads\/2019\/08\/Imagen-ext.jpg?fit=800%2C427&resize=525%2C300 1,5x, https:\/\/i0.wp.com\/ccnews.com.ar\/prensa\/wp-content\/uploads\/2019\/08\/Imagen-ext.jpg?fit=800%2C427&resize=700%2C400 2x"},"classes":[]},{"id":14426,"url":"http:\/\/ccnews.com.ar\/prensa\/el-gas-de-vaca-muerta-llego-a-europa\/","url_meta":{"origin":6415,"position":3},"title":"El gas de Vaca Muerta lleg\u00f3 a Europa","author":"admin","date":"29 enero, 2020","format":false,"excerpt":"El cargamento de GNL elaborado por YPF fue descargado en el puerto de Barcelona. Una nueva carga ya es procesada en Bah\u00eda Blanca para partir a mediados del mes entrante. Luego de un largo viaje, y con algunos traspi\u00e9s por el estado del tiempo, el carguero Methane Kari Elin arrib\u00f3\u2026","rel":"","context":"En \u00abEnerg\u00eda y Producci\u00f3n\u00bb","block_context":{"text":"Energ\u00eda y Producci\u00f3n","link":"http:\/\/ccnews.com.ar\/prensa\/category\/energia-y-produccion\/"},"img":{"alt_text":"","src":"https:\/\/i0.wp.com\/ccnews.com.ar\/prensa\/wp-content\/uploads\/2020\/01\/IMG_0368.jpg?fit=920%2C517&resize=350%2C200","width":350,"height":200,"srcset":"https:\/\/i0.wp.com\/ccnews.com.ar\/prensa\/wp-content\/uploads\/2020\/01\/IMG_0368.jpg?fit=920%2C517&resize=350%2C200 1x, https:\/\/i0.wp.com\/ccnews.com.ar\/prensa\/wp-content\/uploads\/2020\/01\/IMG_0368.jpg?fit=920%2C517&resize=525%2C300 1,5x, https:\/\/i0.wp.com\/ccnews.com.ar\/prensa\/wp-content\/uploads\/2020\/01\/IMG_0368.jpg?fit=920%2C517&resize=700%2C400 2x"},"classes":[]},{"id":7631,"url":"http:\/\/ccnews.com.ar\/prensa\/la-licitacion-del-tren-a-vaca-muerta-sera-en-mayo\/","url_meta":{"origin":6415,"position":4},"title":"La Licitaci\u00f3n Del Tren A Vaca Muerta Ser\u00e1 En Mayo","author":"admin","date":"29 abril, 2018","format":false,"excerpt":"El Tren de la Patagonia Norte tendr\u00e1 una traza de 675 kil\u00f3metros de extensi\u00f3n que unir\u00e1n el puerto de Bah\u00eda Blanca con la localidad de A\u00f1elo, con un plazo de construcci\u00f3n de 3 a\u00f1os. El gobernador Omar Guti\u00e9rrez anunci\u00f3 que en mayo el gobierno nacional licitar\u00e1 el tren norpatag\u00f3nico, que\u2026","rel":"","context":"En \u00abEnerg\u00eda y Producci\u00f3n\u00bb","block_context":{"text":"Energ\u00eda y Producci\u00f3n","link":"http:\/\/ccnews.com.ar\/prensa\/category\/energia-y-produccion\/"},"img":{"alt_text":"","src":"https:\/\/i0.wp.com\/ccnews.com.ar\/prensa\/wp-content\/uploads\/2018\/04\/20180418083601.jpg?fit=841%2C527&resize=350%2C200","width":350,"height":200,"srcset":"https:\/\/i0.wp.com\/ccnews.com.ar\/prensa\/wp-content\/uploads\/2018\/04\/20180418083601.jpg?fit=841%2C527&resize=350%2C200 1x, https:\/\/i0.wp.com\/ccnews.com.ar\/prensa\/wp-content\/uploads\/2018\/04\/20180418083601.jpg?fit=841%2C527&resize=525%2C300 1,5x, https:\/\/i0.wp.com\/ccnews.com.ar\/prensa\/wp-content\/uploads\/2018\/04\/20180418083601.jpg?fit=841%2C527&resize=700%2C400 2x"},"classes":[]},{"id":9143,"url":"http:\/\/ccnews.com.ar\/prensa\/hidrovia-continental\/","url_meta":{"origin":6415,"position":5},"title":"Hidrov\u00eda continental","author":"admin","date":"23 octubre, 2018","format":false,"excerpt":"Pablo Bereciart\u00faa, Secretario de Infraestructura y Pol\u00edtica H\u00eddrica del Ministerio del Interior, nos presenta el proyecto. Meses atr\u00e1s, en el marco del G20, el presidente Mauricio Macri efectiviz\u00f3 una reuni\u00f3n con la Reina M\u00e1xima de Holanda para el financiamiento de los estudios preliminares de una \u201cautopista navegable\u201d. El proyecto versa\u2026","rel":"","context":"En \u00abSustentabilidad\u00bb","block_context":{"text":"Sustentabilidad","link":"http:\/\/ccnews.com.ar\/prensa\/category\/sustentabilidad\/"},"img":{"alt_text":"","src":"https:\/\/i0.wp.com\/ccnews.com.ar\/prensa\/wp-content\/uploads\/2018\/10\/hidrovia.jpg?fit=1024%2C768&resize=350%2C200","width":350,"height":200,"srcset":"https:\/\/i0.wp.com\/ccnews.com.ar\/prensa\/wp-content\/uploads\/2018\/10\/hidrovia.jpg?fit=1024%2C768&resize=350%2C200 1x, https:\/\/i0.wp.com\/ccnews.com.ar\/prensa\/wp-content\/uploads\/2018\/10\/hidrovia.jpg?fit=1024%2C768&resize=525%2C300 1,5x, https:\/\/i0.wp.com\/ccnews.com.ar\/prensa\/wp-content\/uploads\/2018\/10\/hidrovia.jpg?fit=1024%2C768&resize=700%2C400 2x"},"classes":[]}],"jetpack_sharing_enabled":true,"_links":{"self":[{"href":"http:\/\/ccnews.com.ar\/prensa\/wp-json\/wp\/v2\/posts\/6415","targetHints":{"allow":["GET"]}}],"collection":[{"href":"http:\/\/ccnews.com.ar\/prensa\/wp-json\/wp\/v2\/posts"}],"about":[{"href":"http:\/\/ccnews.com.ar\/prensa\/wp-json\/wp\/v2\/types\/post"}],"author":[{"embeddable":true,"href":"http:\/\/ccnews.com.ar\/prensa\/wp-json\/wp\/v2\/users\/2"}],"replies":[{"embeddable":true,"href":"http:\/\/ccnews.com.ar\/prensa\/wp-json\/wp\/v2\/comments?post=6415"}],"version-history":[{"count":1,"href":"http:\/\/ccnews.com.ar\/prensa\/wp-json\/wp\/v2\/posts\/6415\/revisions"}],"predecessor-version":[{"id":6419,"href":"http:\/\/ccnews.com.ar\/prensa\/wp-json\/wp\/v2\/posts\/6415\/revisions\/6419"}],"wp:featuredmedia":[{"embeddable":true,"href":"http:\/\/ccnews.com.ar\/prensa\/wp-json\/wp\/v2\/media\/6417"}],"wp:attachment":[{"href":"http:\/\/ccnews.com.ar\/prensa\/wp-json\/wp\/v2\/media?parent=6415"}],"wp:term":[{"taxonomy":"category","embeddable":true,"href":"http:\/\/ccnews.com.ar\/prensa\/wp-json\/wp\/v2\/categories?post=6415"},{"taxonomy":"post_tag","embeddable":true,"href":"http:\/\/ccnews.com.ar\/prensa\/wp-json\/wp\/v2\/tags?post=6415"}],"curies":[{"name":"wp","href":"https:\/\/api.w.org\/{rel}","templated":true}]}}