{"id":6501,"date":"2018-01-08T08:00:54","date_gmt":"2018-01-08T11:00:54","guid":{"rendered":"http:\/\/clusterciarnews.com.ar\/prensa\/?p=6501"},"modified":"2018-01-05T12:09:56","modified_gmt":"2018-01-05T15:09:56","slug":"adios-2017-hola-2018-los-hechos-tecnologicos-mas-relevantes-y-que-nos-depara-el-futuro","status":"publish","type":"post","link":"http:\/\/ccnews.com.ar\/prensa\/adios-2017-hola-2018-los-hechos-tecnologicos-mas-relevantes-y-que-nos-depara-el-futuro\/","title":{"rendered":"Adi\u00f3s 2017, hola 2018: los hechos tecnol\u00f3gicos m\u00e1s relevantes y que nos depara el futuro"},"content":{"rendered":"<div class=\"entry-content entry-padding\">\n<p><b><i>Autos aut\u00f3nomos, diminutos microprocesadores con inteligencia artificial y hasta nuevas tecnolog\u00edas de conectividad para redes m\u00f3viles ya se posicionan como temas de inter\u00e9s entre las empresas.<\/i><\/b><\/p>\n<p>Llegan estas fechas y los momentos de realizar balances se ubican entre las tareas m\u00e1s destacadas del mes. En materia de tecnolog\u00eda, el a\u00f1o 2017 ser\u00e1 recordado como un a\u00f1o en el que la inteligencia artificial y las criptomonedas se han hecho con gran parte de la atenci\u00f3n, no solo a nivel desarrollo sino desde el punto de vista medi\u00e1tico de la cuesti\u00f3n.<\/p>\n<p>Acompa\u00f1ando cada reflexi\u00f3n, es casi imposible no realizar un an\u00e1lisis de lo que nos depara la tecnolog\u00eda a corto plazo: la evoluci\u00f3n de los dos t\u00f3picos destacados en el p\u00e1rrafo anterior es solo la punta de la lanza para un 2018 cargado de innovaci\u00f3n. Es por eso que en este art\u00edculo, repasamos lo mejor de 2017 y les contamos acerca de aquellas tecnolog\u00edas que veremos el pr\u00f3ximo a\u00f1o y que est\u00e1n a la vuelta de la esquina.<\/p>\n<h3><b>2017: El a\u00f1o de los Bitcoins y la IA<\/b><\/h3>\n<p>Si tuvi\u00e9semos que elegir una descripci\u00f3n para el 2017, podemos decir que fue \u201cel a\u00f1o de los Bitcoins y de las criptomonedas\u201d. Si bien se trata de propuestas que ya tienen un recorrido entre nosotros, 2017 fue el a\u00f1o en el que los Bitcoins estallaron y se volvieron sumamente populares. No solo eso, han tenido mucha prensa y no pas\u00f3 un d\u00eda sin que escuchemos sobre ellos, ya sea por su espectacular cotizaci\u00f3n como su estrepitosa ca\u00edda en las ultimas semanas. Como sea, los Bitcoins fueron sin duda el tema tecnol\u00f3gico mas destacado durante este a\u00f1o.<\/p>\n<p>En un segundo puesto podemos decir que la evoluci\u00f3n en inteligencia artificial se present\u00f3 como uno de los temas candente y de mayor desarrollo durante 2017: vimos robots asistentes para el hogar de diferentes\u00a0marcas en el CES\u00a0y hasta algunos que pueden guiarnos y ayudarnos en el aeropuerto. Tambi\u00e9n el desarrollo continuo de Watson, la IA cognitiva de IBM, y los nuevos autos aut\u00f3nomos que ya se prueban en todas las rutas del mundo.<\/p>\n<p>Los tel\u00e9fonos celulares siempre son noticia, pero este a\u00f1o se destacaron por las diferentes tecnolog\u00edas con las que podemos desbloquearlos: desde los sensores de huellas ubicados directamente en las pantallas como el reconocimiento de rostro e iris.<\/p>\n<p>2017 tambi\u00e9n marc\u00f3 el regreso de dos grandes compa\u00f1\u00edas que hab\u00edan ca\u00eddo en desgracia: tanto Blackberry como\u00a0<a href=\"http:\/\/donweb.news\/nokia-regresa-al-negocio-de-los-smartphones-y-planifica-pasos-a-seguir\/\">Nokia\u00a0<\/a>a trav\u00e9s de sus licenciatarias han vuelto a fabricar smartphones y eso es una buena noticia para los usuarios.<\/p>\n<h3><b>\u00bfQu\u00e9 veremos en 2018?<\/b><\/h3>\n<p>Como siempre, parte de lo que veremos en 2018 se podr\u00e1 observar de cerca en la feria CES de Las Vegas que tendr\u00e1 lugar desde el 9 de enero y en la cual DonWeb News estar\u00e1 presente realizando la cobertura. All\u00ed y durante cuatro d\u00edas, se mostrar\u00e1n las tecnol\u00f3gicas de consumo que se lanzar\u00e1n durante el a\u00f1o. Entre los relevantes que se podr\u00e1n ver en la feria de tecnolog\u00eda mas grande del mundo, se destaca nuevos productos conectados al hogar inteligente que sumen Alexa, Siri y Google Assistant; dichas tecnolog\u00edas permiten controlar dispositivos y recibir alertas y mensajes de todo tipo en peque\u00f1os parlantes especialmente dise\u00f1ados.<\/p>\n<p>Tambi\u00e9n veremos nuevos desarrollos en autos aut\u00f3nomos de la mano de las principales automotrices como Toyota, Kia, Mercedes-Benz, BMW, FCA, Ford y Nissan.<\/p>\n<p>En materia de IA, Huawei marc\u00f3 tendencia en 2017 quit\u00e1ndole el velo a su microprocesador para m\u00f3viles Kirin 970, un chip que puede anticiparse a los intereses y necesidades de sus usuarios: \u00bfla novedad? Inteligencia artificial nativa y v\u00eda hardware en la palma de nuestras manos dado que Huawei ya incluye el Kirin 970 en sus nuevos smartphones. Claramente las compa\u00f1\u00edas no querr\u00e1n quedarse por detr\u00e1s de la compa\u00f1\u00eda China y ya se prev\u00e9 una serie de nuevos celulares inteligentes.<\/p>\n<p>Tambi\u00e9n el Congreso Mundial de M\u00f3viles que se desarrollar\u00e1 en febrero ser\u00e1 un buen escenario para ver los nuevos tel\u00e9fonos que portaremos en 2018. Parece que uno de los mas esperados de la reuni\u00f3n ser\u00e1 el Galaxy S9 de Samsung, un tel\u00e9fono de alta gama que ya se perfila como uno de los favoritos entre los consumidores.<\/p>\n<p>En materia de conectividad 2018 ser\u00e1 un a\u00f1o muy importante: La tecnolog\u00eda 5G de redes m\u00f3viles se desarrollar\u00e1 a\u00fan m\u00e1s y seguir\u00e1n las pruebas en diferentes partes del mundo de cara a su lanzamiento durante 2019. La propuesta de este nuevo est\u00e1ndar de conectividad plantea una mayor velocidad de transferencia de datos, el ancho de banda promedio estimado que tendr\u00e1 el 5G en un par de a\u00f1os ser\u00e1 de 30 o 40 megabits por segundo, con picos m\u00e1s altos, bastante mas que los 16 MB por segundo que ofrecen las conexiones 4G.<\/p>\n<p>Lejos de ofrecer soluciones de conectividad solo a smartphones y port\u00e1tiles, la tecnolog\u00eda 5G planea sumar y dar respuesta a todo un ecosistema de nuevos productos como autom\u00f3viles conectados, asistentes y a soluciones provenientes del internet de las cosas que ya suman cientos de millones de dispositivos en todo el mundo.<\/p>\n<\/div>\n<p>Fuente: Don web News<\/p>\n<footer class=\"entry-footer\">\n<div class=\"entry-author entry-padding\"><\/div>\n<\/footer>\n<!-- AddThis Advanced Settings generic via filter on the_content -->","protected":false},"excerpt":{"rendered":"<p>Autos aut\u00f3nomos, diminutos microprocesadores con inteligencia artificial y hasta nuevas tecnolog\u00edas de conectividad para redes m\u00f3viles ya se posicionan como<!-- AddThis Advanced Settings generic via filter on get_the_excerpt --><\/p>\n","protected":false},"author":2,"featured_media":6503,"comment_status":"closed","ping_status":"closed","sticky":false,"template":"","format":"standard","meta":{"colormag_page_container_layout":"default_layout","colormag_page_sidebar_layout":"default_layout","jetpack_post_was_ever_published":false,"_jetpack_newsletter_access":"","_jetpack_dont_email_post_to_subs":false,"_jetpack_newsletter_tier_id":0,"_jetpack_memberships_contains_paywalled_content":false,"_jetpack_memberships_contains_paid_content":false,"footnotes":"","jetpack_publicize_message":"","jetpack_publicize_feature_enabled":true,"jetpack_social_post_already_shared":true,"jetpack_social_options":{"image_generator_settings":{"template":"highway","default_image_id":0,"font":"","enabled":false},"version":2}},"categories":[5],"tags":[17],"class_list":["post-6501","post","type-post","status-publish","format-standard","has-post-thumbnail","hentry","category-transformacion-digital","tag-otros-medios"],"jetpack_publicize_connections":[],"jetpack_featured_media_url":"https:\/\/i0.wp.com\/ccnews.com.ar\/prensa\/wp-content\/uploads\/2018\/01\/chau.jpg?fit=1500%2C500","jetpack_shortlink":"https:\/\/wp.me\/p7L1gj-1GR","jetpack-related-posts":[{"id":10329,"url":"http:\/\/ccnews.com.ar\/prensa\/7-pasos-fundamentales-para-implementar-la-inteligencia-artificial-con-exito\/","url_meta":{"origin":6501,"position":0},"title":"7 pasos fundamentales para implementar la inteligencia artificial con \u00e9xito","author":"admin","date":"14 febrero, 2019","format":false,"excerpt":"La inteligencia artificial est\u00e1 transformando la forma de trabajar y organizarse de las compa\u00f1\u00edas, pero para muchas resulta complicado adaptarse a los nuevos modelos de negocio. Un estudio llevado a cabo por Forbes Insights se\u00f1ala que muchas empresas no han sabido implementar la inteligencia artificial de la mejor manera. As\u00ed,\u2026","rel":"","context":"En \u00abManagement\u00bb","block_context":{"text":"Management","link":"http:\/\/ccnews.com.ar\/prensa\/category\/management\/"},"img":{"alt_text":"","src":"https:\/\/i0.wp.com\/ccnews.com.ar\/prensa\/wp-content\/uploads\/2019\/02\/manag1-1.jpg?fit=681%2C454&resize=350%2C200","width":350,"height":200,"srcset":"https:\/\/i0.wp.com\/ccnews.com.ar\/prensa\/wp-content\/uploads\/2019\/02\/manag1-1.jpg?fit=681%2C454&resize=350%2C200 1x, https:\/\/i0.wp.com\/ccnews.com.ar\/prensa\/wp-content\/uploads\/2019\/02\/manag1-1.jpg?fit=681%2C454&resize=525%2C300 1,5x"},"classes":[]},{"id":10341,"url":"http:\/\/ccnews.com.ar\/prensa\/esto-es-lo-que-puede-hacer-la-inteligencia-artificial-por-la-educacion\/","url_meta":{"origin":6501,"position":1},"title":"Esto es lo que puede hacer la Inteligencia Artificial por la educaci\u00f3n","author":"admin","date":"16 febrero, 2019","format":false,"excerpt":"Esta tecnolog\u00eda, que poco a poco va implant\u00e1ndose en el entorno educativo, ayuda a desdibujar la l\u00ednea entre la ense\u00f1anza formal y el aprendizaje individual, fomentando que cada alumno aprenda a su propio ritmo. En los pr\u00f3ximos a\u00f1os, es probable que los docentes reciban ayuda de la Inteligencia Artificial (IA)\u2026","rel":"","context":"En \u00abEducaci\u00f3n\/Sociedad\u00bb","block_context":{"text":"Educaci\u00f3n\/Sociedad","link":"http:\/\/ccnews.com.ar\/prensa\/category\/educacion-sociedad\/"},"img":{"alt_text":"","src":"https:\/\/i0.wp.com\/ccnews.com.ar\/prensa\/wp-content\/uploads\/2019\/02\/edu1-2.jpg?fit=696%2C479&resize=350%2C200","width":350,"height":200,"srcset":"https:\/\/i0.wp.com\/ccnews.com.ar\/prensa\/wp-content\/uploads\/2019\/02\/edu1-2.jpg?fit=696%2C479&resize=350%2C200 1x, https:\/\/i0.wp.com\/ccnews.com.ar\/prensa\/wp-content\/uploads\/2019\/02\/edu1-2.jpg?fit=696%2C479&resize=525%2C300 1,5x"},"classes":[]},{"id":13790,"url":"http:\/\/ccnews.com.ar\/prensa\/el-64-de-las-personas-confian-mas-en-un-robot-que-en-su-gerente\/","url_meta":{"origin":6501,"position":2},"title":"El 64% de las personas conf\u00edan m\u00e1s en un robot que en su gerente","author":"admin","date":"1 diciembre, 2019","format":false,"excerpt":"La gente conf\u00eda m\u00e1s en los robots que en sus gerentes, seg\u00fan el segundo estudio anual AI at Work (la Inteligencia artificial en el trabajo) llevado a cabo por Oracle y Future Workplace, empresa de investigaci\u00f3n dedicada a preparar a los l\u00edderes para las disrupciones en el reclutamiento, desarrollo y\u2026","rel":"","context":"En \u00abManagement\u00bb","block_context":{"text":"Management","link":"http:\/\/ccnews.com.ar\/prensa\/category\/management\/"},"img":{"alt_text":"","src":"https:\/\/i0.wp.com\/ccnews.com.ar\/prensa\/wp-content\/uploads\/2019\/11\/485965-1.jpg?fit=1200%2C675&resize=350%2C200","width":350,"height":200,"srcset":"https:\/\/i0.wp.com\/ccnews.com.ar\/prensa\/wp-content\/uploads\/2019\/11\/485965-1.jpg?fit=1200%2C675&resize=350%2C200 1x, https:\/\/i0.wp.com\/ccnews.com.ar\/prensa\/wp-content\/uploads\/2019\/11\/485965-1.jpg?fit=1200%2C675&resize=525%2C300 1,5x, https:\/\/i0.wp.com\/ccnews.com.ar\/prensa\/wp-content\/uploads\/2019\/11\/485965-1.jpg?fit=1200%2C675&resize=700%2C400 2x, https:\/\/i0.wp.com\/ccnews.com.ar\/prensa\/wp-content\/uploads\/2019\/11\/485965-1.jpg?fit=1200%2C675&resize=1050%2C600 3x"},"classes":[]},{"id":11209,"url":"http:\/\/ccnews.com.ar\/prensa\/cinco-aspectos-a-tener-en-cuenta-sobre-la-implantacion-de-la-inteligencia-artificial\/","url_meta":{"origin":6501,"position":3},"title":"Cinco aspectos a tener en cuenta sobre la implantaci\u00f3n de la inteligencia artificial","author":"admin","date":"25 abril, 2019","format":false,"excerpt":"El volumen de mercado de la inteligencia artificial podr\u00eda alcanzar los 3,9 billones de d\u00f3lares en 2022 y una de cada tres empresas ya incorpora herramientas basadas en esta tecnolog\u00eda. En los \u00faltimos cuatro a\u00f1os, el n\u00famero de compa\u00f1\u00edas que aplican inteligencia artificial en sus procesos ha crecido un 270%,\u2026","rel":"","context":"En \u00abManagement\u00bb","block_context":{"text":"Management","link":"http:\/\/ccnews.com.ar\/prensa\/category\/management\/"},"img":{"alt_text":"","src":"https:\/\/i0.wp.com\/ccnews.com.ar\/prensa\/wp-content\/uploads\/2019\/04\/inteligencia-artificial-aspectos-681x454.jpg?fit=681%2C454&resize=350%2C200","width":350,"height":200,"srcset":"https:\/\/i0.wp.com\/ccnews.com.ar\/prensa\/wp-content\/uploads\/2019\/04\/inteligencia-artificial-aspectos-681x454.jpg?fit=681%2C454&resize=350%2C200 1x, https:\/\/i0.wp.com\/ccnews.com.ar\/prensa\/wp-content\/uploads\/2019\/04\/inteligencia-artificial-aspectos-681x454.jpg?fit=681%2C454&resize=525%2C300 1,5x"},"classes":[]},{"id":14058,"url":"http:\/\/ccnews.com.ar\/prensa\/chatbots-e-inteligencia-artificial-tendencias-tecnologicas-que-impulsaran-el-sector-de-recursos-humanos-en-2020\/","url_meta":{"origin":6501,"position":4},"title":"Chatbots e inteligencia artificial: tendencias tecnol\u00f3gicas que impulsar\u00e1n el sector de recursos humanos en 2020","author":"admin","date":"26 diciembre, 2019","format":false,"excerpt":"Las empresas afrontan los \u00faltimos coletazos de este a\u00f1o con la mirada puesta en el 2020 y en los retos que se presentan en el horizonte, centrados principalmente en ofrecer una experiencia de usuario m\u00e1s atractiva y satisfactoria y optimizar los procesos de selecci\u00f3n. La empresa de recursos humanos Easyrecrue\u2026","rel":"","context":"En \u00abManagement\u00bb","block_context":{"text":"Management","link":"http:\/\/ccnews.com.ar\/prensa\/category\/management\/"},"img":{"alt_text":"","src":"https:\/\/i0.wp.com\/ccnews.com.ar\/prensa\/wp-content\/uploads\/2019\/12\/HR-Solution-1024x518.jpg?fit=1024%2C518&resize=350%2C200","width":350,"height":200,"srcset":"https:\/\/i0.wp.com\/ccnews.com.ar\/prensa\/wp-content\/uploads\/2019\/12\/HR-Solution-1024x518.jpg?fit=1024%2C518&resize=350%2C200 1x, https:\/\/i0.wp.com\/ccnews.com.ar\/prensa\/wp-content\/uploads\/2019\/12\/HR-Solution-1024x518.jpg?fit=1024%2C518&resize=525%2C300 1,5x, https:\/\/i0.wp.com\/ccnews.com.ar\/prensa\/wp-content\/uploads\/2019\/12\/HR-Solution-1024x518.jpg?fit=1024%2C518&resize=700%2C400 2x"},"classes":[]},{"id":11107,"url":"http:\/\/ccnews.com.ar\/prensa\/que-nos-depara-el-futuro-digital\/","url_meta":{"origin":6501,"position":5},"title":"\u00bfQu\u00e9 nos depara el futuro digital?","author":"admin","date":"13 abril, 2019","format":false,"excerpt":"Los espacios virtuales podr\u00edan cambiar el mundo tan profundamente como hace 200 a\u00f1os, cuando la m\u00e1quina de vapor y la producci\u00f3n de energ\u00eda f\u00f3sil dieron paso a una nueva sociedad La humanidad se est\u00e1 viendo asediada por problemas de escala mundial: la crisis clim\u00e1tica, el aumento de la desigualdad, los\u2026","rel":"","context":"En \u00abTransformaci\u00f3n digital\u00bb","block_context":{"text":"Transformaci\u00f3n digital","link":"http:\/\/ccnews.com.ar\/prensa\/category\/transformacion-digital\/"},"img":{"alt_text":"","src":"https:\/\/i0.wp.com\/ccnews.com.ar\/prensa\/wp-content\/uploads\/2019\/04\/tec1-1.jpg?fit=1200%2C772&resize=350%2C200","width":350,"height":200,"srcset":"https:\/\/i0.wp.com\/ccnews.com.ar\/prensa\/wp-content\/uploads\/2019\/04\/tec1-1.jpg?fit=1200%2C772&resize=350%2C200 1x, https:\/\/i0.wp.com\/ccnews.com.ar\/prensa\/wp-content\/uploads\/2019\/04\/tec1-1.jpg?fit=1200%2C772&resize=525%2C300 1,5x, https:\/\/i0.wp.com\/ccnews.com.ar\/prensa\/wp-content\/uploads\/2019\/04\/tec1-1.jpg?fit=1200%2C772&resize=700%2C400 2x, https:\/\/i0.wp.com\/ccnews.com.ar\/prensa\/wp-content\/uploads\/2019\/04\/tec1-1.jpg?fit=1200%2C772&resize=1050%2C600 3x"},"classes":[]}],"jetpack_sharing_enabled":true,"_links":{"self":[{"href":"http:\/\/ccnews.com.ar\/prensa\/wp-json\/wp\/v2\/posts\/6501","targetHints":{"allow":["GET"]}}],"collection":[{"href":"http:\/\/ccnews.com.ar\/prensa\/wp-json\/wp\/v2\/posts"}],"about":[{"href":"http:\/\/ccnews.com.ar\/prensa\/wp-json\/wp\/v2\/types\/post"}],"author":[{"embeddable":true,"href":"http:\/\/ccnews.com.ar\/prensa\/wp-json\/wp\/v2\/users\/2"}],"replies":[{"embeddable":true,"href":"http:\/\/ccnews.com.ar\/prensa\/wp-json\/wp\/v2\/comments?post=6501"}],"version-history":[{"count":1,"href":"http:\/\/ccnews.com.ar\/prensa\/wp-json\/wp\/v2\/posts\/6501\/revisions"}],"predecessor-version":[{"id":6505,"href":"http:\/\/ccnews.com.ar\/prensa\/wp-json\/wp\/v2\/posts\/6501\/revisions\/6505"}],"wp:featuredmedia":[{"embeddable":true,"href":"http:\/\/ccnews.com.ar\/prensa\/wp-json\/wp\/v2\/media\/6503"}],"wp:attachment":[{"href":"http:\/\/ccnews.com.ar\/prensa\/wp-json\/wp\/v2\/media?parent=6501"}],"wp:term":[{"taxonomy":"category","embeddable":true,"href":"http:\/\/ccnews.com.ar\/prensa\/wp-json\/wp\/v2\/categories?post=6501"},{"taxonomy":"post_tag","embeddable":true,"href":"http:\/\/ccnews.com.ar\/prensa\/wp-json\/wp\/v2\/tags?post=6501"}],"curies":[{"name":"wp","href":"https:\/\/api.w.org\/{rel}","templated":true}]}}