{"id":6577,"date":"2018-01-26T08:00:18","date_gmt":"2018-01-26T11:00:18","guid":{"rendered":"http:\/\/clusterciarnews.com.ar\/prensa\/?p=6577"},"modified":"2018-01-05T16:37:09","modified_gmt":"2018-01-05T19:37:09","slug":"la-ingenieria-social","status":"publish","type":"post","link":"http:\/\/ccnews.com.ar\/prensa\/la-ingenieria-social\/","title":{"rendered":"La ingenier\u00eda social"},"content":{"rendered":"<p id=\"p167892-m169-168-170\" class=\"contenido \"><strong>\u00bfPueden las ingenier\u00edas contribuir a la construcci\u00f3n de una tecn\u00f3sfera sostenible?<\/strong><\/p>\n<p class=\"contenido \">Se habl\u00f3 en la preparaci\u00f3n de la c\u00e1tedra Julio Garavito de la Universidad Nacional, de que este a\u00f1o se ocupar\u00e1 del cambio clim\u00e1tico, de una idea quiz\u00e1 no tan original como pertinente: la que argumenta que la ingenier\u00eda va siendo, en el mundo de hoy, una ciencia m\u00e1s social que exacta. Pretensi\u00f3n, esta \u00faltima, que quiz\u00e1 tuvo en sus or\u00edgenes cuando devino de la f\u00edsica, ciencia hoy, a su vez, m\u00e1s abstracta que exacta, como que ya no es tanto la notaria de leyes inmutables sino testigo de un mundo de incertidumbres: la voluntad de las part\u00edculas, la transparencia de la materia condensada. M\u00e1s arte que raz\u00f3n, en todo caso.<\/p>\n<p id=\"p167892-m189-2-190\" class=\"contenido \">Si las ciencias exactas y naturales aceleran su encuentro con las verdades del arte,\u00a0<b>quiz\u00e1 podamos aspirar a que algunas de sus disciplinas derivadas, las ingenier\u00edas, se conciban como saberes al servicio de la adaptaci\u00f3n del individuo humano a una sociedad amenazada por \u00e9l mismo: la era del antropoceno.<\/b><\/p>\n<p>Las ingenier\u00edas, en cuanto disciplinas del ingenio del hombre, construyeron la tecn\u00f3sfera. El antropoceno se expresa en el colapso de la biosfera, causado por esta tecn\u00f3sfera que consolid\u00f3 sus perfiles durante el siglo XX. Por eso, lo que la sociedad demanda hoy de las ingenier\u00edas es su aporte inventivo al servicio de la restauraci\u00f3n del equilibrio entre la biosfera y la tecn\u00f3sfera.<\/p>\n<div id=\"hybs-slot-b41e4da3\" class=\"hybs-slot\">\n<div id=\"hybs-container-1\" class=\"hybs-container\">Lo que la sociedad demanda hoy de las ingenier\u00edas es su aporte inventivo al servicio de la restauraci\u00f3n del equilibrio entre la biosfera y la tecn\u00f3sfera.<\/div>\n<\/div>\n<p id=\"p167892-m214-4-215\" class=\"contenido \">\u00bfPueden las ingenier\u00edas contribuir a la construcci\u00f3n de una tecn\u00f3sfera sostenible? S\u00ed, pero antes necesitan asumir y compartir con otras ciencias la urgencia global de construir un mundo verdaderamente sostenible. Propiciar el encuentro de todas las disciplinas, a partir de propuestas de producci\u00f3n m\u00e1s limpia, nuevos materiales, energ\u00edas renovables, construcciones sostenibles y v\u00edas m\u00e1s resilientes y mitigadoras de carbono. Innovaci\u00f3n social.<\/p>\n<p>La consiliencia de que habl\u00f3 E. Wilson, que empezar\u00e1 quiz\u00e1 por el encuentro entre las ingenier\u00edas, concebidas como ciencias sociales, y la econom\u00eda, pero no la econom\u00eda del siglo XIX, que se arrog\u00f3 la pretensi\u00f3n de ciencia predictiva, cuasiexacta y hasta infalible. No; me refiero a la econom\u00eda del siglo XXI, asignatura a\u00fan pendiente, capaz de interpretar los riesgos globales del antropoceno y facilitar un desarrollo m\u00e1s equitativo y menos depredador de la naturaleza. Las universidades pueden contribuir a fomentar el nuevo di\u00e1logo entre las ingenier\u00edas y la econom\u00eda.<\/p>\n<p>Fuente:\u00a0el tiempo<\/p>\n<!-- AddThis Advanced Settings generic via filter on the_content -->","protected":false},"excerpt":{"rendered":"<p>\u00bfPueden las ingenier\u00edas contribuir a la construcci\u00f3n de una tecn\u00f3sfera sostenible? Se habl\u00f3 en la preparaci\u00f3n de la c\u00e1tedra Julio<!-- AddThis Advanced Settings generic via filter on get_the_excerpt --><\/p>\n","protected":false},"author":2,"featured_media":0,"comment_status":"closed","ping_status":"closed","sticky":false,"template":"","format":"standard","meta":{"colormag_page_container_layout":"default_layout","colormag_page_sidebar_layout":"default_layout","jetpack_post_was_ever_published":false,"_jetpack_newsletter_access":"","_jetpack_dont_email_post_to_subs":false,"_jetpack_newsletter_tier_id":0,"_jetpack_memberships_contains_paywalled_content":false,"_jetpack_memberships_contains_paid_content":false,"footnotes":"","jetpack_publicize_message":"","jetpack_publicize_feature_enabled":true,"jetpack_social_post_already_shared":true,"jetpack_social_options":{"image_generator_settings":{"template":"highway","default_image_id":0,"font":"","enabled":false},"version":2}},"categories":[3],"tags":[17],"class_list":["post-6577","post","type-post","status-publish","format-standard","hentry","category-sustentabilidad","tag-otros-medios"],"jetpack_publicize_connections":[],"jetpack_featured_media_url":"","jetpack_shortlink":"https:\/\/wp.me\/p7L1gj-1I5","jetpack-related-posts":[{"id":9355,"url":"http:\/\/ccnews.com.ar\/prensa\/cuales-son-las-carreras-que-tienen-mas-futuro\/","url_meta":{"origin":6577,"position":0},"title":"Cu\u00e1les son las carreras que tienen m\u00e1s futuro","author":"admin","date":"18 noviembre, 2018","format":false,"excerpt":"El Foro Econ\u00f3mico Mundial y la Organizaci\u00f3n Internacional del Trabajo las ubican dentro de las llamadas STEM: Ciencia, Tecnolog\u00eda, Ingenier\u00eda y Matem\u00e1ticas. Elegirlas puede otorgar un plus sobre el resto en la demanda laboral de las empresas. El mercado laboral se regula de acuerdo a la oferta y demanda de\u2026","rel":"","context":"En \u00abEducaci\u00f3n\/Sociedad\u00bb","block_context":{"text":"Educaci\u00f3n\/Sociedad","link":"http:\/\/ccnews.com.ar\/prensa\/category\/educacion-sociedad\/"},"img":{"alt_text":"","src":"https:\/\/i0.wp.com\/ccnews.com.ar\/prensa\/wp-content\/uploads\/2018\/11\/image_content_10285446_20181111213730.jpg?fit=660%2C370&resize=350%2C200","width":350,"height":200,"srcset":"https:\/\/i0.wp.com\/ccnews.com.ar\/prensa\/wp-content\/uploads\/2018\/11\/image_content_10285446_20181111213730.jpg?fit=660%2C370&resize=350%2C200 1x, https:\/\/i0.wp.com\/ccnews.com.ar\/prensa\/wp-content\/uploads\/2018\/11\/image_content_10285446_20181111213730.jpg?fit=660%2C370&resize=525%2C300 1,5x"},"classes":[]},{"id":8793,"url":"http:\/\/ccnews.com.ar\/prensa\/aldo-boccaccini-la-formacion-de-ingenieria-en-argentina-es-muy-buena\/","url_meta":{"origin":6577,"position":1},"title":"Aldo Boccaccini: \u201cLa formaci\u00f3n de Ingenier\u00eda en Argentina es muy buena\u201d","author":"CLUSTERciar","date":"13 septiembre, 2018","format":false,"excerpt":"El ingeniero Aldo Boccaccini, quien reside desde hace un tiempo en Alemania desempe\u00f1\u00e1ndose como profesor y director del Instituto de Biomateriales en la Universidad de Erlangen, en Nuremberg, visit\u00f3 San Rafael y estuvo en los estudios de FM Vos (91.5) para hablar acerca de su experiencia y temas de la\u2026","rel":"","context":"En \u00abSustentabilidad\u00bb","block_context":{"text":"Sustentabilidad","link":"http:\/\/ccnews.com.ar\/prensa\/category\/sustentabilidad\/"},"img":{"alt_text":"","src":"https:\/\/i0.wp.com\/ccnews.com.ar\/prensa\/wp-content\/uploads\/2018\/09\/thumbnail_Aldo-Boccaccini-IMG_3254-696x464.jpg?fit=696%2C464&resize=350%2C200","width":350,"height":200,"srcset":"https:\/\/i0.wp.com\/ccnews.com.ar\/prensa\/wp-content\/uploads\/2018\/09\/thumbnail_Aldo-Boccaccini-IMG_3254-696x464.jpg?fit=696%2C464&resize=350%2C200 1x, https:\/\/i0.wp.com\/ccnews.com.ar\/prensa\/wp-content\/uploads\/2018\/09\/thumbnail_Aldo-Boccaccini-IMG_3254-696x464.jpg?fit=696%2C464&resize=525%2C300 1,5x"},"classes":[]},{"id":9461,"url":"http:\/\/ccnews.com.ar\/prensa\/de-la-mano-de-la-demanda-laboral-cambian-las-carreras-mas-buscadas\/","url_meta":{"origin":6577,"position":2},"title":"De la mano de la demanda laboral, cambian las carreras m\u00e1s buscadas","author":"CLUSTERciar","date":"28 noviembre, 2018","format":false,"excerpt":"En la Universidad Nacional de Comahue se conjugan las disciplinas cl\u00e1sicas con las m\u00e1s modernas en el ranking de los nuevos inscriptos. Las ingenier\u00edas, Inform\u00e1tica y Matem\u00e1tica ganan terreno. Medicina, Psicolog\u00eda y Contador P\u00fablico lideran los registros de preingresantes. Si bien la tendencia en Argentina marca que los estudiantes universitarios\u2026","rel":"","context":"En \u00abEducaci\u00f3n\/Sociedad\u00bb","block_context":{"text":"Educaci\u00f3n\/Sociedad","link":"http:\/\/ccnews.com.ar\/prensa\/category\/educacion-sociedad\/"},"img":{"alt_text":"","src":"https:\/\/i0.wp.com\/ccnews.com.ar\/prensa\/wp-content\/uploads\/2018\/11\/image_content_10316028_20181118204259.jpg?fit=660%2C370&resize=350%2C200","width":350,"height":200,"srcset":"https:\/\/i0.wp.com\/ccnews.com.ar\/prensa\/wp-content\/uploads\/2018\/11\/image_content_10316028_20181118204259.jpg?fit=660%2C370&resize=350%2C200 1x, https:\/\/i0.wp.com\/ccnews.com.ar\/prensa\/wp-content\/uploads\/2018\/11\/image_content_10316028_20181118204259.jpg?fit=660%2C370&resize=525%2C300 1,5x"},"classes":[]},{"id":14010,"url":"http:\/\/ccnews.com.ar\/prensa\/graciela-bertolino-las-ingenierias-ayudan-a-cambiar-el-mundo\/","url_meta":{"origin":6577,"position":3},"title":"Graciela Bertolino: \u201cLas ingenier\u00edas ayudan a cambiar el mundo\u201d","author":"admin","date":"20 diciembre, 2019","format":false,"excerpt":"La primera vicerrectora de las carreras de ingenier\u00eda en el Instituto Balseiro, la especialista en materiales Graciela Bertolino, habl\u00f3 con TSS sobre la importancia que tiene para el desarrollo tecnol\u00f3gico promover el estudio de las ingenier\u00edas. Los desaf\u00edos que enfrentar\u00e1 desde su nuevo cargo en la instituci\u00f3n y el rol\u2026","rel":"","context":"En \u00abSustentabilidad\u00bb","block_context":{"text":"Sustentabilidad","link":"http:\/\/ccnews.com.ar\/prensa\/category\/sustentabilidad\/"},"img":{"alt_text":"","src":"https:\/\/i0.wp.com\/ccnews.com.ar\/prensa\/wp-content\/uploads\/2019\/12\/bertolino1.jpg?fit=1080%2C598&resize=350%2C200","width":350,"height":200,"srcset":"https:\/\/i0.wp.com\/ccnews.com.ar\/prensa\/wp-content\/uploads\/2019\/12\/bertolino1.jpg?fit=1080%2C598&resize=350%2C200 1x, https:\/\/i0.wp.com\/ccnews.com.ar\/prensa\/wp-content\/uploads\/2019\/12\/bertolino1.jpg?fit=1080%2C598&resize=525%2C300 1,5x, https:\/\/i0.wp.com\/ccnews.com.ar\/prensa\/wp-content\/uploads\/2019\/12\/bertolino1.jpg?fit=1080%2C598&resize=700%2C400 2x, https:\/\/i0.wp.com\/ccnews.com.ar\/prensa\/wp-content\/uploads\/2019\/12\/bertolino1.jpg?fit=1080%2C598&resize=1050%2C600 3x"},"classes":[]},{"id":15110,"url":"http:\/\/ccnews.com.ar\/prensa\/125-aniversario-del-cai-la-ingenieria-construyo-y-sigue-construyendo-el-pais\/","url_meta":{"origin":6577,"position":4},"title":"125 Aniversario del CAI: &#8220;La ingenier\u00eda construy\u00f3 y sigue  construyendo el pa\u00eds&#8221;","author":"Editor","date":"2 abril, 2020","format":false,"excerpt":"El Centro Argentino de Ingenieros (CAI) cumpli\u00f3 125 a\u00f1os de vida. Su presidente, el Ing. Horacio Cristiani, convers\u00f3 con CCNews sobre la evoluci\u00f3n de esta instituci\u00f3n y el valor de la ingenier\u00eda en el desarrollo del pa\u00eds. Todo comenz\u00f3 en la segunda mitad del siglo XIX. El 8 de marzo\u2026","rel":"","context":"En \u00abCovid-19\u00bb","block_context":{"text":"Covid-19","link":"http:\/\/ccnews.com.ar\/prensa\/category\/covid-19\/"},"img":{"alt_text":"","src":"https:\/\/i0.wp.com\/ccnews.com.ar\/prensa\/wp-content\/uploads\/2020\/04\/nota.jpg?fit=816%2C426&resize=350%2C200","width":350,"height":200,"srcset":"https:\/\/i0.wp.com\/ccnews.com.ar\/prensa\/wp-content\/uploads\/2020\/04\/nota.jpg?fit=816%2C426&resize=350%2C200 1x, https:\/\/i0.wp.com\/ccnews.com.ar\/prensa\/wp-content\/uploads\/2020\/04\/nota.jpg?fit=816%2C426&resize=525%2C300 1,5x, https:\/\/i0.wp.com\/ccnews.com.ar\/prensa\/wp-content\/uploads\/2020\/04\/nota.jpg?fit=816%2C426&resize=700%2C400 2x"},"classes":[]},{"id":11851,"url":"http:\/\/ccnews.com.ar\/prensa\/los-ingenieros-de-cara-a-nuestro-futuro\/","url_meta":{"origin":6577,"position":5},"title":"Los ingenieros, de cara a nuestro futuro","author":"admin","date":"20 junio, 2019","format":false,"excerpt":"El verdadero desaf\u00edo de la Argentina es transformarse en un pa\u00eds innovador que cree m\u00e1s valor y desarrolle m\u00e1s y mejores productos y servicios, utilizando sus recursos humanos e institucionales, y genere m\u00e1s empresas como MercadoLibre, INVAP y Bioceres, para tomar tres distintas y relevantes. Hay quienes ponen esto en\u2026","rel":"","context":"En \u00abSustentabilidad\u00bb","block_context":{"text":"Sustentabilidad","link":"http:\/\/ccnews.com.ar\/prensa\/category\/sustentabilidad\/"},"img":{"alt_text":"","src":"https:\/\/i0.wp.com\/ccnews.com.ar\/prensa\/wp-content\/uploads\/2019\/06\/obra-del-paseo-del-bajo___PJH-P5gNX_1256x620__1.jpg?fit=1200%2C592&resize=350%2C200","width":350,"height":200,"srcset":"https:\/\/i0.wp.com\/ccnews.com.ar\/prensa\/wp-content\/uploads\/2019\/06\/obra-del-paseo-del-bajo___PJH-P5gNX_1256x620__1.jpg?fit=1200%2C592&resize=350%2C200 1x, https:\/\/i0.wp.com\/ccnews.com.ar\/prensa\/wp-content\/uploads\/2019\/06\/obra-del-paseo-del-bajo___PJH-P5gNX_1256x620__1.jpg?fit=1200%2C592&resize=525%2C300 1,5x, https:\/\/i0.wp.com\/ccnews.com.ar\/prensa\/wp-content\/uploads\/2019\/06\/obra-del-paseo-del-bajo___PJH-P5gNX_1256x620__1.jpg?fit=1200%2C592&resize=700%2C400 2x, https:\/\/i0.wp.com\/ccnews.com.ar\/prensa\/wp-content\/uploads\/2019\/06\/obra-del-paseo-del-bajo___PJH-P5gNX_1256x620__1.jpg?fit=1200%2C592&resize=1050%2C600 3x"},"classes":[]}],"jetpack_sharing_enabled":true,"_links":{"self":[{"href":"http:\/\/ccnews.com.ar\/prensa\/wp-json\/wp\/v2\/posts\/6577","targetHints":{"allow":["GET"]}}],"collection":[{"href":"http:\/\/ccnews.com.ar\/prensa\/wp-json\/wp\/v2\/posts"}],"about":[{"href":"http:\/\/ccnews.com.ar\/prensa\/wp-json\/wp\/v2\/types\/post"}],"author":[{"embeddable":true,"href":"http:\/\/ccnews.com.ar\/prensa\/wp-json\/wp\/v2\/users\/2"}],"replies":[{"embeddable":true,"href":"http:\/\/ccnews.com.ar\/prensa\/wp-json\/wp\/v2\/comments?post=6577"}],"version-history":[{"count":1,"href":"http:\/\/ccnews.com.ar\/prensa\/wp-json\/wp\/v2\/posts\/6577\/revisions"}],"predecessor-version":[{"id":6579,"href":"http:\/\/ccnews.com.ar\/prensa\/wp-json\/wp\/v2\/posts\/6577\/revisions\/6579"}],"wp:attachment":[{"href":"http:\/\/ccnews.com.ar\/prensa\/wp-json\/wp\/v2\/media?parent=6577"}],"wp:term":[{"taxonomy":"category","embeddable":true,"href":"http:\/\/ccnews.com.ar\/prensa\/wp-json\/wp\/v2\/categories?post=6577"},{"taxonomy":"post_tag","embeddable":true,"href":"http:\/\/ccnews.com.ar\/prensa\/wp-json\/wp\/v2\/tags?post=6577"}],"curies":[{"name":"wp","href":"https:\/\/api.w.org\/{rel}","templated":true}]}}