{"id":6593,"date":"2018-01-15T08:00:09","date_gmt":"2018-01-15T11:00:09","guid":{"rendered":"http:\/\/clusterciarnews.com.ar\/prensa\/?p=6593"},"modified":"2018-01-15T08:36:20","modified_gmt":"2018-01-15T11:36:20","slug":"la-cnv-regulo-las-plataformas-de-financiamiento-colectivo-o-crowfunding","status":"publish","type":"post","link":"http:\/\/ccnews.com.ar\/prensa\/la-cnv-regulo-las-plataformas-de-financiamiento-colectivo-o-crowfunding\/","title":{"rendered":"La CNV regul\u00f3 las plataformas de financiamiento colectivo o &#8220;crowfunding&#8221;"},"content":{"rendered":"<p>Permiten a trav\u00e9s de Internet que usuarios o empresas inviertan \u00e1gilmente en emprendimientos con el fin de lanzar un nuevo producto o servicio<\/p>\n<p>La\u00a0<strong>Comisi\u00f3n Nacional de Valores<\/strong>\u00a0(CNV)\u00a0<strong>reglament\u00f3<\/strong>\u00a0el sistema de financiamiento en su car\u00e1cter de autoridad de control y reglamentaci\u00f3n, fiscalizaci\u00f3n y aplicaci\u00f3n del\u00a0<em>Crowdfunding<\/em>\u00a0o Sistema de\u00a0<strong>Financiamiento Colectivo<\/strong>, de acuerdo con lo dispuesto en la\u00a0<a href=\"http:\/\/www.iprofesional.com\/notas\/260535-congreso-presupuesto-diputados-seguridad-social-empleado-jubilaciones-asignacion-universal-empleador-reparacion-historica-La-reforma-previsional-de-Macri-ya-es-ley-Diputados-sanciono-el-proyecto-con-10-votos-de-dif\" target=\"_blank\" rel=\"noopener\">ley<\/a>\u00a0de Capital Emprendedor 27.349.La reglamentaci\u00f3n se concret\u00f3 mediante la resoluci\u00f3n general 717 publicada este mi\u00e9rcoles en el\u00a0<strong>Bolet\u00edn Oficial<\/strong>\u00a0luego de que la CNV realizara una\u00a0<strong>consulta p\u00fablica<\/strong>\u00a0en la que recibi\u00f3 diversas opiniones y propuestas.<\/p>\n<div id=\"eplAdDivBanner_7_Inline_video\">\u00a0El mencionado sistema\u00a0<strong>conecta<\/strong>\u00a0a pluralidad de\u00a0<strong>personas<\/strong>\u00a0humanas y\/o jur\u00eddicas que act\u00faan como\u00a0<strong>inversores<\/strong>, con otras que\u00a0<strong>solicitan<\/strong><strong>financiamiento<\/strong>\u00a0en calidad de\u00a0<strong>Emprendedores<\/strong>\u00a0de un\u00a0<a href=\"http:\/\/www.iprofesional.com\/notas\/260535-congreso-presupuesto-diputados-seguridad-social-empleado-jubilaciones-asignacion-universal-empleador-reparacion-historica-La-reforma-previsional-de-Macri-ya-es-ley-Diputados-sanciono-el-proyecto-con-10-votos-de-dif\" target=\"_blank\" rel=\"noopener\">Proyecto<\/a>\u00a0de Financiamiento Colectivo individualizado.<\/div>\n<p>Esta conexi\u00f3n tiene como objetivo la\u00a0<strong>creaci\u00f3n<\/strong>\u00a0y\/o desarrollo de un\u00a0<strong>bien<\/strong>\u00a0y\/o\u00a0<strong>servicio<\/strong>\u00a0a trav\u00e9s de una Plataforma de Financiamiento Colectivo mediante la emisi\u00f3n de\u00a0<strong>acciones<\/strong>,\u00a0<strong>deuda<\/strong>\u00a0convertible y\/o\u00a0<strong>valores<\/strong>\u00a0fiduciarios.En ese contexto, el sujeto a fiscalizar por la CNV ser\u00e1 la &#8220;<strong>Plataforma<\/strong>\u00a0de Financiamiento Colectivo&#8221;, fijando los\u00a0<strong>requisitos<\/strong>\u00a0de acreditaci\u00f3n para obtener su autorizaci\u00f3n y\u00a0<strong>registro<\/strong>, as\u00ed como el\u00a0<strong>r\u00e9gimen<\/strong>\u00a0<strong>informativo<\/strong>\u00a0que deber\u00e1 cumplir.Seg\u00fan se explic\u00f3 en el comunicado, la CNV reglament\u00f3 este sistema desde una\u00a0<strong>doble<\/strong>\u00a0<strong>perspectiva<\/strong>.&#8221;Por un lado,\u00a0<strong>regular<\/strong>\u00a0las\u00a0<strong>plataformas<\/strong>\u00a0de financiamiento colectivo, como un instrumento que fomente ideas innovadoras, el esp\u00edritu emprendedor y sobre todo el desarrollo de las\u00a0<a href=\"http:\/\/www.iprofesional.com\/notas\/260907-crecimiento-industria-pymes-pyme-competitividad-actividad-La-produccion-de-las-Pymes-industriales-crecio-53-en-noviembre\" target=\"_blank\" rel=\"noopener\">Pymes<\/a>; y por el otro, velando por el\u00a0<strong>mandato<\/strong>legal que tiene de\u00a0<strong>proteger<\/strong>\u00a0al p\u00fablico\u00a0<strong>inversor<\/strong>&#8220;, remarc\u00f3 la entidad.<\/p>\n<p>&nbsp;<\/p>\n<p>Fuente: Iprofesional<\/p>\n<!-- AddThis Advanced Settings generic via filter on the_content -->","protected":false},"excerpt":{"rendered":"<p>Permiten a trav\u00e9s de Internet que usuarios o empresas inviertan \u00e1gilmente en emprendimientos con el fin de lanzar un nuevo<!-- AddThis Advanced Settings generic via filter on get_the_excerpt --><\/p>\n","protected":false},"author":2,"featured_media":6595,"comment_status":"closed","ping_status":"closed","sticky":false,"template":"","format":"standard","meta":{"colormag_page_container_layout":"default_layout","colormag_page_sidebar_layout":"default_layout","jetpack_post_was_ever_published":false,"_jetpack_newsletter_access":"","_jetpack_dont_email_post_to_subs":false,"_jetpack_newsletter_tier_id":0,"_jetpack_memberships_contains_paywalled_content":false,"_jetpack_memberships_contains_paid_content":false,"footnotes":"","jetpack_publicize_message":"","jetpack_publicize_feature_enabled":true,"jetpack_social_post_already_shared":true,"jetpack_social_options":{"image_generator_settings":{"template":"highway","default_image_id":0,"font":"","enabled":false},"version":2}},"categories":[7],"tags":[17],"class_list":["post-6593","post","type-post","status-publish","format-standard","has-post-thumbnail","hentry","category-management","tag-otros-medios"],"jetpack_publicize_connections":[],"jetpack_featured_media_url":"https:\/\/i0.wp.com\/ccnews.com.ar\/prensa\/wp-content\/uploads\/2018\/01\/451219.jpg?fit=630%2C460","jetpack_shortlink":"https:\/\/wp.me\/p7L1gj-1Il","jetpack-related-posts":[{"id":4425,"url":"http:\/\/ccnews.com.ar\/prensa\/clik-los-auriculares-que-traducen-hasta-37-idiomas-en-tiempo-real\/","url_meta":{"origin":6593,"position":0},"title":"Clik, los auriculares que traducen hasta 37 idiomas en tiempo real","author":"CLUSTERciar","date":"20 junio, 2017","format":false,"excerpt":"Se trata de un desarrollo de una empresa brit\u00e1nica. Son dispositivos inal\u00e1mbricos y t\u00e1ctiles. Adem\u00e1s, si se usan en sincron\u00eda con el smartphone, se pueden recibir llamados, notificaciones y escuchar m\u00fasica Peque\u00f1os, anat\u00f3micos y con la posibilidad de traducir hasta 37 idiomas en tiempo real. As\u00ed es Clik, el auricular\u2026","rel":"","context":"En \u00abTransformaci\u00f3n digital\u00bb","block_context":{"text":"Transformaci\u00f3n digital","link":"http:\/\/ccnews.com.ar\/prensa\/category\/transformacion-digital\/"},"img":{"alt_text":"","src":"https:\/\/i0.wp.com\/ccnews.com.ar\/prensa\/wp-content\/uploads\/2017\/06\/clik-auriculares-traductores-tiempo-real-770-768x432.jpg?fit=768%2C432&resize=350%2C200","width":350,"height":200,"srcset":"https:\/\/i0.wp.com\/ccnews.com.ar\/prensa\/wp-content\/uploads\/2017\/06\/clik-auriculares-traductores-tiempo-real-770-768x432.jpg?fit=768%2C432&resize=350%2C200 1x, https:\/\/i0.wp.com\/ccnews.com.ar\/prensa\/wp-content\/uploads\/2017\/06\/clik-auriculares-traductores-tiempo-real-770-768x432.jpg?fit=768%2C432&resize=525%2C300 1,5x, https:\/\/i0.wp.com\/ccnews.com.ar\/prensa\/wp-content\/uploads\/2017\/06\/clik-auriculares-traductores-tiempo-real-770-768x432.jpg?fit=768%2C432&resize=700%2C400 2x"},"classes":[]},{"id":4709,"url":"http:\/\/ccnews.com.ar\/prensa\/el-estado-de-la-industria-de-energias-renovables-en-argentina\/","url_meta":{"origin":6593,"position":1},"title":"El estado de la industria de energ\u00edas renovables en Argentina","author":"CLUSTERciar","date":"23 julio, 2017","format":false,"excerpt":"El mercado est\u00e1 en marcha y seguir\u00e1 creciendo en forma sostenida en los pr\u00f3ximos a\u00f1os. Un an\u00e1lisis y retrospectiva de un mercado que revirti\u00f3 su situaci\u00f3n\u00a0y \u00a0perspectivas desde la aprobaci\u00f3n de la Ley 27.191 y su posterior reglamentaci\u00f3n y el lanzamiento del\u00a0Programa\u00a0RenovAr. Por Mauro G.\u00a0Soares\u00a0* En el \u00e1mbito de la\u2026","rel":"","context":"En \u00abEnerg\u00eda y Producci\u00f3n\u00bb","block_context":{"text":"Energ\u00eda y Producci\u00f3n","link":"http:\/\/ccnews.com.ar\/prensa\/category\/energia-y-produccion\/"},"img":{"alt_text":"","src":"https:\/\/i0.wp.com\/ccnews.com.ar\/prensa\/wp-content\/uploads\/2017\/07\/noticia-9.jpg?fit=600%2C400&resize=350%2C200","width":350,"height":200,"srcset":"https:\/\/i0.wp.com\/ccnews.com.ar\/prensa\/wp-content\/uploads\/2017\/07\/noticia-9.jpg?fit=600%2C400&resize=350%2C200 1x, https:\/\/i0.wp.com\/ccnews.com.ar\/prensa\/wp-content\/uploads\/2017\/07\/noticia-9.jpg?fit=600%2C400&resize=525%2C300 1,5x"},"classes":[]},{"id":473,"url":"http:\/\/ccnews.com.ar\/prensa\/energias-verdes-el-viento-se-puso-de-moda-y-el-negocio-de-los-recursos-renovables-atrae-cada-vez-a-mas-inversores\/","url_meta":{"origin":6593,"position":2},"title":"Energ\u00edas verdes: el viento se puso de moda y el negocio de los recursos renovables atrae cada vez a m\u00e1s inversores","author":"CLUSTERciar","date":"18 abril, 2016","format":false,"excerpt":"Con el impulso de una nueva legislaci\u00f3n que obliga a los grandes usuarios a cubrir parte de la demanda con fuentes alternativas, se espera que lleguen a la Argentina proyectos por m\u00e1s de US$ 5000 millones Doris Capurro pidi\u00f3 dos veces t\u00e9 de frutos rojos el 10 de marzo en\u2026","rel":"","context":"En \u00abEnerg\u00eda y Producci\u00f3n\u00bb","block_context":{"text":"Energ\u00eda y Producci\u00f3n","link":"http:\/\/ccnews.com.ar\/prensa\/category\/energia-y-produccion\/"},"img":{"alt_text":"","src":"","width":0,"height":0},"classes":[]},{"id":3477,"url":"http:\/\/ccnews.com.ar\/prensa\/empresarios-analizaron-futuras-inversiones-en-energias-renovables\/","url_meta":{"origin":6593,"position":3},"title":"Empresarios analizaron futuras inversiones en energ\u00edas renovables","author":"CLUSTERciar","date":"21 marzo, 2017","format":false,"excerpt":"Se realiz\u00f3 la semana pasada un desayuno con 80 l\u00edderes empresariales donde se analiz\u00f3 el sector de energ\u00edas renovables en el pa\u00eds. Organizado por la compa\u00f1\u00eda Luft Energ\u00eda y la consultora IHS Markit, el encuentro Desaf\u00edo Renovable en Argentina tuvo como ejes principales las potencialidades del sector en el pa\u00eds\u2026","rel":"","context":"En \u00abSustentabilidad\u00bb","block_context":{"text":"Sustentabilidad","link":"http:\/\/ccnews.com.ar\/prensa\/category\/sustentabilidad\/"},"img":{"alt_text":"","src":"https:\/\/i0.wp.com\/ccnews.com.ar\/prensa\/wp-content\/uploads\/2017\/03\/Energias-renovables-768x614.jpg?fit=768%2C614&resize=350%2C200","width":350,"height":200,"srcset":"https:\/\/i0.wp.com\/ccnews.com.ar\/prensa\/wp-content\/uploads\/2017\/03\/Energias-renovables-768x614.jpg?fit=768%2C614&resize=350%2C200 1x, https:\/\/i0.wp.com\/ccnews.com.ar\/prensa\/wp-content\/uploads\/2017\/03\/Energias-renovables-768x614.jpg?fit=768%2C614&resize=525%2C300 1,5x, https:\/\/i0.wp.com\/ccnews.com.ar\/prensa\/wp-content\/uploads\/2017\/03\/Energias-renovables-768x614.jpg?fit=768%2C614&resize=700%2C400 2x"},"classes":[]},{"id":7283,"url":"http:\/\/ccnews.com.ar\/prensa\/renuncio-kokogian-al-directorio-de-ypf\/","url_meta":{"origin":6593,"position":4},"title":"Renunci\u00f3 kokogian al directorio de YPF","author":"admin","date":"25 marzo, 2018","format":false,"excerpt":"Uno de los directores de YPF con mayor formaci\u00f3n en el \u00e1rea de Upstream, comunic\u00f3 su salida de la empresa. Daniel Kokogian, uno de los directores de YPF propuesto en su momento por el ministro de Energ\u00eda, Juan Jos\u00e9 Aranguren, renunci\u00f3 el jueves 22 de marzo a su cargo en\u2026","rel":"","context":"En \u00abEnerg\u00eda y Producci\u00f3n\u00bb","block_context":{"text":"Energ\u00eda y Producci\u00f3n","link":"http:\/\/ccnews.com.ar\/prensa\/category\/energia-y-produccion\/"},"img":{"alt_text":"","src":"https:\/\/i0.wp.com\/ccnews.com.ar\/prensa\/wp-content\/uploads\/2018\/03\/YPF-bandera.jpg?fit=1200%2C670&resize=350%2C200","width":350,"height":200,"srcset":"https:\/\/i0.wp.com\/ccnews.com.ar\/prensa\/wp-content\/uploads\/2018\/03\/YPF-bandera.jpg?fit=1200%2C670&resize=350%2C200 1x, https:\/\/i0.wp.com\/ccnews.com.ar\/prensa\/wp-content\/uploads\/2018\/03\/YPF-bandera.jpg?fit=1200%2C670&resize=525%2C300 1,5x, https:\/\/i0.wp.com\/ccnews.com.ar\/prensa\/wp-content\/uploads\/2018\/03\/YPF-bandera.jpg?fit=1200%2C670&resize=700%2C400 2x, https:\/\/i0.wp.com\/ccnews.com.ar\/prensa\/wp-content\/uploads\/2018\/03\/YPF-bandera.jpg?fit=1200%2C670&resize=1050%2C600 3x"},"classes":[]},{"id":12957,"url":"http:\/\/ccnews.com.ar\/prensa\/aprobaron-prestamos-por-us-450-millones-para-el-desarrollo-de-vaca-muerta\/","url_meta":{"origin":6593,"position":5},"title":"Aprobaron pr\u00e9stamos por US$ 450 millones para el desarrollo de Vaca Muerta","author":"admin","date":"13 septiembre, 2019","format":false,"excerpt":"La agencia aut\u00f3noma de financiamiento del gobierno de EEUU, Overseas Private Investment Corporation, aprob\u00f3 el pr\u00e9stamo para que la empresa Vista Oil Gas destine al desarrollo del shale oil en el bloque Bajada del Palo que posee en Vaca Muerta. Overseas Private Investment Corporation (OPIC), agencia aut\u00f3noma de financiamiento del\u2026","rel":"","context":"En \u00abEnerg\u00eda y Producci\u00f3n\u00bb","block_context":{"text":"Energ\u00eda y Producci\u00f3n","link":"http:\/\/ccnews.com.ar\/prensa\/category\/energia-y-produccion\/"},"img":{"alt_text":"","src":"https:\/\/i0.wp.com\/ccnews.com.ar\/prensa\/wp-content\/uploads\/2019\/09\/multimedia.normal.86b8d49c86e9bca2.76616361206d75657274615f6e6f726d616c2e6a7067-900x570.jpg?fit=900%2C570&resize=350%2C200","width":350,"height":200,"srcset":"https:\/\/i0.wp.com\/ccnews.com.ar\/prensa\/wp-content\/uploads\/2019\/09\/multimedia.normal.86b8d49c86e9bca2.76616361206d75657274615f6e6f726d616c2e6a7067-900x570.jpg?fit=900%2C570&resize=350%2C200 1x, https:\/\/i0.wp.com\/ccnews.com.ar\/prensa\/wp-content\/uploads\/2019\/09\/multimedia.normal.86b8d49c86e9bca2.76616361206d75657274615f6e6f726d616c2e6a7067-900x570.jpg?fit=900%2C570&resize=525%2C300 1,5x, https:\/\/i0.wp.com\/ccnews.com.ar\/prensa\/wp-content\/uploads\/2019\/09\/multimedia.normal.86b8d49c86e9bca2.76616361206d75657274615f6e6f726d616c2e6a7067-900x570.jpg?fit=900%2C570&resize=700%2C400 2x"},"classes":[]}],"jetpack_sharing_enabled":true,"_links":{"self":[{"href":"http:\/\/ccnews.com.ar\/prensa\/wp-json\/wp\/v2\/posts\/6593","targetHints":{"allow":["GET"]}}],"collection":[{"href":"http:\/\/ccnews.com.ar\/prensa\/wp-json\/wp\/v2\/posts"}],"about":[{"href":"http:\/\/ccnews.com.ar\/prensa\/wp-json\/wp\/v2\/types\/post"}],"author":[{"embeddable":true,"href":"http:\/\/ccnews.com.ar\/prensa\/wp-json\/wp\/v2\/users\/2"}],"replies":[{"embeddable":true,"href":"http:\/\/ccnews.com.ar\/prensa\/wp-json\/wp\/v2\/comments?post=6593"}],"version-history":[{"count":1,"href":"http:\/\/ccnews.com.ar\/prensa\/wp-json\/wp\/v2\/posts\/6593\/revisions"}],"predecessor-version":[{"id":6597,"href":"http:\/\/ccnews.com.ar\/prensa\/wp-json\/wp\/v2\/posts\/6593\/revisions\/6597"}],"wp:featuredmedia":[{"embeddable":true,"href":"http:\/\/ccnews.com.ar\/prensa\/wp-json\/wp\/v2\/media\/6595"}],"wp:attachment":[{"href":"http:\/\/ccnews.com.ar\/prensa\/wp-json\/wp\/v2\/media?parent=6593"}],"wp:term":[{"taxonomy":"category","embeddable":true,"href":"http:\/\/ccnews.com.ar\/prensa\/wp-json\/wp\/v2\/categories?post=6593"},{"taxonomy":"post_tag","embeddable":true,"href":"http:\/\/ccnews.com.ar\/prensa\/wp-json\/wp\/v2\/tags?post=6593"}],"curies":[{"name":"wp","href":"https:\/\/api.w.org\/{rel}","templated":true}]}}