{"id":6717,"date":"2018-02-09T08:00:29","date_gmt":"2018-02-09T11:00:29","guid":{"rendered":"http:\/\/clusterciarnews.com.ar\/prensa\/?p=6717"},"modified":"2018-01-24T16:30:42","modified_gmt":"2018-01-24T19:30:42","slug":"las-10-frases-de-los-lideres-mas-importantes-del-mundo-en-la-primera-jornada-de-davos","status":"publish","type":"post","link":"http:\/\/ccnews.com.ar\/prensa\/las-10-frases-de-los-lideres-mas-importantes-del-mundo-en-la-primera-jornada-de-davos\/","title":{"rendered":"Las 10 frases de los l\u00edderes m\u00e1s importantes del mundo en la primera jornada de Davos"},"content":{"rendered":"<p><strong>Referentes econ\u00f3micos y pol\u00edticos, as\u00ed como algunos de los CEO m\u00e1s reconocidos, dieron a conocer su opini\u00f3n sobre temas de g\u00e9nero, ciencia y pobreza<\/strong><\/p>\n<p>os l\u00edderes pol\u00edticos y empresarios reunidos en el foro de Davos, dejaron en la primera jornada del Foro Econ\u00f3mico Mundial importantes definiciones sobre temas de g\u00e9nero,\u00a0<a href=\"http:\/\/www.iprofesional.com\/notas\/262079-despido-comercio-supermercado-despedidos-desvinculacion-Se-perdieron-mas-de-2300-empleos-en-los-supermercados-por-la-caida-de-las-ventas\" target=\"_blank\" rel=\"noopener\">empleo<\/a>\u00a0y pobreza, entre otros que actualmente ocupan la agenda global.<\/p>\n<p>Fue el caso de la directora general del Centro Europeo de F\u00edsica de Part\u00edculas (CERN), Fabiola Gianotti, quien se\u00f1al\u00f3 en su ponencia que quiere promover el &#8220;<strong>rol\u00a0<\/strong>que puede jugar la\u00a0<strong>ciencia\u00a0<\/strong>a la hora de afrontar los\u00a0<strong>retos sociales<\/strong>&#8220;, por que une a la gente y el conocimiento cient\u00edfico &#8220;impulsa el progreso&#8221;.<\/p>\n<p><a class=\"fancybox\" title=\"\" href=\"https:\/\/i0.wp.com\/www.iprofesional.com\/adjuntos\/jpg\/2013\/10\/387606.jpg\" data-fancybox-group=\"gallery\"><img data-recalc-dims=\"1\" decoding=\"async\" src=\"https:\/\/i0.wp.com\/www.iprofesional.com\/adjuntos\/jpg\/2013\/10\/387606.jpg?w=800\" alt=\"\" \/><\/a><\/p>\n<div id=\"eplAdDivBanner_7_Inline_video\">\u00a0En la misma l\u00ednea,\u00a0<strong>Ginni Rometty<\/strong>,\u00a0<a href=\"http:\/\/www.iprofesional.com\/notas\/261077-apple-estados-unidos-salario-sueldo-ceo-aumento-cook-valores-otros-Cuanto-gana-el-CEO-de-Apple-uno-de-los-mejor-pagos-del-mundo\" target=\"_blank\" rel=\"noopener\">CEO<\/a>\u00a0de IBM, afirm\u00f3 que las\u00a0<strong>empresas pueden hacer m\u00e1s\u00a0<\/strong>que los gobiernos, ya que no conocen fronteras.<\/div>\n<p><a class=\"fancybox\" title=\"\" href=\"https:\/\/i0.wp.com\/www.iprofesional.com\/adjuntos\/jpg\/2018\/01\/453290.jpg\" data-fancybox-group=\"gallery\"><img data-recalc-dims=\"1\" decoding=\"async\" src=\"https:\/\/i0.wp.com\/www.iprofesional.com\/adjuntos\/jpg\/2018\/01\/453290.jpg?w=800\" alt=\"\" \/><\/a><\/p>\n<p>Su par de eBay, Devin Wenig, tambi\u00e9n se\u00f1al\u00f3 que la sociedad debe centrarse en\u00a0<strong>proveer habilidades tecnol\u00f3gicas<\/strong>\u00a0a la poblaci\u00f3n. Si no, afirma, perderemos la<strong>\u00a0oportunidad de reducir la pobreza.<\/strong><\/p>\n<p>&#8220;La comunidad global necesita financiaci\u00f3n, herramientas,\u00a0<strong>saber escuchar y datos<\/strong><\/p>\n<p><a class=\"fancybox\" title=\"\" href=\"https:\/\/i0.wp.com\/www.iprofesional.com\/adjuntos\/jpg\/2018\/01\/453289.jpg\" data-fancybox-group=\"gallery\"><img data-recalc-dims=\"1\" decoding=\"async\" src=\"https:\/\/i0.wp.com\/www.iprofesional.com\/adjuntos\/jpg\/2018\/01\/453289.jpg?w=800\" alt=\"\" \/><\/a><\/p>\n<p>E\u00a0<strong>Isabelle Kocher<\/strong>,\u00a0<a href=\"http:\/\/www.iprofesional.com\/notas\/261077-apple-estados-unidos-salario-sueldo-ceo-aumento-cook-valores-otros-Cuanto-gana-el-CEO-de-Apple-uno-de-los-mejor-pagos-del-mundo\" target=\"_blank\" rel=\"noopener\">CEO<\/a>\u00a0de Engie, se\u00f1al\u00f3 que su &#8220;objetivo es contribuir a\u00a0<strong>acelerar el ritmo de cambio\u00a0<\/strong>hacia el<strong>\u00a0progreso armonioso<\/strong>. Siento un fuerte deseo de<strong>\u00a0reconciliar<\/strong>\u00a0el desarrollo econ\u00f3mico y el bien com\u00fan. Nos negamos a elegir entre los dos.&#8221;<\/p>\n<p>Tambi\u00e9n la consejera delegada de ENGIE, Isabelle Kocher, llam\u00f3 la atenci\u00f3n sobre la<strong>\u00a0fuerte impaciencia<\/strong>\u00a0existente sobre el actual modelo de sociedad, que &#8220;es insostenible,<strong>\u00a0no incluyente\u00a0<\/strong>e incluso\u00a0<strong>no inspirador<\/strong>&#8220;.<\/p>\n<div id=\"lx_612478\" class=\"__lxG__multi __lxG__multi_lx_612478\" data-cnt=\"1\">\n<div data-lxpresource=\"1\">Y el primer ministro de Canad\u00e1,\u00a0<strong>Justin Trudeau<\/strong>, pidi\u00f3 un\u00a0<strong>debate cr\u00edtico<\/strong>sobre el\u00a0<strong>g\u00e9nero<\/strong>, porque el acoso sexual es un<strong>\u00a0&#8220;problema sist\u00e9mico&#8221; e &#8220;inaceptable&#8221;<\/strong>, a la vez que inst\u00f3 a los l\u00edderes y a las empresas a promover el\u00a0<a href=\"http:\/\/www.iprofesional.com\/notas\/262079-despido-comercio-supermercado-despedidos-desvinculacion-Se-perdieron-mas-de-2300-empleos-en-los-supermercados-por-la-caida-de-las-ventas\" target=\"_blank\" rel=\"noopener\">empleo<\/a>\u00a0femenino y la equidad salarial.<\/div>\n<\/div>\n<p><a class=\"fancybox\" title=\"\" href=\"https:\/\/i0.wp.com\/www.iprofesional.com\/adjuntos\/jpg\/2018\/01\/453287.jpg\" data-fancybox-group=\"gallery\"><img data-recalc-dims=\"1\" decoding=\"async\" src=\"https:\/\/i0.wp.com\/www.iprofesional.com\/adjuntos\/jpg\/2018\/01\/453287.jpg?w=800\" alt=\"\" \/><\/a><\/p>\n<p>Tambi\u00e9n estuvo presente el consejero delegado de Uber, Dara Khosrowshahi, quien asegur\u00f3 que sobre los conductores de los veh\u00edculos que trabajan en la compa\u00f1\u00eda, &#8220;hay que\u00a0<strong>saber lo que representa la puntuaci\u00f3n<\/strong>, que eval\u00faa como conduce pero no si se trata de un asesino en serie&#8221;. Se refiri\u00f3 as\u00ed a una matanza cometida en 2016 en Estados Unidos por uno de los conductores que contrata la compa\u00f1\u00eda, record\u00f3 el portal Gesti\u00f3n.<\/p>\n<p><a class=\"fancybox\" title=\"\" href=\"https:\/\/i0.wp.com\/www.iprofesional.com\/adjuntos\/jpg\/2018\/01\/453291.jpg\" data-fancybox-group=\"gallery\"><img data-recalc-dims=\"1\" decoding=\"async\" src=\"https:\/\/i0.wp.com\/www.iprofesional.com\/adjuntos\/jpg\/2018\/01\/453291.jpg?w=800\" alt=\"\" \/><\/a><\/p>\n<p>En Davos no faltaron referencias a la pol\u00edtica norteamericana.\u00a0&#8220;Qui\u00e9n sabe lo que dir\u00e1. Podr\u00eda ser totalmente encantador o podr\u00eda ser muy agresivo y\u00a0<strong>creo que ser\u00e1 agresivo porque para eso viene<\/strong>&#8220;, dijo Richard Edelman, presidente de la agencia de PR Edelman, hablando sobre la visita de Donald Trump al Foro.<\/p>\n<div id=\"eplAdDivBanner_12_Inline_video\">&#8220;La experiencia me ha ense\u00f1ado que\u00a0<strong>nunca hay que apostar contra la econom\u00eda de Estados Unidos<\/strong>, no es una estrategia ganadora&#8221;, dijo por su parte Tidjane Thiam, presidente de Credit Suisse.<\/div>\n<p>La pol\u00edtica internacional, en particular el caso de los refugiados, fue otro tema recurrente. Kaan Terzio\u011flu,\u00a0<a href=\"http:\/\/www.iprofesional.com\/notas\/261077-apple-estados-unidos-salario-sueldo-ceo-aumento-cook-valores-otros-Cuanto-gana-el-CEO-de-Apple-uno-de-los-mejor-pagos-del-mundo\" target=\"_blank\" rel=\"noopener\">CEO<\/a>\u00a0de Turkcell, explic\u00f3 c\u00f3mo proporciona aplicaciones y servicios de traducci\u00f3n de voz para\u00a0<strong>ayudar a los refugiados<\/strong>\u00a0a encontrar\u00a0<strong>puestos de trabajo.<\/strong><\/p>\n<p>Y tambi\u00e9n la actriz,\u00a0<strong>Cate Blanchett<\/strong>, quien asisti\u00f3 al Foro en car\u00e1cter de Embajadora de Buena Voluntad del ACNUR, mencion\u00f3 esta tem\u00e1tica. Asegur\u00f3 que su trabajo es simple: ayudar a conectar con las historias humanas de las personas obligadas a huir, y declarar la necesidad de apoyar a los refugiados.<\/p>\n<p>S\u00e1nchez Gal\u00e1n,\u00a0CEO\u00a0de Iberdrola, consider\u00f3 que el\u00a0<strong>Acuerdo de Par\u00eds\u00a0<\/strong>es\u00a0un\u00a0<strong>hito hist\u00f3rico<\/strong>\u00a0que requiere cambios en la producci\u00f3n y en los patrones de consumo. Necesitamos m\u00e1s generaci\u00f3n renovable, capacidad de almacenamiento, redes inteligentes y veh\u00edculos el\u00e9ctricos.<\/p>\n<p>Fuente: Otros medios<\/p>\n<!-- AddThis Advanced Settings generic via filter on the_content -->","protected":false},"excerpt":{"rendered":"<p>Referentes econ\u00f3micos y pol\u00edticos, as\u00ed como algunos de los CEO m\u00e1s reconocidos, dieron a conocer su opini\u00f3n sobre temas de<!-- AddThis Advanced Settings generic via filter on get_the_excerpt --><\/p>\n","protected":false},"author":2,"featured_media":6721,"comment_status":"closed","ping_status":"closed","sticky":false,"template":"","format":"standard","meta":{"colormag_page_container_layout":"default_layout","colormag_page_sidebar_layout":"default_layout","jetpack_post_was_ever_published":false,"_jetpack_newsletter_access":"","_jetpack_dont_email_post_to_subs":false,"_jetpack_newsletter_tier_id":0,"_jetpack_memberships_contains_paywalled_content":false,"_jetpack_memberships_contains_paid_content":false,"footnotes":"","jetpack_publicize_message":"","jetpack_publicize_feature_enabled":true,"jetpack_social_post_already_shared":true,"jetpack_social_options":{"image_generator_settings":{"template":"highway","default_image_id":0,"font":"","enabled":false},"version":2}},"categories":[7],"tags":[17],"class_list":["post-6717","post","type-post","status-publish","format-standard","has-post-thumbnail","hentry","category-management","tag-otros-medios"],"jetpack_publicize_connections":[],"jetpack_featured_media_url":"https:\/\/i0.wp.com\/ccnews.com.ar\/prensa\/wp-content\/uploads\/2018\/02\/453286.jpg?fit=1366%2C997","jetpack_shortlink":"https:\/\/wp.me\/p7L1gj-1Kl","jetpack-related-posts":[{"id":8871,"url":"http:\/\/ccnews.com.ar\/prensa\/jornada-sobre-innovacion\/","url_meta":{"origin":6717,"position":0},"title":"Jornada sobre innovaci\u00f3n","author":"CLUSTERciar","date":"18 septiembre, 2018","format":false,"excerpt":"Con importantes oradores, se realiz\u00f3 un evento acerca de transformaci\u00f3n, Tics, Industria 4.0, Internet de las Cosas e Inteligencia Artificial. La tecnolog\u00eda tuvo su d\u00eda en la casa de los ingenieros: el CAI fue sede de una jornada sobre innovaci\u00f3n, transformaci\u00f3n y disrupci\u00f3n, con t\u00f3picos varios, como TICs (Tecnolog\u00edas de\u2026","rel":"","context":"En \u00abSustentabilidad\u00bb","block_context":{"text":"Sustentabilidad","link":"http:\/\/ccnews.com.ar\/prensa\/category\/sustentabilidad\/"},"img":{"alt_text":"","src":"https:\/\/i0.wp.com\/ccnews.com.ar\/prensa\/wp-content\/uploads\/2018\/09\/1.jpg?fit=1024%2C683&resize=350%2C200","width":350,"height":200,"srcset":"https:\/\/i0.wp.com\/ccnews.com.ar\/prensa\/wp-content\/uploads\/2018\/09\/1.jpg?fit=1024%2C683&resize=350%2C200 1x, https:\/\/i0.wp.com\/ccnews.com.ar\/prensa\/wp-content\/uploads\/2018\/09\/1.jpg?fit=1024%2C683&resize=525%2C300 1,5x, https:\/\/i0.wp.com\/ccnews.com.ar\/prensa\/wp-content\/uploads\/2018\/09\/1.jpg?fit=1024%2C683&resize=700%2C400 2x"},"classes":[]},{"id":3477,"url":"http:\/\/ccnews.com.ar\/prensa\/empresarios-analizaron-futuras-inversiones-en-energias-renovables\/","url_meta":{"origin":6717,"position":1},"title":"Empresarios analizaron futuras inversiones en energ\u00edas renovables","author":"CLUSTERciar","date":"21 marzo, 2017","format":false,"excerpt":"Se realiz\u00f3 la semana pasada un desayuno con 80 l\u00edderes empresariales donde se analiz\u00f3 el sector de energ\u00edas renovables en el pa\u00eds. Organizado por la compa\u00f1\u00eda Luft Energ\u00eda y la consultora IHS Markit, el encuentro Desaf\u00edo Renovable en Argentina tuvo como ejes principales las potencialidades del sector en el pa\u00eds\u2026","rel":"","context":"En \u00abSustentabilidad\u00bb","block_context":{"text":"Sustentabilidad","link":"http:\/\/ccnews.com.ar\/prensa\/category\/sustentabilidad\/"},"img":{"alt_text":"","src":"https:\/\/i0.wp.com\/ccnews.com.ar\/prensa\/wp-content\/uploads\/2017\/03\/Energias-renovables-768x614.jpg?fit=768%2C614&resize=350%2C200","width":350,"height":200,"srcset":"https:\/\/i0.wp.com\/ccnews.com.ar\/prensa\/wp-content\/uploads\/2017\/03\/Energias-renovables-768x614.jpg?fit=768%2C614&resize=350%2C200 1x, https:\/\/i0.wp.com\/ccnews.com.ar\/prensa\/wp-content\/uploads\/2017\/03\/Energias-renovables-768x614.jpg?fit=768%2C614&resize=525%2C300 1,5x, https:\/\/i0.wp.com\/ccnews.com.ar\/prensa\/wp-content\/uploads\/2017\/03\/Energias-renovables-768x614.jpg?fit=768%2C614&resize=700%2C400 2x"},"classes":[]},{"id":7127,"url":"http:\/\/ccnews.com.ar\/prensa\/la-pobreza-energetica-europea-ya-tiene-un-observatorio\/","url_meta":{"origin":6717,"position":2},"title":"La Pobreza Energ\u00e9tica europea ya tiene un observatorio","author":"admin","date":"2 marzo, 2018","format":false,"excerpt":"La\u00a0Pobreza Energ\u00e9tica europea\u00a0afecta a m\u00e1s de 50 millones de hogares en Europa. Por eso fue creado recientemente el observatorio europeo de la pobreza energ\u00e9tica.\u00a0El nuevo organismo tiene como siglas. (EU Energy Poverty Observatory - EPOV). Y es una instituci\u00f3n destinada a fomentar el conocimiento y la repercusi\u00f3n de la pobreza\u2026","rel":"","context":"En \u00abSustentabilidad\u00bb","block_context":{"text":"Sustentabilidad","link":"http:\/\/ccnews.com.ar\/prensa\/category\/sustentabilidad\/"},"img":{"alt_text":"","src":"https:\/\/i0.wp.com\/ccnews.com.ar\/prensa\/wp-content\/uploads\/2018\/03\/sectorenergetico_PRINCIPAL-850x491.jpg?fit=850%2C491&resize=350%2C200","width":350,"height":200,"srcset":"https:\/\/i0.wp.com\/ccnews.com.ar\/prensa\/wp-content\/uploads\/2018\/03\/sectorenergetico_PRINCIPAL-850x491.jpg?fit=850%2C491&resize=350%2C200 1x, https:\/\/i0.wp.com\/ccnews.com.ar\/prensa\/wp-content\/uploads\/2018\/03\/sectorenergetico_PRINCIPAL-850x491.jpg?fit=850%2C491&resize=525%2C300 1,5x, https:\/\/i0.wp.com\/ccnews.com.ar\/prensa\/wp-content\/uploads\/2018\/03\/sectorenergetico_PRINCIPAL-850x491.jpg?fit=850%2C491&resize=700%2C400 2x"},"classes":[]},{"id":9355,"url":"http:\/\/ccnews.com.ar\/prensa\/cuales-son-las-carreras-que-tienen-mas-futuro\/","url_meta":{"origin":6717,"position":3},"title":"Cu\u00e1les son las carreras que tienen m\u00e1s futuro","author":"admin","date":"18 noviembre, 2018","format":false,"excerpt":"El Foro Econ\u00f3mico Mundial y la Organizaci\u00f3n Internacional del Trabajo las ubican dentro de las llamadas STEM: Ciencia, Tecnolog\u00eda, Ingenier\u00eda y Matem\u00e1ticas. Elegirlas puede otorgar un plus sobre el resto en la demanda laboral de las empresas. El mercado laboral se regula de acuerdo a la oferta y demanda de\u2026","rel":"","context":"En \u00abEducaci\u00f3n\/Sociedad\u00bb","block_context":{"text":"Educaci\u00f3n\/Sociedad","link":"http:\/\/ccnews.com.ar\/prensa\/category\/educacion-sociedad\/"},"img":{"alt_text":"","src":"https:\/\/i0.wp.com\/ccnews.com.ar\/prensa\/wp-content\/uploads\/2018\/11\/image_content_10285446_20181111213730.jpg?fit=660%2C370&resize=350%2C200","width":350,"height":200,"srcset":"https:\/\/i0.wp.com\/ccnews.com.ar\/prensa\/wp-content\/uploads\/2018\/11\/image_content_10285446_20181111213730.jpg?fit=660%2C370&resize=350%2C200 1x, https:\/\/i0.wp.com\/ccnews.com.ar\/prensa\/wp-content\/uploads\/2018\/11\/image_content_10285446_20181111213730.jpg?fit=660%2C370&resize=525%2C300 1,5x"},"classes":[]},{"id":9117,"url":"http:\/\/ccnews.com.ar\/prensa\/superceo-el-encuentro-anual-pyme-con-foco-en-la-innovacion\/","url_meta":{"origin":6717,"position":4},"title":"Superceo: el encuentro anual pyme con foco en la innovaci\u00f3n","author":"CLUSTERciar","date":"22 octubre, 2018","format":false,"excerpt":"El 29 de agosto \u00faltimo, cientos de emprendedores participaron de una nueva edici\u00f3n de SuperCEO, el foro empresario de innovaci\u00f3n en el que titulares y representantes de Pyme comparten las mejores pr\u00e1cticas de gesti\u00f3n para su compa\u00f1\u00eda. El encuentro se desarroll\u00f3 en La Rural, y tuvo entre sus expositores al\u2026","rel":"","context":"En \u00abManagement\u00bb","block_context":{"text":"Management","link":"http:\/\/ccnews.com.ar\/prensa\/category\/management\/"},"img":{"alt_text":"","src":"https:\/\/i0.wp.com\/ccnews.com.ar\/prensa\/wp-content\/uploads\/2018\/10\/ccn-12.jpg?fit=875%2C471&resize=350%2C200","width":350,"height":200,"srcset":"https:\/\/i0.wp.com\/ccnews.com.ar\/prensa\/wp-content\/uploads\/2018\/10\/ccn-12.jpg?fit=875%2C471&resize=350%2C200 1x, https:\/\/i0.wp.com\/ccnews.com.ar\/prensa\/wp-content\/uploads\/2018\/10\/ccn-12.jpg?fit=875%2C471&resize=525%2C300 1,5x, https:\/\/i0.wp.com\/ccnews.com.ar\/prensa\/wp-content\/uploads\/2018\/10\/ccn-12.jpg?fit=875%2C471&resize=700%2C400 2x"},"classes":[]},{"id":6357,"url":"http:\/\/ccnews.com.ar\/prensa\/jornada-sobre-vaca-muerta\/","url_meta":{"origin":6717,"position":5},"title":"Jornada sobre Vaca Muerta","author":"CLUSTERciar","date":"13 diciembre, 2017","format":false,"excerpt":"Disertaron el Ing. Pablo Videla\u00a0de Techint y el Lic. Jorge Dimopulos de Tecpetrol. El colmado sal\u00f3n Costantini del Centro Argentino de Ingenieros es la imagen que expone el inter\u00e9s suscitado por la jornada sobre Desaf\u00edos y potencial de Vaca Muerta: m\u00e1s de 150 personas asistieron al encuentro para presenciar las\u2026","rel":"","context":"En \u00abSustentabilidad\u00bb","block_context":{"text":"Sustentabilidad","link":"http:\/\/ccnews.com.ar\/prensa\/category\/sustentabilidad\/"},"img":{"alt_text":"","src":"https:\/\/i0.wp.com\/ccnews.com.ar\/prensa\/wp-content\/uploads\/2017\/12\/201212_Vaca-7.jpg?fit=600%2C399&resize=350%2C200","width":350,"height":200,"srcset":"https:\/\/i0.wp.com\/ccnews.com.ar\/prensa\/wp-content\/uploads\/2017\/12\/201212_Vaca-7.jpg?fit=600%2C399&resize=350%2C200 1x, https:\/\/i0.wp.com\/ccnews.com.ar\/prensa\/wp-content\/uploads\/2017\/12\/201212_Vaca-7.jpg?fit=600%2C399&resize=525%2C300 1,5x"},"classes":[]}],"jetpack_sharing_enabled":true,"_links":{"self":[{"href":"http:\/\/ccnews.com.ar\/prensa\/wp-json\/wp\/v2\/posts\/6717","targetHints":{"allow":["GET"]}}],"collection":[{"href":"http:\/\/ccnews.com.ar\/prensa\/wp-json\/wp\/v2\/posts"}],"about":[{"href":"http:\/\/ccnews.com.ar\/prensa\/wp-json\/wp\/v2\/types\/post"}],"author":[{"embeddable":true,"href":"http:\/\/ccnews.com.ar\/prensa\/wp-json\/wp\/v2\/users\/2"}],"replies":[{"embeddable":true,"href":"http:\/\/ccnews.com.ar\/prensa\/wp-json\/wp\/v2\/comments?post=6717"}],"version-history":[{"count":1,"href":"http:\/\/ccnews.com.ar\/prensa\/wp-json\/wp\/v2\/posts\/6717\/revisions"}],"predecessor-version":[{"id":6719,"href":"http:\/\/ccnews.com.ar\/prensa\/wp-json\/wp\/v2\/posts\/6717\/revisions\/6719"}],"wp:featuredmedia":[{"embeddable":true,"href":"http:\/\/ccnews.com.ar\/prensa\/wp-json\/wp\/v2\/media\/6721"}],"wp:attachment":[{"href":"http:\/\/ccnews.com.ar\/prensa\/wp-json\/wp\/v2\/media?parent=6717"}],"wp:term":[{"taxonomy":"category","embeddable":true,"href":"http:\/\/ccnews.com.ar\/prensa\/wp-json\/wp\/v2\/categories?post=6717"},{"taxonomy":"post_tag","embeddable":true,"href":"http:\/\/ccnews.com.ar\/prensa\/wp-json\/wp\/v2\/tags?post=6717"}],"curies":[{"name":"wp","href":"https:\/\/api.w.org\/{rel}","templated":true}]}}