{"id":6763,"date":"2018-02-10T08:00:30","date_gmt":"2018-02-10T11:00:30","guid":{"rendered":"http:\/\/clusterciarnews.com.ar\/prensa\/?p=6763"},"modified":"2018-01-29T12:37:09","modified_gmt":"2018-01-29T15:37:09","slug":"invap-gano-una-licitacion-para-construir-un-reactor-nuclear-en-holanda","status":"publish","type":"post","link":"http:\/\/ccnews.com.ar\/prensa\/invap-gano-una-licitacion-para-construir-un-reactor-nuclear-en-holanda\/","title":{"rendered":"INVAP gan\u00f3 una licitaci\u00f3n para construir un reactor nuclear en holanda"},"content":{"rendered":"<p>La empresa estatal rionegrina logr\u00f3 un contrato por 400 millones de d\u00f3lares. Macri celebr\u00f3 el acuerdo como un \u201chito importante\u201d para la Argentina.<\/p>\n<p>La empresa estatal Invap logr\u00f3 adjudicarse una millonaria licitaci\u00f3n para la construcci\u00f3n de un reactor nuclear en Holanda. El acuerdo fue confirmado por el presidente Mauricio Macri durante su gira por Davos, Suiza.<\/p>\n<p><em>\u201cArgentina puede ser un socio confiable en el uso pac\u00edfico de la tecnolog\u00eda nuclear\u201d<\/em>, asegur\u00f3 tras recibir a la reina M\u00e1xima de Holanda y al primer ministro de ese pa\u00eds. Adem\u00e1s el mandatario calific\u00f3 la incursi\u00f3n de la empresa rionegrina en Europa como un <em>\u201chito importante\u201d.<\/em><\/p>\n<p>Macri destac\u00f3 que la venta del reactor a la Fundaci\u00f3n Pallas de Holanda tambi\u00e9n confirma la capacidad argentina <em>\u201cen el desarrollo cient\u00edfico y tecnol\u00f3gico\u201d<\/em> y agradeci\u00f3 a las autoridades holandesas por haber elegido a la Argentina como proveedor de esta tecnolog\u00eda, entre otras dos que se presentaron, una de Corea del Sur y otra de Francia.<\/p>\n<p><img data-recalc-dims=\"1\" loading=\"lazy\" decoding=\"async\" class=\" wp-image-6773 alignleft\" src=\"https:\/\/i0.wp.com\/clusterciarnews.com.ar\/prensa\/wp-content\/uploads\/2018\/01\/invap-2-1-300x200.jpg?resize=333%2C222\" alt=\"\" width=\"333\" height=\"222\" \/><\/p>\n<p>La\u00a0confirmaci\u00f3n oficial reci\u00e9n lleg\u00f3 el mi\u00e9rcoles 24 de enero al mediod\u00eda cuando Vicente Campenni, gerente general de Invap, firm\u00f3 el contrato con el CEO de Pallas, Hermen Van der Lugt.<\/p>\n<p>Seg\u00fan se explic\u00f3, el reactor de Invap reemplazar\u00e1 a otro que abastece el 60% del mercado de radiois\u00f3topos de Europa, en la ciudad costera de Petten. Se estima que alrededor de 10.000 hospitales emplean esos radiois\u00f3topos y cada a\u00f1o se hacen m\u00e1s de 40 millones de procedimientos de diagn\u00f3sticos y tratamientos, mayormente en casos oncol\u00f3gicos.<\/p>\n<p><strong>El proceso<\/strong><\/p>\n<p>En diciembre de 2007 el pa\u00eds europeo llam\u00f3 a una licitaci\u00f3n por este nuevo reactor, en la cual tres empresas se presentaron: AREVA TA de Francia, KAERI de Corea del Sur y la rionegrina INVAP. La presentaci\u00f3n de INVAP fue seleccionada en junio de 2009 como la mejor oferta, pero las autoridades holandesas decidieron discontinuar el proyecto debido a la crisis econ\u00f3mica global.<\/p>\n<p>El proyecto fue relanzado en 2015 y la Fundaci\u00f3n Pallas llam\u00f3 a una nueva licitaci\u00f3n, dividiendo el proyecto en dos etapas. La primera fase consistir\u00e1 en la ingenier\u00eda, la obtenci\u00f3n del permiso de construcci\u00f3n, el perfeccionamiento del plan de negocios y la obtenci\u00f3n de la financiaci\u00f3n. La segunda fase, implicar\u00e1 la construcci\u00f3n del reactor.<\/p>\n<p>En esta nueva licitaci\u00f3n participaron las mismas empresas que a la anterior, y en esta oportunidad INVAP se asoci\u00f3 con TBI Holdings B.V., una compa\u00f1\u00eda holandesa que aporta su experiencia en ingenier\u00eda civily electromec\u00e1nica. Las ofertas fueron presentadas en marzo de 2017, luego hubo dos rondas de negociaciones posteriores y en funci\u00f3n de las mismas se solicit\u00f3 un pedido de ofertas finales que fueron presentadas el lunes 13 de noviembre del mismo a\u00f1o.<\/p>\n<p>Por otra parte, el gobernador de R\u00edo Negro, Alberto Weretilneck, tambi\u00e9n presente en Holanda, felicit\u00f3 a los directivos, t\u00e9cnicos y personal de la empresa tecnol\u00f3gica y de investigaciones rionegrina por ese nuevo gran paso dado.<\/p>\n<p><em>\u201cEste nuevo objetivo alcanzado por INVAP no es un hecho aislado, sino que es el resultado de a\u00f1os de trabajo y seriedad de esta gran empresa rionegrina, que se ha constituido en uno de los emblemas no solamente de nuestra provincia, sino tambi\u00e9n de la Argentina\u201d, se\u00f1al\u00f3.<\/em><\/p>\n<p>A\u00f1adi\u00f3 que<em> \u201cel hecho de haber sido elegidos nuevamente en una licitaci\u00f3n realizada a nivel internacional indudablemente marca el prestigio y la jerarqu\u00eda de nuestra empresa. El mundo est\u00e1 mirando a INVAP, y a trav\u00e9s de ella, a R\u00edo Negro y la Argentina\u201d.<\/em><\/p>\n<p>En este marco, Weretilneck agradeci\u00f3 al presidente de la Naci\u00f3n, Mauricio Macri, por el apoyo brindado a INVAP en todas sus gestiones,<em> \u201clo que habla de su compromiso para con el desarrollo cient\u00edfico y tecnol\u00f3gico de nuestro pa\u00eds\u201d.<\/em><\/p>\n<p>&nbsp;<\/p>\n<p>&nbsp;<\/p>\n<p>&nbsp;<\/p>\n<p><em>Fuente:\u00a0vaca muerta news<\/em><\/p>\n<!-- AddThis Advanced Settings generic via filter on the_content -->","protected":false},"excerpt":{"rendered":"<p>La empresa estatal rionegrina logr\u00f3 un contrato por 400 millones de d\u00f3lares. Macri celebr\u00f3 el acuerdo como un \u201chito importante\u201d<!-- AddThis Advanced Settings generic via filter on get_the_excerpt --><\/p>\n","protected":false},"author":1,"featured_media":6767,"comment_status":"closed","ping_status":"closed","sticky":false,"template":"","format":"standard","meta":{"colormag_page_container_layout":"default_layout","colormag_page_sidebar_layout":"default_layout","jetpack_post_was_ever_published":false,"_jetpack_newsletter_access":"","_jetpack_dont_email_post_to_subs":false,"_jetpack_newsletter_tier_id":0,"_jetpack_memberships_contains_paywalled_content":false,"_jetpack_memberships_contains_paid_content":false,"footnotes":"","jetpack_publicize_message":"","jetpack_publicize_feature_enabled":true,"jetpack_social_post_already_shared":true,"jetpack_social_options":{"image_generator_settings":{"template":"highway","default_image_id":0,"font":"","enabled":false},"version":2}},"categories":[3],"tags":[17],"class_list":["post-6763","post","type-post","status-publish","format-standard","has-post-thumbnail","hentry","category-sustentabilidad","tag-otros-medios"],"jetpack_publicize_connections":[],"jetpack_featured_media_url":"https:\/\/i0.wp.com\/ccnews.com.ar\/prensa\/wp-content\/uploads\/2018\/01\/3.jpg?fit=660%2C370","jetpack_shortlink":"https:\/\/wp.me\/p7L1gj-1L5","jetpack-related-posts":[{"id":4691,"url":"http:\/\/ccnews.com.ar\/prensa\/rio-negro-avanza-en-el-parque-eolico-de-cerro-policia\/","url_meta":{"origin":6763,"position":0},"title":"R\u00cdO NEGRO AVANZA EN EL PARQUE E\u00d3LICO DE CERRO POLIC\u00cdA","author":"CLUSTERciar","date":"7 julio, 2017","format":false,"excerpt":"De cara a la licitaci\u00f3n nacional Renovar 2, funcionarios provinciales y representantes de la empresa Powerchina Resources Limited visitaron el lugar donde estar\u00e1 emplazado. \u00a0 A fines de junio funcionarios rionegrinos y empreasarios chinos realizaron una visita a la meseta de Cerro Polic\u00eda, donde la provincia de R\u00edo Negro emplazar\u00e1\u2026","rel":"","context":"En \u00abSustentabilidad\u00bb","block_context":{"text":"Sustentabilidad","link":"http:\/\/ccnews.com.ar\/prensa\/category\/sustentabilidad\/"},"img":{"alt_text":"","src":"https:\/\/i0.wp.com\/ccnews.com.ar\/prensa\/wp-content\/uploads\/2017\/07\/noticia-7.jpg?fit=924%2C616&resize=350%2C200","width":350,"height":200,"srcset":"https:\/\/i0.wp.com\/ccnews.com.ar\/prensa\/wp-content\/uploads\/2017\/07\/noticia-7.jpg?fit=924%2C616&resize=350%2C200 1x, https:\/\/i0.wp.com\/ccnews.com.ar\/prensa\/wp-content\/uploads\/2017\/07\/noticia-7.jpg?fit=924%2C616&resize=525%2C300 1,5x, https:\/\/i0.wp.com\/ccnews.com.ar\/prensa\/wp-content\/uploads\/2017\/07\/noticia-7.jpg?fit=924%2C616&resize=700%2C400 2x"},"classes":[]},{"id":1183,"url":"http:\/\/ccnews.com.ar\/prensa\/asumimos-el-desafio-de-involucrarnos-en-el-mundo-de-las-energias-renovables\/","url_meta":{"origin":6763,"position":1},"title":"\u201cAsumimos el desaf\u00edo de involucrarnos en el mundo de las energ\u00edas renovables\u201d","author":"CLUSTERciar","date":"13 agosto, 2016","format":false,"excerpt":"Dow acaba de sellar un acuerdo con INVAP para desarrollar un parque e\u00f3lico en R\u00edo Negro. De acuerdo con Gast\u00f3n Remy, presidente de la compa\u00f1\u00eda, la idea es seguir liderando la b\u00fasqueda de la diversificaci\u00f3n de la matriz energ\u00e9tica sobre la base de energ\u00edas m\u00e1s limpias y catalizar el trabajo\u2026","rel":"","context":"En \u00abEnerg\u00eda y Producci\u00f3n\u00bb","block_context":{"text":"Energ\u00eda y Producci\u00f3n","link":"http:\/\/ccnews.com.ar\/prensa\/category\/energia-y-produccion\/"},"img":{"alt_text":"H\u00e9ctor Otheguy, Gerente General del INVAP y Gast\u00f3n Remy, Presidente de Dow Argentina","src":"https:\/\/i0.wp.com\/revistapetroquimica.com\/wp-content\/uploads\/2016\/07\/Gast%C3%B3n-Remy-INVAP.jpg?resize=350%2C200","width":350,"height":200},"classes":[]},{"id":2213,"url":"http:\/\/ccnews.com.ar\/prensa\/energia-nuclear-la-fuente-secreta-de-divisas-para-el-pais\/","url_meta":{"origin":6763,"position":2},"title":"ENERGIA NUCLEAR, LA FUENTE SECRETA DE DIVISAS PARA EL PA\u00cdS","author":"CLUSTERciar","date":"17 noviembre, 2016","format":false,"excerpt":"LA INDUSTRIA NUCLEAR ARGENTINA BUSCA SU FUTURO: CONVERTIRSE EN UN CENTRO DE INNOVACI\u00d3N QUE ABRA EL JUEGO A LOS ACTORES PRIVADOS Y SE CONSTITUYA EN UNA FUENTE DE INGRESOS PARA EL PA\u00cdS. LA FINALIZACI\u00d3N DE ATUCHA II EN 2014 Y EL ACTUAL PROCESO DE EXTENSI\u00d3N DE VIDA DE LA CENTRAL\u2026","rel":"","context":"En \u00abEnerg\u00eda y Producci\u00f3n\u00bb","block_context":{"text":"Energ\u00eda y Producci\u00f3n","link":"http:\/\/ccnews.com.ar\/prensa\/category\/energia-y-produccion\/"},"img":{"alt_text":"","src":"https:\/\/i0.wp.com\/ccnews.com.ar\/prensa\/wp-content\/uploads\/2016\/11\/atucha.jpg_1484051676.jpg?fit=875%2C471&resize=350%2C200","width":350,"height":200,"srcset":"https:\/\/i0.wp.com\/ccnews.com.ar\/prensa\/wp-content\/uploads\/2016\/11\/atucha.jpg_1484051676.jpg?fit=875%2C471&resize=350%2C200 1x, https:\/\/i0.wp.com\/ccnews.com.ar\/prensa\/wp-content\/uploads\/2016\/11\/atucha.jpg_1484051676.jpg?fit=875%2C471&resize=525%2C300 1,5x, https:\/\/i0.wp.com\/ccnews.com.ar\/prensa\/wp-content\/uploads\/2016\/11\/atucha.jpg_1484051676.jpg?fit=875%2C471&resize=700%2C400 2x"},"classes":[]},{"id":10385,"url":"http:\/\/ccnews.com.ar\/prensa\/macri-llego-a-la-india-en-busca-de-inversiones-para-vaca-muerta\/","url_meta":{"origin":6763,"position":3},"title":"Macri lleg\u00f3 a la India en busca de inversiones para Vaca Muerta","author":"admin","date":"18 febrero, 2019","format":false,"excerpt":"El presidente contin\u00faa su gira en busca de inversiones. Se prev\u00e9n negociaciones en materia energ\u00e9tica, con la mira puesta en la posible explotaci\u00f3n conjunta para Vaca Muerta. Tambi\u00e9n se prev\u00e9n negociaciones por la provisi\u00f3n de tecnolog\u00eda del Invap y alimentos provenientes del mercado\u00a0agroalimentario. El presidente Mauricio Macri arrib\u00f3 este s\u00e1bado\u2026","rel":"","context":"En \u00abEnerg\u00eda y Producci\u00f3n\u00bb","block_context":{"text":"Energ\u00eda y Producci\u00f3n","link":"http:\/\/ccnews.com.ar\/prensa\/category\/energia-y-produccion\/"},"img":{"alt_text":"","src":"https:\/\/i0.wp.com\/ccnews.com.ar\/prensa\/wp-content\/uploads\/2019\/02\/238394_mac.jpg?fit=1024%2C689&resize=350%2C200","width":350,"height":200,"srcset":"https:\/\/i0.wp.com\/ccnews.com.ar\/prensa\/wp-content\/uploads\/2019\/02\/238394_mac.jpg?fit=1024%2C689&resize=350%2C200 1x, https:\/\/i0.wp.com\/ccnews.com.ar\/prensa\/wp-content\/uploads\/2019\/02\/238394_mac.jpg?fit=1024%2C689&resize=525%2C300 1,5x, https:\/\/i0.wp.com\/ccnews.com.ar\/prensa\/wp-content\/uploads\/2019\/02\/238394_mac.jpg?fit=1024%2C689&resize=700%2C400 2x"},"classes":[]},{"id":586,"url":"http:\/\/ccnews.com.ar\/prensa\/gaston-remy-de-dow-argentina-triplicamos-la-actividad-en-vaca-muerta\/","url_meta":{"origin":6763,"position":4},"title":"Gast\u00f3n Remy, de Dow Argentina: \u201cTriplicamos la actividad en Vaca Muerta\u201d","author":"CLUSTERciar","date":"13 mayo, 2016","format":false,"excerpt":"De la mano del gas no convencional la petroqu\u00edmica analiza expandir su mercado con nuevas inversiones. Dow Argentina es la sexta filial m\u00e1s importante que tiene la compa\u00f1\u00eda norteamericana entre sus 57 sedes de todo el mundo. Fiel al estilo de la marca -con 118 a\u00f1os de historia- sorprendi\u00f3 en\u2026","rel":"","context":"En \u00abEnerg\u00eda y Producci\u00f3n\u00bb","block_context":{"text":"Energ\u00eda y Producci\u00f3n","link":"http:\/\/ccnews.com.ar\/prensa\/category\/energia-y-produccion\/"},"img":{"alt_text":"Gast\u00f3n Remy, de Dow Argentina: \u201cTriplicamos la actividad en Vaca Muerta\u201d","src":"https:\/\/i0.wp.com\/www.rionegro.com.ar\/documents\/1\/0\/650x584\/0c109\/650d365\/none\/12350\/XTAP\/7056631.jpg?resize=350%2C200","width":350,"height":200,"srcset":"https:\/\/i0.wp.com\/www.rionegro.com.ar\/documents\/1\/0\/650x584\/0c109\/650d365\/none\/12350\/XTAP\/7056631.jpg?resize=350%2C200 1x, https:\/\/i0.wp.com\/www.rionegro.com.ar\/documents\/1\/0\/650x584\/0c109\/650d365\/none\/12350\/XTAP\/7056631.jpg?resize=525%2C300 1,5x"},"classes":[]},{"id":5959,"url":"http:\/\/ccnews.com.ar\/prensa\/5959-2\/","url_meta":{"origin":6763,"position":5},"title":"Desde adentro: c\u00f3mo funciona el reactor at\u00f3mico barilochense que cumple 35 a\u00f1os","author":"CLUSTERciar","date":"25 octubre, 2017","format":false,"excerpt":"Desde 1982 el RA-6 ha ido sumando aplicaciones cient\u00edficas y hoy es el \u00fanico que ha trascendido fronteras. Una visita al interior del edificio m\u00e1s enigm\u00e1tico del Centro At\u00f3mico Bariloche con la gu\u00eda de lujo del guardi\u00e1n y responsable de su funcionamiento. El 26 de octubre de 1982 fue la\u2026","rel":"","context":"En \u00abSustentabilidad\u00bb","block_context":{"text":"Sustentabilidad","link":"http:\/\/ccnews.com.ar\/prensa\/category\/sustentabilidad\/"},"img":{"alt_text":"","src":"https:\/\/i0.wp.com\/ccnews.com.ar\/prensa\/wp-content\/uploads\/2017\/10\/image_content_8940874_20171014213542.jpg?fit=660%2C370&resize=350%2C200","width":350,"height":200,"srcset":"https:\/\/i0.wp.com\/ccnews.com.ar\/prensa\/wp-content\/uploads\/2017\/10\/image_content_8940874_20171014213542.jpg?fit=660%2C370&resize=350%2C200 1x, https:\/\/i0.wp.com\/ccnews.com.ar\/prensa\/wp-content\/uploads\/2017\/10\/image_content_8940874_20171014213542.jpg?fit=660%2C370&resize=525%2C300 1,5x"},"classes":[]}],"jetpack_sharing_enabled":true,"_links":{"self":[{"href":"http:\/\/ccnews.com.ar\/prensa\/wp-json\/wp\/v2\/posts\/6763","targetHints":{"allow":["GET"]}}],"collection":[{"href":"http:\/\/ccnews.com.ar\/prensa\/wp-json\/wp\/v2\/posts"}],"about":[{"href":"http:\/\/ccnews.com.ar\/prensa\/wp-json\/wp\/v2\/types\/post"}],"author":[{"embeddable":true,"href":"http:\/\/ccnews.com.ar\/prensa\/wp-json\/wp\/v2\/users\/1"}],"replies":[{"embeddable":true,"href":"http:\/\/ccnews.com.ar\/prensa\/wp-json\/wp\/v2\/comments?post=6763"}],"version-history":[{"count":6,"href":"http:\/\/ccnews.com.ar\/prensa\/wp-json\/wp\/v2\/posts\/6763\/revisions"}],"predecessor-version":[{"id":6783,"href":"http:\/\/ccnews.com.ar\/prensa\/wp-json\/wp\/v2\/posts\/6763\/revisions\/6783"}],"wp:featuredmedia":[{"embeddable":true,"href":"http:\/\/ccnews.com.ar\/prensa\/wp-json\/wp\/v2\/media\/6767"}],"wp:attachment":[{"href":"http:\/\/ccnews.com.ar\/prensa\/wp-json\/wp\/v2\/media?parent=6763"}],"wp:term":[{"taxonomy":"category","embeddable":true,"href":"http:\/\/ccnews.com.ar\/prensa\/wp-json\/wp\/v2\/categories?post=6763"},{"taxonomy":"post_tag","embeddable":true,"href":"http:\/\/ccnews.com.ar\/prensa\/wp-json\/wp\/v2\/tags?post=6763"}],"curies":[{"name":"wp","href":"https:\/\/api.w.org\/{rel}","templated":true}]}}