{"id":6935,"date":"2018-02-26T08:00:11","date_gmt":"2018-02-26T11:00:11","guid":{"rendered":"http:\/\/clusterciarnews.com.ar\/prensa\/?p=6935"},"modified":"2018-02-19T10:05:05","modified_gmt":"2018-02-19T13:05:05","slug":"relajacion-y-rendimiento-laboral","status":"publish","type":"post","link":"http:\/\/ccnews.com.ar\/prensa\/relajacion-y-rendimiento-laboral\/","title":{"rendered":"Relajaci\u00f3n y rendimiento laboral"},"content":{"rendered":"<p class=\"location font-2-ebold fs16\">ARGENTINA.<\/p>\n<p class=\"subheadline font-2 fs16\"><strong>Las t\u00e9cnicas de relajaci\u00f3n llegan a la empresa como para reducir el estr\u00e9s y aumentar la productividad de cada sus trabajadores y ayuda a saber c\u00f3mo la tecnolog\u00eda impacta en el cerebro cuando hay presi\u00f3n provocando confusi\u00f3n y aumentando los errores.<\/strong><\/p>\n<p>&nbsp;<\/p>\n<div class=\"paragraph\">\n<p>Una tradici\u00f3n contemplativa de siglos de antig\u00fcedad que tiene sus ra\u00edces en el budismo es el origen la \u00faltima moda empresarial: el\u00a0<b>mindfulness<\/b>\u00a0(atenci\u00f3n plena). Impulsada hace tres d\u00e9cadas por el norteamericano Jon Kabat-Zinn, en los a\u00f1os noventa del siglo pasado esta disciplina, que bebe de las fuentes de la meditaci\u00f3n, comenz\u00f3 a asomarse por los hospitales como tratamiento alternativo para diversos problemas cl\u00ednicos.<\/p>\n<p>Con el cambio de siglo dio el salto a otros \u00e1mbitos de aplicaci\u00f3n, como el deporte profesional o el ej\u00e9rcito, donde se utiliz\u00f3, por ejemplo, para ayudar a superar el estr\u00e9s postraum\u00e1tico de los militares que regresaban de un conflicto b\u00e9lico. Hoy la pr\u00e1ctica irrumpe con fuerza en el mundo del trabajo en contra de la corriente favorable al bienestar que inunda las organizaciones.<\/p>\n<p>B<b>ajar un cambio,<\/b><\/p>\n<p><b>toda una necesidad actual<\/b><\/p>\n<p>Para Marta Romo, socia de Be-Up, el inter\u00e9s por esta disciplina surge en un momento en el que el mundo del trabajo y la sociedad en general est\u00e1n demandando urgentemente una marcha menos.<\/p>\n<p>\u201cVamos por ah\u00ed como zombis a toda velocidad, y el mindfulness contribuye a parar esta tendencia. Necesitamos parar y tomar conciencia de lo que estamos viviendo. Quien se relaja o medita tambi\u00e9n tienen mayor claridad mental para tomar decisiones, se adaptan mejor a los cambios, se comunican y relacionan mejor para evitar los conflictos y utilizan todo el potencial creativo que tienen para solucionar problemas\u201d, prosigue\u201d.<\/p>\n<p>Cristina Cama, coordinadora del M\u00e1ster en Relajaci\u00f3n, Meditaci\u00f3n y \u2018Mindfulness\u2019 de la Universidad de Barcelona, coincide en lo oportuno del momento. \u201cAhora, m\u00e1s que nunca, hemos de contrarrestar el impacto que la tecnolog\u00eda provoca en nuestros cerebros; distracci\u00f3n, confusi\u00f3n, errores, ineficacia&#8230;\u201d.<\/p>\n<p>Pero, \u00bfen qu\u00e9 consiste esta pr\u00e1ctica? B\u00e1sicamente, el mindfulness recoge los beneficios que para el ser humano supone habitar en el presente, en el aqu\u00ed y el ahora.<\/p>\n<p>\u201cNuestra mente es como un mono que va saltando continuamente de rama en rama. Est\u00e1 en un estado de permanente hiperactividad, tratando de anticipar escenarios e intentando reducir as\u00ed la incertidumbre sobre el futuro. No sabemos qu\u00e9 nos va a deparar el futuro. Vivimos permanentemente \u2018preocupados\u2019, y eso nos impide atender al momento presente\u201d, dijo Jos\u00e9 Manuel S\u00e1nchez, director del Centro de Estudios del Coaching (CEC).<\/p>\n<p>Aprender a controlar la respiraci\u00f3n es una de las t\u00e9cnicas que utiliza esta disciplina. \u201cAs\u00ed dejamos de poner toda nuestra atenci\u00f3n en los pensamientos. No es que desaparezcan, pero logramos no quedar enganchados a ellos. Pasan a ser como un ruido de fondo, el rumor de un coche que circula por la calle y que, al cabo de unos segundos, se esfuma\u201d, dijo S\u00e1nchez.<\/p>\n<p><b>Beneficios comprobados<\/b><\/p>\n<p>Universidades como Harvard, Oxford o UCLA tienen ya sus propios departamentos destinados a estudiar esta disciplina, y son numerosos los estudios que avalan sus tesis. Pero, \u00bfc\u00f3mo encaja una t\u00e9cnica de reminiscencias budistas en el calculador mundo de los negocios? Mart\u00edn se\u00f1ala que, m\u00e1s que para reducir el estr\u00e9s, en las organizaciones se est\u00e1 aplicando para potenciar el talento de los trabajadores. \u201cGracias al mindfulness se observa una mejora en la toma de decisiones, tanto a nivel individual, como colectivo\u201d.<\/p>\n<\/div>\n<blockquote>\n<div class=\"highlight_text ant-text\">\u201cEst\u00e1 t\u00e9cnica proporciona beneficios al trabajador no solo en su sector, sino tambi\u00e9n en la personal\u201d.<\/div>\n<div class=\"highlight_author ant-highlight_text\">Argumenta Andr\u00e9s Mart\u00edn, integrantes del Instituto EsMindfulness.<\/div>\n<\/blockquote>\n<div><\/div>\n<div><\/div>\n<div><\/div>\n<blockquote>\n<div class=\"highlight_text ant-highlight_author\">\u201cLos profesionales que lo practican con regularidad est\u00e1n focalizados al m\u00e1ximo en sus tareas y son m\u00e1s eficaces\u201d.<\/div>\n<div class=\"highlight_author ant-highlight_text\">Cristina Cama, profesora en Relajaci\u00f3n, de la Universidad de Barcelona.<\/div>\n<div><\/div>\n<div><\/div>\n<div><\/div>\n<div><\/div>\n<div class=\"highlight_text ant-highlight_author\">\u201cEl \u2018mindfulness\u2019 nos da la oportunidad de despreocuparnos del d\u00eda a d\u00eda para fomentar la creatividad en situaci\u00f3n de estr\u00e9s\u201d.<\/div>\n<div class=\"highlight_author ant-highlight_text\">Ignacio de Or\u00fae, director de Personas, Comunicaci\u00f3n y Relaciones Institucionales.<\/div>\n<div><\/div>\n<div><\/div>\n<div><\/div>\n<div><\/div>\n<div class=\"highlight_text ant-highlight_author\">\u201cLa pr\u00e1ctica de \u2018mindfulness\u2019, cambia estructuras cerebrales, por lo que sus beneficios son palpables y observables\u201d.<\/div>\n<div class=\"highlight_author ant-highlight_text\">Destaca Marta Romo, socia de Be-Up y experta en mindfulness.<\/div>\n<\/blockquote>\n<div><\/div>\n<div class=\"microformat_headline ant-highlight_author\"><strong>Mentes despiertas para responder mejor<\/strong><\/div>\n<div class=\"microformat_headline ant-microformat_headline\"><strong>Beneficios de la m\u00fasica<\/strong><\/div>\n<div class=\"microformat_headline ant-microformat_headline\"><strong>en lo personal y laboral<\/strong><\/div>\n<div><\/div>\n<div class=\"microformat_text ant-microformat_headline\">Mejora el rendimiento en un 15%, adem\u00e1s de disminuir la sensaci\u00f3n de cansancio y fatiga y reducir los malos pensamientos.<\/div>\n<div class=\"microformat_text ant-microformat_text\">Combate el estr\u00e9s y libera de las tensiones gracias a que mientras se escucha m\u00fasica se libera cortisona. Si se quiere obtener mejores resultados se puede probar cantar en voz alta. Los sonidos suaves y armoniosos aumentan la productividad y la concentraci\u00f3n.<\/div>\n<div class=\"microformat_text ant-microformat_text\">Las melod\u00edas y los sonidos lentos, como el crepitar del fuego, son perfectos para practicar meditaci\u00f3n.<\/div>\n<div class=\"microformat_text ant-microformat_text\">Estos mismos sonidos y acordes pueden servir para mejorar la calidad del sue\u00f1o, permitiendo dormir m\u00e1s r\u00e1pido, durante m\u00e1s horas y descansar mejor. La m\u00fasica cl\u00e1sica tambi\u00e9n es ideal para esto.<\/div>\n<div><\/div>\n<div>Fuente: Diario R\u00edo Negro<\/div>\n<!-- AddThis Advanced Settings generic via filter on the_content -->","protected":false},"excerpt":{"rendered":"<p>ARGENTINA. Las t\u00e9cnicas de relajaci\u00f3n llegan a la empresa como para reducir el estr\u00e9s y aumentar la productividad de cada<!-- AddThis Advanced Settings generic via filter on get_the_excerpt --><\/p>\n","protected":false},"author":1,"featured_media":6939,"comment_status":"closed","ping_status":"closed","sticky":false,"template":"","format":"standard","meta":{"colormag_page_container_layout":"default_layout","colormag_page_sidebar_layout":"default_layout","jetpack_post_was_ever_published":false,"_jetpack_newsletter_access":"","_jetpack_dont_email_post_to_subs":false,"_jetpack_newsletter_tier_id":0,"_jetpack_memberships_contains_paywalled_content":false,"_jetpack_memberships_contains_paid_content":false,"footnotes":"","jetpack_publicize_message":"","jetpack_publicize_feature_enabled":true,"jetpack_social_post_already_shared":true,"jetpack_social_options":{"image_generator_settings":{"template":"highway","default_image_id":0,"font":"","enabled":false},"version":2}},"categories":[19],"tags":[17],"class_list":["post-6935","post","type-post","status-publish","format-standard","has-post-thumbnail","hentry","category-educacion-sociedad","tag-otros-medios"],"jetpack_publicize_connections":[],"jetpack_featured_media_url":"https:\/\/i0.wp.com\/ccnews.com.ar\/prensa\/wp-content\/uploads\/2018\/02\/image_content_9320514_20180201223458.jpg?fit=660%2C370","jetpack_shortlink":"https:\/\/wp.me\/p7L1gj-1NR","jetpack-related-posts":[{"id":16264,"url":"http:\/\/ccnews.com.ar\/prensa\/por-una-educacion-de-calidad-y-con-inclusion\/","url_meta":{"origin":6935,"position":0},"title":"Por una educaci\u00f3n de calidad y con inclusi\u00f3n","author":"Editor","date":"30 octubre, 2020","format":false,"excerpt":"En este siglo el crecimiento econ\u00f3mico de las naciones depende cada vez m\u00e1s de la acumulaci\u00f3n de capital humano, es decir, del hombre mismo y de sus conocimientos.","rel":"","context":"En \u00abEducaci\u00f3n\/Sociedad\u00bb","block_context":{"text":"Educaci\u00f3n\/Sociedad","link":"http:\/\/ccnews.com.ar\/prensa\/category\/educacion-sociedad\/"},"img":{"alt_text":"","src":"https:\/\/i0.wp.com\/ccnews.com.ar\/prensa\/wp-content\/uploads\/2020\/10\/ocho-millones-alumnos-vuelven-lo-largo-esta-semana-clases-espana-pese-los-rebrotes-coronavirus.jpg?fit=690%2C460&resize=350%2C200","width":350,"height":200,"srcset":"https:\/\/i0.wp.com\/ccnews.com.ar\/prensa\/wp-content\/uploads\/2020\/10\/ocho-millones-alumnos-vuelven-lo-largo-esta-semana-clases-espana-pese-los-rebrotes-coronavirus.jpg?fit=690%2C460&resize=350%2C200 1x, https:\/\/i0.wp.com\/ccnews.com.ar\/prensa\/wp-content\/uploads\/2020\/10\/ocho-millones-alumnos-vuelven-lo-largo-esta-semana-clases-espana-pese-los-rebrotes-coronavirus.jpg?fit=690%2C460&resize=525%2C300 1,5x"},"classes":[]},{"id":14358,"url":"http:\/\/ccnews.com.ar\/prensa\/cuales-son-los-riesgos-de-no-tomarse-vacaciones\/","url_meta":{"origin":6935,"position":1},"title":"\u00bfCu\u00e1les son los riesgos de no tomarse vacaciones?","author":"admin","date":"20 enero, 2020","format":false,"excerpt":"Adecco Argentina, filial de la empresa l\u00edder en el mundo en consultor\u00eda integral en Recursos Humanos, explica por qu\u00e9 es importante tomarse vacaciones, tanto para los empleados como para las empresas donde ellos desarrollan sus tareas. Si bien el primer beneficiado con la llegada de las vacaciones es directamente el\u2026","rel":"","context":"En \u00abManagement\u00bb","block_context":{"text":"Management","link":"http:\/\/ccnews.com.ar\/prensa\/category\/management\/"},"img":{"alt_text":"","src":"https:\/\/i0.wp.com\/ccnews.com.ar\/prensa\/wp-content\/uploads\/2020\/01\/puentes-oficiales-2016.png?fit=1024%2C518&resize=350%2C200","width":350,"height":200,"srcset":"https:\/\/i0.wp.com\/ccnews.com.ar\/prensa\/wp-content\/uploads\/2020\/01\/puentes-oficiales-2016.png?fit=1024%2C518&resize=350%2C200 1x, https:\/\/i0.wp.com\/ccnews.com.ar\/prensa\/wp-content\/uploads\/2020\/01\/puentes-oficiales-2016.png?fit=1024%2C518&resize=525%2C300 1,5x, https:\/\/i0.wp.com\/ccnews.com.ar\/prensa\/wp-content\/uploads\/2020\/01\/puentes-oficiales-2016.png?fit=1024%2C518&resize=700%2C400 2x"},"classes":[]},{"id":7429,"url":"http:\/\/ccnews.com.ar\/prensa\/cuales-son-los-pros-y-contras-de-estudiar-escuchando-musica\/","url_meta":{"origin":6935,"position":2},"title":"\u00bfCu\u00e1les son los pros y contras de estudiar escuchando m\u00fasica?","author":"admin","date":"12 abril, 2018","format":false,"excerpt":"Con posturas a favor y en contra, este debate tiene ya varios a\u00f1os \u00a0As\u00ed como en las pel\u00edculas existe una banda sonora que acompa\u00f1a cada una de las acciones de los protagonistas con determinadas melod\u00edas, podr\u00eda decirse que\u00a0la m\u00fasica\u00a0tambi\u00e9n acompa\u00f1a nuestras acciones en la vida real. En diferentes momentos de\u2026","rel":"","context":"En \u00abEducaci\u00f3n\/Sociedad\u00bb","block_context":{"text":"Educaci\u00f3n\/Sociedad","link":"http:\/\/ccnews.com.ar\/prensa\/category\/educacion-sociedad\/"},"img":{"alt_text":"","src":"https:\/\/i0.wp.com\/ccnews.com.ar\/prensa\/wp-content\/uploads\/2018\/04\/musica.jpg_1305449671.jpg?fit=847%2C476&resize=350%2C200","width":350,"height":200,"srcset":"https:\/\/i0.wp.com\/ccnews.com.ar\/prensa\/wp-content\/uploads\/2018\/04\/musica.jpg_1305449671.jpg?fit=847%2C476&resize=350%2C200 1x, https:\/\/i0.wp.com\/ccnews.com.ar\/prensa\/wp-content\/uploads\/2018\/04\/musica.jpg_1305449671.jpg?fit=847%2C476&resize=525%2C300 1,5x, https:\/\/i0.wp.com\/ccnews.com.ar\/prensa\/wp-content\/uploads\/2018\/04\/musica.jpg_1305449671.jpg?fit=847%2C476&resize=700%2C400 2x"},"classes":[]},{"id":12674,"url":"http:\/\/ccnews.com.ar\/prensa\/trabajar-en-el-siglo-xxi-la-importancia-de-trazar-un-limite-entre-la-vida-personal-y-las-obligaciones-laborales\/","url_meta":{"origin":6935,"position":3},"title":"Trabajar en el siglo XXI: la importancia de trazar un l\u00edmite entre la vida personal y las obligaciones laborales","author":"admin","date":"29 agosto, 2019","format":false,"excerpt":"El teletrabajo, el trabajo a distancia, el trabajo virtual y el freelance son nuevas formas de trabajar en las que comienzan a borrarse los l\u00edmites precisos entre el tiempo libre y el empleo. Por qu\u00e9 es vital comprender el nuevo paradigma de empleo. Una de las nociones que se resignifica\u2026","rel":"","context":"En \u00abManagement\u00bb","block_context":{"text":"Management","link":"http:\/\/ccnews.com.ar\/prensa\/category\/management\/"},"img":{"alt_text":"","src":"https:\/\/i0.wp.com\/ccnews.com.ar\/prensa\/wp-content\/uploads\/2019\/08\/soraya_fatima_iglesias_food_near_me_transformacion_digital_4_obstaculos_a_superar_para_adaptarse_al_mundo_4_0_-1024x575.jpg?fit=1024%2C575&resize=350%2C200","width":350,"height":200,"srcset":"https:\/\/i0.wp.com\/ccnews.com.ar\/prensa\/wp-content\/uploads\/2019\/08\/soraya_fatima_iglesias_food_near_me_transformacion_digital_4_obstaculos_a_superar_para_adaptarse_al_mundo_4_0_-1024x575.jpg?fit=1024%2C575&resize=350%2C200 1x, https:\/\/i0.wp.com\/ccnews.com.ar\/prensa\/wp-content\/uploads\/2019\/08\/soraya_fatima_iglesias_food_near_me_transformacion_digital_4_obstaculos_a_superar_para_adaptarse_al_mundo_4_0_-1024x575.jpg?fit=1024%2C575&resize=525%2C300 1,5x, https:\/\/i0.wp.com\/ccnews.com.ar\/prensa\/wp-content\/uploads\/2019\/08\/soraya_fatima_iglesias_food_near_me_transformacion_digital_4_obstaculos_a_superar_para_adaptarse_al_mundo_4_0_-1024x575.jpg?fit=1024%2C575&resize=700%2C400 2x"},"classes":[]},{"id":8497,"url":"http:\/\/ccnews.com.ar\/prensa\/millennial\/","url_meta":{"origin":6935,"position":4},"title":"Millennial","author":"CLUSTERciar","date":"10 agosto, 2018","format":false,"excerpt":"En alg\u00fan rinc\u00f3n del pa\u00eds, un docente est\u00e1 subiendo a su iCloud los contenidos con que los alumnos trabajar\u00e1n durante la semana. En apenas unos segundos, esos ni\u00f1os los descargar\u00e1n para visualizarlos en sus pantallas. Este aut\u00e9ntico ida y vuelta entre un profesor de la Generaci\u00f3n Y (m\u00e1s conocida como\u2026","rel":"","context":"En \u00abEducaci\u00f3n\/Sociedad\u00bb","block_context":{"text":"Educaci\u00f3n\/Sociedad","link":"http:\/\/ccnews.com.ar\/prensa\/category\/educacion-sociedad\/"},"img":{"alt_text":"","src":"https:\/\/i0.wp.com\/ccnews.com.ar\/prensa\/wp-content\/uploads\/2018\/07\/nueva_1531768751_886621.png?fit=700%2C430&resize=350%2C200","width":350,"height":200,"srcset":"https:\/\/i0.wp.com\/ccnews.com.ar\/prensa\/wp-content\/uploads\/2018\/07\/nueva_1531768751_886621.png?fit=700%2C430&resize=350%2C200 1x, https:\/\/i0.wp.com\/ccnews.com.ar\/prensa\/wp-content\/uploads\/2018\/07\/nueva_1531768751_886621.png?fit=700%2C430&resize=525%2C300 1,5x, https:\/\/i0.wp.com\/ccnews.com.ar\/prensa\/wp-content\/uploads\/2018\/07\/nueva_1531768751_886621.png?fit=700%2C430&resize=700%2C400 2x"},"classes":[]},{"id":10767,"url":"http:\/\/ccnews.com.ar\/prensa\/educacion-la-colaboracion-y-el-pensamiento-critico-son-mas-importantes-en-el-siglo-xxi-que-las-formulas-matematicas-dice-una-especialista-del-mit\/","url_meta":{"origin":6935,"position":5},"title":"Educaci\u00f3n: la colaboraci\u00f3n y el pensamiento cr\u00edtico son m\u00e1s importantes en el siglo XXI que las f\u00f3rmulas matem\u00e1ticas","author":"admin","date":"13 marzo, 2019","format":false,"excerpt":"Para el alumno del siglo XXI, habilidades como el pensamiento cr\u00edtico, la colaboraci\u00f3n y la creatividad son mucho m\u00e1s importantes que la ense\u00f1anza a trav\u00e9s de f\u00f3rmulas o contenido memorizado y sin contexto. Los contenidos tradicionales como matem\u00e1ticas o incluso m\u00e1s nuevos, como lenguaje de programaci\u00f3n, de nada sirven si\u2026","rel":"","context":"En \u00abEducaci\u00f3n\/Sociedad\u00bb","block_context":{"text":"Educaci\u00f3n\/Sociedad","link":"http:\/\/ccnews.com.ar\/prensa\/category\/educacion-sociedad\/"},"img":{"alt_text":"","src":"https:\/\/i0.wp.com\/ccnews.com.ar\/prensa\/wp-content\/uploads\/2019\/03\/2891164w1033.jpg?fit=1033%2C688&resize=350%2C200","width":350,"height":200,"srcset":"https:\/\/i0.wp.com\/ccnews.com.ar\/prensa\/wp-content\/uploads\/2019\/03\/2891164w1033.jpg?fit=1033%2C688&resize=350%2C200 1x, https:\/\/i0.wp.com\/ccnews.com.ar\/prensa\/wp-content\/uploads\/2019\/03\/2891164w1033.jpg?fit=1033%2C688&resize=525%2C300 1,5x, https:\/\/i0.wp.com\/ccnews.com.ar\/prensa\/wp-content\/uploads\/2019\/03\/2891164w1033.jpg?fit=1033%2C688&resize=700%2C400 2x"},"classes":[]}],"jetpack_sharing_enabled":true,"_links":{"self":[{"href":"http:\/\/ccnews.com.ar\/prensa\/wp-json\/wp\/v2\/posts\/6935","targetHints":{"allow":["GET"]}}],"collection":[{"href":"http:\/\/ccnews.com.ar\/prensa\/wp-json\/wp\/v2\/posts"}],"about":[{"href":"http:\/\/ccnews.com.ar\/prensa\/wp-json\/wp\/v2\/types\/post"}],"author":[{"embeddable":true,"href":"http:\/\/ccnews.com.ar\/prensa\/wp-json\/wp\/v2\/users\/1"}],"replies":[{"embeddable":true,"href":"http:\/\/ccnews.com.ar\/prensa\/wp-json\/wp\/v2\/comments?post=6935"}],"version-history":[{"count":5,"href":"http:\/\/ccnews.com.ar\/prensa\/wp-json\/wp\/v2\/posts\/6935\/revisions"}],"predecessor-version":[{"id":6943,"href":"http:\/\/ccnews.com.ar\/prensa\/wp-json\/wp\/v2\/posts\/6935\/revisions\/6943"}],"wp:featuredmedia":[{"embeddable":true,"href":"http:\/\/ccnews.com.ar\/prensa\/wp-json\/wp\/v2\/media\/6939"}],"wp:attachment":[{"href":"http:\/\/ccnews.com.ar\/prensa\/wp-json\/wp\/v2\/media?parent=6935"}],"wp:term":[{"taxonomy":"category","embeddable":true,"href":"http:\/\/ccnews.com.ar\/prensa\/wp-json\/wp\/v2\/categories?post=6935"},{"taxonomy":"post_tag","embeddable":true,"href":"http:\/\/ccnews.com.ar\/prensa\/wp-json\/wp\/v2\/tags?post=6935"}],"curies":[{"name":"wp","href":"https:\/\/api.w.org\/{rel}","templated":true}]}}