{"id":7033,"date":"2018-03-01T08:00:17","date_gmt":"2018-03-01T11:00:17","guid":{"rendered":"http:\/\/clusterciarnews.com.ar\/prensa\/?p=7033"},"modified":"2018-02-26T11:53:27","modified_gmt":"2018-02-26T14:53:27","slug":"la-productora-de-harvey-weinstein-se-declara-en-bancarrota","status":"publish","type":"post","link":"http:\/\/ccnews.com.ar\/prensa\/la-productora-de-harvey-weinstein-se-declara-en-bancarrota\/","title":{"rendered":"La productora de Harvey Weinstein se declara en bancarrota"},"content":{"rendered":"<p><strong>La compa\u00f1\u00eda iba a ser comprada por el grupo de una exfuncionaria de Barack Obama, pero no pudo superar el esc\u00e1ndalo por denuncias de acoso sexual<\/strong><\/p>\n<p>La productora The Weinstein Company se\u00a0<strong>declarar\u00e1 en bancarrota<\/strong>, inform\u00f3 la prensa estadounidense, luego que los fiscales intentaron imponer condiciones a la venta de la firma cofundada por el antes todopoderoso productor de Hollywood, Harvey Weinstein.<\/p>\n<p>La compa\u00f1\u00eda cay\u00f3 en picada desde que empezaron a conocerse en octubre las\u00a0<strong>denuncias de acoso sexual, abuso\u00a0<\/strong>e incluso\u00a0<strong>violaci\u00f3n<\/strong>\u00a0contra Weinstein, art\u00edfice de innumerables \u00e9xitos del cine, entre ellos &#8220;The Artist&#8221;, &#8220;The King&#8217;s Speech&#8221;, &#8220;Frida&#8221; y &#8220;The Iron Lady&#8221;.<\/p>\n<div id=\"eplAdDivBanner_7_Inline_video\"><\/div>\n<p>&#8220;Si bien reconocemos que este es un resultado extremadamente desafortunado para nuestros empleados, nuestros acreedores y cualquier v\u00edctima, la\u00a0<strong>junta directiva no tiene m\u00e1s remedio<\/strong>\u00a0que buscar la \u00fanica opci\u00f3n viable para\u00a0<strong>maximizar el valor restante<\/strong>\u00a0de la compa\u00f1\u00eda: un proceso de bancarrota&#8221;, dijo la directiva de la empresa The Weinstein Company en un comunicado citado por Los Angeles Times, divulgado el domingo en la noche.<\/p>\n<p>Un reporte similar en The New York Times indic\u00f3 que se\u00a0<strong>cayeron las conversaciones\u00a0<\/strong>entre la firma Weinstein y un<strong>\u00a0grupo inversor<\/strong>\u00a0encabezado por Mar\u00eda Contreras-Sweet, una funcionaria del gobierno del expresidente Barack Obama.<\/p>\n<p>El grupo estaba listo para cerrar el trato para\u00a0<strong>comprar The Weinstein Company<\/strong>\u00a0por unos\u00a0<strong>u$s500 millones<\/strong>, hasta que el estado de Nueva York demand\u00f3 a la firma Weinstein el 11 de febrero por no proteger a sus empleadas del acoso y la agresi\u00f3n sexual, y bloque\u00f3 la operaci\u00f3n.<\/p>\n<p>Esta demanda contra Weinstein, su hermano y su firma fue presentada ante el temor de que la<strong>\u00a0venta inminente\u00a0<\/strong>de la empresa pudiera dejar a las\u00a0<strong>v\u00edctimas sin\u00a0<\/strong>la posibilidad de ser<strong>\u00a0indemnizadas adecuadamente.<\/strong><\/p>\n<p>El fiscal general de Nueva York, Eric Schneiderman, se quej\u00f3 entonces de la negociaci\u00f3n para comprar The Weinstein Company: &#8220;Un acuerdo que esencialmente solo\u00a0<strong>remueve a los hermanos Weinstein<\/strong>\u00a0pero\u00a0<strong>deja al resto de la gerencia<\/strong>\u00a0intacta, pensamos que es inaceptable&#8221;.<\/p>\n<p>La revista de entretenimiento Variety public\u00f3 en su sitio web una\u00a0<strong>carta<\/strong>supuestamente\u00a0<strong>enviada por The Weinstein Company\u00a0<\/strong>a Contreras-Sweet y Ron Burkle, quien tambi\u00e9n ha sido se\u00f1alado como parte del grupo inversor interesado en comprar la compa\u00f1\u00eda.<\/p>\n<p>La carta, fechada el domingo, dice que la firma Weinstein\u00a0<strong>&#8220;ha trabajado sin descanso&#8221;<\/strong>\u00a0tras una reuni\u00f3n con el fiscal Schneiderman y los inversores el pasado mi\u00e9rcoles. Pero se\u00f1ala al grupo inversor de\u00a0<strong>fallar en &#8220;mantener las promesas&#8221;<\/strong>\u00a0hechas respecto a &#8220;pol\u00edticas de\u00a0<strong>derechos humanos de alto est\u00e1ndar<\/strong>&#8221; y a la entrega de la necesaria financiaci\u00f3n temporal.<\/p>\n<p>&#8220;Debemos concluir que su<strong>\u00a0plan de comprar<\/strong>\u00a0esta compa\u00f1\u00eda\u00a0<strong>era ilusorio\u00a0<\/strong>y solo dejar\u00eda a la empresa encaminada hacia su desaparici\u00f3n para el detrimento de todos sus integrantes. Algo que la junta no dejar\u00e1 que ocurra&#8221;, dice el documento divulgado por Variety.<\/p>\n<div id=\"eplAdDivBanner_12_Inline_video\"><\/div>\n<p>Desde que estall\u00f3 el esc\u00e1ndalo Weinstein a comienzos de octubre,\u00a0<strong>decenas de demandas civiles<\/strong>, al menos dos colectivas, fueron presentadas contra Harvey Weinstein y The Weinstein Company, sobre todo por mujeres que denuncian haber sido agredidas por el famoso productor de Hollywood.<\/p>\n<p>Seg\u00fan reportes relevados por AFP, Weinstein est\u00e1 bajo tratamiento por\u00a0<strong>adicci\u00f3n al sexo\u00a0<\/strong>y tiene investigaciones abiertas en Estados Unidos y Gran Breta\u00f1a, aunque no se han presentado cargos en su contra por alg\u00fan crimen. \u00c9l niega haber tenido relaciones sexuales sin consentimiento de las mujeres.<\/p>\n<p>Fuente: iprofesional<\/p>\n<!-- AddThis Advanced Settings generic via filter on the_content -->","protected":false},"excerpt":{"rendered":"<p>La compa\u00f1\u00eda iba a ser comprada por el grupo de una exfuncionaria de Barack Obama, pero no pudo superar el<!-- AddThis Advanced Settings generic via filter on get_the_excerpt --><\/p>\n","protected":false},"author":1,"featured_media":7035,"comment_status":"closed","ping_status":"closed","sticky":false,"template":"","format":"standard","meta":{"colormag_page_container_layout":"default_layout","colormag_page_sidebar_layout":"default_layout","jetpack_post_was_ever_published":false,"_jetpack_newsletter_access":"","_jetpack_dont_email_post_to_subs":false,"_jetpack_newsletter_tier_id":0,"_jetpack_memberships_contains_paywalled_content":false,"_jetpack_memberships_contains_paid_content":false,"footnotes":"","jetpack_publicize_message":"","jetpack_publicize_feature_enabled":true,"jetpack_social_post_already_shared":true,"jetpack_social_options":{"image_generator_settings":{"template":"highway","default_image_id":0,"font":"","enabled":false},"version":2}},"categories":[7],"tags":[17],"class_list":["post-7033","post","type-post","status-publish","format-standard","has-post-thumbnail","hentry","category-management","tag-otros-medios"],"jetpack_publicize_connections":[],"jetpack_featured_media_url":"https:\/\/i0.wp.com\/ccnews.com.ar\/prensa\/wp-content\/uploads\/2018\/02\/448965.jpg?fit=630%2C460","jetpack_shortlink":"https:\/\/wp.me\/p7L1gj-1Pr","jetpack-related-posts":[{"id":3729,"url":"http:\/\/ccnews.com.ar\/prensa\/recursos-para-saber-que-hacer-ante-casos-de-bullying-en-facebook-twitter-e-instagram\/","url_meta":{"origin":7033,"position":0},"title":"Recursos para saber qu\u00e9 hacer ante casos de bullying en Facebook, Twitter e Instagram","author":"CLUSTERciar","date":"9 abril, 2017","format":false,"excerpt":"Cada una con caracter\u00edsticas propias, Facebook , Twitter e Instagram se posicionan como tres redes sociales que re\u00fanen a las principales audiencias en todo el mundo, donde los usuarios comparten fotos, textos y videos con sus familiares y amigos. Con el lema de conectar a todo el mundo, estos espacios\u2026","rel":"","context":"En \u00abEducaci\u00f3n\/Sociedad\u00bb","block_context":{"text":"Educaci\u00f3n\/Sociedad","link":"http:\/\/ccnews.com.ar\/prensa\/category\/educacion-sociedad\/"},"img":{"alt_text":"","src":"https:\/\/i0.wp.com\/ccnews.com.ar\/prensa\/wp-content\/uploads\/2017\/04\/pla.jpg?fit=1200%2C678&resize=350%2C200","width":350,"height":200,"srcset":"https:\/\/i0.wp.com\/ccnews.com.ar\/prensa\/wp-content\/uploads\/2017\/04\/pla.jpg?fit=1200%2C678&resize=350%2C200 1x, https:\/\/i0.wp.com\/ccnews.com.ar\/prensa\/wp-content\/uploads\/2017\/04\/pla.jpg?fit=1200%2C678&resize=525%2C300 1,5x, https:\/\/i0.wp.com\/ccnews.com.ar\/prensa\/wp-content\/uploads\/2017\/04\/pla.jpg?fit=1200%2C678&resize=700%2C400 2x, https:\/\/i0.wp.com\/ccnews.com.ar\/prensa\/wp-content\/uploads\/2017\/04\/pla.jpg?fit=1200%2C678&resize=1050%2C600 3x"},"classes":[]},{"id":1113,"url":"http:\/\/ccnews.com.ar\/prensa\/tres-estudiantes-de-15-anos-desarrollaron-una-aplicacion-para-denunciar-acoso-callejero\/","url_meta":{"origin":7033,"position":1},"title":"Tres estudiantes de 15 a\u00f1os desarrollaron una aplicaci\u00f3n para denunciar acoso callejero","author":"CLUSTERciar","date":"17 agosto, 2016","format":false,"excerpt":"Se trata de Luc\u00eda Mart\u00edn, Roc\u00edo Florencia Ju\u00e1rez y Lorena Sol Bedrune. Son alumnas del Colegio Nacional Buenos Aires y su proyecto estuvo entre los tres ganadores de una competencia de tecnolog\u00eda local. Son tres estudiantes del colegio Nacional Buenos Aires, tienen 15 a\u00f1os y desarrollaron una novedosa aplicaci\u00f3n para\u2026","rel":"","context":"En \u00abTransformaci\u00f3n digital\u00bb","block_context":{"text":"Transformaci\u00f3n digital","link":"http:\/\/ccnews.com.ar\/prensa\/category\/transformacion-digital\/"},"img":{"alt_text":"View image on Twitter","src":"https:\/\/i0.wp.com\/pbs.twimg.com\/media\/Cfhxr2FWwAAZsqW.jpg?resize=350%2C200&ssl=1","width":350,"height":200,"srcset":"https:\/\/i0.wp.com\/pbs.twimg.com\/media\/Cfhxr2FWwAAZsqW.jpg?resize=350%2C200&ssl=1 1x, https:\/\/i0.wp.com\/pbs.twimg.com\/media\/Cfhxr2FWwAAZsqW.jpg?resize=525%2C300&ssl=1 1,5x"},"classes":[]},{"id":14766,"url":"http:\/\/ccnews.com.ar\/prensa\/los-nuevos-organigramas-de-empresas-modernas-que-posiciones-incorporan-y-cuales-atrasan\/","url_meta":{"origin":7033,"position":2},"title":"Nuevos organigramas de empresas modernas: qu\u00e9 posiciones incorporan y cu\u00e1les atrasan","author":"admin","date":"5 marzo, 2020","format":false,"excerpt":"Las empresas de la nueva econom\u00eda no solo revolucionan los negocios, sino la forma de hacerlos y de organizarse. El foco: volverse cada vez m\u00e1s \u00e1giles. Mientras la generaci\u00f3n Z o \"centennials\" (quienes nacieron entre finales de los 90 y mediados de los 2000) se suma a las estructuras laborales,\u2026","rel":"","context":"En \u00abManagement\u00bb","block_context":{"text":"Management","link":"http:\/\/ccnews.com.ar\/prensa\/category\/management\/"},"img":{"alt_text":"","src":"https:\/\/i0.wp.com\/ccnews.com.ar\/prensa\/wp-content\/uploads\/2020\/03\/8787.jpeg?fit=880%2C496&resize=350%2C200","width":350,"height":200,"srcset":"https:\/\/i0.wp.com\/ccnews.com.ar\/prensa\/wp-content\/uploads\/2020\/03\/8787.jpeg?fit=880%2C496&resize=350%2C200 1x, https:\/\/i0.wp.com\/ccnews.com.ar\/prensa\/wp-content\/uploads\/2020\/03\/8787.jpeg?fit=880%2C496&resize=525%2C300 1,5x, https:\/\/i0.wp.com\/ccnews.com.ar\/prensa\/wp-content\/uploads\/2020\/03\/8787.jpeg?fit=880%2C496&resize=700%2C400 2x"},"classes":[]},{"id":2067,"url":"http:\/\/ccnews.com.ar\/prensa\/impulsan-una-app-contra-el-ciberacoso\/","url_meta":{"origin":7033,"position":3},"title":"Impulsan una app contra el ciberacoso","author":"CLUSTERciar","date":"31 octubre, 2016","format":false,"excerpt":"La aplicaci\u00f3n EMMA tiene como objetivo prevenir el grooming. El Concejo Deliberante elabor\u00f3 dos proyectos para que el Municipio la baje a su sistema y se declare de inter\u00e9s. Muchos menores de edad son v\u00edctimas todos los d\u00edas de grooming a trav\u00e9s de las redes sociales, donde son contactados por\u2026","rel":"","context":"En \u00abTransformaci\u00f3n digital\u00bb","block_context":{"text":"Transformaci\u00f3n digital","link":"http:\/\/ccnews.com.ar\/prensa\/category\/transformacion-digital\/"},"img":{"alt_text":"Muchos menores de edad son v\u00edctimas todos los d\u00edas de grooming a trav\u00e9s de las redes sociales","src":"https:\/\/i0.wp.com\/media.lmcipolletti.com\/adjuntos\/198\/imagenes\/002\/242\/0002242589.jpg?resize=350%2C200","width":350,"height":200,"srcset":"https:\/\/i0.wp.com\/media.lmcipolletti.com\/adjuntos\/198\/imagenes\/002\/242\/0002242589.jpg?resize=350%2C200 1x, https:\/\/i0.wp.com\/media.lmcipolletti.com\/adjuntos\/198\/imagenes\/002\/242\/0002242589.jpg?resize=525%2C300 1,5x, https:\/\/i0.wp.com\/media.lmcipolletti.com\/adjuntos\/198\/imagenes\/002\/242\/0002242589.jpg?resize=700%2C400 2x"},"classes":[]},{"id":5435,"url":"http:\/\/ccnews.com.ar\/prensa\/pae-y-axion-energy-se-fusionan-y-crean-la-principal-petrolera-privada-del-pais\/","url_meta":{"origin":7033,"position":4},"title":"PAE y Axion Energy se fusionan y crean la principal petrolera privada del pa\u00eds","author":"CLUSTERciar","date":"11 septiembre, 2017","format":false,"excerpt":"Se trata del movimiento m\u00e1s importante para el sector desde la nacionalizaci\u00f3n de YPF en 2012. El mundo petrolero argentino despert\u00f3 con una de las novedades m\u00e1s fuertes de los \u00faltimos a\u00f1os: la fusi\u00f3n de la operadora Pan American Energy (PAE) y la refinadora Axion Energy. Si bien ambas pertenecen\u2026","rel":"","context":"En \u00abEnerg\u00eda y Producci\u00f3n\u00bb","block_context":{"text":"Energ\u00eda y Producci\u00f3n","link":"http:\/\/ccnews.com.ar\/prensa\/category\/energia-y-produccion\/"},"img":{"alt_text":"","src":"https:\/\/i0.wp.com\/ccnews.com.ar\/prensa\/wp-content\/uploads\/2017\/09\/image_content_8826008_20170911094435.jpg?fit=660%2C370&resize=350%2C200","width":350,"height":200,"srcset":"https:\/\/i0.wp.com\/ccnews.com.ar\/prensa\/wp-content\/uploads\/2017\/09\/image_content_8826008_20170911094435.jpg?fit=660%2C370&resize=350%2C200 1x, https:\/\/i0.wp.com\/ccnews.com.ar\/prensa\/wp-content\/uploads\/2017\/09\/image_content_8826008_20170911094435.jpg?fit=660%2C370&resize=525%2C300 1,5x"},"classes":[]},{"id":1485,"url":"http:\/\/ccnews.com.ar\/prensa\/que-hace-y-que-deberia-hacer-la-escuela-para-evitar-el-bullying\/","url_meta":{"origin":7033,"position":5},"title":"Qu\u00e9 hace y qu\u00e9 deber\u00eda hacer la escuela para evitar el bullying","author":"CLUSTERciar","date":"7 septiembre, 2016","format":false,"excerpt":"La experiencia de algunos pedagogos indica que es clave la capacidad de cada instituci\u00f3n para impulsar m\u00e9todos de prevenci\u00f3n; el estado actual de la legislaci\u00f3n y las actividades en marcha. mam\u00e1 de un adolescente que practica f\u00fatbol en un club de la colectividad jud\u00eda dice:- \"Lo que sucedi\u00f3 en el\u2026","rel":"","context":"En \u00abEducaci\u00f3n\/Sociedad\u00bb","block_context":{"text":"Educaci\u00f3n\/Sociedad","link":"http:\/\/ccnews.com.ar\/prensa\/category\/educacion-sociedad\/"},"img":{"alt_text":"Bullyng en la escuela, que deben hacer las instituciones ante \u00e9stas situaciones","src":"https:\/\/i0.wp.com\/bucket2.glanacion.com\/anexos\/fotos\/67\/educacion-2260567w280.jpg?resize=350%2C200","width":350,"height":200},"classes":[]}],"jetpack_sharing_enabled":true,"_links":{"self":[{"href":"http:\/\/ccnews.com.ar\/prensa\/wp-json\/wp\/v2\/posts\/7033","targetHints":{"allow":["GET"]}}],"collection":[{"href":"http:\/\/ccnews.com.ar\/prensa\/wp-json\/wp\/v2\/posts"}],"about":[{"href":"http:\/\/ccnews.com.ar\/prensa\/wp-json\/wp\/v2\/types\/post"}],"author":[{"embeddable":true,"href":"http:\/\/ccnews.com.ar\/prensa\/wp-json\/wp\/v2\/users\/1"}],"replies":[{"embeddable":true,"href":"http:\/\/ccnews.com.ar\/prensa\/wp-json\/wp\/v2\/comments?post=7033"}],"version-history":[{"count":2,"href":"http:\/\/ccnews.com.ar\/prensa\/wp-json\/wp\/v2\/posts\/7033\/revisions"}],"predecessor-version":[{"id":7039,"href":"http:\/\/ccnews.com.ar\/prensa\/wp-json\/wp\/v2\/posts\/7033\/revisions\/7039"}],"wp:featuredmedia":[{"embeddable":true,"href":"http:\/\/ccnews.com.ar\/prensa\/wp-json\/wp\/v2\/media\/7035"}],"wp:attachment":[{"href":"http:\/\/ccnews.com.ar\/prensa\/wp-json\/wp\/v2\/media?parent=7033"}],"wp:term":[{"taxonomy":"category","embeddable":true,"href":"http:\/\/ccnews.com.ar\/prensa\/wp-json\/wp\/v2\/categories?post=7033"},{"taxonomy":"post_tag","embeddable":true,"href":"http:\/\/ccnews.com.ar\/prensa\/wp-json\/wp\/v2\/tags?post=7033"}],"curies":[{"name":"wp","href":"https:\/\/api.w.org\/{rel}","templated":true}]}}