{"id":7057,"date":"2018-02-27T08:00:59","date_gmt":"2018-02-27T11:00:59","guid":{"rendered":"http:\/\/clusterciarnews.com.ar\/prensa\/?p=7057"},"modified":"2018-02-26T12:12:24","modified_gmt":"2018-02-26T15:12:24","slug":"tecnologia-para-conseguir-una-replica-digital-de-la-cueva-sumergida-de-hoyo-negro-mexico","status":"publish","type":"post","link":"http:\/\/ccnews.com.ar\/prensa\/tecnologia-para-conseguir-una-replica-digital-de-la-cueva-sumergida-de-hoyo-negro-mexico\/","title":{"rendered":"Tecnolog\u00eda para conseguir una r\u00e9plica digital de la cueva sumergida de Hoyo Negro (M\u00e9xico)"},"content":{"rendered":"<p><strong>La sima cuenta con el esqueleto humano m\u00e1s antiguo del continente americano<\/strong><\/p>\n<p>A partir de la utilizaci\u00f3n de diversas t\u00e9cnicas fotogr\u00e1ficas de alta resoluci\u00f3n como la fotogrametr\u00eda y el modelado 3D por estructura, investigadores del\u00a0<a href=\"http:\/\/www.inah.gob.mx\/es\/\" target=\"_blank\" rel=\"noopener\">Instituto Nacional de Antropolog\u00eda e Historia (INAH)<\/a>han desarrollado un modelo tridimensional digital de la cueva sumergida de Hoyo Negro, en Tulum, Quintana Roo (M\u00e9xico). Se reproduce as\u00ed el fondo, los t\u00faneles y paredes de la oquedad donde en 2014 fue hallado el esqueleto humano conocido como\u00a0<strong>Naia<\/strong>, el m\u00e1s antiguo y mejor conservado del continente americano.<\/p>\n<p>Los detalles de estos avances han sido desgranados en una conferencia que ha impartido, Alberto Nava Blank, quien junto con\u00a0<strong>Alejandro \u00c1lvarez<\/strong>\u00a0y<strong>\u00a0Franco Attolini<\/strong>\u00a0descubri\u00f3 en 2007 el sitio. Seg\u00fan sus palabras, debido a su complejidad y a la falta de luz para registrar la cueva, se ha tenido que recurrir a procedimientos diversos, entre ellos el \u2018pintar con luces\u2019 la oquedad mediante un registro fotogr\u00e1fico con tomas multidimensionales que, ya procesadas digitalmente, crean un mapa complejo del fondo de la cavidad y los t\u00faneles que la conectan.<\/p>\n<p>Tras la captura detallada de las im\u00e1genes, el grupo de investigadores del INAH se han concentrado en la\u00a0<strong>creaci\u00f3n de software<\/strong>\u00a0y han desarrollado<strong>\u00a0programas espec\u00edficamente para Hoyo Negro<\/strong>, con los que es posible \u2018navegar\u2019 entre las grietas del sitio. Es muy dif\u00edcil distinguir, debido a la falta de luz, entre huesos y rocas, pues son casi del mismo color.<\/p>\n<p>Esta tecnolog\u00eda desarrollada por el ingeniero\u00a0<strong>Vic Petrovic, de la Universidad de California, en San Diego<\/strong>, e importante colaborador del proyecto, ha permitido a los investigadores tener acceso a visualizaciones que el ojo humano no es capaz de detectar, a trav\u00e9s de estos modelos 3D.<\/p>\n<p>Nava Blanck ha asegurado que\u00a0<strong>ya se tiene registrado en 3D el piso del Hoyo Negro,<\/strong>\u00a0cuyas dimensiones son de poco m\u00e1s de 60 metros de di\u00e1metro y 50 de profundidad, as\u00ed como algunas paredes. Este avance se realiz\u00f3 en poco m\u00e1s de dos a\u00f1os, por lo que la conclusi\u00f3n final de la digitalizaci\u00f3n del sitio se llevar\u00eda casi el mismo tiempo.<\/p>\n<p><strong>El cr\u00e1neo de Naia<\/strong><br \/>\nCon la utilizaci\u00f3n de un esc\u00e1ner de luz estructurada, investigadores del INAH, adscritos al\u00a0<strong>Laboratorio de Documentaci\u00f3n y An\u00e1lisis Tridimensional de la Coordinaci\u00f3n Nacional de Conservaci\u00f3n del Patrimonio Cultural (CNCPC),<\/strong>\u00a0han realizado un\u00a0<strong>modelo tridimensional digital del cr\u00e1neo, la mand\u00edbula y algunas otras piezas \u00f3seas de Naia<\/strong>. Esto permitir\u00e1 investigar y obtener m\u00e1s informaci\u00f3n del ejemplar sin poner en riesgo los restos \u00f3seos.<\/p>\n<p>Estamos ante el esqueleto de\u00a0<strong>una mujer que al morir ten\u00eda entre 15 y 17 a\u00f1os de edad y cuya antig\u00fcedad se calcula en 13.000 a\u00f1os<\/strong>\u00a0aproximadamente. Ante la fragilidad que guardan los restos \u00f3seos y para continuar su an\u00e1lisis, se ha llevado a cabo un levantamiento tridimensional de las piezas, con lo que se an obtenido r\u00e9plicas digitales precisas del cr\u00e1neo, la mand\u00edbula, el h\u00famero, la clav\u00edcula y el omoplato, que reducen al m\u00e1ximo su manipulaci\u00f3n.<\/p>\n<p>De hecho, a partir del modelo tridimensional digital de los restos \u00f3seos de Naia, se quieren generar a medio plazo impresiones en 3D con fines de difusi\u00f3n.<\/p>\n<p><iframe loading=\"lazy\" src=\"https:\/\/www.youtube.com\/embed\/5_wd9OXu7H0\" width=\"100%\" height=\"315\" frameborder=\"0\" allowfullscreen=\"allowfullscreen\" data-mce-fragment=\"1\"><\/iframe><\/p>\n<p>&nbsp;<\/p>\n<p>fuente:\u00a0innovaspain<\/p>\n<!-- AddThis Advanced Settings generic via filter on the_content -->","protected":false},"excerpt":{"rendered":"<p>La sima cuenta con el esqueleto humano m\u00e1s antiguo del continente americano A partir de la utilizaci\u00f3n de diversas t\u00e9cnicas<!-- AddThis Advanced Settings generic via filter on get_the_excerpt --><\/p>\n","protected":false},"author":1,"featured_media":7059,"comment_status":"closed","ping_status":"closed","sticky":false,"template":"","format":"standard","meta":{"colormag_page_container_layout":"default_layout","colormag_page_sidebar_layout":"default_layout","jetpack_post_was_ever_published":false,"_jetpack_newsletter_access":"","_jetpack_dont_email_post_to_subs":false,"_jetpack_newsletter_tier_id":0,"_jetpack_memberships_contains_paywalled_content":false,"_jetpack_memberships_contains_paid_content":false,"footnotes":"","jetpack_publicize_message":"","jetpack_publicize_feature_enabled":true,"jetpack_social_post_already_shared":true,"jetpack_social_options":{"image_generator_settings":{"template":"highway","default_image_id":0,"font":"","enabled":false},"version":2}},"categories":[5],"tags":[17],"class_list":["post-7057","post","type-post","status-publish","format-standard","has-post-thumbnail","hentry","category-transformacion-digital","tag-otros-medios"],"jetpack_publicize_connections":[],"jetpack_featured_media_url":"https:\/\/i0.wp.com\/ccnews.com.ar\/prensa\/wp-content\/uploads\/2018\/02\/tec_01.jpg?fit=696%2C464","jetpack_shortlink":"https:\/\/wp.me\/p7L1gj-1PP","jetpack-related-posts":[{"id":8865,"url":"http:\/\/ccnews.com.ar\/prensa\/el-futuro-ya-llego-como-cambiara-la-vida-con-el-5g-y-la-inteligencia-artificial\/","url_meta":{"origin":7057,"position":0},"title":"El futuro ya lleg\u00f3: c\u00f3mo cambiar\u00e1 la vida con el 5G y la inteligencia artificial","author":"CLUSTERciar","date":"20 septiembre, 2018","format":false,"excerpt":"(Enviado especial)-\u00a0El desarrollo del\u00a05G, la Inteligencia Artificial (IA) y la denominada Internet de las Cosas (IoT)\u00a0se llevan toda la atenci\u00f3n en el\u00a0Mobile World Congress (MWC) Americas\u00a0que se realiza en la ciudad de Los \u00c1ngeles (EEUU), donde se re\u00fanen l\u00edderes mundiales de la tecnolog\u00eda m\u00f3vil, de la industria de los medios\u2026","rel":"","context":"En \u00abTransformaci\u00f3n digital\u00bb","block_context":{"text":"Transformaci\u00f3n digital","link":"http:\/\/ccnews.com.ar\/prensa\/category\/transformacion-digital\/"},"img":{"alt_text":"","src":"https:\/\/i0.wp.com\/ccnews.com.ar\/prensa\/wp-content\/uploads\/2018\/09\/Untitled-1.jpg?fit=730%2C410&resize=350%2C200","width":350,"height":200,"srcset":"https:\/\/i0.wp.com\/ccnews.com.ar\/prensa\/wp-content\/uploads\/2018\/09\/Untitled-1.jpg?fit=730%2C410&resize=350%2C200 1x, https:\/\/i0.wp.com\/ccnews.com.ar\/prensa\/wp-content\/uploads\/2018\/09\/Untitled-1.jpg?fit=730%2C410&resize=525%2C300 1,5x, https:\/\/i0.wp.com\/ccnews.com.ar\/prensa\/wp-content\/uploads\/2018\/09\/Untitled-1.jpg?fit=730%2C410&resize=700%2C400 2x"},"classes":[]},{"id":14218,"url":"http:\/\/ccnews.com.ar\/prensa\/las-8-mejores-estrategias-de-marketing-digital-para-2020\/","url_meta":{"origin":7057,"position":1},"title":"Las 8 mejores estrategias de marketing digital para 2020","author":"admin","date":"10 enero, 2020","format":false,"excerpt":"El marketing digital se mueve y cambia de forma muy r\u00e1pida. Durante 2019 las b\u00fasquedas por voz fueron una de las tendencias que reinaron en el marketing digital, pero 2020 ya est\u00e1 aqu\u00ed y trae novedades importantes. Hacemos un repaso por lo que ser\u00e1n las principales tendencias de marketing para\u2026","rel":"","context":"En \u00abManagement\u00bb","block_context":{"text":"Management","link":"http:\/\/ccnews.com.ar\/prensa\/category\/management\/"},"img":{"alt_text":"","src":"https:\/\/i0.wp.com\/ccnews.com.ar\/prensa\/wp-content\/uploads\/2020\/01\/estrategias-de-marketing-1.jpg?fit=800%2C445&resize=350%2C200","width":350,"height":200,"srcset":"https:\/\/i0.wp.com\/ccnews.com.ar\/prensa\/wp-content\/uploads\/2020\/01\/estrategias-de-marketing-1.jpg?fit=800%2C445&resize=350%2C200 1x, https:\/\/i0.wp.com\/ccnews.com.ar\/prensa\/wp-content\/uploads\/2020\/01\/estrategias-de-marketing-1.jpg?fit=800%2C445&resize=525%2C300 1,5x, https:\/\/i0.wp.com\/ccnews.com.ar\/prensa\/wp-content\/uploads\/2020\/01\/estrategias-de-marketing-1.jpg?fit=800%2C445&resize=700%2C400 2x"},"classes":[]},{"id":8957,"url":"http:\/\/ccnews.com.ar\/prensa\/que-hacen-los-satelites-de-invap-que-ya-estan-en-el-espacio\/","url_meta":{"origin":7057,"position":2},"title":"Qu\u00e9 hacen los sat\u00e9lites de Invap que ya est\u00e1n en el espacio","author":"CLUSTERciar","date":"3 octubre, 2018","format":false,"excerpt":"BARILOCHE.\u00a0En los \u00faltimos 5 a\u00f1os fueron dos los sat\u00e9lites dise\u00f1ados en Bariloche que est\u00e1n en \u00f3rbita. Su misi\u00f3n est\u00e1 vinculada al medio ambiente y las telecomunicaciones. Invap concluy\u00f3 y est\u00e1 a punto de enviar al espacio el sat\u00e9lite Saocom 1A que ser\u00e1 lanzado desde California, estados Unidos, al espacio a\u2026","rel":"","context":"En \u00abSustentabilidad\u00bb","block_context":{"text":"Sustentabilidad","link":"http:\/\/ccnews.com.ar\/prensa\/category\/sustentabilidad\/"},"img":{"alt_text":"","src":"https:\/\/i0.wp.com\/ccnews.com.ar\/prensa\/wp-content\/uploads\/2018\/10\/image_content_9896853_20180713103746.jpg?fit=660%2C370&resize=350%2C200","width":350,"height":200,"srcset":"https:\/\/i0.wp.com\/ccnews.com.ar\/prensa\/wp-content\/uploads\/2018\/10\/image_content_9896853_20180713103746.jpg?fit=660%2C370&resize=350%2C200 1x, https:\/\/i0.wp.com\/ccnews.com.ar\/prensa\/wp-content\/uploads\/2018\/10\/image_content_9896853_20180713103746.jpg?fit=660%2C370&resize=525%2C300 1,5x"},"classes":[]},{"id":15260,"url":"http:\/\/ccnews.com.ar\/prensa\/la-crisis-por-el-coronavirus-dispara-la-demanda-de-expertos-en-cobol-un-lenguaje-informatico-de-1959\/","url_meta":{"origin":7057,"position":3},"title":"La crisis por el coronavirus dispara la demanda de expertos en Cobol, un lenguaje inform\u00e1tico de 1959","author":"Editor","date":"17 abril, 2020","format":false,"excerpt":"En los Estados Unidos algunos distritos han comenzado a hacer un llamamiento desesperado para encontrar a expertos en Cobol, un lenguaje de programaci\u00f3n de hace 60 a\u00f1os. A pesar de su longevidad es vital en instituciones y empresas financieras, como los bancos y aseguradoras. Seg\u00fan inform\u00f3 el diario digital Mashable,\u2026","rel":"","context":"En \u00abCovid-19\u00bb","block_context":{"text":"Covid-19","link":"http:\/\/ccnews.com.ar\/prensa\/category\/covid-19\/"},"img":{"alt_text":"","src":"https:\/\/i0.wp.com\/ccnews.com.ar\/prensa\/wp-content\/uploads\/2020\/04\/469378.jpg?fit=880%2C495&resize=350%2C200","width":350,"height":200,"srcset":"https:\/\/i0.wp.com\/ccnews.com.ar\/prensa\/wp-content\/uploads\/2020\/04\/469378.jpg?fit=880%2C495&resize=350%2C200 1x, https:\/\/i0.wp.com\/ccnews.com.ar\/prensa\/wp-content\/uploads\/2020\/04\/469378.jpg?fit=880%2C495&resize=525%2C300 1,5x, https:\/\/i0.wp.com\/ccnews.com.ar\/prensa\/wp-content\/uploads\/2020\/04\/469378.jpg?fit=880%2C495&resize=700%2C400 2x"},"classes":[]},{"id":8045,"url":"http:\/\/ccnews.com.ar\/prensa\/5-reglas-que-los-lideres-en-tecnologia-le-imponen-a-sus-hijos\/","url_meta":{"origin":7057,"position":4},"title":"5 reglas que los l\u00edderes en tecnolog\u00eda le imponen a sus hijos","author":"admin","date":"16 junio, 2018","format":false,"excerpt":"Bill Gates, Steve Jobs y Tim Cook est\u00e1n muy involucrados en la tecnolog\u00eda, pero hasta ellos entienden que los excesos no son buenos Si tus\u00a0hijos\u00a0se la pasan todo el d\u00eda\u00a0pegados a una pantalla, no est\u00e1s solo. Muchos padres no saben c\u00f3mo regular el comportamiento de su familia respecto a la\u2026","rel":"","context":"En \u00abEducaci\u00f3n\/Sociedad\u00bb","block_context":{"text":"Educaci\u00f3n\/Sociedad","link":"http:\/\/ccnews.com.ar\/prensa\/category\/educacion-sociedad\/"},"img":{"alt_text":"","src":"https:\/\/i0.wp.com\/ccnews.com.ar\/prensa\/wp-content\/uploads\/2018\/06\/tecnologia_p.jpg?fit=763%2C463&resize=350%2C200","width":350,"height":200,"srcset":"https:\/\/i0.wp.com\/ccnews.com.ar\/prensa\/wp-content\/uploads\/2018\/06\/tecnologia_p.jpg?fit=763%2C463&resize=350%2C200 1x, https:\/\/i0.wp.com\/ccnews.com.ar\/prensa\/wp-content\/uploads\/2018\/06\/tecnologia_p.jpg?fit=763%2C463&resize=525%2C300 1,5x, https:\/\/i0.wp.com\/ccnews.com.ar\/prensa\/wp-content\/uploads\/2018\/06\/tecnologia_p.jpg?fit=763%2C463&resize=700%2C400 2x"},"classes":[]},{"id":13922,"url":"http:\/\/ccnews.com.ar\/prensa\/cinco-tendencias-de-negocios-que-los-expertos-destacan-para-2020\/","url_meta":{"origin":7057,"position":5},"title":"Cinco tendencias de negocios que los expertos destacan para 2020","author":"admin","date":"13 diciembre, 2019","format":false,"excerpt":"El ADN de un emprendedor le exige estar atento a las tendencias que mueven el mundo. Durante la pr\u00f3xima d\u00e9cada se esperan cambios exponenciales en diversas \u00e1reas relacionadas con temas como la tecnolog\u00eda, la salud o la econom\u00eda, por lo que tambi\u00e9n se abrir\u00e1n \u00e1reas de oportunidad que ser\u00e1n dominadas\u2026","rel":"","context":"En \u00abManagement\u00bb","block_context":{"text":"Management","link":"http:\/\/ccnews.com.ar\/prensa\/category\/management\/"},"img":{"alt_text":"","src":"https:\/\/i0.wp.com\/ccnews.com.ar\/prensa\/wp-content\/uploads\/2019\/12\/gettyimages-1158400684.jpg?fit=1200%2C676&resize=350%2C200","width":350,"height":200,"srcset":"https:\/\/i0.wp.com\/ccnews.com.ar\/prensa\/wp-content\/uploads\/2019\/12\/gettyimages-1158400684.jpg?fit=1200%2C676&resize=350%2C200 1x, https:\/\/i0.wp.com\/ccnews.com.ar\/prensa\/wp-content\/uploads\/2019\/12\/gettyimages-1158400684.jpg?fit=1200%2C676&resize=525%2C300 1,5x, https:\/\/i0.wp.com\/ccnews.com.ar\/prensa\/wp-content\/uploads\/2019\/12\/gettyimages-1158400684.jpg?fit=1200%2C676&resize=700%2C400 2x, https:\/\/i0.wp.com\/ccnews.com.ar\/prensa\/wp-content\/uploads\/2019\/12\/gettyimages-1158400684.jpg?fit=1200%2C676&resize=1050%2C600 3x"},"classes":[]}],"jetpack_sharing_enabled":true,"_links":{"self":[{"href":"http:\/\/ccnews.com.ar\/prensa\/wp-json\/wp\/v2\/posts\/7057","targetHints":{"allow":["GET"]}}],"collection":[{"href":"http:\/\/ccnews.com.ar\/prensa\/wp-json\/wp\/v2\/posts"}],"about":[{"href":"http:\/\/ccnews.com.ar\/prensa\/wp-json\/wp\/v2\/types\/post"}],"author":[{"embeddable":true,"href":"http:\/\/ccnews.com.ar\/prensa\/wp-json\/wp\/v2\/users\/1"}],"replies":[{"embeddable":true,"href":"http:\/\/ccnews.com.ar\/prensa\/wp-json\/wp\/v2\/comments?post=7057"}],"version-history":[{"count":2,"href":"http:\/\/ccnews.com.ar\/prensa\/wp-json\/wp\/v2\/posts\/7057\/revisions"}],"predecessor-version":[{"id":7063,"href":"http:\/\/ccnews.com.ar\/prensa\/wp-json\/wp\/v2\/posts\/7057\/revisions\/7063"}],"wp:featuredmedia":[{"embeddable":true,"href":"http:\/\/ccnews.com.ar\/prensa\/wp-json\/wp\/v2\/media\/7059"}],"wp:attachment":[{"href":"http:\/\/ccnews.com.ar\/prensa\/wp-json\/wp\/v2\/media?parent=7057"}],"wp:term":[{"taxonomy":"category","embeddable":true,"href":"http:\/\/ccnews.com.ar\/prensa\/wp-json\/wp\/v2\/categories?post=7057"},{"taxonomy":"post_tag","embeddable":true,"href":"http:\/\/ccnews.com.ar\/prensa\/wp-json\/wp\/v2\/tags?post=7057"}],"curies":[{"name":"wp","href":"https:\/\/api.w.org\/{rel}","templated":true}]}}