{"id":7071,"date":"2018-03-06T08:00:03","date_gmt":"2018-03-06T11:00:03","guid":{"rendered":"http:\/\/clusterciarnews.com.ar\/prensa\/?p=7071"},"modified":"2018-03-05T16:53:54","modified_gmt":"2018-03-05T19:53:54","slug":"en-ee-uu-disenan-un-metodo-que-identifica-el-talento-de-cada-persona","status":"publish","type":"post","link":"http:\/\/ccnews.com.ar\/prensa\/en-ee-uu-disenan-un-metodo-que-identifica-el-talento-de-cada-persona\/","title":{"rendered":"EN EE.UU DISE\u00d1AN UN M\u00c9TODO QUE IDENTIFICA EL TALENTO DE CADA PERSONA"},"content":{"rendered":"<p>Un nuevo m\u00e9todo, de base cient\u00edfica, irrumpe con fuerza desde Estados Unidos para identificar los talentos innatos dominantes de cada persona, sea un ni\u00f1o, un alto ejecutivo o un joven emprendedor.<\/p>\n<p>El denominado\u00a0<strong>Clifton StrengthsFinder<\/strong>\u00a0es el resultado de la investigaci\u00f3n realizada por la compa\u00f1\u00eda americana Gallup tras entrevistar a casi 2 millones de profesionales en todo el mundo, consigna el diario La Vanguardia.<\/p>\n<p><strong>Este sistema podr\u00eda comportar un cambio de paradigma en la gesti\u00f3n de los recursos humanos y es aplicable tanto en el mundo profesional como en el educativo<\/strong>, con actividades para identificar los talentos innatos y potenciar su desarrollo.<\/p>\n<p>El m\u00e9todo aboga por la gesti\u00f3n de las habilidades para dejar as\u00ed de afrontar s\u00f3lo las debilidades, como hasta ahora, con la pretensi\u00f3n de que cada persona puede aprender a ser competente en casi todo. &#8220;Las mayores oportunidades de crecimiento individual se encuentran en sus \u00e1reas de mayor fortaleza, los talentos son \u00fanicos y duraderos&#8221;, dice a La Vanguardia Joan Ramon Alabart, profesor de la Universitat Rovira i Virgili (URV).<\/p>\n<p>Director desde hace 20 a\u00f1os del MBA (M\u00e1ster en Direcci\u00f3n y Gesti\u00f3n de Empresas) de la URV, el profesor Alabart es uno de los primeros coach europeos en superar la formaci\u00f3n espec\u00edfica en Estados Unidos, concretamente en Seattle, para poder aplicar el nuevo m\u00e9todo. Gallup, referente internacional en el sector de las ciencias sociales, se ha marcado el objetivo de preparar a cerca de 1 mill\u00f3n de personas para divulgar este sistema a escala global.<\/p>\n<p>&#8220;Las capacidades tienen un fuerte componente innato, entre los 3 y los 16 a\u00f1os se forman los talentos&#8221;, advierte Alabart. Los talentos afloran a partir de la fractura de millones de conexiones sin\u00e1pticas, las relaciones de contacto que se establecen entre las terminaciones de las c\u00e9lulas nerviosas en el cerebro. Se sostiene que la base del talento es fisiol\u00f3gica.<\/p>\n<p><strong>Se trata de una herramienta pensada tambi\u00e9n para ayudar en la toma de decisiones en una organizaci\u00f3n o una empresa.<\/strong>\u00a0&#8220;Si detectas las habilidades de tus empleados beneficiar\u00e1s a la estructura de la empresa, pero queda mucho trabajo por hacer en este sentido. Por desconocimiento puedes perder 15 a\u00f1os de un determinado empleado al que le podr\u00edas haber sacado mucho provecho&#8221;, destaca a La Vanguardia Alfred Arias, profesor tambi\u00e9n de la Rovira i Virgili, team coach especializado en la gesti\u00f3n de recursos humanos, con experiencia en grandes compa\u00f1\u00edas.<\/p>\n<p>Este m\u00e9todo es, pues, una forma rigurosa de autoconocimiento que permite elaborar, si se aplica de forma correcta, un ranking personalizado con las mejores aptitudes de cada persona. &#8220;Debemos potenciar y explotar los talentos innatos, aquellos determinados por nuestras autopistas neuronales&#8221;, destaca Arias.<\/p>\n<p>El primer paso es someterse al cuestionario de los 34 talentos, que ha sido respondido ya por diez millones de personas en el mundo, la mayor\u00eda en Estados Unidos. Todos los resultados han servido para ir perfeccionando el propio sistema gracias a la experiencia.<\/p>\n<p><strong>Tras contestar a este complejo cuestionario, los datos son procesados y cada persona recibe una suerte de diagn\u00f3stico<\/strong>, como un traje a medida, relata el diario catal\u00e1n.<\/p>\n<p>De los 34 talentos perfectamente descriptos en un diccionario creado por el propio m\u00e9todo, cada individuo posee los denominados diez talentos &#8220;dominantes&#8221;. De mayor a menor grado, en este primer ranking se describen las diez mejores aptitudes de cada persona, sea su capacidad para aprender, para liderar un equipo, para avanzarse al futuro o para percibir obst\u00e1culos y amenazas; talentos como la responsabilidad, la disciplina o la capacidad para adaptarse continuamente al cambio. As\u00ed hasta una clasificaci\u00f3n \u00fanica de 34 tipos de habilidades. Los talentos situados al final de la clasificaci\u00f3n raramente los utilizaremos, seg\u00fan advierten los expertos consultados por La Vanguardia.<\/p>\n<p>Esta primera fase de identificaci\u00f3n de los puntos fuertes de cada persona es para muchos una suerte de redescubrimiento personal. &#8220;Los talentos forman una parte muy \u00edntima de la naturaleza de cada uno, pero no somos conscientes. Quienes nos conocen s\u00ed, todo talento tiene tambi\u00e9n su parte negativa&#8221;, explica el profesor Alabart.<br \/>\nCon la detecci\u00f3n de las aptitudes no se ha terminado ni el trabajo ni tampoco el m\u00e9todo; llega entonces el momento de pasar a la acci\u00f3n, para lograr potenciar los mejores talentos.<\/p>\n<p>Se realizan entonces sesiones de coaching espec\u00edficas para dise\u00f1ar estrategias concretas que permitan utilizar las cualidades dominantes, aquellos aspectos en los que un determinado individuo es muy bueno. Se trabaja tambi\u00e9n para relacionar estas capacidades con las experiencias profesionales vividas, para discernir si el \u00e9xito ha estado conectado con las mejores aptitudes personales.<\/p>\n<p>&#8220;Podemos replicar de forma deliberada aquello que sin saberlo nos hab\u00eda conducido al \u00e9xito. Tiene una potencia brutal porque est\u00e1 basado en la investigaci\u00f3n&#8221;, concluye Alabart.<\/p>\n<p>Fuente:Iprofesional<\/p>\n<!-- AddThis Advanced Settings generic via filter on the_content -->","protected":false},"excerpt":{"rendered":"<p>Un nuevo m\u00e9todo, de base cient\u00edfica, irrumpe con fuerza desde Estados Unidos para identificar los talentos innatos dominantes de cada<!-- AddThis Advanced Settings generic via filter on get_the_excerpt --><\/p>\n","protected":false},"author":1,"featured_media":7079,"comment_status":"closed","ping_status":"closed","sticky":false,"template":"","format":"standard","meta":{"colormag_page_container_layout":"default_layout","colormag_page_sidebar_layout":"default_layout","jetpack_post_was_ever_published":false,"_jetpack_newsletter_access":"","_jetpack_dont_email_post_to_subs":false,"_jetpack_newsletter_tier_id":0,"_jetpack_memberships_contains_paywalled_content":false,"_jetpack_memberships_contains_paid_content":false,"footnotes":"","jetpack_publicize_message":"","jetpack_publicize_feature_enabled":true,"jetpack_social_post_already_shared":true,"jetpack_social_options":{"image_generator_settings":{"template":"highway","default_image_id":0,"font":"","enabled":false},"version":2}},"categories":[7],"tags":[17],"class_list":["post-7071","post","type-post","status-publish","format-standard","has-post-thumbnail","hentry","category-management","tag-otros-medios"],"jetpack_publicize_connections":[],"jetpack_featured_media_url":"https:\/\/i0.wp.com\/ccnews.com.ar\/prensa\/wp-content\/uploads\/2018\/02\/c69b7f6b3abe10f8eb06ff79f0fa076b.jpg?fit=620%2C364","jetpack_shortlink":"https:\/\/wp.me\/p7L1gj-1Q3","jetpack-related-posts":[{"id":3321,"url":"http:\/\/ccnews.com.ar\/prensa\/gestion-de-las-personas-nuevas-tecnicas-de-seleccion-y-reclutamiento\/","url_meta":{"origin":7071,"position":0},"title":"Gesti\u00f3n de las personas: nuevas t\u00e9cnicas de selecci\u00f3n y reclutamiento","author":"CLUSTERciar","date":"21 febrero, 2017","format":false,"excerpt":"Paula Urquiza, Responsable de Empleos, Capacitaci\u00f3n y Desarrollo del CLUSTERciar, nos cuenta sobre el reclutamiento de personal. Cuando hablamos de la selecci\u00f3n de los empleados, nos referimos a una serie de tareas realizadas para captar y atraer candidatos, los cuales deben cumplir con ciertos requisitos para ocupar puestos dentro de\u2026","rel":"","context":"En \u00abManagement\u00bb","block_context":{"text":"Management","link":"http:\/\/ccnews.com.ar\/prensa\/category\/management\/"},"img":{"alt_text":"hiring_banner_600x100","src":"https:\/\/i0.wp.com\/clusterciarnews.com.ar\/prensa\/wp-content\/uploads\/2017\/02\/hiring_banner_600x100.gif?resize=350%2C200","width":350,"height":200,"srcset":"https:\/\/i0.wp.com\/clusterciarnews.com.ar\/prensa\/wp-content\/uploads\/2017\/02\/hiring_banner_600x100.gif?resize=350%2C200 1x, https:\/\/i0.wp.com\/clusterciarnews.com.ar\/prensa\/wp-content\/uploads\/2017\/02\/hiring_banner_600x100.gif?resize=525%2C300 1,5x"},"classes":[]},{"id":1801,"url":"http:\/\/ccnews.com.ar\/prensa\/priorizando-el-capital-humano-gestion-del-bienestar-rse\/","url_meta":{"origin":7071,"position":1},"title":"Priorizando el capital humano &#8211; Gesti\u00f3n del Bienestar RSE","author":"CLUSTERciar","date":"28 septiembre, 2016","format":false,"excerpt":"CUSTERciar News entrevist\u00f3 a la Responsable de Empleos, Capacitaci\u00f3n y Desarrollo, de RRHH del CLUSTERciar,\u00a0 Paula Urquiza, acerca del innovador trabajo que se est\u00e1 realizando en Gesti\u00f3n del Bienestar. Para contextualizar, en principio coment\u00f3 que la Direcci\u00f3n de Desarrollo Organizacional DDO, de donde se desprender\u00e1 el trabajo en bienestar, tiene\u2026","rel":"","context":"En \u00abManagement\u00bb","block_context":{"text":"Management","link":"http:\/\/ccnews.com.ar\/prensa\/category\/management\/"},"img":{"alt_text":"","src":"","width":0,"height":0},"classes":[]},{"id":16426,"url":"http:\/\/ccnews.com.ar\/prensa\/el-teletrabajo-impulso-la-terciarizacion-de-servicios-de-recursos-humanos\/","url_meta":{"origin":7071,"position":2},"title":"El teletrabajo impuls\u00f3 la terciarizaci\u00f3n de servicios de Recursos Humanos","author":"Editor","date":"17 diciembre, 2020","format":false,"excerpt":"En pandemia se derribaron varios mitos y creci\u00f3 el rol del HRBP pero, \u00bfse puede delegar en una firma externa el 100% de la gesti\u00f3n del capital humano?","rel":"","context":"En \u00abManagement\u00bb","block_context":{"text":"Management","link":"http:\/\/ccnews.com.ar\/prensa\/category\/management\/"},"img":{"alt_text":"","src":"","width":0,"height":0},"classes":[]},{"id":8067,"url":"http:\/\/ccnews.com.ar\/prensa\/como-se-gestiona-el-talento-en-la-era-de-la-transformacion-digital\/","url_meta":{"origin":7071,"position":3},"title":"\u00bfC\u00f3mo se gestiona el talento en la era de la transformaci\u00f3n digital?","author":"CLUSTERciar","date":"14 junio, 2018","format":false,"excerpt":"El mundo tradicional del trabajo privilegi\u00f3 contratar empleados de determinadas carreras, que hubieran estudiado en determinada universidad En un mundo en constante cambio, es un hecho que las empresas se est\u00e1n enfrentando su propia transformaci\u00f3n digital, y una de las cuestiones m\u00e1s importantes es entender que no s\u00f3lo se trata\u2026","rel":"","context":"En \u00abManagement\u00bb","block_context":{"text":"Management","link":"http:\/\/ccnews.com.ar\/prensa\/category\/management\/"},"img":{"alt_text":"","src":"https:\/\/i0.wp.com\/ccnews.com.ar\/prensa\/wp-content\/uploads\/2018\/06\/397802.jpg?fit=640%2C460&resize=350%2C200","width":350,"height":200,"srcset":"https:\/\/i0.wp.com\/ccnews.com.ar\/prensa\/wp-content\/uploads\/2018\/06\/397802.jpg?fit=640%2C460&resize=350%2C200 1x, https:\/\/i0.wp.com\/ccnews.com.ar\/prensa\/wp-content\/uploads\/2018\/06\/397802.jpg?fit=640%2C460&resize=525%2C300 1,5x"},"classes":[]},{"id":10659,"url":"http:\/\/ccnews.com.ar\/prensa\/hoy-la-innovacion-es-condicion-de-supervivencia\/","url_meta":{"origin":7071,"position":4},"title":"&#8220;Hoy la innovaci\u00f3n  es condici\u00f3n de supervivencia&#8221;","author":"CLUSTERciar","date":"7 marzo, 2019","format":false,"excerpt":"Cada vez son m\u00e1s las organizaciones que apuestan por la innovaci\u00f3n y la aplican de un modo org\u00e1nico, incorpor\u00e1ndola a sus estrategias corporativas. Un caso reciente es CLUSTERciar, la agrupaci\u00f3n de empresas que el 1\u00ba de febrero inaugur\u00f3 su Gerencia de Innovaci\u00f3n. \u00a0El emprendedor y tecn\u00f3logo Santiago Bilinkis dijo una\u2026","rel":"","context":"En \u00abManagement\u00bb","block_context":{"text":"Management","link":"http:\/\/ccnews.com.ar\/prensa\/category\/management\/"},"img":{"alt_text":"","src":"https:\/\/i0.wp.com\/ccnews.com.ar\/prensa\/wp-content\/uploads\/2019\/03\/nota-ccnews-2.jpg?fit=803%2C404&resize=350%2C200","width":350,"height":200,"srcset":"https:\/\/i0.wp.com\/ccnews.com.ar\/prensa\/wp-content\/uploads\/2019\/03\/nota-ccnews-2.jpg?fit=803%2C404&resize=350%2C200 1x, https:\/\/i0.wp.com\/ccnews.com.ar\/prensa\/wp-content\/uploads\/2019\/03\/nota-ccnews-2.jpg?fit=803%2C404&resize=525%2C300 1,5x, https:\/\/i0.wp.com\/ccnews.com.ar\/prensa\/wp-content\/uploads\/2019\/03\/nota-ccnews-2.jpg?fit=803%2C404&resize=700%2C400 2x"},"classes":[]},{"id":1911,"url":"http:\/\/ccnews.com.ar\/prensa\/los-intraemprendedores-ganan-protagonismo-en-las-companias\/","url_meta":{"origin":7071,"position":5},"title":"Los &#8220;intraemprendedores&#8221; ganan protagonismo en las compa\u00f1\u00edas","author":"CLUSTERciar","date":"16 octubre, 2016","format":false,"excerpt":"Varias empresas incentivan a los trabajadores para que desarrollen proyectos propios; la estrategia permite el lanzamiento de productos y servicios y act\u00faa como una pol\u00edtica de motivaci\u00f3n Era la \u00e9poca en que los autos que se fabricaban se pintaban con dos colores. En la empresa 3M, Richard Drew, un \"simple\"\u2026","rel":"","context":"En \u00abManagement\u00bb","block_context":{"text":"Management","link":"http:\/\/ccnews.com.ar\/prensa\/category\/management\/"},"img":{"alt_text":"","src":"","width":0,"height":0},"classes":[]}],"jetpack_sharing_enabled":true,"_links":{"self":[{"href":"http:\/\/ccnews.com.ar\/prensa\/wp-json\/wp\/v2\/posts\/7071","targetHints":{"allow":["GET"]}}],"collection":[{"href":"http:\/\/ccnews.com.ar\/prensa\/wp-json\/wp\/v2\/posts"}],"about":[{"href":"http:\/\/ccnews.com.ar\/prensa\/wp-json\/wp\/v2\/types\/post"}],"author":[{"embeddable":true,"href":"http:\/\/ccnews.com.ar\/prensa\/wp-json\/wp\/v2\/users\/1"}],"replies":[{"embeddable":true,"href":"http:\/\/ccnews.com.ar\/prensa\/wp-json\/wp\/v2\/comments?post=7071"}],"version-history":[{"count":2,"href":"http:\/\/ccnews.com.ar\/prensa\/wp-json\/wp\/v2\/posts\/7071\/revisions"}],"predecessor-version":[{"id":7081,"href":"http:\/\/ccnews.com.ar\/prensa\/wp-json\/wp\/v2\/posts\/7071\/revisions\/7081"}],"wp:featuredmedia":[{"embeddable":true,"href":"http:\/\/ccnews.com.ar\/prensa\/wp-json\/wp\/v2\/media\/7079"}],"wp:attachment":[{"href":"http:\/\/ccnews.com.ar\/prensa\/wp-json\/wp\/v2\/media?parent=7071"}],"wp:term":[{"taxonomy":"category","embeddable":true,"href":"http:\/\/ccnews.com.ar\/prensa\/wp-json\/wp\/v2\/categories?post=7071"},{"taxonomy":"post_tag","embeddable":true,"href":"http:\/\/ccnews.com.ar\/prensa\/wp-json\/wp\/v2\/tags?post=7071"}],"curies":[{"name":"wp","href":"https:\/\/api.w.org\/{rel}","templated":true}]}}