{"id":7091,"date":"2018-03-05T08:00:12","date_gmt":"2018-03-05T11:00:12","guid":{"rendered":"http:\/\/clusterciarnews.com.ar\/prensa\/?p=7091"},"modified":"2018-03-07T17:47:53","modified_gmt":"2018-03-07T20:47:53","slug":"operadoras-exigiran-a-empresas-de-transporte-buenas-practicas","status":"publish","type":"post","link":"http:\/\/ccnews.com.ar\/prensa\/operadoras-exigiran-a-empresas-de-transporte-buenas-practicas\/","title":{"rendered":"OPERADORAS EXIGIR\u00c1N A EMPRESAS DE TRANSPORTE BUENAS PR\u00c1CTICAS"},"content":{"rendered":"<p><strong>La intenci\u00f3n es reducir los siniestros viales. Deber\u00e1n cumplir con la norma ISO 39001 que busca mejorar conocimientos de los conductores.<\/strong><\/p>\n<p>Para minimizar los siniestros viales, las operadoras petroleras comenzar\u00e1n a exigir a las empresas el cumplimiento de lanorma ISO 39001 de Gesti\u00f3n en la Seguridad Vial, aprobada en el pa\u00eds en 2012.<\/p>\n<p>Para ello, a trav\u00e9s del Centro Pyme, el IRAM Comahue brind\u00f3 una capacitaci\u00f3n intensiva a consultores que asesoran a pymes neuquinas dedicadas a prestar servicios petroleros y transporte de pasajeros y cargas. La norma es una de las acciones incluidas en el Decenio de las Naciones Unidas de acci\u00f3n para la seguridad vial 2011-2020, que busca reducir las v\u00edctimas fatales en accidentes de tr\u00e1nsito.<\/p>\n<p>Fueron 16 los asesores que participaron de la capacitaci\u00f3n sobre la norma ISO 39001 de Gesti\u00f3n en la Seguridad Vial. El curso se hizo en el Centro Pyme de Neuqu\u00e9n y consisti\u00f3 en tres jornadas de modalidad intensiva.<\/p>\n<p>Seg\u00fan se\u00f1al\u00f3 Anal\u00eda Romero, coordinadora del programa de Mejora Continua del Centro Pyme al diario \u201cR\u00edo Negro\u201d que las m\u00e1s interesadas fueron las empresas de transporte de pasajeros, ya que la CNRT sac\u00f3 una resoluci\u00f3n para que a septiembre de este a\u00f1o esas empresas tengan certificada la norma o al menos implementados los procedimientos<\/p>\n<p>La ISO 39001 fue creada en el pa\u00eds en 2012 y la primera empresa en certificarla fue YPF, mientras que en la regi\u00f3n reci\u00e9n tres empresas de transporte de cargas llegaron a ese nivel.<\/p>\n<p>Romero precis\u00f3 que las pymes est\u00e1n interesadas porque es un requisito de sus clientes, pero esperan que paulatinamente lo hagan por propia voluntad, ya que la seguridad vial es un tema de todos.<\/p>\n<p>fuente:\u00a0vaca muerta news<\/p>\n<!-- AddThis Advanced Settings generic via filter on the_content -->","protected":false},"excerpt":{"rendered":"<p>La intenci\u00f3n es reducir los siniestros viales. Deber\u00e1n cumplir con la norma ISO 39001 que busca mejorar conocimientos de los<!-- AddThis Advanced Settings generic via filter on get_the_excerpt --><\/p>\n","protected":false},"author":1,"featured_media":7099,"comment_status":"closed","ping_status":"closed","sticky":false,"template":"","format":"standard","meta":{"colormag_page_container_layout":"default_layout","colormag_page_sidebar_layout":"default_layout","jetpack_post_was_ever_published":false,"_jetpack_newsletter_access":"","_jetpack_dont_email_post_to_subs":false,"_jetpack_newsletter_tier_id":0,"_jetpack_memberships_contains_paywalled_content":false,"_jetpack_memberships_contains_paid_content":false,"footnotes":"","jetpack_publicize_message":"","jetpack_publicize_feature_enabled":true,"jetpack_social_post_already_shared":true,"jetpack_social_options":{"image_generator_settings":{"template":"highway","default_image_id":0,"font":"","enabled":false},"version":2}},"categories":[11],"tags":[17],"class_list":["post-7091","post","type-post","status-publish","format-standard","has-post-thumbnail","hentry","category-energia-y-produccion","tag-otros-medios"],"jetpack_publicize_connections":[],"jetpack_featured_media_url":"https:\/\/i0.wp.com\/ccnews.com.ar\/prensa\/wp-content\/uploads\/2018\/03\/20180222112001.jpg?fit=300%2C150","jetpack_shortlink":"https:\/\/wp.me\/p7L1gj-1Qn","jetpack-related-posts":[{"id":14816,"url":"http:\/\/ccnews.com.ar\/prensa\/los-sistemas-de-prevencion-una-apuesta-de-los-ods-para-reforzar-la-seguridad-vial\/","url_meta":{"origin":7091,"position":0},"title":"Los sistemas de prevenci\u00f3n, una apuesta de los ODS para reforzar la seguridad vial","author":"admin","date":"7 marzo, 2020","format":false,"excerpt":"La seguridad vial se ha convertido en uno de los focos prioritarios para garantizar el bienestar social. A la hora de promover una conducci\u00f3n responsable, el consumo de alcohol y las drogas contin\u00faa siendo un factor de riesgo que no hay que pasar por alto. En 2018, m\u00e1s del 40%\u2026","rel":"","context":"En \u00abEducaci\u00f3n\/Sociedad\u00bb","block_context":{"text":"Educaci\u00f3n\/Sociedad","link":"http:\/\/ccnews.com.ar\/prensa\/category\/educacion-sociedad\/"},"img":{"alt_text":"","src":"https:\/\/i0.wp.com\/ccnews.com.ar\/prensa\/wp-content\/uploads\/2020\/03\/2181549.jpeg?fit=980%2C560&resize=350%2C200","width":350,"height":200,"srcset":"https:\/\/i0.wp.com\/ccnews.com.ar\/prensa\/wp-content\/uploads\/2020\/03\/2181549.jpeg?fit=980%2C560&resize=350%2C200 1x, https:\/\/i0.wp.com\/ccnews.com.ar\/prensa\/wp-content\/uploads\/2020\/03\/2181549.jpeg?fit=980%2C560&resize=525%2C300 1,5x, https:\/\/i0.wp.com\/ccnews.com.ar\/prensa\/wp-content\/uploads\/2020\/03\/2181549.jpeg?fit=980%2C560&resize=700%2C400 2x"},"classes":[]},{"id":16707,"url":"http:\/\/ccnews.com.ar\/prensa\/impulsan-el-uso-de-la-bicicleta-y-la-caminata-para-mejorar-el-espacio-publico\/","url_meta":{"origin":7091,"position":1},"title":"Impulsan el uso de la bicicleta y la caminata para mejorar el espacio p\u00fablico","author":"admin","date":"6 octubre, 2021","format":false,"excerpt":"En 2020 viajaron en bicicleta 405.000 personas por d\u00eda, contra los 320.000 que lo hicieron en 2019. La incorporaci\u00f3n de ciclistas y peatones al entramado vial es uno de los desaf\u00edos actuales para las diferentes jurisdicciones, estac\u00f3 la Agencia Nacional de Seguridad Vial en la semana de la Movilidad Sustentable.","rel":"","context":"En \u00abSustentabilidad\u00bb","block_context":{"text":"Sustentabilidad","link":"http:\/\/ccnews.com.ar\/prensa\/category\/sustentabilidad\/"},"img":{"alt_text":"","src":"https:\/\/i0.wp.com\/ccnews.com.ar\/prensa\/wp-content\/uploads\/2021\/10\/tobias-cornille-ZPpC98Vus3k-unsplash.jpg?fit=1200%2C797&resize=350%2C200","width":350,"height":200,"srcset":"https:\/\/i0.wp.com\/ccnews.com.ar\/prensa\/wp-content\/uploads\/2021\/10\/tobias-cornille-ZPpC98Vus3k-unsplash.jpg?fit=1200%2C797&resize=350%2C200 1x, https:\/\/i0.wp.com\/ccnews.com.ar\/prensa\/wp-content\/uploads\/2021\/10\/tobias-cornille-ZPpC98Vus3k-unsplash.jpg?fit=1200%2C797&resize=525%2C300 1,5x, https:\/\/i0.wp.com\/ccnews.com.ar\/prensa\/wp-content\/uploads\/2021\/10\/tobias-cornille-ZPpC98Vus3k-unsplash.jpg?fit=1200%2C797&resize=700%2C400 2x, https:\/\/i0.wp.com\/ccnews.com.ar\/prensa\/wp-content\/uploads\/2021\/10\/tobias-cornille-ZPpC98Vus3k-unsplash.jpg?fit=1200%2C797&resize=1050%2C600 3x"},"classes":[]},{"id":10791,"url":"http:\/\/ccnews.com.ar\/prensa\/menos-decisiones-humanas-y-mas-tecnologia-para-evitar-accidentes-de-trafico\/","url_meta":{"origin":7091,"position":2},"title":"Menos decisiones humanas y m\u00e1s tecnolog\u00eda para evitar accidentes de tr\u00e1fico","author":"admin","date":"14 marzo, 2019","format":false,"excerpt":"\u00bfC\u00f3mo puede la tecnolog\u00eda ayudarnos a mejorar la seguridad en las carreteras? \u00bfPuede ayudar a reducir la siniestralidad incluso si hay factores psicol\u00f3gicos o sociales implicados? La seguridad es una de las necesidades m\u00e1s profundas que tenemos las personas y, a la vez, somos el mayor factor de riesgo en\u2026","rel":"","context":"En \u00abTransformaci\u00f3n digital\u00bb","block_context":{"text":"Transformaci\u00f3n digital","link":"http:\/\/ccnews.com.ar\/prensa\/category\/transformacion-digital\/"},"img":{"alt_text":"","src":"https:\/\/i0.wp.com\/ccnews.com.ar\/prensa\/wp-content\/uploads\/2019\/03\/tec1-1.jpg?fit=670%2C447&resize=350%2C200","width":350,"height":200,"srcset":"https:\/\/i0.wp.com\/ccnews.com.ar\/prensa\/wp-content\/uploads\/2019\/03\/tec1-1.jpg?fit=670%2C447&resize=350%2C200 1x, https:\/\/i0.wp.com\/ccnews.com.ar\/prensa\/wp-content\/uploads\/2019\/03\/tec1-1.jpg?fit=670%2C447&resize=525%2C300 1,5x"},"classes":[]},{"id":8307,"url":"http:\/\/ccnews.com.ar\/prensa\/nuevo-impulso-para-las-pymes-petroleras\/","url_meta":{"origin":7091,"position":3},"title":"Nuevo impulso para las pymes petroleras","author":"CLUSTERciar","date":"8 julio, 2018","format":false,"excerpt":"El gobierno neuquino crear\u00e1 el Cluster Vaca Muerta con el objetivo de fomentar el desarrollo del entramado empresarial y el empleo. El organismo ya nuclea a un centenar de firmas y ahora sumar\u00e1 a operadoras, gremios y universidades. El gobernador de Neuqu\u00e9n, Omar Guti\u00e9rrez, avanza en los detalles finales del\u2026","rel":"","context":"En \u00abEnerg\u00eda y Producci\u00f3n\u00bb","block_context":{"text":"Energ\u00eda y Producci\u00f3n","link":"http:\/\/ccnews.com.ar\/prensa\/category\/energia-y-produccion\/"},"img":{"alt_text":"","src":"https:\/\/i0.wp.com\/ccnews.com.ar\/prensa\/wp-content\/uploads\/2018\/07\/image_content_9861225_20180705012238.jpg?fit=660%2C370&resize=350%2C200","width":350,"height":200,"srcset":"https:\/\/i0.wp.com\/ccnews.com.ar\/prensa\/wp-content\/uploads\/2018\/07\/image_content_9861225_20180705012238.jpg?fit=660%2C370&resize=350%2C200 1x, https:\/\/i0.wp.com\/ccnews.com.ar\/prensa\/wp-content\/uploads\/2018\/07\/image_content_9861225_20180705012238.jpg?fit=660%2C370&resize=525%2C300 1,5x"},"classes":[]},{"id":8379,"url":"http:\/\/ccnews.com.ar\/prensa\/actualidad-domingo-08-07-2018-1444-tiempo-de-lectura-0223-478-palabras-el-cluster-vaca-muerta-dara-impulso-a-las-pymes-petroleras\/","url_meta":{"origin":7091,"position":4},"title":"Cl\u00faster Vaca Muerta: pymes desean ser aliados estrat\u00e9gicos de los gremios","author":"CLUSTERciar","date":"29 julio, 2018","format":false,"excerpt":"El gobierno neuquino crear\u00e1 el Cluster Vaca Muerta con el objetivo de fomentar el desarrollo del entramado empresarial y el empleo. El gobierno de la provincia de Neuqu\u00e9n prepara los detalles finales para dar forma al Cluster Vaca Muerta, un organismo desde el cual se impulsar\u00e1 el desarrollo del entramado\u2026","rel":"","context":"En \u00abManagement\u00bb","block_context":{"text":"Management","link":"http:\/\/ccnews.com.ar\/prensa\/category\/management\/"},"img":{"alt_text":"","src":"https:\/\/i0.wp.com\/ccnews.com.ar\/prensa\/wp-content\/uploads\/2018\/07\/20180708144401.jpg?fit=1190%2C531&resize=350%2C200","width":350,"height":200,"srcset":"https:\/\/i0.wp.com\/ccnews.com.ar\/prensa\/wp-content\/uploads\/2018\/07\/20180708144401.jpg?fit=1190%2C531&resize=350%2C200 1x, https:\/\/i0.wp.com\/ccnews.com.ar\/prensa\/wp-content\/uploads\/2018\/07\/20180708144401.jpg?fit=1190%2C531&resize=525%2C300 1,5x, https:\/\/i0.wp.com\/ccnews.com.ar\/prensa\/wp-content\/uploads\/2018\/07\/20180708144401.jpg?fit=1190%2C531&resize=700%2C400 2x, https:\/\/i0.wp.com\/ccnews.com.ar\/prensa\/wp-content\/uploads\/2018\/07\/20180708144401.jpg?fit=1190%2C531&resize=1050%2C600 3x"},"classes":[]},{"id":1335,"url":"http:\/\/ccnews.com.ar\/prensa\/el-gobierno-invertira-mas-de-15-000-millones-en-obras-viales-para-la-industria\/","url_meta":{"origin":7091,"position":5},"title":"El Gobierno invertir\u00e1 m\u00e1s de $ 15.000 millones en obras viales para la industria","author":"CLUSTERciar","date":"25 agosto, 2016","format":false,"excerpt":"ENTREVISTA CON JAVIER IGUACEL, DIRECTOR DE VIALIDAD NACIONAL \u00c9se es el presupuesto que Vialidad Nacional destinar\u00e1 a mejorar la infraestructura vial en las provincias con actividad hidrocarbur\u00edfera. En Neuqu\u00e9n se destaca la autopista hasta A\u00f1elo para apuntalar el desarrollo de Vaca Muerta. En el Golfo San Jorge se concluir\u00e1 la\u2026","rel":"","context":"En \u00abEnerg\u00eda y Producci\u00f3n\u00bb","block_context":{"text":"Energ\u00eda y Producci\u00f3n","link":"http:\/\/ccnews.com.ar\/prensa\/category\/energia-y-produccion\/"},"img":{"alt_text":"RUTA","src":"https:\/\/i0.wp.com\/revistapetroquimica.com\/wp-content\/uploads\/2016\/08\/RUTA.jpg?resize=350%2C200","width":350,"height":200,"srcset":"https:\/\/i0.wp.com\/revistapetroquimica.com\/wp-content\/uploads\/2016\/08\/RUTA.jpg?resize=350%2C200 1x, https:\/\/i0.wp.com\/revistapetroquimica.com\/wp-content\/uploads\/2016\/08\/RUTA.jpg?resize=525%2C300 1,5x, https:\/\/i0.wp.com\/revistapetroquimica.com\/wp-content\/uploads\/2016\/08\/RUTA.jpg?resize=700%2C400 2x"},"classes":[]}],"jetpack_sharing_enabled":true,"_links":{"self":[{"href":"http:\/\/ccnews.com.ar\/prensa\/wp-json\/wp\/v2\/posts\/7091","targetHints":{"allow":["GET"]}}],"collection":[{"href":"http:\/\/ccnews.com.ar\/prensa\/wp-json\/wp\/v2\/posts"}],"about":[{"href":"http:\/\/ccnews.com.ar\/prensa\/wp-json\/wp\/v2\/types\/post"}],"author":[{"embeddable":true,"href":"http:\/\/ccnews.com.ar\/prensa\/wp-json\/wp\/v2\/users\/1"}],"replies":[{"embeddable":true,"href":"http:\/\/ccnews.com.ar\/prensa\/wp-json\/wp\/v2\/comments?post=7091"}],"version-history":[{"count":2,"href":"http:\/\/ccnews.com.ar\/prensa\/wp-json\/wp\/v2\/posts\/7091\/revisions"}],"predecessor-version":[{"id":7161,"href":"http:\/\/ccnews.com.ar\/prensa\/wp-json\/wp\/v2\/posts\/7091\/revisions\/7161"}],"wp:featuredmedia":[{"embeddable":true,"href":"http:\/\/ccnews.com.ar\/prensa\/wp-json\/wp\/v2\/media\/7099"}],"wp:attachment":[{"href":"http:\/\/ccnews.com.ar\/prensa\/wp-json\/wp\/v2\/media?parent=7091"}],"wp:term":[{"taxonomy":"category","embeddable":true,"href":"http:\/\/ccnews.com.ar\/prensa\/wp-json\/wp\/v2\/categories?post=7091"},{"taxonomy":"post_tag","embeddable":true,"href":"http:\/\/ccnews.com.ar\/prensa\/wp-json\/wp\/v2\/tags?post=7091"}],"curies":[{"name":"wp","href":"https:\/\/api.w.org\/{rel}","templated":true}]}}