{"id":7127,"date":"2018-03-02T08:00:36","date_gmt":"2018-03-02T11:00:36","guid":{"rendered":"http:\/\/clusterciarnews.com.ar\/prensa\/?p=7127"},"modified":"2018-03-05T17:27:04","modified_gmt":"2018-03-05T20:27:04","slug":"la-pobreza-energetica-europea-ya-tiene-un-observatorio","status":"publish","type":"post","link":"http:\/\/ccnews.com.ar\/prensa\/la-pobreza-energetica-europea-ya-tiene-un-observatorio\/","title":{"rendered":"La Pobreza Energ\u00e9tica europea ya tiene un observatorio"},"content":{"rendered":"<p><strong>La\u00a0Pobreza Energ\u00e9tica europea\u00a0afecta a m\u00e1s de 50 millones de hogares en Europa. Por eso fue creado recientemente el observatorio europeo de la pobreza energ\u00e9tica.\u00a0El nuevo organismo tiene como siglas. (EU Energy Poverty Observatory &#8211; EPOV). Y es una instituci\u00f3n destinada a fomentar el conocimiento y la repercusi\u00f3n de la pobreza energ\u00e9tica en Europa.<\/strong><\/p>\n<p>Fue creado por la Comisi\u00f3n Europea. Estar\u00e1 encargado de investigar las pol\u00edticas para combatir la pobreza energ\u00e9tica. Adem\u00e1s de concientizar sobre el problema. En especial en al\u00a0Uni\u00f3n Europea (UE).<\/p>\n<p>Los objetivos claros son:<\/p>\n<ul>\n<li>Mejorar la transparencia recopilando datos existentes en los diferentes pa\u00edses de la UE. Adem\u00e1s de proporcionarlos de forma abierta y amigable<\/li>\n<li>Fomentar el trabajo en red y el intercambio de conocimiento.<\/li>\n<li>Difundir informaci\u00f3n y proporcionar asistencia t\u00e9cnica que ayude a todos los Estados combatir esta problem\u00e1tica.<\/li>\n<\/ul>\n<p>Adem\u00e1s en el observatorio se har\u00e1n una serie de actuaciones para mejorar la transparencia. Esto se har\u00e1 mediante los informes de los diferentes pa\u00edses de la UE. Asimismo impulsar\u00e1 el trabajo colaborativo entre los diferentes actores. Esto se har\u00e1 por el intercambio de conocimiento.<\/p>\n<h4>Modernizar el tema de la pobreza energ\u00e9tica europea<\/h4>\n<p>La herramienta innovadora del observatorio es modernizar el tema. La\u00a0<em>pobreza Energ\u00e9tica europea\u00a0<\/em>tendr\u00e1 ahora una plataforma web. Desde ah\u00ed se informar\u00e1 sobre las practicas, foros, avances, noticias. En fin todo lo relacionado al tema que afecta tanto a Europa.<\/p>\n<p>El observatorio est\u00e1 formado por un consorcio de\u00a0entidades europeas. Estas son lideradas por la University of Manchester. Adem\u00e1s est\u00e1n Ecofys, European Policy Centre, Intrasoft International, National Energy Action y Wuppertal Institute.<\/p>\n<p>Seg\u00fan la Comisi\u00f3n Europea, 50 millones de hogares europeos se encuentran en alguna situaci\u00f3n de vulnerabilidad energ\u00e9tica.\u00a0La pobreza energ\u00e9tica es la incapacidad de un hogar para alcanzar una cantidad m\u00ednima de servicios. Estos est\u00e1n basados en la energ\u00eda que cubran las necesidades b\u00e1sicas.<\/p>\n<p>Una de ellas es mantener la vivienda en unas condiciones de temperatura adecuadas. Estas est\u00e1n entre la salud (entre 18\u00baC y 21\u00baC en invierno y 25\u00baC en verano.<\/p>\n<h4>Medidas para la\u00a0<strong>Pobreza Energ\u00e9tica europea<\/strong><\/h4>\n<p>Se podr\u00e1n abordar las pol\u00edticas y medidas para luchar contra la\u00a0<u>pobreza energ\u00e9tica europea\u00a0<\/u>. La pobreza energ\u00e9tica europea va dependiendo de cada regi\u00f3n. La primera propuesta es potenciar la formaci\u00f3n y el asesoramiento energ\u00e9tico.\u00a0Qu\u00e9 se lograr\u00eda con esto?,\u00a0reducir la pobreza energ\u00e9tica en los estados de la Uni\u00f3n Europea.<\/p>\n<p>Adem\u00e1s propone una serie de medidas.\u00a0Ayudas econ\u00f3micas para rehabilitaci\u00f3n energ\u00e9tica de los hogares. Asesoramiento energ\u00e9tico para unidades familiares en riesgo. Mayores ayudas financiera que permitan rebajar las facturas energ\u00e9ticas. Pol\u00edticas anti desconexi\u00f3n Para aumentar los\u00a0recursos formativos\u00a0y pedag\u00f3gicos del usuario. Adem\u00e1s de la participaci\u00f3n e implicaci\u00f3n de todos los actores sociales.<\/p>\n<p>fuente:\u00a0energia16<\/p>\n<!-- AddThis Advanced Settings generic via filter on the_content -->","protected":false},"excerpt":{"rendered":"<p>La\u00a0Pobreza Energ\u00e9tica europea\u00a0afecta a m\u00e1s de 50 millones de hogares en Europa. Por eso fue creado recientemente el observatorio europeo<!-- AddThis Advanced Settings generic via filter on get_the_excerpt --><\/p>\n","protected":false},"author":1,"featured_media":7131,"comment_status":"closed","ping_status":"closed","sticky":false,"template":"","format":"standard","meta":{"colormag_page_container_layout":"default_layout","colormag_page_sidebar_layout":"default_layout","jetpack_post_was_ever_published":false,"_jetpack_newsletter_access":"","_jetpack_dont_email_post_to_subs":false,"_jetpack_newsletter_tier_id":0,"_jetpack_memberships_contains_paywalled_content":false,"_jetpack_memberships_contains_paid_content":false,"footnotes":"","jetpack_publicize_message":"","jetpack_publicize_feature_enabled":true,"jetpack_social_post_already_shared":true,"jetpack_social_options":{"image_generator_settings":{"template":"highway","default_image_id":0,"font":"","enabled":false},"version":2}},"categories":[3],"tags":[17],"class_list":["post-7127","post","type-post","status-publish","format-standard","has-post-thumbnail","hentry","category-sustentabilidad","tag-otros-medios"],"jetpack_publicize_connections":[],"jetpack_featured_media_url":"https:\/\/i0.wp.com\/ccnews.com.ar\/prensa\/wp-content\/uploads\/2018\/03\/sectorenergetico_PRINCIPAL-850x491.jpg?fit=850%2C491","jetpack_shortlink":"https:\/\/wp.me\/p7L1gj-1QX","jetpack-related-posts":[{"id":367,"url":"http:\/\/ccnews.com.ar\/prensa\/antonio-llarden-el-gas-puede-ayudar-a-la-descarbonizacion-y-las-renovables\/","url_meta":{"origin":7127,"position":0},"title":"Antonio Llard\u00e9n: &#8220;El gas puede ayudar a la descarbonizaci\u00f3n y las renovables&#8221;","author":"CLUSTERciar","date":"2 marzo, 2016","format":false,"excerpt":"Antonio Llard\u00e9n: \"El gas puede ayudar a la descarbonizaci\u00f3n y las renovables\" El presidente de Enag\u00e1s, Antonio Llard\u00e9n, fue el invitado del Foro de Alta Direcci\u00f3n Horizonte 2020, organizado por El Confidencial\u00a0en colaboraci\u00f3n con PwC. Las l\u00edneas cardinales que la compa\u00f1\u00eda se ha fijado en este lustro, la transici\u00f3n hacia\u2026","rel":"","context":"En \u00abEnerg\u00eda y Producci\u00f3n\u00bb","block_context":{"text":"Energ\u00eda y Producci\u00f3n","link":"http:\/\/ccnews.com.ar\/prensa\/category\/energia-y-produccion\/"},"img":{"alt_text":"trace","src":"https:\/\/i0.wp.com\/clusterciar.com.ar\/wp\/wp-content\/uploads\/2016\/04\/trace-300x85.jpg?resize=350%2C200","width":350,"height":200},"classes":[]},{"id":14794,"url":"http:\/\/ccnews.com.ar\/prensa\/dia-internacional-de-la-eficiencia-energetica-que-habitos-cambiar-que-tecnologia-elegir\/","url_meta":{"origin":7127,"position":1},"title":"D\u00eda Internacional de la Eficiencia Energ\u00e9tica: \u00bfQu\u00e9 h\u00e1bitos cambiar? \u00bfQu\u00e9 tecnolog\u00eda elegir?","author":"admin","date":"5 marzo, 2020","format":false,"excerpt":"Hoy se celebra el D\u00eda Internacional de la Eficiencia Energ\u00e9tica. En esta fecha que invita a reflexionar sobre la necesidad y los beneficios de usar la energ\u00eda de forma eficiente, CCNews convers\u00f3 con la Ing. Andrea Heins, ex Subsecretaria de Ahorro y Eficiencia Energ\u00e9tica de la Naci\u00f3n. Hace 22 a\u00f1os\u2026","rel":"","context":"En \u00abEnerg\u00eda y Producci\u00f3n\u00bb","block_context":{"text":"Energ\u00eda y Producci\u00f3n","link":"http:\/\/ccnews.com.ar\/prensa\/category\/energia-y-produccion\/"},"img":{"alt_text":"","src":"https:\/\/i0.wp.com\/ccnews.com.ar\/prensa\/wp-content\/uploads\/2020\/03\/nota.jpg?fit=816%2C426&resize=350%2C200","width":350,"height":200,"srcset":"https:\/\/i0.wp.com\/ccnews.com.ar\/prensa\/wp-content\/uploads\/2020\/03\/nota.jpg?fit=816%2C426&resize=350%2C200 1x, https:\/\/i0.wp.com\/ccnews.com.ar\/prensa\/wp-content\/uploads\/2020\/03\/nota.jpg?fit=816%2C426&resize=525%2C300 1,5x, https:\/\/i0.wp.com\/ccnews.com.ar\/prensa\/wp-content\/uploads\/2020\/03\/nota.jpg?fit=816%2C426&resize=700%2C400 2x"},"classes":[]},{"id":7179,"url":"http:\/\/ccnews.com.ar\/prensa\/avanza-el-programa-de-eficiencia-energetica-de-neuquen\/","url_meta":{"origin":7127,"position":2},"title":"Avanza el programa de eficiencia energ\u00e9tica de Neuqu\u00e9n","author":"admin","date":"20 marzo, 2018","format":false,"excerpt":"Se realiz\u00f3 una nueva reuni\u00f3n en dependencias de la EPET N\u00ba 10 de Plaza Huincul, a fin de planificar acciones de ahorro y eficiencia energ\u00e9tica en el establecimiento. Se determin\u00f3 de esta forma, la capacitaci\u00f3n del alumnado y el personal mediante el Instituto Argentino del Petr\u00f3leo y del Gas y\u2026","rel":"","context":"En \u00abEnerg\u00eda y Producci\u00f3n\u00bb","block_context":{"text":"Energ\u00eda y Producci\u00f3n","link":"http:\/\/ccnews.com.ar\/prensa\/category\/energia-y-produccion\/"},"img":{"alt_text":"","src":"https:\/\/i0.wp.com\/ccnews.com.ar\/prensa\/wp-content\/uploads\/2018\/03\/20180223224701.jpg?fit=1000%2C493&resize=350%2C200","width":350,"height":200,"srcset":"https:\/\/i0.wp.com\/ccnews.com.ar\/prensa\/wp-content\/uploads\/2018\/03\/20180223224701.jpg?fit=1000%2C493&resize=350%2C200 1x, https:\/\/i0.wp.com\/ccnews.com.ar\/prensa\/wp-content\/uploads\/2018\/03\/20180223224701.jpg?fit=1000%2C493&resize=525%2C300 1,5x, https:\/\/i0.wp.com\/ccnews.com.ar\/prensa\/wp-content\/uploads\/2018\/03\/20180223224701.jpg?fit=1000%2C493&resize=700%2C400 2x"},"classes":[]},{"id":2377,"url":"http:\/\/ccnews.com.ar\/prensa\/eficiencia-energetica-y-gestion-en-plantas-industriales\/","url_meta":{"origin":7127,"position":3},"title":"Eficiencia energ\u00e9tica y gesti\u00f3n en plantas industriales","author":"CLUSTERciar","date":"26 noviembre, 2016","format":false,"excerpt":"El Centro Argentino de Ingenieros fue sede de una jornada sobre el tema, con exposiciones de Gonzalo Estivariz, Carlos Blanc, Fernando Rosa y Andrea Afranchi. En tiempos en los que la electricidad es noticia por los costos del servicio o por apagones, el Departamento T\u00e9cnico del Centro Argentino de Ingenieros\u2026","rel":"","context":"En \u00abEnerg\u00eda y Producci\u00f3n\u00bb","block_context":{"text":"Energ\u00eda y Producci\u00f3n","link":"http:\/\/ccnews.com.ar\/prensa\/category\/energia-y-produccion\/"},"img":{"alt_text":"","src":"https:\/\/i0.wp.com\/ccnews.com.ar\/prensa\/wp-content\/uploads\/2016\/11\/20161102_CAI-Energia-1.jpg?fit=800%2C533&resize=350%2C200","width":350,"height":200,"srcset":"https:\/\/i0.wp.com\/ccnews.com.ar\/prensa\/wp-content\/uploads\/2016\/11\/20161102_CAI-Energia-1.jpg?fit=800%2C533&resize=350%2C200 1x, https:\/\/i0.wp.com\/ccnews.com.ar\/prensa\/wp-content\/uploads\/2016\/11\/20161102_CAI-Energia-1.jpg?fit=800%2C533&resize=525%2C300 1,5x, https:\/\/i0.wp.com\/ccnews.com.ar\/prensa\/wp-content\/uploads\/2016\/11\/20161102_CAI-Energia-1.jpg?fit=800%2C533&resize=700%2C400 2x"},"classes":[]},{"id":16264,"url":"http:\/\/ccnews.com.ar\/prensa\/por-una-educacion-de-calidad-y-con-inclusion\/","url_meta":{"origin":7127,"position":4},"title":"Por una educaci\u00f3n de calidad y con inclusi\u00f3n","author":"Editor","date":"30 octubre, 2020","format":false,"excerpt":"En este siglo el crecimiento econ\u00f3mico de las naciones depende cada vez m\u00e1s de la acumulaci\u00f3n de capital humano, es decir, del hombre mismo y de sus conocimientos.","rel":"","context":"En \u00abEducaci\u00f3n\/Sociedad\u00bb","block_context":{"text":"Educaci\u00f3n\/Sociedad","link":"http:\/\/ccnews.com.ar\/prensa\/category\/educacion-sociedad\/"},"img":{"alt_text":"","src":"https:\/\/i0.wp.com\/ccnews.com.ar\/prensa\/wp-content\/uploads\/2020\/10\/ocho-millones-alumnos-vuelven-lo-largo-esta-semana-clases-espana-pese-los-rebrotes-coronavirus.jpg?fit=690%2C460&resize=350%2C200","width":350,"height":200,"srcset":"https:\/\/i0.wp.com\/ccnews.com.ar\/prensa\/wp-content\/uploads\/2020\/10\/ocho-millones-alumnos-vuelven-lo-largo-esta-semana-clases-espana-pese-los-rebrotes-coronavirus.jpg?fit=690%2C460&resize=350%2C200 1x, https:\/\/i0.wp.com\/ccnews.com.ar\/prensa\/wp-content\/uploads\/2020\/10\/ocho-millones-alumnos-vuelven-lo-largo-esta-semana-clases-espana-pese-los-rebrotes-coronavirus.jpg?fit=690%2C460&resize=525%2C300 1,5x"},"classes":[]},{"id":13412,"url":"http:\/\/ccnews.com.ar\/prensa\/conducta-y-sociedad\/","url_meta":{"origin":7127,"position":5},"title":"Conducta y sociedad","author":"admin","date":"29 octubre, 2019","format":false,"excerpt":"Es imprescindible una mirada integradora para el dise\u00f1o e implementaci\u00f3n de las pol\u00edticas p\u00fablicas, que considere el conocimiento de c\u00f3mo somos las personas a partir de la evidencia cient\u00edfica, y no solo de las creencias personales de los servidores p\u00fablicos. Las neurociencias y las ciencias del comportamiento humano ayudan a\u2026","rel":"","context":"En \u00abEducaci\u00f3n\/Sociedad\u00bb","block_context":{"text":"Educaci\u00f3n\/Sociedad","link":"http:\/\/ccnews.com.ar\/prensa\/category\/educacion-sociedad\/"},"img":{"alt_text":"","src":"https:\/\/i0.wp.com\/ccnews.com.ar\/prensa\/wp-content\/uploads\/2019\/10\/1.png?fit=578%2C329&resize=350%2C200","width":350,"height":200,"srcset":"https:\/\/i0.wp.com\/ccnews.com.ar\/prensa\/wp-content\/uploads\/2019\/10\/1.png?fit=578%2C329&resize=350%2C200 1x, https:\/\/i0.wp.com\/ccnews.com.ar\/prensa\/wp-content\/uploads\/2019\/10\/1.png?fit=578%2C329&resize=525%2C300 1,5x"},"classes":[]}],"jetpack_sharing_enabled":true,"_links":{"self":[{"href":"http:\/\/ccnews.com.ar\/prensa\/wp-json\/wp\/v2\/posts\/7127","targetHints":{"allow":["GET"]}}],"collection":[{"href":"http:\/\/ccnews.com.ar\/prensa\/wp-json\/wp\/v2\/posts"}],"about":[{"href":"http:\/\/ccnews.com.ar\/prensa\/wp-json\/wp\/v2\/types\/post"}],"author":[{"embeddable":true,"href":"http:\/\/ccnews.com.ar\/prensa\/wp-json\/wp\/v2\/users\/1"}],"replies":[{"embeddable":true,"href":"http:\/\/ccnews.com.ar\/prensa\/wp-json\/wp\/v2\/comments?post=7127"}],"version-history":[{"count":2,"href":"http:\/\/ccnews.com.ar\/prensa\/wp-json\/wp\/v2\/posts\/7127\/revisions"}],"predecessor-version":[{"id":7137,"href":"http:\/\/ccnews.com.ar\/prensa\/wp-json\/wp\/v2\/posts\/7127\/revisions\/7137"}],"wp:featuredmedia":[{"embeddable":true,"href":"http:\/\/ccnews.com.ar\/prensa\/wp-json\/wp\/v2\/media\/7131"}],"wp:attachment":[{"href":"http:\/\/ccnews.com.ar\/prensa\/wp-json\/wp\/v2\/media?parent=7127"}],"wp:term":[{"taxonomy":"category","embeddable":true,"href":"http:\/\/ccnews.com.ar\/prensa\/wp-json\/wp\/v2\/categories?post=7127"},{"taxonomy":"post_tag","embeddable":true,"href":"http:\/\/ccnews.com.ar\/prensa\/wp-json\/wp\/v2\/tags?post=7127"}],"curies":[{"name":"wp","href":"https:\/\/api.w.org\/{rel}","templated":true}]}}