{"id":7209,"date":"2018-03-17T08:00:06","date_gmt":"2018-03-17T11:00:06","guid":{"rendered":"http:\/\/clusterciarnews.com.ar\/prensa\/?p=7209"},"modified":"2018-03-16T09:32:39","modified_gmt":"2018-03-16T12:32:39","slug":"tesla-activa-un-programa-que-recargara-coches-electricos-desde-la-oficina","status":"publish","type":"post","link":"http:\/\/ccnews.com.ar\/prensa\/tesla-activa-un-programa-que-recargara-coches-electricos-desde-la-oficina\/","title":{"rendered":"Tesla activa un programa que recargar\u00e1 coches el\u00e9ctricos desde la oficina"},"content":{"rendered":"<p><strong>Tesla activa un programa\u00a0de recarga para coches el\u00e9ctricos. Estar\u00e1 disponible en las empresas estadounidenses. La empresa quiere promocionar\u00a0estaciones de carga gratuitas a empresas y propietarios de propiedades comerciales. Con esto se busca que los propietarios de\u00a0Tesla puedan recargar\u00a0su coche desde su sitio de trabajo.<\/strong><\/p>\n<p>El nombre del proyecto es\u00a0Carga en el lugar de trabajo\u00a0solo ser\u00e1 para Tesla. Ser\u00e1 gratis para los empleados pero los due\u00f1os de las empresas tendr\u00e1n que pagar el costo de la energ\u00eda.<\/p>\n<p><strong>Proceso simple de Tesla activa un programa<\/strong><\/p>\n<p>La facilidad que ofrecer\u00e1 el servicio har\u00e1 que\u00a0Tesla gane m\u00e1s clientes. Tambi\u00e9n es una buena manera de ayudar a quienes viven en apartamentos y no pueden cargar los coches en las noches.\u00a0<em>Tesla activa un programa<\/em>\u00a0que instalar\u00e1 los conectores y la\u00a0<strong>instalaci\u00f3n en cada empresa.\u00a0<\/strong><\/p>\n<p>Asimismo una de las estrategias de Tesla con este proceso es aprovechar la luz solar. En California los\u00a0paneles solares tienden a inundar la red del estado con suministros de energ\u00eda a primera hora de la tarde. De manera que los coches el\u00e9ctricos pueden ayudar a absorber todo eso.\u00a0Las empresas como Southern California Edison, ya han propuesto tasas de electricidad extra bajas durante esas horas para estimular m\u00e1s la carga.<\/p>\n<p>El programa es como el de red virtual.\u00a0A trav\u00e9s de este Tesla proporciona estaciones de carga gratuitas en restaurantes, hoteles y centros tur\u00edsticos. Estos a cambio cubren el costo de la electricidad.<\/p>\n<p>Como tal otra de las facilidades de Tesla es la forma de obtener el servicio. Las empresas interesadas pueden presentar una solicitud en el\u00a0sitio web de Tesla.<\/p>\n<p>De manera que las estaciones de trabajo no aparecer\u00e1n en el sistema de navegaci\u00f3n integrado de Tesla. Ser\u00e1n diferentes a los cargadores de destino. Estas est\u00e1n dise\u00f1adas para empleados de las empresas y no para la flota en general.<\/p>\n<p>Fuente: energ\u00eda 16<\/p>\n<!-- AddThis Advanced Settings generic via filter on the_content -->","protected":false},"excerpt":{"rendered":"<p>Tesla activa un programa\u00a0de recarga para coches el\u00e9ctricos. Estar\u00e1 disponible en las empresas estadounidenses. La empresa quiere promocionar\u00a0estaciones de carga<!-- AddThis Advanced Settings generic via filter on get_the_excerpt --><\/p>\n","protected":false},"author":1,"featured_media":7211,"comment_status":"closed","ping_status":"closed","sticky":false,"template":"","format":"standard","meta":{"colormag_page_container_layout":"default_layout","colormag_page_sidebar_layout":"default_layout","jetpack_post_was_ever_published":false,"_jetpack_newsletter_access":"","_jetpack_dont_email_post_to_subs":false,"_jetpack_newsletter_tier_id":0,"_jetpack_memberships_contains_paywalled_content":false,"_jetpack_memberships_contains_paid_content":false,"footnotes":"","jetpack_publicize_message":"","jetpack_publicize_feature_enabled":true,"jetpack_social_post_already_shared":true,"jetpack_social_options":{"image_generator_settings":{"template":"highway","default_image_id":0,"font":"","enabled":false},"version":2}},"categories":[3],"tags":[17],"class_list":["post-7209","post","type-post","status-publish","format-standard","has-post-thumbnail","hentry","category-sustentabilidad","tag-otros-medios"],"jetpack_publicize_connections":[],"jetpack_featured_media_url":"https:\/\/i0.wp.com\/ccnews.com.ar\/prensa\/wp-content\/uploads\/2018\/03\/tesla-model-3-charge-port-2-1-850x491.jpg?fit=850%2C491","jetpack_shortlink":"https:\/\/wp.me\/p7L1gj-1Sh","jetpack-related-posts":[{"id":4109,"url":"http:\/\/ccnews.com.ar\/prensa\/centrales-diesel-por-energia-fotovoltaica-uno-de-los-objetivos-de-tesla-en-salta\/","url_meta":{"origin":7209,"position":0},"title":"Centrales di\u00e9sel por energ\u00eda fotovoltaica: uno de los objetivos de Tesla en Salta","author":"CLUSTERciar","date":"23 mayo, 2017","format":false,"excerpt":"La poderosa compa\u00f1\u00eda norteamericana, conocida por el desarrollo de autos el\u00e9ctricos y bater\u00edas eficientes, mantuvo una reuni\u00f3n con el gobernador de Salta. Est\u00e1 interesada en invertir en la Provincia principalmente en el abastecimiento de localidades aisladas del sistema el\u00e9ctrico. Adem\u00e1s, la firma pone la mira sobre el potencial de litio\u2026","rel":"","context":"En \u00abSustentabilidad\u00bb","block_context":{"text":"Sustentabilidad","link":"http:\/\/ccnews.com.ar\/prensa\/category\/sustentabilidad\/"},"img":{"alt_text":"","src":"https:\/\/i0.wp.com\/ccnews.com.ar\/prensa\/wp-content\/uploads\/2017\/05\/nota-4.jpg?fit=800%2C400&resize=350%2C200","width":350,"height":200,"srcset":"https:\/\/i0.wp.com\/ccnews.com.ar\/prensa\/wp-content\/uploads\/2017\/05\/nota-4.jpg?fit=800%2C400&resize=350%2C200 1x, https:\/\/i0.wp.com\/ccnews.com.ar\/prensa\/wp-content\/uploads\/2017\/05\/nota-4.jpg?fit=800%2C400&resize=525%2C300 1,5x, https:\/\/i0.wp.com\/ccnews.com.ar\/prensa\/wp-content\/uploads\/2017\/05\/nota-4.jpg?fit=800%2C400&resize=700%2C400 2x"},"classes":[]},{"id":405,"url":"http:\/\/ccnews.com.ar\/prensa\/tesla-presento-su-auto-electrico-low-cost-y-ya-consiguio-casi-200-mil-reservas\/","url_meta":{"origin":7209,"position":1},"title":"Tesla present\u00f3 su auto el\u00e9ctrico low cost y ya consigui\u00f3 casi 200 mil reservas","author":"CLUSTERciar","date":"11 abril, 2016","format":false,"excerpt":"El Modelo 3 sale U$S 35 mil y alcanza los cien kil\u00f3metros por hora en menos de seis segundos. Adem\u00e1s, su versi\u00f3n m\u00e1s econ\u00f3mica puede recorrer hasta 350 kil\u00f3metros con una sola carga. Los detalles. La compa\u00f1\u00eda de autos el\u00e9ctricos Tesla devel\u00f3 su veh\u00edculo\u00a0\"para las masas\", el Modelo 3. Ayer,\u2026","rel":"","context":"En \u00abTransformaci\u00f3n digital\u00bb","block_context":{"text":"Transformaci\u00f3n digital","link":"http:\/\/ccnews.com.ar\/prensa\/category\/transformacion-digital\/"},"img":{"alt_text":"","src":"","width":0,"height":0},"classes":[]},{"id":15182,"url":"http:\/\/ccnews.com.ar\/prensa\/tesla-revela-el-desarrollo-de-un-prototipo-de-respirador-con-partes-de-su-vehiculo-electrico-en-un-video-publicado-en-youtube\/","url_meta":{"origin":7209,"position":2},"title":"Tesla revela el desarrollo de un prototipo de respirador con partes de su veh\u00edculo el\u00e9ctrico en un video publicado en YouTube","author":"admin","date":"8 abril, 2020","format":false,"excerpt":"Los ingenieros de Tesla mostraron un prototipo de un respirador desarrollado en las instalaciones de la compa\u00f1\u00eda automotriz liderada por Elon Musk. En un video publicado en el canal oficial de la firma en YouTube , el equipo reutiliza varias de las partes utilizadas para la fabricaci\u00f3n de los veh\u00edculos\u2026","rel":"","context":"En \u00abCovid-19\u00bb","block_context":{"text":"Covid-19","link":"http:\/\/ccnews.com.ar\/prensa\/category\/covid-19\/"},"img":{"alt_text":"","src":"https:\/\/i0.wp.com\/ccnews.com.ar\/prensa\/wp-content\/uploads\/2020\/04\/3229930w1033.jpg?fit=1033%2C688&resize=350%2C200","width":350,"height":200,"srcset":"https:\/\/i0.wp.com\/ccnews.com.ar\/prensa\/wp-content\/uploads\/2020\/04\/3229930w1033.jpg?fit=1033%2C688&resize=350%2C200 1x, https:\/\/i0.wp.com\/ccnews.com.ar\/prensa\/wp-content\/uploads\/2020\/04\/3229930w1033.jpg?fit=1033%2C688&resize=525%2C300 1,5x, https:\/\/i0.wp.com\/ccnews.com.ar\/prensa\/wp-content\/uploads\/2020\/04\/3229930w1033.jpg?fit=1033%2C688&resize=700%2C400 2x"},"classes":[]},{"id":3489,"url":"http:\/\/ccnews.com.ar\/prensa\/ff91-lo-que-hay-que-saber-del-automovil-electrico-que-quiere-destronar-a-tesla\/","url_meta":{"origin":7209,"position":3},"title":"FF91: LO QUE HAY QUE SABER DEL AUTOM\u00d3VIL EL\u00c9CTRICO QUE QUIERE DESTRONAR A TESLA","author":"CLUSTERciar","date":"23 marzo, 2017","format":false,"excerpt":"La joven compa\u00f1\u00eda Faraday Future acaba de presentar un auto propulsado el\u00e9ctricamente que bate los r\u00e9cords en su sector, superando al m\u00e1s veloz entre los suyos, el Tesla Model S P100D. Te invitamos a conocer todos los detalles de este nuevo veh\u00edculo, que reci\u00e9n llegar\u00e1 al mercado en 2019 con\u2026","rel":"","context":"En \u00abTransformaci\u00f3n digital\u00bb","block_context":{"text":"Transformaci\u00f3n digital","link":"http:\/\/ccnews.com.ar\/prensa\/category\/transformacion-digital\/"},"img":{"alt_text":"","src":"https:\/\/i0.wp.com\/ccnews.com.ar\/prensa\/wp-content\/uploads\/2017\/03\/587ff2c9ee14b68f7b8b5c71-2400.jpg?fit=1200%2C862&resize=350%2C200","width":350,"height":200,"srcset":"https:\/\/i0.wp.com\/ccnews.com.ar\/prensa\/wp-content\/uploads\/2017\/03\/587ff2c9ee14b68f7b8b5c71-2400.jpg?fit=1200%2C862&resize=350%2C200 1x, https:\/\/i0.wp.com\/ccnews.com.ar\/prensa\/wp-content\/uploads\/2017\/03\/587ff2c9ee14b68f7b8b5c71-2400.jpg?fit=1200%2C862&resize=525%2C300 1,5x, https:\/\/i0.wp.com\/ccnews.com.ar\/prensa\/wp-content\/uploads\/2017\/03\/587ff2c9ee14b68f7b8b5c71-2400.jpg?fit=1200%2C862&resize=700%2C400 2x, https:\/\/i0.wp.com\/ccnews.com.ar\/prensa\/wp-content\/uploads\/2017\/03\/587ff2c9ee14b68f7b8b5c71-2400.jpg?fit=1200%2C862&resize=1050%2C600 3x"},"classes":[]},{"id":5241,"url":"http:\/\/ccnews.com.ar\/prensa\/argentina-tiene-lo-que-tesla-mas-necesita-para-expandir-su-negocio\/","url_meta":{"origin":7209,"position":4},"title":"Argentina tiene lo que Tesla m\u00e1s necesita para expandir su negocio","author":"CLUSTERciar","date":"7 septiembre, 2017","format":false,"excerpt":"El pa\u00eds podr\u00eda tener la soluci\u00f3n a uno de los principales problemas que la empresa de Elon Musk tiene actualmente: la producci\u00f3n de bater\u00edas para sus autos. Tesla es una empresa de bater\u00edas que aprovech\u00f3 sus desarrollos para fabricar autos el\u00e9ctricos. Actualmente, uno de sus principales problemas es alcanzar los\u2026","rel":"","context":"En \u00abManagement\u00bb","block_context":{"text":"Management","link":"http:\/\/ccnews.com.ar\/prensa\/category\/management\/"},"img":{"alt_text":"","src":"https:\/\/i0.wp.com\/ccnews.com.ar\/prensa\/wp-content\/uploads\/2017\/08\/ccn-12.jpg?fit=875%2C471&resize=350%2C200","width":350,"height":200,"srcset":"https:\/\/i0.wp.com\/ccnews.com.ar\/prensa\/wp-content\/uploads\/2017\/08\/ccn-12.jpg?fit=875%2C471&resize=350%2C200 1x, https:\/\/i0.wp.com\/ccnews.com.ar\/prensa\/wp-content\/uploads\/2017\/08\/ccn-12.jpg?fit=875%2C471&resize=525%2C300 1,5x, https:\/\/i0.wp.com\/ccnews.com.ar\/prensa\/wp-content\/uploads\/2017\/08\/ccn-12.jpg?fit=875%2C471&resize=700%2C400 2x"},"classes":[]},{"id":8219,"url":"http:\/\/ccnews.com.ar\/prensa\/tesla-asume-el-fracaso-otra-vez-mas-de-solarcity-cerrara-una-docena-de-instalaciones-en-eeuu\/","url_meta":{"origin":7209,"position":5},"title":"Tesla asume el fracaso (otra vez m\u00e1s) de SolarCity: cerrar\u00e1 una docena de instalaciones en EEUU","author":"CLUSTERciar","date":"29 junio, 2018","format":false,"excerpt":"Despu\u00e9s de anunciar el despido del 9% de su plantilla, Tesla ahora planea cerrar el 20% de sus centros de instalaci\u00f3n de SolarCity, su negocio solar residencial, as\u00ed como dar por finalizada su alianza con Home Depot, la cual supon\u00eda la mitad de su facturaci\u00f3n anual. Hace justo diez d\u00edas\u2026","rel":"","context":"En \u00abManagement\u00bb","block_context":{"text":"Management","link":"http:\/\/ccnews.com.ar\/prensa\/category\/management\/"},"img":{"alt_text":"","src":"https:\/\/i0.wp.com\/ccnews.com.ar\/prensa\/wp-content\/uploads\/2018\/06\/Elon-Musk-810x507.jpg?fit=810%2C507&resize=350%2C200","width":350,"height":200,"srcset":"https:\/\/i0.wp.com\/ccnews.com.ar\/prensa\/wp-content\/uploads\/2018\/06\/Elon-Musk-810x507.jpg?fit=810%2C507&resize=350%2C200 1x, https:\/\/i0.wp.com\/ccnews.com.ar\/prensa\/wp-content\/uploads\/2018\/06\/Elon-Musk-810x507.jpg?fit=810%2C507&resize=525%2C300 1,5x, https:\/\/i0.wp.com\/ccnews.com.ar\/prensa\/wp-content\/uploads\/2018\/06\/Elon-Musk-810x507.jpg?fit=810%2C507&resize=700%2C400 2x"},"classes":[]}],"jetpack_sharing_enabled":true,"_links":{"self":[{"href":"http:\/\/ccnews.com.ar\/prensa\/wp-json\/wp\/v2\/posts\/7209","targetHints":{"allow":["GET"]}}],"collection":[{"href":"http:\/\/ccnews.com.ar\/prensa\/wp-json\/wp\/v2\/posts"}],"about":[{"href":"http:\/\/ccnews.com.ar\/prensa\/wp-json\/wp\/v2\/types\/post"}],"author":[{"embeddable":true,"href":"http:\/\/ccnews.com.ar\/prensa\/wp-json\/wp\/v2\/users\/1"}],"replies":[{"embeddable":true,"href":"http:\/\/ccnews.com.ar\/prensa\/wp-json\/wp\/v2\/comments?post=7209"}],"version-history":[{"count":1,"href":"http:\/\/ccnews.com.ar\/prensa\/wp-json\/wp\/v2\/posts\/7209\/revisions"}],"predecessor-version":[{"id":7213,"href":"http:\/\/ccnews.com.ar\/prensa\/wp-json\/wp\/v2\/posts\/7209\/revisions\/7213"}],"wp:featuredmedia":[{"embeddable":true,"href":"http:\/\/ccnews.com.ar\/prensa\/wp-json\/wp\/v2\/media\/7211"}],"wp:attachment":[{"href":"http:\/\/ccnews.com.ar\/prensa\/wp-json\/wp\/v2\/media?parent=7209"}],"wp:term":[{"taxonomy":"category","embeddable":true,"href":"http:\/\/ccnews.com.ar\/prensa\/wp-json\/wp\/v2\/categories?post=7209"},{"taxonomy":"post_tag","embeddable":true,"href":"http:\/\/ccnews.com.ar\/prensa\/wp-json\/wp\/v2\/tags?post=7209"}],"curies":[{"name":"wp","href":"https:\/\/api.w.org\/{rel}","templated":true}]}}