{"id":7215,"date":"2018-03-18T08:00:38","date_gmt":"2018-03-18T11:00:38","guid":{"rendered":"http:\/\/clusterciarnews.com.ar\/prensa\/?p=7215"},"modified":"2018-03-16T10:00:17","modified_gmt":"2018-03-16T13:00:17","slug":"cuales-son-las-profesiones-que-mas-se-necesitan-hoy-en-el-pais","status":"publish","type":"post","link":"http:\/\/ccnews.com.ar\/prensa\/cuales-son-las-profesiones-que-mas-se-necesitan-hoy-en-el-pais\/","title":{"rendered":"\u00bfCu\u00e1les son las profesiones que m\u00e1s se necesitan hoy en el pa\u00eds?"},"content":{"rendered":"<p><strong>En el marco de la implementaci\u00f3n de las becas Progresar, el Ministerio busca fomentar la elecci\u00f3n en las \u00e1reas con mayor demanda laboral, como ingenier\u00eda, enfermer\u00eda y turismo.<\/strong><\/p>\n<p>El Gobierno anunci\u00f3 que quienes realicen \u201ccarreras estrat\u00e9gicas\u201d recibir\u00e1n montos mayores que el resto. Se busca incentivar a los j\u00f3venes a estudiar carreras universitarias o terciarias que en el pa\u00eds cuenten con menos egresados. Ingenieros, enfermeros, licenciados en turismo, veterinarios; la oferta var\u00eda seg\u00fan la regi\u00f3n, por lo que el Ministerio de Educaci\u00f3n de la Naci\u00f3n elabor\u00f3 un \u201cmapa de la educaci\u00f3n superior\u201d, unificando las carreras con los puestos m\u00e1s requeridos a partir de un diagn\u00f3stico de cu\u00e1les son las \u00e1reas de vacancia por regi\u00f3n.<\/p>\n<p>As\u00ed, por ejemplo, quienes quieran estudiar Ingenier\u00eda \u2013carrera requerida en todo el pa\u00eds, en casi todas sus ramas\u2013 y soliciten la beca,\u00a0empezar\u00e1n cobrando $ 1.800 el primer a\u00f1o, hasta alcanzar los $ 4.900\u00a0en el \u00faltimo a\u00f1o de la carrera. El requisito, como para todos los que se postulen a la beca, es aprobar la mitad de las materias cada a\u00f1o. \u201cPoniendo el foco en la trayectoria educativa podemos obtener indicadores que nos permitan ver si alcanzamos los objetivos y generar acciones de acompa\u00f1amiento, m\u00e1s all\u00e1 de la asignaci\u00f3n monetaria mes a mes\u201d, explica Pablo Domenechini, director nacional de Desarrollo Universitario, del Ministerio de Educaci\u00f3n de la Naci\u00f3n, acerca de la decisi\u00f3n de sumar \u201cest\u00edmulos\u201d a determinadas carreras.<\/p>\n<p>Fuente:\u00a0Perfil<\/p>\n<!-- AddThis Advanced Settings generic via filter on the_content -->","protected":false},"excerpt":{"rendered":"<p>En el marco de la implementaci\u00f3n de las becas Progresar, el Ministerio busca fomentar la elecci\u00f3n en las \u00e1reas con<!-- AddThis Advanced Settings generic via filter on get_the_excerpt --><\/p>\n","protected":false},"author":1,"featured_media":7217,"comment_status":"closed","ping_status":"closed","sticky":false,"template":"","format":"standard","meta":{"colormag_page_container_layout":"default_layout","colormag_page_sidebar_layout":"default_layout","jetpack_post_was_ever_published":false,"_jetpack_newsletter_access":"","_jetpack_dont_email_post_to_subs":false,"_jetpack_newsletter_tier_id":0,"_jetpack_memberships_contains_paywalled_content":false,"_jetpack_memberships_contains_paid_content":false,"footnotes":"","jetpack_publicize_message":"","jetpack_publicize_feature_enabled":true,"jetpack_social_post_already_shared":true,"jetpack_social_options":{"image_generator_settings":{"template":"highway","default_image_id":0,"font":"","enabled":false},"version":2}},"categories":[19],"tags":[17],"class_list":["post-7215","post","type-post","status-publish","format-standard","has-post-thumbnail","hentry","category-educacion-sociedad","tag-otros-medios"],"jetpack_publicize_connections":[],"jetpack_featured_media_url":"https:\/\/i0.wp.com\/ccnews.com.ar\/prensa\/wp-content\/uploads\/2018\/03\/2502examenuniversidadcedocgjpg.jpg?fit=744%2C500","jetpack_shortlink":"https:\/\/wp.me\/p7L1gj-1Sn","jetpack-related-posts":[{"id":9011,"url":"http:\/\/ccnews.com.ar\/prensa\/los-estudios-tecnicos-con-mas-salida-laboral-en-el-pais\/","url_meta":{"origin":7215,"position":0},"title":"Los estudios t\u00e9cnicos con m\u00e1s salida laboral en el pa\u00eds","author":"CLUSTERciar","date":"9 octubre, 2018","format":false,"excerpt":"El nuevo entorno digital en el que vivimos promete cambiar las reglas del juego tanto en el \u00e1mbito educativo como en el laboral. Por causa del desarrollo y constante avance de las Tecnolog\u00edas de la Informaci\u00f3n y la Comunicaci\u00f3n se crean nuevas carreras por las que los estudiantes pueden optar\u2026","rel":"","context":"En \u00abEducaci\u00f3n\/Sociedad\u00bb","block_context":{"text":"Educaci\u00f3n\/Sociedad","link":"http:\/\/ccnews.com.ar\/prensa\/category\/educacion-sociedad\/"},"img":{"alt_text":"","src":"https:\/\/i0.wp.com\/ccnews.com.ar\/prensa\/wp-content\/uploads\/2018\/10\/ccn-8.jpg?fit=660%2C370&resize=350%2C200","width":350,"height":200,"srcset":"https:\/\/i0.wp.com\/ccnews.com.ar\/prensa\/wp-content\/uploads\/2018\/10\/ccn-8.jpg?fit=660%2C370&resize=350%2C200 1x, https:\/\/i0.wp.com\/ccnews.com.ar\/prensa\/wp-content\/uploads\/2018\/10\/ccn-8.jpg?fit=660%2C370&resize=525%2C300 1,5x"},"classes":[]},{"id":9355,"url":"http:\/\/ccnews.com.ar\/prensa\/cuales-son-las-carreras-que-tienen-mas-futuro\/","url_meta":{"origin":7215,"position":1},"title":"Cu\u00e1les son las carreras que tienen m\u00e1s futuro","author":"admin","date":"18 noviembre, 2018","format":false,"excerpt":"El Foro Econ\u00f3mico Mundial y la Organizaci\u00f3n Internacional del Trabajo las ubican dentro de las llamadas STEM: Ciencia, Tecnolog\u00eda, Ingenier\u00eda y Matem\u00e1ticas. Elegirlas puede otorgar un plus sobre el resto en la demanda laboral de las empresas. El mercado laboral se regula de acuerdo a la oferta y demanda de\u2026","rel":"","context":"En \u00abEducaci\u00f3n\/Sociedad\u00bb","block_context":{"text":"Educaci\u00f3n\/Sociedad","link":"http:\/\/ccnews.com.ar\/prensa\/category\/educacion-sociedad\/"},"img":{"alt_text":"","src":"https:\/\/i0.wp.com\/ccnews.com.ar\/prensa\/wp-content\/uploads\/2018\/11\/image_content_10285446_20181111213730.jpg?fit=660%2C370&resize=350%2C200","width":350,"height":200,"srcset":"https:\/\/i0.wp.com\/ccnews.com.ar\/prensa\/wp-content\/uploads\/2018\/11\/image_content_10285446_20181111213730.jpg?fit=660%2C370&resize=350%2C200 1x, https:\/\/i0.wp.com\/ccnews.com.ar\/prensa\/wp-content\/uploads\/2018\/11\/image_content_10285446_20181111213730.jpg?fit=660%2C370&resize=525%2C300 1,5x"},"classes":[]},{"id":14010,"url":"http:\/\/ccnews.com.ar\/prensa\/graciela-bertolino-las-ingenierias-ayudan-a-cambiar-el-mundo\/","url_meta":{"origin":7215,"position":2},"title":"Graciela Bertolino: \u201cLas ingenier\u00edas ayudan a cambiar el mundo\u201d","author":"admin","date":"20 diciembre, 2019","format":false,"excerpt":"La primera vicerrectora de las carreras de ingenier\u00eda en el Instituto Balseiro, la especialista en materiales Graciela Bertolino, habl\u00f3 con TSS sobre la importancia que tiene para el desarrollo tecnol\u00f3gico promover el estudio de las ingenier\u00edas. Los desaf\u00edos que enfrentar\u00e1 desde su nuevo cargo en la instituci\u00f3n y el rol\u2026","rel":"","context":"En \u00abSustentabilidad\u00bb","block_context":{"text":"Sustentabilidad","link":"http:\/\/ccnews.com.ar\/prensa\/category\/sustentabilidad\/"},"img":{"alt_text":"","src":"https:\/\/i0.wp.com\/ccnews.com.ar\/prensa\/wp-content\/uploads\/2019\/12\/bertolino1.jpg?fit=1080%2C598&resize=350%2C200","width":350,"height":200,"srcset":"https:\/\/i0.wp.com\/ccnews.com.ar\/prensa\/wp-content\/uploads\/2019\/12\/bertolino1.jpg?fit=1080%2C598&resize=350%2C200 1x, https:\/\/i0.wp.com\/ccnews.com.ar\/prensa\/wp-content\/uploads\/2019\/12\/bertolino1.jpg?fit=1080%2C598&resize=525%2C300 1,5x, https:\/\/i0.wp.com\/ccnews.com.ar\/prensa\/wp-content\/uploads\/2019\/12\/bertolino1.jpg?fit=1080%2C598&resize=700%2C400 2x, https:\/\/i0.wp.com\/ccnews.com.ar\/prensa\/wp-content\/uploads\/2019\/12\/bertolino1.jpg?fit=1080%2C598&resize=1050%2C600 3x"},"classes":[]},{"id":9461,"url":"http:\/\/ccnews.com.ar\/prensa\/de-la-mano-de-la-demanda-laboral-cambian-las-carreras-mas-buscadas\/","url_meta":{"origin":7215,"position":3},"title":"De la mano de la demanda laboral, cambian las carreras m\u00e1s buscadas","author":"CLUSTERciar","date":"28 noviembre, 2018","format":false,"excerpt":"En la Universidad Nacional de Comahue se conjugan las disciplinas cl\u00e1sicas con las m\u00e1s modernas en el ranking de los nuevos inscriptos. Las ingenier\u00edas, Inform\u00e1tica y Matem\u00e1tica ganan terreno. Medicina, Psicolog\u00eda y Contador P\u00fablico lideran los registros de preingresantes. Si bien la tendencia en Argentina marca que los estudiantes universitarios\u2026","rel":"","context":"En \u00abEducaci\u00f3n\/Sociedad\u00bb","block_context":{"text":"Educaci\u00f3n\/Sociedad","link":"http:\/\/ccnews.com.ar\/prensa\/category\/educacion-sociedad\/"},"img":{"alt_text":"","src":"https:\/\/i0.wp.com\/ccnews.com.ar\/prensa\/wp-content\/uploads\/2018\/11\/image_content_10316028_20181118204259.jpg?fit=660%2C370&resize=350%2C200","width":350,"height":200,"srcset":"https:\/\/i0.wp.com\/ccnews.com.ar\/prensa\/wp-content\/uploads\/2018\/11\/image_content_10316028_20181118204259.jpg?fit=660%2C370&resize=350%2C200 1x, https:\/\/i0.wp.com\/ccnews.com.ar\/prensa\/wp-content\/uploads\/2018\/11\/image_content_10316028_20181118204259.jpg?fit=660%2C370&resize=525%2C300 1,5x"},"classes":[]},{"id":9017,"url":"http:\/\/ccnews.com.ar\/prensa\/hoy-buscan-mas-carreras-terciarias\/","url_meta":{"origin":7215,"position":4},"title":"Hoy buscan m\u00e1s carreras terciarias","author":"CLUSTERciar","date":"14 octubre, 2018","format":false,"excerpt":"Si bien las carreras universitarias siguen teniendo mayor prestigio, recomiendan empezar y terminar un estudio. En este sentido, los terciarios pueden acomodarse a las necesidades particulares de cada argentino. \u00a0A pesar de que hablar de marzo 2019 parece muy lejano, a la hora de pensar en las inscripciones para el\u2026","rel":"","context":"En \u00abEducaci\u00f3n\/Sociedad\u00bb","block_context":{"text":"Educaci\u00f3n\/Sociedad","link":"http:\/\/ccnews.com.ar\/prensa\/category\/educacion-sociedad\/"},"img":{"alt_text":"","src":"https:\/\/i0.wp.com\/ccnews.com.ar\/prensa\/wp-content\/uploads\/2018\/10\/ccn-9.jpg?fit=660%2C370&resize=350%2C200","width":350,"height":200,"srcset":"https:\/\/i0.wp.com\/ccnews.com.ar\/prensa\/wp-content\/uploads\/2018\/10\/ccn-9.jpg?fit=660%2C370&resize=350%2C200 1x, https:\/\/i0.wp.com\/ccnews.com.ar\/prensa\/wp-content\/uploads\/2018\/10\/ccn-9.jpg?fit=660%2C370&resize=525%2C300 1,5x"},"classes":[]},{"id":12121,"url":"http:\/\/ccnews.com.ar\/prensa\/las-mujeres-en-la-ingenieria-en-el-siglo-xxi\/","url_meta":{"origin":7215,"position":5},"title":"Las mujeres en la Ingenier\u00eda en el siglo XXI","author":"admin","date":"11 julio, 2019","format":false,"excerpt":"El n\u00famero de egresadas en Ingenier\u00edas a\u00fan es menor al de varones, sin embargo las mujeres van avanzando dentro de la profesi\u00f3n. En Argentina los indicadores de g\u00e9nero vinculados a las ingenier\u00edas encienden alarmas. Seg\u00fan los datos de la Secretar\u00eda de Pol\u00edticas Universitarias, en 2017 se gradu\u00f3 una ingeniera cada\u2026","rel":"","context":"En \u00abSustentabilidad\u00bb","block_context":{"text":"Sustentabilidad","link":"http:\/\/ccnews.com.ar\/prensa\/category\/sustentabilidad\/"},"img":{"alt_text":"","src":"https:\/\/i0.wp.com\/ccnews.com.ar\/prensa\/wp-content\/uploads\/2019\/07\/ingeniero-mujer-casco-blanco-blueprint_33842-958.jpg?fit=626%2C417&resize=350%2C200","width":350,"height":200,"srcset":"https:\/\/i0.wp.com\/ccnews.com.ar\/prensa\/wp-content\/uploads\/2019\/07\/ingeniero-mujer-casco-blanco-blueprint_33842-958.jpg?fit=626%2C417&resize=350%2C200 1x, https:\/\/i0.wp.com\/ccnews.com.ar\/prensa\/wp-content\/uploads\/2019\/07\/ingeniero-mujer-casco-blanco-blueprint_33842-958.jpg?fit=626%2C417&resize=525%2C300 1,5x"},"classes":[]}],"jetpack_sharing_enabled":true,"_links":{"self":[{"href":"http:\/\/ccnews.com.ar\/prensa\/wp-json\/wp\/v2\/posts\/7215","targetHints":{"allow":["GET"]}}],"collection":[{"href":"http:\/\/ccnews.com.ar\/prensa\/wp-json\/wp\/v2\/posts"}],"about":[{"href":"http:\/\/ccnews.com.ar\/prensa\/wp-json\/wp\/v2\/types\/post"}],"author":[{"embeddable":true,"href":"http:\/\/ccnews.com.ar\/prensa\/wp-json\/wp\/v2\/users\/1"}],"replies":[{"embeddable":true,"href":"http:\/\/ccnews.com.ar\/prensa\/wp-json\/wp\/v2\/comments?post=7215"}],"version-history":[{"count":2,"href":"http:\/\/ccnews.com.ar\/prensa\/wp-json\/wp\/v2\/posts\/7215\/revisions"}],"predecessor-version":[{"id":7221,"href":"http:\/\/ccnews.com.ar\/prensa\/wp-json\/wp\/v2\/posts\/7215\/revisions\/7221"}],"wp:featuredmedia":[{"embeddable":true,"href":"http:\/\/ccnews.com.ar\/prensa\/wp-json\/wp\/v2\/media\/7217"}],"wp:attachment":[{"href":"http:\/\/ccnews.com.ar\/prensa\/wp-json\/wp\/v2\/media?parent=7215"}],"wp:term":[{"taxonomy":"category","embeddable":true,"href":"http:\/\/ccnews.com.ar\/prensa\/wp-json\/wp\/v2\/categories?post=7215"},{"taxonomy":"post_tag","embeddable":true,"href":"http:\/\/ccnews.com.ar\/prensa\/wp-json\/wp\/v2\/tags?post=7215"}],"curies":[{"name":"wp","href":"https:\/\/api.w.org\/{rel}","templated":true}]}}