{"id":7351,"date":"2018-04-03T08:00:07","date_gmt":"2018-04-03T11:00:07","guid":{"rendered":"http:\/\/clusterciarnews.com.ar\/prensa\/?p=7351"},"modified":"2018-04-03T08:06:08","modified_gmt":"2018-04-03T11:06:08","slug":"volkswagen-virtus-el-auto-con-watson-el-asistente-de-ibm-ya-se-vende-en-el-pais","status":"publish","type":"post","link":"http:\/\/ccnews.com.ar\/prensa\/volkswagen-virtus-el-auto-con-watson-el-asistente-de-ibm-ya-se-vende-en-el-pais\/","title":{"rendered":"Volkswagen Virtus: el auto con Watson, el asistente de IBM, ya se vende en el pa\u00eds"},"content":{"rendered":"<p class=\"capital\"><strong>Hace unos d\u00edas\u00a0Volkswagen present\u00f3 en nuestro pa\u00eds Virtus, el primer auto de la automotriz alemana en usa un asistente digital. El flamante veh\u00edculo cuenta con un &#8220;Manual cognitivo&#8221; que utiliza Watson de IBM Cloud, una plataforma de inteligencia artificial, para responder m\u00e1s de 6000 preguntas sobre el veh\u00edculo: es un uso diferente al que permiten el Android Auto de Google o CarPlay de Apple (que tambi\u00e9n incluye).<\/strong><\/p>\n<div id=\"caja_1\" class=\"banner caja\" data-dispositivo=\"mobile\" data-adtype=\"bigbox\">\u00a0Lo interesante es que esta aplicaci\u00f3n entiende lenguaje natural -como en una conversaci\u00f3n informal- y &#8220;aprende&#8221; en funci\u00f3n de las interacciones con el conductor. Adem\u00e1s las preguntas pueden formularse por escrito, por voz e incluso es capaz de interpretar fotos que le env\u00eda el usuario.<\/div>\n<p>El conductor puede preguntar sobre diversos temas: por ejemplo, puede solicitar informaci\u00f3n t\u00e9cnica del veh\u00edculo, c\u00f3mo conectar su smartphone o c\u00f3mo instalar correctamente la silla para el transporte de ni\u00f1os. Y todo el contenido esta alojado en un servidor para garantizar la disponibilidad y seguridad que los usuarios necesitan. Eso s\u00ed, ser\u00e1 necesario tener una conexi\u00f3n a Internet en el celular para poder establecer la comunicaci\u00f3n, ya que la aplicaci\u00f3n debe descargarse en el m\u00f3vil.<\/p>\n<p>Fuente: La Naci\u00f3n<\/p>\n<!-- AddThis Advanced Settings generic via filter on the_content -->","protected":false},"excerpt":{"rendered":"<p>Hace unos d\u00edas\u00a0Volkswagen present\u00f3 en nuestro pa\u00eds Virtus, el primer auto de la automotriz alemana en usa un asistente digital.<!-- AddThis Advanced Settings generic via filter on get_the_excerpt --><\/p>\n","protected":false},"author":1,"featured_media":7353,"comment_status":"closed","ping_status":"closed","sticky":false,"template":"","format":"standard","meta":{"colormag_page_container_layout":"default_layout","colormag_page_sidebar_layout":"default_layout","jetpack_post_was_ever_published":false,"_jetpack_newsletter_access":"","_jetpack_dont_email_post_to_subs":false,"_jetpack_newsletter_tier_id":0,"_jetpack_memberships_contains_paywalled_content":false,"_jetpack_memberships_contains_paid_content":false,"footnotes":"","jetpack_publicize_message":"","jetpack_publicize_feature_enabled":true,"jetpack_social_post_already_shared":true,"jetpack_social_options":{"image_generator_settings":{"template":"highway","default_image_id":0,"font":"","enabled":false},"version":2}},"categories":[5],"tags":[17],"class_list":["post-7351","post","type-post","status-publish","format-standard","has-post-thumbnail","hentry","category-transformacion-digital","tag-otros-medios"],"jetpack_publicize_connections":[],"jetpack_featured_media_url":"https:\/\/i0.wp.com\/ccnews.com.ar\/prensa\/wp-content\/uploads\/2018\/03\/2653356w1033.jpg?fit=1033%2C689","jetpack_shortlink":"https:\/\/wp.me\/p7L1gj-1Uz","jetpack-related-posts":[{"id":2153,"url":"http:\/\/ccnews.com.ar\/prensa\/probamos-olli-la-combi-electrica-autonoma-e-inteligente\/","url_meta":{"origin":7351,"position":0},"title":"Probamos Olli, la combi el\u00e9ctrica, aut\u00f3noma e inteligente","author":"CLUSTERciar","date":"7 noviembre, 2016","format":false,"excerpt":"Una primera experiencia con el vehiculo fabricado por la firma Local Motors, equipado con sensores, GPS y conectividad Wi-Fi e integrado al sistema de inteligencia cognitiva Watson para interpretar y responder las consultas de los pasajeros en lenguaje natural El segmento de los veh\u00edculos aut\u00f3nomos el\u00e9ctricos tiene varios competidores, desde\u2026","rel":"","context":"En \u00abTransformaci\u00f3n digital\u00bb","block_context":{"text":"Transformaci\u00f3n digital","link":"http:\/\/ccnews.com.ar\/prensa\/category\/transformacion-digital\/"},"img":{"alt_text":"","src":"https:\/\/i0.wp.com\/ccnews.com.ar\/prensa\/wp-content\/uploads\/2016\/10\/2291689h765.jpg?fit=1200%2C675&resize=350%2C200","width":350,"height":200,"srcset":"https:\/\/i0.wp.com\/ccnews.com.ar\/prensa\/wp-content\/uploads\/2016\/10\/2291689h765.jpg?fit=1200%2C675&resize=350%2C200 1x, https:\/\/i0.wp.com\/ccnews.com.ar\/prensa\/wp-content\/uploads\/2016\/10\/2291689h765.jpg?fit=1200%2C675&resize=525%2C300 1,5x, https:\/\/i0.wp.com\/ccnews.com.ar\/prensa\/wp-content\/uploads\/2016\/10\/2291689h765.jpg?fit=1200%2C675&resize=700%2C400 2x, https:\/\/i0.wp.com\/ccnews.com.ar\/prensa\/wp-content\/uploads\/2016\/10\/2291689h765.jpg?fit=1200%2C675&resize=1050%2C600 3x"},"classes":[]},{"id":14236,"url":"http:\/\/ccnews.com.ar\/prensa\/innovacion-sustentable-una-forma-diferente-de-hacer-carpool-en-viajes-de-media-o-larga-distancia\/","url_meta":{"origin":7351,"position":1},"title":"Innovaci\u00f3n sustentable: una forma diferente de hacer carpool en viajes de media o larga distancia","author":"admin","date":"12 enero, 2020","format":false,"excerpt":"Una empresa de California fue distinguida en Las Vegas por crear una plataforma colaborativa de viajes compartidos. \u00bfPor qu\u00e9 se diferencia del servicio de Uber u otras apps? CTA, la empresa que organiza CES, realiza un concurso anual en su sector de startups Eureka Park, denominado Climate Change Innovators (innovadores\u2026","rel":"","context":"En \u00abEducaci\u00f3n\/Sociedad\u00bb","block_context":{"text":"Educaci\u00f3n\/Sociedad","link":"http:\/\/ccnews.com.ar\/prensa\/category\/educacion-sociedad\/"},"img":{"alt_text":"","src":"https:\/\/i0.wp.com\/ccnews.com.ar\/prensa\/wp-content\/uploads\/2020\/01\/YU53MCJSF5BL7L2X6DIYUB3IJU-1024x683.jpg?fit=1024%2C683&resize=350%2C200","width":350,"height":200,"srcset":"https:\/\/i0.wp.com\/ccnews.com.ar\/prensa\/wp-content\/uploads\/2020\/01\/YU53MCJSF5BL7L2X6DIYUB3IJU-1024x683.jpg?fit=1024%2C683&resize=350%2C200 1x, https:\/\/i0.wp.com\/ccnews.com.ar\/prensa\/wp-content\/uploads\/2020\/01\/YU53MCJSF5BL7L2X6DIYUB3IJU-1024x683.jpg?fit=1024%2C683&resize=525%2C300 1,5x, https:\/\/i0.wp.com\/ccnews.com.ar\/prensa\/wp-content\/uploads\/2020\/01\/YU53MCJSF5BL7L2X6DIYUB3IJU-1024x683.jpg?fit=1024%2C683&resize=700%2C400 2x"},"classes":[]},{"id":359,"url":"http:\/\/ccnews.com.ar\/prensa\/uber-da-su-primer-paso-en-el-pais-y-convoca-a-conductores-en-buenos-aires\/","url_meta":{"origin":7351,"position":2},"title":"Uber da su primer paso en el pa\u00eds y convoca a conductores en Buenos Aires","author":"CLUSTERciar","date":"4 abril, 2016","format":false,"excerpt":"La aplicaci\u00f3n que conecta veh\u00edculos particulares con pasajeros realiz\u00f3 su primera acci\u00f3n oficial para operar en la ciudad de forma \"inminente\" Los rumores dominaron la escena por meses, pero la llegada de Uber ahora est\u00e1 m\u00e1s cerca con su primera acci\u00f3n oficial en el pa\u00eds. La empresa lanz\u00f3 una convocatoria\u2026","rel":"","context":"En \u00abTransformaci\u00f3n digital\u00bb","block_context":{"text":"Transformaci\u00f3n digital","link":"http:\/\/ccnews.com.ar\/prensa\/category\/transformacion-digital\/"},"img":{"alt_text":"ConverCiar","src":"https:\/\/i0.wp.com\/clusterciar.com.ar\/wp\/wp-content\/uploads\/2016\/03\/ConverCiar-300x202.jpg?resize=350%2C200","width":350,"height":200},"classes":[]},{"id":6823,"url":"http:\/\/ccnews.com.ar\/prensa\/bosch-vodafone-y-huawei-permiten-que-los-coches-inteligentes-se-comuniquen-entre-ellos\/","url_meta":{"origin":7351,"position":3},"title":"Bosch, Vodafone y Huawei permiten que los coches inteligentes se comuniquen entre ellos","author":"admin","date":"7 febrero, 2018","format":false,"excerpt":"El\u00a0control de crucero adaptativo\u00a0(ACC) es una tecnolog\u00eda que facilita la conducci\u00f3n. La comunicaci\u00f3n entre coches hace que la conducci\u00f3n sea m\u00e1s tranquila, eficiente y segura.\u00a0Por primera vez en Europa, Bosch, Vodafone y Huawei ponen a prueba el \u201cCellular-V2X\u201d.\u00a0Una tecnolog\u00eda que\u00a0permite que los coches inteligentes se comuniquen entre ellos. Telefon\u00eda m\u00f3vil\u2026","rel":"","context":"En \u00abTransformaci\u00f3n digital\u00bb","block_context":{"text":"Transformaci\u00f3n digital","link":"http:\/\/ccnews.com.ar\/prensa\/category\/transformacion-digital\/"},"img":{"alt_text":"","src":"https:\/\/i0.wp.com\/ccnews.com.ar\/prensa\/wp-content\/uploads\/2018\/01\/energia-16.jpg?fit=850%2C491&resize=350%2C200","width":350,"height":200,"srcset":"https:\/\/i0.wp.com\/ccnews.com.ar\/prensa\/wp-content\/uploads\/2018\/01\/energia-16.jpg?fit=850%2C491&resize=350%2C200 1x, https:\/\/i0.wp.com\/ccnews.com.ar\/prensa\/wp-content\/uploads\/2018\/01\/energia-16.jpg?fit=850%2C491&resize=525%2C300 1,5x, https:\/\/i0.wp.com\/ccnews.com.ar\/prensa\/wp-content\/uploads\/2018\/01\/energia-16.jpg?fit=850%2C491&resize=700%2C400 2x"},"classes":[]},{"id":2425,"url":"http:\/\/ccnews.com.ar\/prensa\/del-enchufe-de-casa-a-las-rutas-argentinas\/","url_meta":{"origin":7351,"position":4},"title":"Del enchufe de casa a las rutas argentinas","author":"CLUSTERciar","date":"5 diciembre, 2016","format":false,"excerpt":"Luego de un informe del INTI, el gobierno autoriz\u00f3 la circulaci\u00f3n de una camioneta el\u00e9ctrica de Renault. Tiene una autonom\u00eda de 140 kil\u00f3metros y puede conectarse a 220. Hasta los 20 kil\u00f3metros por hora, el veh\u00edculo no emite ning\u00fan ruido. \u00a0 El Kangoo ZE podr\u00e1 comercializarse en Argentina y circular\u2026","rel":"","context":"En \u00abTransformaci\u00f3n digital\u00bb","block_context":{"text":"Transformaci\u00f3n digital","link":"http:\/\/ccnews.com.ar\/prensa\/category\/transformacion-digital\/"},"img":{"alt_text":"","src":"https:\/\/i0.wp.com\/ccnews.com.ar\/prensa\/wp-content\/uploads\/2016\/12\/29682680535_18854a5767_b.jpg?fit=1024%2C576&resize=350%2C200","width":350,"height":200,"srcset":"https:\/\/i0.wp.com\/ccnews.com.ar\/prensa\/wp-content\/uploads\/2016\/12\/29682680535_18854a5767_b.jpg?fit=1024%2C576&resize=350%2C200 1x, https:\/\/i0.wp.com\/ccnews.com.ar\/prensa\/wp-content\/uploads\/2016\/12\/29682680535_18854a5767_b.jpg?fit=1024%2C576&resize=525%2C300 1,5x, https:\/\/i0.wp.com\/ccnews.com.ar\/prensa\/wp-content\/uploads\/2016\/12\/29682680535_18854a5767_b.jpg?fit=1024%2C576&resize=700%2C400 2x"},"classes":[]},{"id":1001,"url":"http:\/\/ccnews.com.ar\/prensa\/rolls-royce-presenta-el-auto-del-futuro\/","url_meta":{"origin":7351,"position":5},"title":"Rolls Royce presenta el auto del futuro","author":"CLUSTERciar","date":"8 agosto, 2016","format":false,"excerpt":"Rolls Royce ha presentado su nuevo concepto Vision Next 100 (v\u00eda Carscoops), un espectacular veh\u00edculo futurista que tiene como nombre clave 103EX. Creado para celebrar el aniversario n\u00famero 100 de su compa\u00f1\u00eda matriz, BWM, el 103EX es la propuesta de Rolls Royce para un auto de lujo totalmente aut\u00f3nomo fabricado\u2026","rel":"","context":"En \u00abTransformaci\u00f3n digital\u00bb","block_context":{"text":"Transformaci\u00f3n digital","link":"http:\/\/ccnews.com.ar\/prensa\/category\/transformacion-digital\/"},"img":{"alt_text":"rollsroyce103ex_16-960x623","src":"https:\/\/i0.wp.com\/dattatecblog.com\/wp-content\/uploads\/2016\/06\/rollsroyce103ex_16-960x623-150x150.jpg?resize=350%2C200","width":350,"height":200},"classes":[]}],"jetpack_sharing_enabled":true,"_links":{"self":[{"href":"http:\/\/ccnews.com.ar\/prensa\/wp-json\/wp\/v2\/posts\/7351","targetHints":{"allow":["GET"]}}],"collection":[{"href":"http:\/\/ccnews.com.ar\/prensa\/wp-json\/wp\/v2\/posts"}],"about":[{"href":"http:\/\/ccnews.com.ar\/prensa\/wp-json\/wp\/v2\/types\/post"}],"author":[{"embeddable":true,"href":"http:\/\/ccnews.com.ar\/prensa\/wp-json\/wp\/v2\/users\/1"}],"replies":[{"embeddable":true,"href":"http:\/\/ccnews.com.ar\/prensa\/wp-json\/wp\/v2\/comments?post=7351"}],"version-history":[{"count":1,"href":"http:\/\/ccnews.com.ar\/prensa\/wp-json\/wp\/v2\/posts\/7351\/revisions"}],"predecessor-version":[{"id":7355,"href":"http:\/\/ccnews.com.ar\/prensa\/wp-json\/wp\/v2\/posts\/7351\/revisions\/7355"}],"wp:featuredmedia":[{"embeddable":true,"href":"http:\/\/ccnews.com.ar\/prensa\/wp-json\/wp\/v2\/media\/7353"}],"wp:attachment":[{"href":"http:\/\/ccnews.com.ar\/prensa\/wp-json\/wp\/v2\/media?parent=7351"}],"wp:term":[{"taxonomy":"category","embeddable":true,"href":"http:\/\/ccnews.com.ar\/prensa\/wp-json\/wp\/v2\/categories?post=7351"},{"taxonomy":"post_tag","embeddable":true,"href":"http:\/\/ccnews.com.ar\/prensa\/wp-json\/wp\/v2\/tags?post=7351"}],"curies":[{"name":"wp","href":"https:\/\/api.w.org\/{rel}","templated":true}]}}