{"id":7583,"date":"2018-04-25T08:00:59","date_gmt":"2018-04-25T11:00:59","guid":{"rendered":"http:\/\/clusterciarnews.com.ar\/prensa\/?p=7583"},"modified":"2018-04-23T10:14:32","modified_gmt":"2018-04-23T13:14:32","slug":"google-designo-a-pablo-beramendi-como-nuevo-director-para-su-sede-en-argentina","status":"publish","type":"post","link":"http:\/\/ccnews.com.ar\/prensa\/google-designo-a-pablo-beramendi-como-nuevo-director-para-su-sede-en-argentina\/","title":{"rendered":"Google design\u00f3 a Pablo Beramendi como nuevo director para su sede en Argentina"},"content":{"rendered":"<p><strong>El ejecutivo ya ven\u00eda desempe\u00f1\u00e1ndose en la compa\u00f1\u00eda como Director de Branding para el \u00e1mbito local. Reemplazar\u00e1 a Federico Procaccini a partir de mayo<\/strong><\/p>\n<p><strong>Google Argentina<\/strong>\u00a0anunci\u00f3 este martes que<strong>\u00a0Pablo Beramendi\u00a0<\/strong>ser\u00e1 su nuevo\u00a0<strong>Director General<\/strong>, cargo que asumir\u00e1 el pr\u00f3ximo 2 de mayo en reemplazo de Federico\u00a0<strong>Procaccini<\/strong>, quien se desempe\u00f1\u00f3 en esa posici\u00f3n desde junio de 2014.Beramendi, quien trabaja en Google desde 2014, se desempa\u00f1\u00f3 como\u00a0<strong>L\u00edder de Productos y Soluciones para Hispanoam\u00e9rica<\/strong>\u00a0durante un a\u00f1o, y como\u00a0<strong>Director de Branding\u00a0<\/strong>para Argentina entre 2014 y 2017.<\/p>\n<div class=\"objetotpi\">\n<div id=\"eplAdDivBanner_7_Inline_video\">&#8220;Estoy muy entusiasmado con la posibilidad que tenemos de seguir\u00a0<strong>abriendo puertas a los emprendedores<\/strong>, a los peque\u00f1os y medianos negocios del pa\u00eds y a los usuarios a trav\u00e9s del acceso a la informaci\u00f3n que brindan las plataformas tecnol\u00f3gicas como las de Google&#8221;, manifest\u00f3 Beramendi.\u00a0&#8220;Es inspirador saber que desde este lugar podemos trabajar para seguir generando un<strong>\u00a0impacto concreto y positivo en la comunidad\u00a0<\/strong>y que esto redunda en favor de todos los argentinos\u201d, agreg\u00f3 en un comunicado.Con 20 a\u00f1os de trayectoria en el \u00e1mbito del\u00a0<strong>marketing y los negocios<\/strong>, Beramendi est\u00e1 desde 2017 a cargo de la c\u00e1tedra &#8220;<strong>Internet Business Strategy<\/strong>&#8221; de la Maestr\u00eda en Tecnolog\u00eda de la\u00a0<strong>Universidad de San Andr\u00e9s<\/strong>.<\/div>\n<\/div>\n<blockquote>\n<div><\/div>\n<div class=\"objetotpi\">\n\u201cEstamos felices con la designaci\u00f3n de\u00a0<strong>Pablo<\/strong>, quien con su talento, entusiasmo y gran conocimiento de la compa\u00f1\u00eda y el negocio, podr\u00e1 liderar la operaci\u00f3n local con innovaci\u00f3n e<strong>\u00a0ideas frescas que potenciar\u00e1n el desarrollo de Google<\/strong>\u00a0en todo el pa\u00eds\u201d, destac\u00f3 Adriana\u00a0<strong>Nore\u00f1a<\/strong>, Vicepresidenta de Google Hispanoam\u00e9rica.<\/div>\n<\/blockquote>\n<div><\/div>\n<div>Fuente:\u00a0iprofesional<\/div>\n<!-- AddThis Advanced Settings generic via filter on the_content -->","protected":false},"excerpt":{"rendered":"<p>El ejecutivo ya ven\u00eda desempe\u00f1\u00e1ndose en la compa\u00f1\u00eda como Director de Branding para el \u00e1mbito local. Reemplazar\u00e1 a Federico Procaccini<!-- AddThis Advanced Settings generic via filter on get_the_excerpt --><\/p>\n","protected":false},"author":1,"featured_media":7585,"comment_status":"closed","ping_status":"closed","sticky":false,"template":"","format":"standard","meta":{"colormag_page_container_layout":"default_layout","colormag_page_sidebar_layout":"default_layout","jetpack_post_was_ever_published":false,"_jetpack_newsletter_access":"","_jetpack_dont_email_post_to_subs":false,"_jetpack_newsletter_tier_id":0,"_jetpack_memberships_contains_paywalled_content":false,"_jetpack_memberships_contains_paid_content":false,"footnotes":"","jetpack_publicize_message":"","jetpack_publicize_feature_enabled":true,"jetpack_social_post_already_shared":true,"jetpack_social_options":{"image_generator_settings":{"template":"highway","default_image_id":0,"font":"","enabled":false},"version":2}},"categories":[7],"tags":[17],"class_list":["post-7583","post","type-post","status-publish","format-standard","has-post-thumbnail","hentry","category-management","tag-otros-medios"],"jetpack_publicize_connections":[],"jetpack_featured_media_url":"https:\/\/i0.wp.com\/ccnews.com.ar\/prensa\/wp-content\/uploads\/2018\/04\/456690.jpg?fit=630%2C460","jetpack_shortlink":"https:\/\/wp.me\/p7L1gj-1Yj","jetpack-related-posts":[{"id":949,"url":"http:\/\/ccnews.com.ar\/prensa\/es-negocio-la-impresion-3d-en-la-argentina-estos-emprendedores-creen-que-si\/","url_meta":{"origin":7583,"position":0},"title":"\u00bfES NEGOCIO LA IMPRESI\u00d3N 3D EN LA ARGENTINA? ESTOS EMPRENDEDORES CREEN QUE S\u00cd","author":"CLUSTERciar","date":"2 agosto, 2016","format":false,"excerpt":"REPLIKAT COMERCIALIZA SOLUCIONES DE IMPRESI\u00d3N 3D DESDE 2012 CON HARDWARE NACIONAL. AHORA BUSCA PEGAR EL SALTO PARA MASIFICAR EL NEGOCIO. \u201cA los 14 a\u00f1os empec\u00e9 \u2018cirujeando\u2019 impresoras\u201d, cuenta Santiago Scaine, socio fundador y director de Tecnolog\u00eda de Replikat, una de las pocas empresas que se dedica al desarrollo y la\u2026","rel":"","context":"En \u00abManagement\u00bb","block_context":{"text":"Management","link":"http:\/\/ccnews.com.ar\/prensa\/category\/management\/"},"img":{"alt_text":"","src":"","width":0,"height":0},"classes":[]},{"id":346,"url":"http:\/\/ccnews.com.ar\/prensa\/buscando-un-nuevo-ceo-para-ypf\/","url_meta":{"origin":7583,"position":1},"title":"Buscando un nuevo CEO para YPF","author":"CLUSTERciar","date":"22 marzo, 2016","format":false,"excerpt":"Un puesto de los m\u00e1s importantes del pa\u00eds; el elegido puede ser un profesional local o extranjero, que viva actualmente en el pa\u00eds o en el exterior Hay otro mundo en el escenario corporativo, el de los m\u00e1s altos ejecutivos que manejan t\u00e9rminos como headhunter, hiring bonus, stock options o\u2026","rel":"","context":"En \u00abManagement\u00bb","block_context":{"text":"Management","link":"http:\/\/ccnews.com.ar\/prensa\/category\/management\/"},"img":{"alt_text":"","src":"","width":0,"height":0},"classes":[]},{"id":386,"url":"http:\/\/ccnews.com.ar\/prensa\/gutierrez-conforme-por-la-continuacion-del-plan-con-energias-renovables\/","url_meta":{"origin":7583,"position":2},"title":"Guti\u00e9rrez: &#8220;Conforme por la continuaci\u00f3n del plan con energ\u00edas renovables.&#8221;","author":"CLUSTERciar","date":"4 abril, 2016","format":false,"excerpt":"El gobernador Guti\u00e9rrez expuso en la cumbre de la AmCham Argentina Omar Guti\u00e9rrez particip\u00f3 en la Capital Federal de las actividades organizadas en el marco de la visita al pa\u00eds del presidente estadounidense Barack Obama. Junto a los gobernadores de C\u00f3rdoba, Salta y Santa Fe, el mandatario neuquino habl\u00f3 ante\u2026","rel":"","context":"En \u00abSustentabilidad\u00bb","block_context":{"text":"Sustentabilidad","link":"http:\/\/ccnews.com.ar\/prensa\/category\/sustentabilidad\/"},"img":{"alt_text":"","src":"","width":0,"height":0},"classes":[]},{"id":7539,"url":"http:\/\/ccnews.com.ar\/prensa\/la-crisis-de-carrefour-la-llegada-de-un-ceo-frances-un-cambio-en-el-modelo-de-negocios-y-un-pedido-de-auxilio-al-gobierno\/","url_meta":{"origin":7583,"position":3},"title":"La crisis de Carrefour: la llegada de un CEO franc\u00e9s, un cambio en el modelo de negocios y un pedido de auxilio al Gobierno","author":"admin","date":"15 abril, 2018","format":false,"excerpt":"La empresa tiene en la actualidad un total de 500 sucursales en la Argentina y alrededor de 20.000 empleados. En un comunicado, afirm\u00f3 que est\u00e1 \"atravesando una situaci\u00f3n econ\u00f3mica compleja, tras tres a\u00f1os de p\u00e9rdidas\" El 21 de enero pasado no fue un d\u00eda m\u00e1s en la historia de Carrefour,\u2026","rel":"","context":"En \u00abManagement\u00bb","block_context":{"text":"Management","link":"http:\/\/ccnews.com.ar\/prensa\/category\/management\/"},"img":{"alt_text":"","src":"https:\/\/i0.wp.com\/ccnews.com.ar\/prensa\/wp-content\/uploads\/2018\/04\/carrefour0403-1000.jpg?fit=1000%2C640&resize=350%2C200","width":350,"height":200,"srcset":"https:\/\/i0.wp.com\/ccnews.com.ar\/prensa\/wp-content\/uploads\/2018\/04\/carrefour0403-1000.jpg?fit=1000%2C640&resize=350%2C200 1x, https:\/\/i0.wp.com\/ccnews.com.ar\/prensa\/wp-content\/uploads\/2018\/04\/carrefour0403-1000.jpg?fit=1000%2C640&resize=525%2C300 1,5x, https:\/\/i0.wp.com\/ccnews.com.ar\/prensa\/wp-content\/uploads\/2018\/04\/carrefour0403-1000.jpg?fit=1000%2C640&resize=700%2C400 2x"},"classes":[]},{"id":15856,"url":"http:\/\/ccnews.com.ar\/prensa\/hay-que-quitarle-la-mitologia-a-la-innovacion\/","url_meta":{"origin":7583,"position":4},"title":"\u201cHay que quitarle la mitolog\u00eda  a la innovaci\u00f3n\u201d","author":"Editor","date":"23 julio, 2020","format":false,"excerpt":"Destacados especialistas conversaron sobre la importancia de entender la innovaci\u00f3n como resultado de un proceso. La cita fue la conferencia \"Transformarse para gestionar la innovaci\u00f3n \u00bfC\u00f3mo y por qu\u00e9 hacerlo?\u201d, que organiz\u00f3 el grupo CLUSTERciar.","rel":"","context":"En \u00abManagement\u00bb","block_context":{"text":"Management","link":"http:\/\/ccnews.com.ar\/prensa\/category\/management\/"},"img":{"alt_text":"","src":"https:\/\/i0.wp.com\/ccnews.com.ar\/prensa\/wp-content\/uploads\/2020\/07\/nota-2.jpg?fit=816%2C409&resize=350%2C200","width":350,"height":200,"srcset":"https:\/\/i0.wp.com\/ccnews.com.ar\/prensa\/wp-content\/uploads\/2020\/07\/nota-2.jpg?fit=816%2C409&resize=350%2C200 1x, https:\/\/i0.wp.com\/ccnews.com.ar\/prensa\/wp-content\/uploads\/2020\/07\/nota-2.jpg?fit=816%2C409&resize=525%2C300 1,5x, https:\/\/i0.wp.com\/ccnews.com.ar\/prensa\/wp-content\/uploads\/2020\/07\/nota-2.jpg?fit=816%2C409&resize=700%2C400 2x"},"classes":[]},{"id":8793,"url":"http:\/\/ccnews.com.ar\/prensa\/aldo-boccaccini-la-formacion-de-ingenieria-en-argentina-es-muy-buena\/","url_meta":{"origin":7583,"position":5},"title":"Aldo Boccaccini: \u201cLa formaci\u00f3n de Ingenier\u00eda en Argentina es muy buena\u201d","author":"CLUSTERciar","date":"13 septiembre, 2018","format":false,"excerpt":"El ingeniero Aldo Boccaccini, quien reside desde hace un tiempo en Alemania desempe\u00f1\u00e1ndose como profesor y director del Instituto de Biomateriales en la Universidad de Erlangen, en Nuremberg, visit\u00f3 San Rafael y estuvo en los estudios de FM Vos (91.5) para hablar acerca de su experiencia y temas de la\u2026","rel":"","context":"En \u00abSustentabilidad\u00bb","block_context":{"text":"Sustentabilidad","link":"http:\/\/ccnews.com.ar\/prensa\/category\/sustentabilidad\/"},"img":{"alt_text":"","src":"https:\/\/i0.wp.com\/ccnews.com.ar\/prensa\/wp-content\/uploads\/2018\/09\/thumbnail_Aldo-Boccaccini-IMG_3254-696x464.jpg?fit=696%2C464&resize=350%2C200","width":350,"height":200,"srcset":"https:\/\/i0.wp.com\/ccnews.com.ar\/prensa\/wp-content\/uploads\/2018\/09\/thumbnail_Aldo-Boccaccini-IMG_3254-696x464.jpg?fit=696%2C464&resize=350%2C200 1x, https:\/\/i0.wp.com\/ccnews.com.ar\/prensa\/wp-content\/uploads\/2018\/09\/thumbnail_Aldo-Boccaccini-IMG_3254-696x464.jpg?fit=696%2C464&resize=525%2C300 1,5x"},"classes":[]}],"jetpack_sharing_enabled":true,"_links":{"self":[{"href":"http:\/\/ccnews.com.ar\/prensa\/wp-json\/wp\/v2\/posts\/7583","targetHints":{"allow":["GET"]}}],"collection":[{"href":"http:\/\/ccnews.com.ar\/prensa\/wp-json\/wp\/v2\/posts"}],"about":[{"href":"http:\/\/ccnews.com.ar\/prensa\/wp-json\/wp\/v2\/types\/post"}],"author":[{"embeddable":true,"href":"http:\/\/ccnews.com.ar\/prensa\/wp-json\/wp\/v2\/users\/1"}],"replies":[{"embeddable":true,"href":"http:\/\/ccnews.com.ar\/prensa\/wp-json\/wp\/v2\/comments?post=7583"}],"version-history":[{"count":3,"href":"http:\/\/ccnews.com.ar\/prensa\/wp-json\/wp\/v2\/posts\/7583\/revisions"}],"predecessor-version":[{"id":7591,"href":"http:\/\/ccnews.com.ar\/prensa\/wp-json\/wp\/v2\/posts\/7583\/revisions\/7591"}],"wp:featuredmedia":[{"embeddable":true,"href":"http:\/\/ccnews.com.ar\/prensa\/wp-json\/wp\/v2\/media\/7585"}],"wp:attachment":[{"href":"http:\/\/ccnews.com.ar\/prensa\/wp-json\/wp\/v2\/media?parent=7583"}],"wp:term":[{"taxonomy":"category","embeddable":true,"href":"http:\/\/ccnews.com.ar\/prensa\/wp-json\/wp\/v2\/categories?post=7583"},{"taxonomy":"post_tag","embeddable":true,"href":"http:\/\/ccnews.com.ar\/prensa\/wp-json\/wp\/v2\/tags?post=7583"}],"curies":[{"name":"wp","href":"https:\/\/api.w.org\/{rel}","templated":true}]}}