{"id":7611,"date":"2018-05-02T08:00:17","date_gmt":"2018-05-02T11:00:17","guid":{"rendered":"http:\/\/clusterciarnews.com.ar\/prensa\/?p=7611"},"modified":"2018-05-02T12:52:05","modified_gmt":"2018-05-02T15:52:05","slug":"la-provincia-de-neuquen-ya-tiene-su-primer-folleto-en-braille-mas-inclusion-que-mejora-la-calidad-turistica","status":"publish","type":"post","link":"http:\/\/ccnews.com.ar\/prensa\/la-provincia-de-neuquen-ya-tiene-su-primer-folleto-en-braille-mas-inclusion-que-mejora-la-calidad-turistica\/","title":{"rendered":"La provincia de Neuqu\u00e9n ya tiene su primer folleto en Braille (m\u00e1s inclusi\u00f3n que mejora la calidad tur\u00edstica)"},"content":{"rendered":"<p><strong>El primer folleto tur\u00edstico en el sistema Braille fue recibido al cierre de la semana pasada por las autoridades de la Subsecretar\u00eda de Turismo provincial. Estar\u00e1 disponible en la capital neuquina en las oficinas centrales de la cartera del sector.<\/strong><\/p>\n<p>El material incluir\u00e1 informaci\u00f3n sobre todo el territorio de la provincia, en pocos d\u00edas estar\u00e1 disponible para realizar consultas en la principal Oficina de Informes Tur\u00edsticos, ubicada sobre en la calle F\u00e9lix San Martin 182 de la capital neuquina.<\/p>\n<p>Es un trabajo en conjunto entre la Direcci\u00f3n General de Calidad Tur\u00edstica y la Subsecretaria de Discapacidad del Ministerio de la Ciudadan\u00eda de Neuqu\u00e9n, con certificaci\u00f3n del programa nacional de Directrices de Accesibilidad del Ministerio de Turismo de Naci\u00f3n. El material de difusi\u00f3n permitir\u00e1 que los turistas y viajantes puedan acceder de forma r\u00e1pida, en el horario de 8 a 21, durante los 7 d\u00edas de la semana.<\/p>\n<p>En noviembre del 2017 se realiz\u00f3 una capacitaci\u00f3n sobre Directrices de Accesibilidad Tur\u00edstica, buscando mejorar la calidad de vida de las personas con discapacidad. Fueron en modalidad de talleres vivenciales en el marco de la segunda etapa de implementaci\u00f3n del programa Directrices de Accesibilidad Tur\u00edstica. Los mismos se realizaron en el Centro Cultural Alberdi de Neuqu\u00e9n Capital.<\/p>\n<p>En los encuentros participaron representantes de la Sala Alicia Fern\u00e1ndez Rego, Cine Teatro Espa\u00f1ol (Fundaci\u00f3n Banco Provincia del Neuqu\u00e9n), Centro Cultural Alberdi, Casa Museo Gregorio \u00c1lvarez, Museo Nacional de Bellas Artes, Hotel Tower, Hotel Land Express, Hotel Neu 354, Hotel Huemul, Hotel Ciudad de Neuqu\u00e9n del Instituto de Seguridad Social del Neuqu\u00e9n (ISSN), Hotel El Prado y Hotel El Cortijo.<\/p>\n<p>Las Directrices pretenden que las personas con discapacidad puedan acceder en forma aut\u00f3noma a los servicios y actividades tur\u00edsticas, garantiz\u00e1ndoles un disfrute pleno de la experiencia tur\u00edstico-recreativa; como as\u00ed tambi\u00e9n garantizar sus derechos de acceso al turismo. Desde una rampa de acceso, barandas y percheros, hasta una carta de men\u00fa gastron\u00f3mico, tambi\u00e9n como el folleto de turismo, en sistema braille.<\/p>\n<p>Adem\u00e1s son pautas voluntarias de acci\u00f3n que, bajo la forma de recomendaciones y especificaciones t\u00e9cnicas extra\u00eddas de la experiencia y de los avances tecnol\u00f3gicos y cient\u00edficos, promueven la concientizaci\u00f3n de los diversos actores involucrados en la actividad tur\u00edstica.<\/p>\n<p>Son de aplicaci\u00f3n voluntaria y gu\u00edan el accionar de un amplio abanico de prestadores tur\u00edsticos con el fin de reducir barreras arquitect\u00f3nicas o comunicativas integrando a las personas con discapacidad, y\/o movilidad reducida.<\/p>\n<p>Fuente: inneuquen (Por\u00a0Pablo Comoli)<\/p>\n<!-- AddThis Advanced Settings generic via filter on the_content -->","protected":false},"excerpt":{"rendered":"<p>El primer folleto tur\u00edstico en el sistema Braille fue recibido al cierre de la semana pasada por las autoridades de<!-- AddThis Advanced Settings generic via filter on get_the_excerpt --><\/p>\n","protected":false},"author":1,"featured_media":7615,"comment_status":"closed","ping_status":"closed","sticky":false,"template":"","format":"standard","meta":{"colormag_page_container_layout":"default_layout","colormag_page_sidebar_layout":"default_layout","jetpack_post_was_ever_published":false,"_jetpack_newsletter_access":"","_jetpack_dont_email_post_to_subs":false,"_jetpack_newsletter_tier_id":0,"_jetpack_memberships_contains_paywalled_content":false,"_jetpack_memberships_contains_paid_content":false,"footnotes":"","jetpack_publicize_message":"","jetpack_publicize_feature_enabled":true,"jetpack_social_post_already_shared":false,"jetpack_social_options":{"image_generator_settings":{"template":"highway","default_image_id":0,"font":"","enabled":false},"version":2}},"categories":[19],"tags":[17],"class_list":["post-7611","post","type-post","status-publish","format-standard","has-post-thumbnail","hentry","category-educacion-sociedad","tag-otros-medios"],"jetpack_publicize_connections":[],"jetpack_featured_media_url":"https:\/\/i0.wp.com\/ccnews.com.ar\/prensa\/wp-content\/uploads\/2018\/04\/braille-interna-.jpg?fit=800%2C453","jetpack_shortlink":"https:\/\/wp.me\/p7L1gj-1YL","jetpack-related-posts":[{"id":7761,"url":"http:\/\/ccnews.com.ar\/prensa\/en-marzo-crecio-un-82-la-produccion-de-crudo-de-neuquen\/","url_meta":{"origin":7611,"position":0},"title":"En marzo creci\u00f3 un 8,2% la producci\u00f3n de crudo de Neuqu\u00e9n","author":"admin","date":"11 mayo, 2018","format":false,"excerpt":"Es la variaci\u00f3n interanual de marzo. La suba en el trimestre fue de 5%, seg\u00fan n\u00fameros del Ministerio de Energ\u00eda de la Naci\u00f3n. La producci\u00f3n de petr\u00f3leo y gas sigue en alza en Neuqu\u00e9n. Si se la mide de manera interanual, present\u00f3 un crecimiento del 4,96 por ciento en petr\u00f3leo\u2026","rel":"","context":"En \u00abSustentabilidad\u00bb","block_context":{"text":"Sustentabilidad","link":"http:\/\/ccnews.com.ar\/prensa\/category\/sustentabilidad\/"},"img":{"alt_text":"","src":"https:\/\/i0.wp.com\/ccnews.com.ar\/prensa\/wp-content\/uploads\/2018\/05\/20180502084801.jpg?fit=612%2C462&resize=350%2C200","width":350,"height":200,"srcset":"https:\/\/i0.wp.com\/ccnews.com.ar\/prensa\/wp-content\/uploads\/2018\/05\/20180502084801.jpg?fit=612%2C462&resize=350%2C200 1x, https:\/\/i0.wp.com\/ccnews.com.ar\/prensa\/wp-content\/uploads\/2018\/05\/20180502084801.jpg?fit=612%2C462&resize=525%2C300 1,5x"},"classes":[]},{"id":10727,"url":"http:\/\/ccnews.com.ar\/prensa\/la-cuenca-neuquina-impulso-el-alza-del-pais\/","url_meta":{"origin":7611,"position":1},"title":"La Cuenca Neuquina impuls\u00f3 el alza del pa\u00eds","author":"admin","date":"10 marzo, 2019","format":false,"excerpt":"Un an\u00e1lisis elaborado por el Instituto Mosconi reflej\u00f3 las diferencias en las regiones productoras. El impulso de Vaca Muerta explica la mayor producci\u00f3n del 2018. El segundo informe anual elaborado por el Instituto Argentino de Energ\u00eda General Mosconi dej\u00f3 en evidencia el peso que el desarrollo de Vaca Muerta est\u00e1\u2026","rel":"","context":"En \u00abEnerg\u00eda y Producci\u00f3n\u00bb","block_context":{"text":"Energ\u00eda y Producci\u00f3n","link":"http:\/\/ccnews.com.ar\/prensa\/category\/energia-y-produccion\/"},"img":{"alt_text":"","src":"https:\/\/i0.wp.com\/ccnews.com.ar\/prensa\/wp-content\/uploads\/2019\/03\/inspecci%C3%B3n1-e1552058059143.jpg?fit=1200%2C800&resize=350%2C200","width":350,"height":200,"srcset":"https:\/\/i0.wp.com\/ccnews.com.ar\/prensa\/wp-content\/uploads\/2019\/03\/inspecci%C3%B3n1-e1552058059143.jpg?fit=1200%2C800&resize=350%2C200 1x, https:\/\/i0.wp.com\/ccnews.com.ar\/prensa\/wp-content\/uploads\/2019\/03\/inspecci%C3%B3n1-e1552058059143.jpg?fit=1200%2C800&resize=525%2C300 1,5x, https:\/\/i0.wp.com\/ccnews.com.ar\/prensa\/wp-content\/uploads\/2019\/03\/inspecci%C3%B3n1-e1552058059143.jpg?fit=1200%2C800&resize=700%2C400 2x, https:\/\/i0.wp.com\/ccnews.com.ar\/prensa\/wp-content\/uploads\/2019\/03\/inspecci%C3%B3n1-e1552058059143.jpg?fit=1200%2C800&resize=1050%2C600 3x"},"classes":[]},{"id":13754,"url":"http:\/\/ccnews.com.ar\/prensa\/convocan-a-audiencia-publica-por-parque-eolico-el-chocon-chocon-oeste\/","url_meta":{"origin":7611,"position":2},"title":"Convocan a Audiencia P\u00fablica por parque e\u00f3lico en El Choc\u00f3n","author":"admin","date":"29 noviembre, 2019","format":false,"excerpt":"La subsecretar\u00eda de Ambiente invita a la poblaci\u00f3n a participar de la audiencia p\u00fablica sobre el proyecto, para poner a consideraci\u00f3n el estudio de impacto ambiental. El viernes a las 10, en el sal\u00f3n del Hotel Posta Arroyito, se llevar\u00e1 a cabo la audiencia p\u00fablica sobre la l\u00ednea de alta\u2026","rel":"","context":"En \u00abSustentabilidad\u00bb","block_context":{"text":"Sustentabilidad","link":"http:\/\/ccnews.com.ar\/prensa\/category\/sustentabilidad\/"},"img":{"alt_text":"","src":"https:\/\/i0.wp.com\/ccnews.com.ar\/prensa\/wp-content\/uploads\/2019\/11\/IMG_20190214_131919-750x375-2.jpg?fit=750%2C375&resize=350%2C200","width":350,"height":200,"srcset":"https:\/\/i0.wp.com\/ccnews.com.ar\/prensa\/wp-content\/uploads\/2019\/11\/IMG_20190214_131919-750x375-2.jpg?fit=750%2C375&resize=350%2C200 1x, https:\/\/i0.wp.com\/ccnews.com.ar\/prensa\/wp-content\/uploads\/2019\/11\/IMG_20190214_131919-750x375-2.jpg?fit=750%2C375&resize=525%2C300 1,5x, https:\/\/i0.wp.com\/ccnews.com.ar\/prensa\/wp-content\/uploads\/2019\/11\/IMG_20190214_131919-750x375-2.jpg?fit=750%2C375&resize=700%2C400 2x"},"classes":[]},{"id":8443,"url":"http:\/\/ccnews.com.ar\/prensa\/vaca-muerta-es-lider-en-cantidad-de-equipos\/","url_meta":{"origin":7611,"position":3},"title":"Vaca Muerta es l\u00edder en cantidad de equipos","author":"CLUSTERciar","date":"20 julio, 2018","format":false,"excerpt":"La formaci\u00f3n no convencional alcanz\u00f3 el mayor n\u00famero de los \u00faltimos dos a\u00f1os y concentra casi la mitad de las torres de perforaci\u00f3n en actividad en el pa\u00eds. Proyectan incorporar un tercio m\u00e1s para el primer trimestre del 2019. Hablar de Vaca Muerta se ha convertido en los \u00faltimos a\u00f1os\u2026","rel":"","context":"En \u00abEnerg\u00eda y Producci\u00f3n\u00bb","block_context":{"text":"Energ\u00eda y Producci\u00f3n","link":"http:\/\/ccnews.com.ar\/prensa\/category\/energia-y-produccion\/"},"img":{"alt_text":"","src":"https:\/\/i0.wp.com\/ccnews.com.ar\/prensa\/wp-content\/uploads\/2018\/07\/perforaciones190718.jpg?fit=250%2C250&resize=350%2C200","width":350,"height":200},"classes":[]},{"id":8521,"url":"http:\/\/ccnews.com.ar\/prensa\/vaca-muerta-es-lider-en-cantidad-de-equipos-2\/","url_meta":{"origin":7611,"position":4},"title":"Vaca Muerta es l\u00edder en cantidad de equipos","author":"CLUSTERciar","date":"7 agosto, 2018","format":false,"excerpt":"La formaci\u00f3n no convencional alcanz\u00f3 el mayor n\u00famero de los \u00faltimos dos a\u00f1os y concentra casi la mitad de las torres de perforaci\u00f3n en actividad en el pa\u00eds. Proyectan incorporar un tercio m\u00e1s para el primer trimestre del 2019. Hablar de Vaca Muerta se ha convertido en los \u00faltimos a\u00f1os\u2026","rel":"","context":"En \u00abEnerg\u00eda y Producci\u00f3n\u00bb","block_context":{"text":"Energ\u00eda y Producci\u00f3n","link":"http:\/\/ccnews.com.ar\/prensa\/category\/energia-y-produccion\/"},"img":{"alt_text":"","src":"https:\/\/i0.wp.com\/ccnews.com.ar\/prensa\/wp-content\/uploads\/2018\/07\/image_content_9910397_20180719033554.jpg?fit=660%2C370&resize=350%2C200","width":350,"height":200,"srcset":"https:\/\/i0.wp.com\/ccnews.com.ar\/prensa\/wp-content\/uploads\/2018\/07\/image_content_9910397_20180719033554.jpg?fit=660%2C370&resize=350%2C200 1x, https:\/\/i0.wp.com\/ccnews.com.ar\/prensa\/wp-content\/uploads\/2018\/07\/image_content_9910397_20180719033554.jpg?fit=660%2C370&resize=525%2C300 1,5x"},"classes":[]},{"id":3409,"url":"http:\/\/ccnews.com.ar\/prensa\/en-el-gobierno-creen-que-es-la-hora-de-las-empresas\/","url_meta":{"origin":7611,"position":5},"title":"En el Gobierno creen que es la hora de las empresas","author":"CLUSTERciar","date":"10 marzo, 2017","format":false,"excerpt":"Piden mayor protagonismo de las petroleras en Vaca Muerta. En el gobierno neuquino creen que ya est\u00e1n dadas las condiciones como para que empiecen a llegar, de una vez por todas, los miles de millones de d\u00f3lares que se necesitan para reactivar Vaca Muerta. Por eso, el gobernador Omar Guti\u00e9rrez\u2026","rel":"","context":"En \u00abSustentabilidad\u00bb","block_context":{"text":"Sustentabilidad","link":"http:\/\/ccnews.com.ar\/prensa\/category\/sustentabilidad\/"},"img":{"alt_text":"","src":"https:\/\/i0.wp.com\/ccnews.com.ar\/prensa\/wp-content\/uploads\/2017\/03\/0002412096.jpg?fit=770%2C433&resize=350%2C200","width":350,"height":200,"srcset":"https:\/\/i0.wp.com\/ccnews.com.ar\/prensa\/wp-content\/uploads\/2017\/03\/0002412096.jpg?fit=770%2C433&resize=350%2C200 1x, https:\/\/i0.wp.com\/ccnews.com.ar\/prensa\/wp-content\/uploads\/2017\/03\/0002412096.jpg?fit=770%2C433&resize=525%2C300 1,5x, https:\/\/i0.wp.com\/ccnews.com.ar\/prensa\/wp-content\/uploads\/2017\/03\/0002412096.jpg?fit=770%2C433&resize=700%2C400 2x"},"classes":[]}],"jetpack_sharing_enabled":true,"_links":{"self":[{"href":"http:\/\/ccnews.com.ar\/prensa\/wp-json\/wp\/v2\/posts\/7611","targetHints":{"allow":["GET"]}}],"collection":[{"href":"http:\/\/ccnews.com.ar\/prensa\/wp-json\/wp\/v2\/posts"}],"about":[{"href":"http:\/\/ccnews.com.ar\/prensa\/wp-json\/wp\/v2\/types\/post"}],"author":[{"embeddable":true,"href":"http:\/\/ccnews.com.ar\/prensa\/wp-json\/wp\/v2\/users\/1"}],"replies":[{"embeddable":true,"href":"http:\/\/ccnews.com.ar\/prensa\/wp-json\/wp\/v2\/comments?post=7611"}],"version-history":[{"count":2,"href":"http:\/\/ccnews.com.ar\/prensa\/wp-json\/wp\/v2\/posts\/7611\/revisions"}],"predecessor-version":[{"id":7619,"href":"http:\/\/ccnews.com.ar\/prensa\/wp-json\/wp\/v2\/posts\/7611\/revisions\/7619"}],"wp:featuredmedia":[{"embeddable":true,"href":"http:\/\/ccnews.com.ar\/prensa\/wp-json\/wp\/v2\/media\/7615"}],"wp:attachment":[{"href":"http:\/\/ccnews.com.ar\/prensa\/wp-json\/wp\/v2\/media?parent=7611"}],"wp:term":[{"taxonomy":"category","embeddable":true,"href":"http:\/\/ccnews.com.ar\/prensa\/wp-json\/wp\/v2\/categories?post=7611"},{"taxonomy":"post_tag","embeddable":true,"href":"http:\/\/ccnews.com.ar\/prensa\/wp-json\/wp\/v2\/tags?post=7611"}],"curies":[{"name":"wp","href":"https:\/\/api.w.org\/{rel}","templated":true}]}}