{"id":7631,"date":"2018-04-29T08:00:55","date_gmt":"2018-04-29T11:00:55","guid":{"rendered":"http:\/\/clusterciarnews.com.ar\/prensa\/?p=7631"},"modified":"2018-04-23T10:38:47","modified_gmt":"2018-04-23T13:38:47","slug":"la-licitacion-del-tren-a-vaca-muerta-sera-en-mayo","status":"publish","type":"post","link":"http:\/\/ccnews.com.ar\/prensa\/la-licitacion-del-tren-a-vaca-muerta-sera-en-mayo\/","title":{"rendered":"La Licitaci\u00f3n Del Tren A Vaca Muerta Ser\u00e1 En Mayo"},"content":{"rendered":"<div class=\"NotRes2\"><strong>El Tren de la Patagonia Norte tendr\u00e1 una traza de 675 kil\u00f3metros de extensi\u00f3n que unir\u00e1n el puerto de Bah\u00eda Blanca con la localidad de A\u00f1elo, con un plazo de construcci\u00f3n de 3 a\u00f1os.<\/strong><\/div>\n<div><\/div>\n<div class=\"NotTXT2\">El gobernador Omar Guti\u00e9rrez anunci\u00f3 que en mayo el gobierno nacional licitar\u00e1 el tren norpatag\u00f3nico, que unir\u00e1 la zona de Vaca Muerta con el puerto de Bah\u00eda Blanca. El proyecto servir\u00e1 para traer insumos a la formaci\u00f3n no convencional y sacar al exterior productos relacionados con la miner\u00eda y la industria frut\u00edcola.<\/p>\n<p>El mandatario provincial estuvo el lunes 17 de abril reunido con el ministro de Transporte de la Naci\u00f3n, Guillermo Dietrich, con una agenda de temas para Neuqu\u00e9n. Uno de ellos fue la licitaci\u00f3n de la obra de conexi\u00f3n del tren norpatag\u00f3nico.<\/p>\n<p>\u201cA principios de mayo dar\u00e1 a conocer la informaci\u00f3n preliminar de la licitaci\u00f3n sobre el formato econ\u00f3mico y jur\u00eddico del tren norpatag\u00f3nico que ser\u00e1 de participaci\u00f3n p\u00fablica privada (PPP)\u201d, expres\u00f3 Guti\u00e9rrez a LM Neuqu\u00e9n.<\/p>\n<p>Para el gobernador, la infraestructura del proyecto es importante, no s\u00f3lo para la provincia de Neuqu\u00e9n sino tambi\u00e9n para Mendoza y R\u00edo Negro.<\/p>\n<p>Guti\u00e9rrez dijo que no s\u00f3lo el tren servir\u00e1 para llevar y traer insumos para la industria petrolera, sino para fortalecer otras actividades econ\u00f3micas que se desarrollan en la provincia y alrededores, como la miner\u00eda y la fruticultura. Esta \u00faltima sigue utilizando los camiones con fruta cargados directamente hasta el puerto.<\/p>\n<p>El proyecto fue desarrollado por la petrolera estatal YPF y el Ministerio de Energ\u00eda, de Juan Jos\u00e9 Aranguren, le dijo Dietrich a la agencia estadounidense Bloomberg en un reciente reportaje, de acuerdo con lo informado por este diario en la edici\u00f3n de ayer.<\/p>\n<p>El borrador ya tiene la venia del presidente Mauricio Macri. Dietrich puntualiz\u00f3 a Bloomberg que el tren transportar\u00e1 insumos a Vaca Muerta y volver\u00e1 al puerto con frutas y minerales.<\/p><\/div>\n<div><\/div>\n<div>Fuente: Vaca Muerta News<\/div>\n<!-- AddThis Advanced Settings generic via filter on the_content -->","protected":false},"excerpt":{"rendered":"<p>El Tren de la Patagonia Norte tendr\u00e1 una traza de 675 kil\u00f3metros de extensi\u00f3n que unir\u00e1n el puerto de Bah\u00eda<!-- AddThis Advanced Settings generic via filter on get_the_excerpt --><\/p>\n","protected":false},"author":1,"featured_media":7633,"comment_status":"closed","ping_status":"closed","sticky":false,"template":"","format":"standard","meta":{"colormag_page_container_layout":"default_layout","colormag_page_sidebar_layout":"default_layout","jetpack_post_was_ever_published":false,"_jetpack_newsletter_access":"","_jetpack_dont_email_post_to_subs":false,"_jetpack_newsletter_tier_id":0,"_jetpack_memberships_contains_paywalled_content":false,"_jetpack_memberships_contains_paid_content":false,"footnotes":"","jetpack_publicize_message":"","jetpack_publicize_feature_enabled":true,"jetpack_social_post_already_shared":true,"jetpack_social_options":{"image_generator_settings":{"template":"highway","default_image_id":0,"font":"","enabled":false},"version":2}},"categories":[11],"tags":[17],"class_list":["post-7631","post","type-post","status-publish","format-standard","has-post-thumbnail","hentry","category-energia-y-produccion","tag-otros-medios"],"jetpack_publicize_connections":[],"jetpack_featured_media_url":"https:\/\/i0.wp.com\/ccnews.com.ar\/prensa\/wp-content\/uploads\/2018\/04\/20180418083601.jpg?fit=841%2C527","jetpack_shortlink":"https:\/\/wp.me\/p7L1gj-1Z5","jetpack-related-posts":[{"id":11657,"url":"http:\/\/ccnews.com.ar\/prensa\/el-gas-de-vaca-muerta-ya-se-carga-en-el-buque-fuji\/","url_meta":{"origin":7631,"position":0},"title":"El gas de Vaca Muerta ya se carga en el buque Fuji","author":"admin","date":"3 junio, 2019","format":false,"excerpt":"Es la primera exportaci\u00f3n de gas natural licuado (GNL) realizada por YPF. El carguero de bandera de Malta ingres\u00f3 al puerto ayer. La primera exportaci\u00f3n de gas natural licuado (GNL) realizada por Argentina ya est\u00e1 en proceso y sit\u00faa al pa\u00eds, de la mano del desarrollo realizado por YPF, dentro\u2026","rel":"","context":"En \u00abEnerg\u00eda y Producci\u00f3n\u00bb","block_context":{"text":"Energ\u00eda y Producci\u00f3n","link":"http:\/\/ccnews.com.ar\/prensa\/category\/energia-y-produccion\/"},"img":{"alt_text":"","src":"https:\/\/i0.wp.com\/ccnews.com.ar\/prensa\/wp-content\/uploads\/2019\/06\/D8AbHfsXoAAmlKA.jpg?fit=920%2C520&resize=350%2C200","width":350,"height":200,"srcset":"https:\/\/i0.wp.com\/ccnews.com.ar\/prensa\/wp-content\/uploads\/2019\/06\/D8AbHfsXoAAmlKA.jpg?fit=920%2C520&resize=350%2C200 1x, https:\/\/i0.wp.com\/ccnews.com.ar\/prensa\/wp-content\/uploads\/2019\/06\/D8AbHfsXoAAmlKA.jpg?fit=920%2C520&resize=525%2C300 1,5x, https:\/\/i0.wp.com\/ccnews.com.ar\/prensa\/wp-content\/uploads\/2019\/06\/D8AbHfsXoAAmlKA.jpg?fit=920%2C520&resize=700%2C400 2x"},"classes":[]},{"id":10567,"url":"http:\/\/ccnews.com.ar\/prensa\/una-empresa-estatal-privatiza-un-yacimiento-con-potencial-en-vaca-muerta\/","url_meta":{"origin":7631,"position":1},"title":"Una empresa estatal privatiza un yacimiento con potencial en Vaca Muerta","author":"admin","date":"28 febrero, 2019","format":false,"excerpt":"La estatal IEASA (ex Enarsa) puso en venta el yacimiento de hidrocarburos Aguada del Cha\u00f1ar en Neuqu\u00e9n. La licitaci\u00f3n incluye la infraestructura de transporte de gas instalada en el campo. A su vez, la empresa confirm\u00f3 la adjudicaci\u00f3n de la t\u00e9rmica Brigadier L\u00f3pez a Central Puerto y dio por fracasada\u2026","rel":"","context":"En \u00abEnerg\u00eda y Producci\u00f3n\u00bb","block_context":{"text":"Energ\u00eda y Producci\u00f3n","link":"http:\/\/ccnews.com.ar\/prensa\/category\/energia-y-produccion\/"},"img":{"alt_text":"","src":"https:\/\/i0.wp.com\/ccnews.com.ar\/prensa\/wp-content\/uploads\/2019\/02\/Aguada-del-Chaniar-II-ok.jpg?fit=600%2C379&resize=350%2C200","width":350,"height":200,"srcset":"https:\/\/i0.wp.com\/ccnews.com.ar\/prensa\/wp-content\/uploads\/2019\/02\/Aguada-del-Chaniar-II-ok.jpg?fit=600%2C379&resize=350%2C200 1x, https:\/\/i0.wp.com\/ccnews.com.ar\/prensa\/wp-content\/uploads\/2019\/02\/Aguada-del-Chaniar-II-ok.jpg?fit=600%2C379&resize=525%2C300 1,5x"},"classes":[]},{"id":14426,"url":"http:\/\/ccnews.com.ar\/prensa\/el-gas-de-vaca-muerta-llego-a-europa\/","url_meta":{"origin":7631,"position":2},"title":"El gas de Vaca Muerta lleg\u00f3 a Europa","author":"admin","date":"29 enero, 2020","format":false,"excerpt":"El cargamento de GNL elaborado por YPF fue descargado en el puerto de Barcelona. Una nueva carga ya es procesada en Bah\u00eda Blanca para partir a mediados del mes entrante. Luego de un largo viaje, y con algunos traspi\u00e9s por el estado del tiempo, el carguero Methane Kari Elin arrib\u00f3\u2026","rel":"","context":"En \u00abEnerg\u00eda y Producci\u00f3n\u00bb","block_context":{"text":"Energ\u00eda y Producci\u00f3n","link":"http:\/\/ccnews.com.ar\/prensa\/category\/energia-y-produccion\/"},"img":{"alt_text":"","src":"https:\/\/i0.wp.com\/ccnews.com.ar\/prensa\/wp-content\/uploads\/2020\/01\/IMG_0368.jpg?fit=920%2C517&resize=350%2C200","width":350,"height":200,"srcset":"https:\/\/i0.wp.com\/ccnews.com.ar\/prensa\/wp-content\/uploads\/2020\/01\/IMG_0368.jpg?fit=920%2C517&resize=350%2C200 1x, https:\/\/i0.wp.com\/ccnews.com.ar\/prensa\/wp-content\/uploads\/2020\/01\/IMG_0368.jpg?fit=920%2C517&resize=525%2C300 1,5x, https:\/\/i0.wp.com\/ccnews.com.ar\/prensa\/wp-content\/uploads\/2020\/01\/IMG_0368.jpg?fit=920%2C517&resize=700%2C400 2x"},"classes":[]},{"id":4551,"url":"http:\/\/ccnews.com.ar\/prensa\/omar-gutierrez-habra-un-multimillonario-anuncio-de-inversion-para-vaca-muerta\/","url_meta":{"origin":7631,"position":3},"title":"Omar Guti\u00e9rrez: \u201cHabr\u00e1 un multimillonario anuncio de inversi\u00f3n\u201d para Vaca Muerta","author":"CLUSTERciar","date":"28 junio, 2017","format":false,"excerpt":"El gobernador se\u00f1al\u00f3 que se dar\u00e1 a conocer \u201cesta semana\u201d. Afirm\u00f3 que buscan \u201cgenerar una revoluci\u00f3n industrial en Neuqu\u00e9n\u201d. El gobernador de Neuqu\u00e9n, Omar Guti\u00e9rrez, anticip\u00f3 hoy que \u201cesta semana habr\u00e1 un nuevo anuncio y la pr\u00f3xima otro m\u00e1s, por cifras multimillonarias\u201d en materia de inversiones para el desarrollo de\u2026","rel":"","context":"En \u00abManagement\u00bb","block_context":{"text":"Management","link":"http:\/\/ccnews.com.ar\/prensa\/category\/management\/"},"img":{"alt_text":"","src":"https:\/\/i0.wp.com\/ccnews.com.ar\/prensa\/wp-content\/uploads\/2017\/06\/image_content_8545680_20170626191928.jpg?fit=660%2C370&resize=350%2C200","width":350,"height":200,"srcset":"https:\/\/i0.wp.com\/ccnews.com.ar\/prensa\/wp-content\/uploads\/2017\/06\/image_content_8545680_20170626191928.jpg?fit=660%2C370&resize=350%2C200 1x, https:\/\/i0.wp.com\/ccnews.com.ar\/prensa\/wp-content\/uploads\/2017\/06\/image_content_8545680_20170626191928.jpg?fit=660%2C370&resize=525%2C300 1,5x"},"classes":[]},{"id":7891,"url":"http:\/\/ccnews.com.ar\/prensa\/los-oleoductos-esperan-nuevas-regulaciones\/","url_meta":{"origin":7631,"position":4},"title":"Los oleoductos esperan nuevas regulaciones","author":"admin","date":"29 mayo, 2018","format":false,"excerpt":"El gerente general de Oldelval, Jorge Vugdelija, asegur\u00f3 que tienen un plan de ampliaci\u00f3n condicionado a los cambios. El festejo por los 25 a\u00f1os de trabajos ininterrumpidos de la empresa Oleoductos del Valle (Oldelval) fue tambi\u00e9n el escenario escogido por la firma para anunciar que ya analizan un plan de\u2026","rel":"","context":"En \u00abEnerg\u00eda y Producci\u00f3n\u00bb","block_context":{"text":"Energ\u00eda y Producci\u00f3n","link":"http:\/\/ccnews.com.ar\/prensa\/category\/energia-y-produccion\/"},"img":{"alt_text":"","src":"https:\/\/i0.wp.com\/ccnews.com.ar\/prensa\/wp-content\/uploads\/2018\/05\/image_content_9666806_20180517001728.jpg?fit=660%2C370&resize=350%2C200","width":350,"height":200,"srcset":"https:\/\/i0.wp.com\/ccnews.com.ar\/prensa\/wp-content\/uploads\/2018\/05\/image_content_9666806_20180517001728.jpg?fit=660%2C370&resize=350%2C200 1x, https:\/\/i0.wp.com\/ccnews.com.ar\/prensa\/wp-content\/uploads\/2018\/05\/image_content_9666806_20180517001728.jpg?fit=660%2C370&resize=525%2C300 1,5x"},"classes":[]},{"id":9215,"url":"http:\/\/ccnews.com.ar\/prensa\/cgc-comenzara-a-exportar-gas-a-chile-desde-neuquen\/","url_meta":{"origin":7631,"position":5},"title":"CGC comenzar\u00e1 a exportar gas a Chile desde Neuqu\u00e9n","author":"CLUSTERciar","date":"31 octubre, 2018","format":false,"excerpt":"Es por la producci\u00f3n r\u00e9cord de Vaca Muerta. Se trata de la segunda autorizaci\u00f3n, con destino a Colb\u00fan S.A., por un volumen m\u00e1ximo de 1.300.000 m\u00b3\/d\u00edade gas natural de 9.300 Kcal\/m\u00b3, desde el 17 de agosto de 2018 al 1 de mayo del 2019. El Ministerio de Econom\u00eda, a trav\u00e9s\u2026","rel":"","context":"En \u00abEnerg\u00eda y Producci\u00f3n\u00bb","block_context":{"text":"Energ\u00eda y Producci\u00f3n","link":"http:\/\/ccnews.com.ar\/prensa\/category\/energia-y-produccion\/"},"img":{"alt_text":"","src":"https:\/\/i0.wp.com\/ccnews.com.ar\/prensa\/wp-content\/uploads\/2018\/10\/20181022193701.jpg?fit=883%2C883&resize=350%2C200","width":350,"height":200,"srcset":"https:\/\/i0.wp.com\/ccnews.com.ar\/prensa\/wp-content\/uploads\/2018\/10\/20181022193701.jpg?fit=883%2C883&resize=350%2C200 1x, https:\/\/i0.wp.com\/ccnews.com.ar\/prensa\/wp-content\/uploads\/2018\/10\/20181022193701.jpg?fit=883%2C883&resize=525%2C300 1,5x, https:\/\/i0.wp.com\/ccnews.com.ar\/prensa\/wp-content\/uploads\/2018\/10\/20181022193701.jpg?fit=883%2C883&resize=700%2C400 2x"},"classes":[]}],"jetpack_sharing_enabled":true,"_links":{"self":[{"href":"http:\/\/ccnews.com.ar\/prensa\/wp-json\/wp\/v2\/posts\/7631","targetHints":{"allow":["GET"]}}],"collection":[{"href":"http:\/\/ccnews.com.ar\/prensa\/wp-json\/wp\/v2\/posts"}],"about":[{"href":"http:\/\/ccnews.com.ar\/prensa\/wp-json\/wp\/v2\/types\/post"}],"author":[{"embeddable":true,"href":"http:\/\/ccnews.com.ar\/prensa\/wp-json\/wp\/v2\/users\/1"}],"replies":[{"embeddable":true,"href":"http:\/\/ccnews.com.ar\/prensa\/wp-json\/wp\/v2\/comments?post=7631"}],"version-history":[{"count":2,"href":"http:\/\/ccnews.com.ar\/prensa\/wp-json\/wp\/v2\/posts\/7631\/revisions"}],"predecessor-version":[{"id":7645,"href":"http:\/\/ccnews.com.ar\/prensa\/wp-json\/wp\/v2\/posts\/7631\/revisions\/7645"}],"wp:featuredmedia":[{"embeddable":true,"href":"http:\/\/ccnews.com.ar\/prensa\/wp-json\/wp\/v2\/media\/7633"}],"wp:attachment":[{"href":"http:\/\/ccnews.com.ar\/prensa\/wp-json\/wp\/v2\/media?parent=7631"}],"wp:term":[{"taxonomy":"category","embeddable":true,"href":"http:\/\/ccnews.com.ar\/prensa\/wp-json\/wp\/v2\/categories?post=7631"},{"taxonomy":"post_tag","embeddable":true,"href":"http:\/\/ccnews.com.ar\/prensa\/wp-json\/wp\/v2\/tags?post=7631"}],"curies":[{"name":"wp","href":"https:\/\/api.w.org\/{rel}","templated":true}]}}