{"id":7729,"date":"2018-05-05T08:00:45","date_gmt":"2018-05-05T11:00:45","guid":{"rendered":"http:\/\/clusterciarnews.com.ar\/prensa\/?p=7729"},"modified":"2018-05-03T17:29:03","modified_gmt":"2018-05-03T20:29:03","slug":"la-recaudacion-se-fue-para-arriba-en-neuquen","status":"publish","type":"post","link":"http:\/\/ccnews.com.ar\/prensa\/la-recaudacion-se-fue-para-arriba-en-neuquen\/","title":{"rendered":"La recaudaci\u00f3n se fue para arriba en Neuqu\u00e9n"},"content":{"rendered":"<p class=\"subheadline font-2 fs16\"><strong>El IVA provincial subi\u00f3 casi un 50% en el primer trimestre del a\u00f1o en comparaci\u00f3n con el anterior. Se lo atribuyen a la actividad petrolera.<\/strong><\/p>\n<div class=\"paragraph\">\n<p>La recaudaci\u00f3n provincial alcanz\u00f3 en marzo los 1.437 millones de pesos, un 46% por ciento m\u00e1s que en el mismo mes del 2017 ($ 986,8 millones). Ingresos Brutos aport\u00f3 en marzo $ 1.261,9 millones; el impuesto a Sellos $ 116,1 millones; Inmobiliario $ 56,5 millones y otros $ 2,7 millones. La recaudaci\u00f3n acumulada al primer trimestre del a\u00f1o present\u00f3 una variaci\u00f3n interanual del 43 por ciento, impulsada por la variaci\u00f3n acumulada interanual de Ingresos Brutos (49%) y Sellos (36%).<\/p>\n<p>El \u00cdndice de Precios al Consumidor de la direcci\u00f3n Provincial de Estad\u00edstica midi\u00f3 que entre marzo del a\u00f1o pasado y \u00e9ste, la suba fue de 22,3% con lo que la recaudaci\u00f3n subi\u00f3 m\u00e1s que lo que subieron los precios.<\/p>\n<p>Fuentes del gobierno pusieron sonrisas al conocer este informe porque adujeron que marca una tendencia que se observa desde el segundo trimestre del a\u00f1o pasado. El 70% de los ingresos por impuestos est\u00e1n atados al precio de los hidrocarburos y la actividad petrolera. Las empresas explican ese porcentaje en el pago de Ingresos Brutos que se derrama sobre el resto de las actividades de servicio.<\/p>\n<p>Un informe oficial destac\u00f3 que el patentamiento de veh\u00edculos 0 km en Neuqu\u00e9n en el primer trimestre del 2018 alcanz\u00f3 las 6.337 unidades, presentando un aumento del 21% respecto al mismo trimestre del a\u00f1o anterior. A nivel pa\u00eds creci\u00f3 un 19 por ciento. De esta estad\u00edstica se desprende que en la provincia se patenta unos 70 veh\u00edculos por d\u00eda.<\/p>\n<p>Seg\u00fan el reciente informe mensual elaborado por la Empresa Argentina de Navegaci\u00f3n A\u00e9rea (EANA), el n\u00famero de pasajeros que pasaron por el Aeropuerto de Neuqu\u00e9n en el mes de marzo aument\u00f3 el 13 por ciento respecto al mismo mes del a\u00f1o anterior, al alcanzar los 89.000 viajeros, esto representa 10.000 personas m\u00e1s.<\/p>\n<\/div>\n<div class=\"microformat_headline ant-text\" style=\"padding-left: 60px;\"><span style=\"color: #808080;\"><strong>Monto y porcentaje<\/strong><\/span><\/div>\n<div class=\"microformat_highlight_text ant-microformat_headline\" style=\"padding-left: 60px;\"><span style=\"color: #808080;\">$ 1.437 millones es lo que se recaud\u00f3 por los tres impuestos provinciales en marzo y marc\u00f3 un crecimiento respecto al 2017.<\/span><\/div>\n<div class=\"microformat_highlight_text ant-microformat_text\" style=\"padding-left: 60px;\"><span style=\"color: #808080;\">20,7% fue el crecimiento real de los ingresos de la Direcci\u00f3n de Rentas si se le descuenta la inflaci\u00f3n de un a\u00f1o.<\/span><\/div>\n<!-- AddThis Advanced Settings generic via filter on the_content -->","protected":false},"excerpt":{"rendered":"<p>El IVA provincial subi\u00f3 casi un 50% en el primer trimestre del a\u00f1o en comparaci\u00f3n con el anterior. Se lo<!-- AddThis Advanced Settings generic via filter on get_the_excerpt --><\/p>\n","protected":false},"author":1,"featured_media":7731,"comment_status":"closed","ping_status":"closed","sticky":false,"template":"","format":"standard","meta":{"colormag_page_container_layout":"default_layout","colormag_page_sidebar_layout":"default_layout","jetpack_post_was_ever_published":false,"_jetpack_newsletter_access":"","_jetpack_dont_email_post_to_subs":false,"_jetpack_newsletter_tier_id":0,"_jetpack_memberships_contains_paywalled_content":false,"_jetpack_memberships_contains_paid_content":false,"footnotes":"","jetpack_publicize_message":"","jetpack_publicize_feature_enabled":true,"jetpack_social_post_already_shared":true,"jetpack_social_options":{"image_generator_settings":{"template":"highway","default_image_id":0,"font":"","enabled":false},"version":2}},"categories":[7],"tags":[17],"class_list":["post-7729","post","type-post","status-publish","format-standard","has-post-thumbnail","hentry","category-management","tag-otros-medios"],"jetpack_publicize_connections":[],"jetpack_featured_media_url":"https:\/\/i0.wp.com\/ccnews.com.ar\/prensa\/wp-content\/uploads\/2018\/05\/image_content_9618463_20180501220536.jpg?fit=660%2C370","jetpack_shortlink":"https:\/\/wp.me\/p7L1gj-20F","jetpack-related-posts":[{"id":2331,"url":"http:\/\/ccnews.com.ar\/prensa\/rio-negro-espera-inversiones-petroleras-por-mas-de-us400-millones-en-2017\/","url_meta":{"origin":7729,"position":0},"title":"R\u00edo Negro espera inversiones petroleras por m\u00e1s de US$400 millones en 2017","author":"CLUSTERciar","date":"15 noviembre, 2016","format":false,"excerpt":"Las empresas del sector que operan en la provincia buscar\u00e1n aumentar la producci\u00f3n de hidrocarburos, seg\u00fan la previsi\u00f3n del secretario de Energ\u00eda Sebasti\u00e1n Caldiero, quien precis\u00f3 a T\u00e9lam que a fin de este a\u00f1o se registrar\u00e1 un crecimiento anual de 10% en la extracci\u00f3n de gas en el distrito. \"Las\u2026","rel":"","context":"En \u00abEnerg\u00eda y Producci\u00f3n\u00bb","block_context":{"text":"Energ\u00eda y Producci\u00f3n","link":"http:\/\/ccnews.com.ar\/prensa\/category\/energia-y-produccion\/"},"img":{"alt_text":"","src":"","width":0,"height":0},"classes":[]},{"id":7761,"url":"http:\/\/ccnews.com.ar\/prensa\/en-marzo-crecio-un-82-la-produccion-de-crudo-de-neuquen\/","url_meta":{"origin":7729,"position":1},"title":"En marzo creci\u00f3 un 8,2% la producci\u00f3n de crudo de Neuqu\u00e9n","author":"admin","date":"11 mayo, 2018","format":false,"excerpt":"Es la variaci\u00f3n interanual de marzo. La suba en el trimestre fue de 5%, seg\u00fan n\u00fameros del Ministerio de Energ\u00eda de la Naci\u00f3n. La producci\u00f3n de petr\u00f3leo y gas sigue en alza en Neuqu\u00e9n. Si se la mide de manera interanual, present\u00f3 un crecimiento del 4,96 por ciento en petr\u00f3leo\u2026","rel":"","context":"En \u00abSustentabilidad\u00bb","block_context":{"text":"Sustentabilidad","link":"http:\/\/ccnews.com.ar\/prensa\/category\/sustentabilidad\/"},"img":{"alt_text":"","src":"https:\/\/i0.wp.com\/ccnews.com.ar\/prensa\/wp-content\/uploads\/2018\/05\/20180502084801.jpg?fit=612%2C462&resize=350%2C200","width":350,"height":200,"srcset":"https:\/\/i0.wp.com\/ccnews.com.ar\/prensa\/wp-content\/uploads\/2018\/05\/20180502084801.jpg?fit=612%2C462&resize=350%2C200 1x, https:\/\/i0.wp.com\/ccnews.com.ar\/prensa\/wp-content\/uploads\/2018\/05\/20180502084801.jpg?fit=612%2C462&resize=525%2C300 1,5x"},"classes":[]},{"id":4305,"url":"http:\/\/ccnews.com.ar\/prensa\/la-apuesta-por-el-petroleo-y-el-gas-no-convencionales-empieza-a-dar-los-primeros-resultados\/","url_meta":{"origin":7729,"position":2},"title":"La apuesta por el petr\u00f3leo y el gas no convencionales empieza a dar los primeros resultados","author":"CLUSTERciar","date":"12 junio, 2017","format":false,"excerpt":"En el primer trimestre del a\u00f1o, la producci\u00f3n de estos combustibles registr\u00f3 subas interanuales del 26 y el 40% a apuesta por los combustibles no convencionales que el presidente Mauricio Macri y su ministro de Energ\u00eda, Juan Jos\u00e9 Aranguren , promocionan en cada viaje al exterior de a poco empieza\u2026","rel":"","context":"En \u00abSustentabilidad\u00bb","block_context":{"text":"Sustentabilidad","link":"http:\/\/ccnews.com.ar\/prensa\/category\/sustentabilidad\/"},"img":{"alt_text":"","src":"https:\/\/i0.wp.com\/ccnews.com.ar\/prensa\/wp-content\/uploads\/2017\/05\/2446199h765.jpg?fit=1200%2C675&resize=350%2C200","width":350,"height":200,"srcset":"https:\/\/i0.wp.com\/ccnews.com.ar\/prensa\/wp-content\/uploads\/2017\/05\/2446199h765.jpg?fit=1200%2C675&resize=350%2C200 1x, https:\/\/i0.wp.com\/ccnews.com.ar\/prensa\/wp-content\/uploads\/2017\/05\/2446199h765.jpg?fit=1200%2C675&resize=525%2C300 1,5x, https:\/\/i0.wp.com\/ccnews.com.ar\/prensa\/wp-content\/uploads\/2017\/05\/2446199h765.jpg?fit=1200%2C675&resize=700%2C400 2x, https:\/\/i0.wp.com\/ccnews.com.ar\/prensa\/wp-content\/uploads\/2017\/05\/2446199h765.jpg?fit=1200%2C675&resize=1050%2C600 3x"},"classes":[]},{"id":2301,"url":"http:\/\/ccnews.com.ar\/prensa\/ypf-subio-un-13-la-produccion-de-gas-y-petroleo\/","url_meta":{"origin":7729,"position":3},"title":"YPF subi\u00f3 un 1,3% la producci\u00f3n de gas y petr\u00f3leo","author":"CLUSTERciar","date":"11 noviembre, 2016","format":false,"excerpt":"Los datos son del informe oficial del tercer trimestre de la compa\u00f1\u00eda nacional. Genera un promedio de 247 mil barriles por d\u00eda, s\u00f3lo en crudo. Son pocos puntos, pero la producci\u00f3n petrolera sube con el tiempo. Neuqu\u00e9n.- La producci\u00f3n de hidrocarburos sube de a poco en YPF. En el tercer\u2026","rel":"","context":"En \u00abSustentabilidad\u00bb","block_context":{"text":"Sustentabilidad","link":"http:\/\/ccnews.com.ar\/prensa\/category\/sustentabilidad\/"},"img":{"alt_text":"","src":"https:\/\/i0.wp.com\/ccnews.com.ar\/prensa\/wp-content\/uploads\/2016\/11\/0005604595.jpg?fit=562%2C365&resize=350%2C200","width":350,"height":200,"srcset":"https:\/\/i0.wp.com\/ccnews.com.ar\/prensa\/wp-content\/uploads\/2016\/11\/0005604595.jpg?fit=562%2C365&resize=350%2C200 1x, https:\/\/i0.wp.com\/ccnews.com.ar\/prensa\/wp-content\/uploads\/2016\/11\/0005604595.jpg?fit=562%2C365&resize=525%2C300 1,5x"},"classes":[]},{"id":6807,"url":"http:\/\/ccnews.com.ar\/prensa\/los-yacimientos-de-rio-negro-estuvieron-mas-activos-en-2017\/","url_meta":{"origin":7729,"position":4},"title":"Los yacimientos de R\u00edo Negro estuvieron m\u00e1s activos en 2017","author":"admin","date":"18 febrero, 2018","format":false,"excerpt":"A diferencia de lo que ocurri\u00f3 en el pa\u00eds, anotaron m\u00e1s gas y una menor ca\u00edda\u00a0en la extracci\u00f3n de petr\u00f3leo. La industria hidrocarbur\u00edfera en R\u00edo Negro muestra se\u00f1ales positivas. Pese a que su participaci\u00f3n en la torta productiva nacional es acotada (quita en petr\u00f3leo y s\u00e9ptima en gas) los valores\u2026","rel":"","context":"En \u00abEnerg\u00eda y Producci\u00f3n\u00bb","block_context":{"text":"Energ\u00eda y Producci\u00f3n","link":"http:\/\/ccnews.com.ar\/prensa\/category\/energia-y-produccion\/"},"img":{"alt_text":"","src":"https:\/\/i0.wp.com\/ccnews.com.ar\/prensa\/wp-content\/uploads\/2018\/01\/yacimientos.jpg?fit=660%2C370&resize=350%2C200","width":350,"height":200,"srcset":"https:\/\/i0.wp.com\/ccnews.com.ar\/prensa\/wp-content\/uploads\/2018\/01\/yacimientos.jpg?fit=660%2C370&resize=350%2C200 1x, https:\/\/i0.wp.com\/ccnews.com.ar\/prensa\/wp-content\/uploads\/2018\/01\/yacimientos.jpg?fit=660%2C370&resize=525%2C300 1,5x"},"classes":[]},{"id":8819,"url":"http:\/\/ccnews.com.ar\/prensa\/de-la-mano-de-vaca-muerta-se-crearon-3847-empleos-en-el-primer-semestre\/","url_meta":{"origin":7729,"position":5},"title":"De la mano de Vaca Muerta se crearon 3847 empleos en el primer semestre","author":"CLUSTERciar","date":"11 septiembre, 2018","format":false,"excerpt":"De acuerdo a informaci\u00f3n publicada por el Ministerio de Trabajo, Empleo y Seguridad Social de la Naci\u00f3n sobre serie de empleo desestacionalizada, el crecimiento interanual del empleo privado registrado en la provincia en el mes de junio fue del 6.5%. En la provincia de Neuqu\u00e9n se crearon en el primer\u2026","rel":"","context":"En \u00abEnerg\u00eda y Producci\u00f3n\u00bb","block_context":{"text":"Energ\u00eda y Producci\u00f3n","link":"http:\/\/ccnews.com.ar\/prensa\/category\/energia-y-produccion\/"},"img":{"alt_text":"","src":"https:\/\/i0.wp.com\/ccnews.com.ar\/prensa\/wp-content\/uploads\/2018\/09\/20180902092601.jpg?fit=1000%2C493&resize=350%2C200","width":350,"height":200,"srcset":"https:\/\/i0.wp.com\/ccnews.com.ar\/prensa\/wp-content\/uploads\/2018\/09\/20180902092601.jpg?fit=1000%2C493&resize=350%2C200 1x, https:\/\/i0.wp.com\/ccnews.com.ar\/prensa\/wp-content\/uploads\/2018\/09\/20180902092601.jpg?fit=1000%2C493&resize=525%2C300 1,5x, https:\/\/i0.wp.com\/ccnews.com.ar\/prensa\/wp-content\/uploads\/2018\/09\/20180902092601.jpg?fit=1000%2C493&resize=700%2C400 2x"},"classes":[]}],"jetpack_sharing_enabled":true,"_links":{"self":[{"href":"http:\/\/ccnews.com.ar\/prensa\/wp-json\/wp\/v2\/posts\/7729","targetHints":{"allow":["GET"]}}],"collection":[{"href":"http:\/\/ccnews.com.ar\/prensa\/wp-json\/wp\/v2\/posts"}],"about":[{"href":"http:\/\/ccnews.com.ar\/prensa\/wp-json\/wp\/v2\/types\/post"}],"author":[{"embeddable":true,"href":"http:\/\/ccnews.com.ar\/prensa\/wp-json\/wp\/v2\/users\/1"}],"replies":[{"embeddable":true,"href":"http:\/\/ccnews.com.ar\/prensa\/wp-json\/wp\/v2\/comments?post=7729"}],"version-history":[{"count":1,"href":"http:\/\/ccnews.com.ar\/prensa\/wp-json\/wp\/v2\/posts\/7729\/revisions"}],"predecessor-version":[{"id":7733,"href":"http:\/\/ccnews.com.ar\/prensa\/wp-json\/wp\/v2\/posts\/7729\/revisions\/7733"}],"wp:featuredmedia":[{"embeddable":true,"href":"http:\/\/ccnews.com.ar\/prensa\/wp-json\/wp\/v2\/media\/7731"}],"wp:attachment":[{"href":"http:\/\/ccnews.com.ar\/prensa\/wp-json\/wp\/v2\/media?parent=7729"}],"wp:term":[{"taxonomy":"category","embeddable":true,"href":"http:\/\/ccnews.com.ar\/prensa\/wp-json\/wp\/v2\/categories?post=7729"},{"taxonomy":"post_tag","embeddable":true,"href":"http:\/\/ccnews.com.ar\/prensa\/wp-json\/wp\/v2\/tags?post=7729"}],"curies":[{"name":"wp","href":"https:\/\/api.w.org\/{rel}","templated":true}]}}