{"id":7891,"date":"2018-05-29T08:00:37","date_gmt":"2018-05-29T11:00:37","guid":{"rendered":"http:\/\/clusterciarnews.com.ar\/prensa\/?p=7891"},"modified":"2018-05-23T14:01:02","modified_gmt":"2018-05-23T17:01:02","slug":"los-oleoductos-esperan-nuevas-regulaciones","status":"publish","type":"post","link":"http:\/\/ccnews.com.ar\/prensa\/los-oleoductos-esperan-nuevas-regulaciones\/","title":{"rendered":"Los oleoductos esperan nuevas regulaciones"},"content":{"rendered":"<p class=\"subheadline font-2 fs16\"><strong>El gerente general de Oldelval, Jorge Vugdelija, asegur\u00f3 que tienen un plan de ampliaci\u00f3n condicionado a los cambios.<\/strong><\/p>\n<p>El festejo por los 25 a\u00f1os de trabajos ininterrumpidos de la empresa Oleoductos del Valle (Oldelval) fue tambi\u00e9n el escenario escogido por la firma para anunciar que ya analizan un plan de ampliaci\u00f3n de sus ca\u00f1er\u00edas que permita ampliar la capacidad de transporte en miras al desaf\u00edo que ya plantea Vaca Muerta.<\/p>\n<p>El anuncio fue realizado por el gerente general de Oldelval, Jorge Vugdelija, quien detall\u00f3 que \u201cnos encontramos en un per\u00edodo de muy buenas perspectivas. Considerando nuestra historia, tenemos un gran apalancamiento operativo, por lo que las inversiones necesarias para alcanzar la capacidad hist\u00f3rica de transporte, e incluso superarlas, son una peque\u00f1a fracci\u00f3n del esfuerzo que debe afrontar la industria en su conjunto para desplegar todo el potencial de Vaca Muerta\u201d.<\/p>\n<div class=\"paragraph\">\n<p>Vugdelija precis\u00f3 que para viabilizar los proyectos de extensi\u00f3n la firma necesita contar con una nueva regulaci\u00f3n en lo que hace al mercado de compra venta \u2013similar al ya vigente para el gas\u2013 que est\u00e1 en definici\u00f3n en la cartera de Energ\u00eda de la Naci\u00f3n.<\/p>\n<p>El anuncio fue realizado en los festejos que Oldelval organiz\u00f3 d\u00edas atr\u00e1s en Cipolletti al conmemorarse 25 a\u00f1os de su inauguraci\u00f3n. En las actividades la firma ratific\u00f3 que transporta el 70% de los hidrocarburos de la Cuenca Neuquina, de los cuales el 30% provienen de Vaca Muerta.<\/p>\n<\/div>\n<p>&nbsp;<\/p>\n<div class=\"microformat_headline ant-text\" style=\"padding-left: 30px;\"><strong>En n\u00fameros<\/strong><\/div>\n<div class=\"microformat_highlight_text ant-microformat_headline\" style=\"padding-left: 30px;\"><strong>20.000 metros c\u00fabicos diarios son los que transporta la firma en sus 1.700 kil\u00f3metros de red hasta el puerto de Bah\u00eda Blanca.<\/strong><\/div>\n<p>\nFuente: Diario R\u00edo Negro<\/p>\n<!-- AddThis Advanced Settings generic via filter on the_content -->","protected":false},"excerpt":{"rendered":"<p>El gerente general de Oldelval, Jorge Vugdelija, asegur\u00f3 que tienen un plan de ampliaci\u00f3n condicionado a los cambios. El festejo<!-- AddThis Advanced Settings generic via filter on get_the_excerpt --><\/p>\n","protected":false},"author":1,"featured_media":7893,"comment_status":"closed","ping_status":"closed","sticky":false,"template":"","format":"standard","meta":{"colormag_page_container_layout":"default_layout","colormag_page_sidebar_layout":"default_layout","jetpack_post_was_ever_published":false,"_jetpack_newsletter_access":"","_jetpack_dont_email_post_to_subs":false,"_jetpack_newsletter_tier_id":0,"_jetpack_memberships_contains_paywalled_content":false,"_jetpack_memberships_contains_paid_content":false,"footnotes":"","jetpack_publicize_message":"","jetpack_publicize_feature_enabled":true,"jetpack_social_post_already_shared":true,"jetpack_social_options":{"image_generator_settings":{"template":"highway","default_image_id":0,"font":"","enabled":false},"version":2}},"categories":[11],"tags":[17],"class_list":["post-7891","post","type-post","status-publish","format-standard","has-post-thumbnail","hentry","category-energia-y-produccion","tag-otros-medios"],"jetpack_publicize_connections":[],"jetpack_featured_media_url":"https:\/\/i0.wp.com\/ccnews.com.ar\/prensa\/wp-content\/uploads\/2018\/05\/image_content_9666806_20180517001728.jpg?fit=660%2C370","jetpack_shortlink":"https:\/\/wp.me\/p7L1gj-23h","jetpack-related-posts":[{"id":8253,"url":"http:\/\/ccnews.com.ar\/prensa\/avanza-la-ampliacion-de-oleoductos-en-vaca-muerta\/","url_meta":{"origin":7891,"position":0},"title":"AVANZA LA AMPLIACI\u00d3N DE OLEODUCTOS EN VACA MUERTA","author":"CLUSTERciar","date":"9 julio, 2018","format":false,"excerpt":"Oldelval avanza en un proyecto para conectar el noroeste de Vaca Muerta y sumar un 50% m\u00e1s de capacidad. El nuevo ducto se extender\u00eda desde el noroeste de la formaci\u00f3n, unos 20 kil\u00f3metros antes de Rinc\u00f3n de los Sauces, hacia las redes troncales de la transportista. \u00a0 La empresa Oleoductos\u2026","rel":"","context":"En \u00abEnerg\u00eda y Producci\u00f3n\u00bb","block_context":{"text":"Energ\u00eda y Producci\u00f3n","link":"http:\/\/ccnews.com.ar\/prensa\/category\/energia-y-produccion\/"},"img":{"alt_text":"","src":"https:\/\/i0.wp.com\/ccnews.com.ar\/prensa\/wp-content\/uploads\/2018\/06\/20180626071401.jpg?fit=448%2C213&resize=350%2C200","width":350,"height":200},"classes":[]},{"id":9129,"url":"http:\/\/ccnews.com.ar\/prensa\/amigo-un-soft-con-sello-local-para-el-control-de-oleoductos\/","url_meta":{"origin":7891,"position":1},"title":"AMIGO: un soft con sello local para el control de oleoductos","author":"CLUSTERciar","date":"20 octubre, 2018","format":false,"excerpt":"Una empresa cipole\u00f1a desarroll\u00f3 una soluci\u00f3n para monitorear la integridad de ductos de transportistas de hidrocarburos. El soft realiza informes georreferenciados a partir de una base de datos de herramientas de control. Hace 20 a\u00f1os, cuando la aparici\u00f3n de las primeras computadoras era apenas una se\u00f1al de la actual explosi\u00f3n\u2026","rel":"","context":"En \u00abTransformaci\u00f3n digital\u00bb","block_context":{"text":"Transformaci\u00f3n digital","link":"http:\/\/ccnews.com.ar\/prensa\/category\/transformacion-digital\/"},"img":{"alt_text":"","src":"https:\/\/i0.wp.com\/ccnews.com.ar\/prensa\/wp-content\/uploads\/2018\/10\/ccn-14.jpg?fit=770%2C433&resize=350%2C200","width":350,"height":200,"srcset":"https:\/\/i0.wp.com\/ccnews.com.ar\/prensa\/wp-content\/uploads\/2018\/10\/ccn-14.jpg?fit=770%2C433&resize=350%2C200 1x, https:\/\/i0.wp.com\/ccnews.com.ar\/prensa\/wp-content\/uploads\/2018\/10\/ccn-14.jpg?fit=770%2C433&resize=525%2C300 1,5x, https:\/\/i0.wp.com\/ccnews.com.ar\/prensa\/wp-content\/uploads\/2018\/10\/ccn-14.jpg?fit=770%2C433&resize=700%2C400 2x"},"classes":[]},{"id":10879,"url":"http:\/\/ccnews.com.ar\/prensa\/vaca-muerta-se-prepara-para-exportar-venderan-petroleo-al-mundo\/","url_meta":{"origin":7891,"position":2},"title":"Vaca Muerta se prepara para exportar: vender\u00e1n petr\u00f3leo al mundo","author":"admin","date":"25 marzo, 2019","format":false,"excerpt":"Si bien ya se exportaron excedentes de Medanito entre enero y marzo, se espera que este a\u00f1o se incrementen las ventas al exterior por el crecimiento de la producci\u00f3n. El oleoducto a Chile no est\u00e1 operativo desde 2006. El regreso de las exportaciones de petr\u00f3leo liviano est\u00e1 a la vuelta\u2026","rel":"","context":"En \u00abEnerg\u00eda y Producci\u00f3n\u00bb","block_context":{"text":"Energ\u00eda y Producci\u00f3n","link":"http:\/\/ccnews.com.ar\/prensa\/category\/energia-y-produccion\/"},"img":{"alt_text":"","src":"https:\/\/i0.wp.com\/ccnews.com.ar\/prensa\/wp-content\/uploads\/2019\/03\/inspeccion1.jpg?fit=1170%2C658&resize=350%2C200","width":350,"height":200,"srcset":"https:\/\/i0.wp.com\/ccnews.com.ar\/prensa\/wp-content\/uploads\/2019\/03\/inspeccion1.jpg?fit=1170%2C658&resize=350%2C200 1x, https:\/\/i0.wp.com\/ccnews.com.ar\/prensa\/wp-content\/uploads\/2019\/03\/inspeccion1.jpg?fit=1170%2C658&resize=525%2C300 1,5x, https:\/\/i0.wp.com\/ccnews.com.ar\/prensa\/wp-content\/uploads\/2019\/03\/inspeccion1.jpg?fit=1170%2C658&resize=700%2C400 2x, https:\/\/i0.wp.com\/ccnews.com.ar\/prensa\/wp-content\/uploads\/2019\/03\/inspeccion1.jpg?fit=1170%2C658&resize=1050%2C600 3x"},"classes":[]},{"id":12908,"url":"http:\/\/ccnews.com.ar\/prensa\/ypf-busca-reactivar-la-ruta-exportadora-del-pacifico\/","url_meta":{"origin":7891,"position":3},"title":"YPF busca reactivar la ruta exportadora del Pac\u00edfico","author":"admin","date":"11 septiembre, 2019","format":false,"excerpt":"La operadora quiere poner en funcionamiento el Oleoducto Trasandino (Otasa) que est\u00e1 fuera de servicio desde hace 13 a\u00f1os. Es ante el salto en la producci\u00f3n de Vaca Muerta. A mediados de a\u00f1o el presidente de YPF, Miguel Guti\u00e9rrez, anticipaba que de acuerdo a los c\u00e1lculos de la operadora para\u2026","rel":"","context":"En \u00abEnerg\u00eda y Producci\u00f3n\u00bb","block_context":{"text":"Energ\u00eda y Producci\u00f3n","link":"http:\/\/ccnews.com.ar\/prensa\/category\/energia-y-produccion\/"},"img":{"alt_text":"","src":"https:\/\/i0.wp.com\/ccnews.com.ar\/prensa\/wp-content\/uploads\/2019\/09\/Imagen-_DL_4550.jpg?fit=920%2C520&resize=350%2C200","width":350,"height":200,"srcset":"https:\/\/i0.wp.com\/ccnews.com.ar\/prensa\/wp-content\/uploads\/2019\/09\/Imagen-_DL_4550.jpg?fit=920%2C520&resize=350%2C200 1x, https:\/\/i0.wp.com\/ccnews.com.ar\/prensa\/wp-content\/uploads\/2019\/09\/Imagen-_DL_4550.jpg?fit=920%2C520&resize=525%2C300 1,5x, https:\/\/i0.wp.com\/ccnews.com.ar\/prensa\/wp-content\/uploads\/2019\/09\/Imagen-_DL_4550.jpg?fit=920%2C520&resize=700%2C400 2x"},"classes":[]},{"id":5481,"url":"http:\/\/ccnews.com.ar\/prensa\/la-primera-aplicacion-movil-para-gestion-de-seguridad-ambiente-y-energia\/","url_meta":{"origin":7891,"position":4},"title":"La primera aplicaci\u00f3n m\u00f3vil para gesti\u00f3n de seguridad,  ambiente y energ\u00eda","author":"CLUSTERciar","date":"20 septiembre, 2017","format":false,"excerpt":"Ciar Tecnolog\u00eda desarroll\u00f3 para la empresa Oldelval una aplicaci\u00f3n que agiliza procesos de gesti\u00f3n desde un dispositivo de uso cotidiano: un tel\u00e9fono celular. La operaci\u00f3n se repet\u00eda todos los d\u00edas: el personal de Oldelval escrib\u00eda tarjetas de cart\u00f3n para efectuar reportes sobre desv\u00edos y observaciones de seguridad detectadas en sus\u2026","rel":"","context":"En \u00abTransformaci\u00f3n digital\u00bb","block_context":{"text":"Transformaci\u00f3n digital","link":"http:\/\/ccnews.com.ar\/prensa\/category\/transformacion-digital\/"},"img":{"alt_text":"Untitled-1","src":"https:\/\/i0.wp.com\/clusterciarnews.com.ar\/prensa\/wp-content\/uploads\/2017\/09\/Untitled-1-1024x400.jpg?resize=350%2C200","width":350,"height":200,"srcset":"https:\/\/i0.wp.com\/clusterciarnews.com.ar\/prensa\/wp-content\/uploads\/2017\/09\/Untitled-1-1024x400.jpg?resize=350%2C200 1x, https:\/\/i0.wp.com\/clusterciarnews.com.ar\/prensa\/wp-content\/uploads\/2017\/09\/Untitled-1-1024x400.jpg?resize=525%2C300 1,5x, https:\/\/i0.wp.com\/clusterciarnews.com.ar\/prensa\/wp-content\/uploads\/2017\/09\/Untitled-1-1024x400.jpg?resize=700%2C400 2x"},"classes":[]},{"id":8003,"url":"http:\/\/ccnews.com.ar\/prensa\/crece-la-inversion-en-vaca-muerta\/","url_meta":{"origin":7891,"position":5},"title":"Crece la inversi\u00f3n en Vaca Muerta","author":"admin","date":"8 junio, 2018","format":false,"excerpt":"YPF proyecta desembolsar US$ 1.400 M en infraestructura para el plan quinquenal que har\u00e1 foco en el transporte Crece la inversi\u00f3n en infraestructura para Vaca Muerta. El plan quinquenal que la petrolera de bandera argentina present\u00f3 a fines del a\u00f1o pasado centra los esfuerzos de la compa\u00f1\u00eda en generar un\u2026","rel":"","context":"En \u00abEnerg\u00eda y Producci\u00f3n\u00bb","block_context":{"text":"Energ\u00eda y Producci\u00f3n","link":"http:\/\/ccnews.com.ar\/prensa\/category\/energia-y-produccion\/"},"img":{"alt_text":"","src":"https:\/\/i0.wp.com\/ccnews.com.ar\/prensa\/wp-content\/uploads\/2018\/06\/Vaca-Muerta-Rincon-del-Mangrullo-Pepe-Delloro-bbva-frances-argentina-bbva-1920x1323.jpg?fit=1200%2C827&resize=350%2C200","width":350,"height":200,"srcset":"https:\/\/i0.wp.com\/ccnews.com.ar\/prensa\/wp-content\/uploads\/2018\/06\/Vaca-Muerta-Rincon-del-Mangrullo-Pepe-Delloro-bbva-frances-argentina-bbva-1920x1323.jpg?fit=1200%2C827&resize=350%2C200 1x, https:\/\/i0.wp.com\/ccnews.com.ar\/prensa\/wp-content\/uploads\/2018\/06\/Vaca-Muerta-Rincon-del-Mangrullo-Pepe-Delloro-bbva-frances-argentina-bbva-1920x1323.jpg?fit=1200%2C827&resize=525%2C300 1,5x, https:\/\/i0.wp.com\/ccnews.com.ar\/prensa\/wp-content\/uploads\/2018\/06\/Vaca-Muerta-Rincon-del-Mangrullo-Pepe-Delloro-bbva-frances-argentina-bbva-1920x1323.jpg?fit=1200%2C827&resize=700%2C400 2x, https:\/\/i0.wp.com\/ccnews.com.ar\/prensa\/wp-content\/uploads\/2018\/06\/Vaca-Muerta-Rincon-del-Mangrullo-Pepe-Delloro-bbva-frances-argentina-bbva-1920x1323.jpg?fit=1200%2C827&resize=1050%2C600 3x"},"classes":[]}],"jetpack_sharing_enabled":true,"_links":{"self":[{"href":"http:\/\/ccnews.com.ar\/prensa\/wp-json\/wp\/v2\/posts\/7891","targetHints":{"allow":["GET"]}}],"collection":[{"href":"http:\/\/ccnews.com.ar\/prensa\/wp-json\/wp\/v2\/posts"}],"about":[{"href":"http:\/\/ccnews.com.ar\/prensa\/wp-json\/wp\/v2\/types\/post"}],"author":[{"embeddable":true,"href":"http:\/\/ccnews.com.ar\/prensa\/wp-json\/wp\/v2\/users\/1"}],"replies":[{"embeddable":true,"href":"http:\/\/ccnews.com.ar\/prensa\/wp-json\/wp\/v2\/comments?post=7891"}],"version-history":[{"count":3,"href":"http:\/\/ccnews.com.ar\/prensa\/wp-json\/wp\/v2\/posts\/7891\/revisions"}],"predecessor-version":[{"id":7899,"href":"http:\/\/ccnews.com.ar\/prensa\/wp-json\/wp\/v2\/posts\/7891\/revisions\/7899"}],"wp:featuredmedia":[{"embeddable":true,"href":"http:\/\/ccnews.com.ar\/prensa\/wp-json\/wp\/v2\/media\/7893"}],"wp:attachment":[{"href":"http:\/\/ccnews.com.ar\/prensa\/wp-json\/wp\/v2\/media?parent=7891"}],"wp:term":[{"taxonomy":"category","embeddable":true,"href":"http:\/\/ccnews.com.ar\/prensa\/wp-json\/wp\/v2\/categories?post=7891"},{"taxonomy":"post_tag","embeddable":true,"href":"http:\/\/ccnews.com.ar\/prensa\/wp-json\/wp\/v2\/tags?post=7891"}],"curies":[{"name":"wp","href":"https:\/\/api.w.org\/{rel}","templated":true}]}}