{"id":7959,"date":"2018-06-02T08:00:34","date_gmt":"2018-06-02T11:00:34","guid":{"rendered":"http:\/\/clusterciarnews.com.ar\/prensa\/?p=7959"},"modified":"2018-05-23T17:09:21","modified_gmt":"2018-05-23T20:09:21","slug":"la-otra-gran-red-social-es-probable","status":"publish","type":"post","link":"http:\/\/ccnews.com.ar\/prensa\/la-otra-gran-red-social-es-probable\/","title":{"rendered":"\u00bfLa otra gran red social es probable?"},"content":{"rendered":"<p><strong>A estas alturas, las redes sociales son ya un fen\u00f3meno consolidado. Millones de usuarios en internet hacen uso y acceden a este tipo de medios a diario. Facebook, Linkedin, Twitter y la nueva red social Google+ son algunas de las m\u00e1s populares y conocidas entre otras.<\/strong><\/p>\n<p>Anteriormente otras como MySpace se llenaron de Gloria para m\u00e1s tarde caer casi en el olvido a pesar de que las \u00faltimas noticias apuntan a que la red social m\u00e1s popular entre los artistas de la escena musical\u00a0pretende volver a resurgir.\u00a0 Tambi\u00e9n suenan campa\u00f1as tras los rumores y \u00a0movimientos de Microsoft de la que se dice que en breve podr\u00eda poner en marcha su propia red social.<\/p>\n<p>En Espa\u00f1a, algunas redes sociales como Tuenti han sabido posicionarse y ganar un merecido lugar y posici\u00f3n dominante orientando su target a una audiencia con un perfil bien definido.<\/p>\n<p>Hasta el momento, el crecimiento de las redes sociales m\u00e1s importantes se ha mantenido constante y las \u00faltimas en aparecer como Google+ aumentan su n\u00famero de usuarios a pasos agigantados. Sin embargo, algunos datos como los que se desprenden del \u00faltimo\u00a0informe de la firma Gartner reflejan un cierto &#8216;agotamiento&#8217; entre los usuarios\u00a0de m\u00e1s\u00a0tiempo llevan utilizando estos medios.<\/p>\n<p>Es evidente que\u00a0conocidos estos datos, sea l\u00f3gico el deducir que el volumen de usuarios no est\u00e1 directamente relacionado con el acceso y actividad desarrollada\u00a0por los mismos dentro de las propias redes sociales. Y teniendo en cuenta\u00a0estos aspectos, sumado a que muchos de estos usuarios mantienen presencia o perfiles en diferentes redes a la\u00a0vez, y en muchos casos olvidados o sin apenas uso o actividad,\u00a0podemos llegar a la conclusi\u00f3n de que quiz\u00e1s estemos llegando a un punto de &#8216;saturaci\u00f3n social&#8217; en todos los sentidos.<\/p>\n<p><strong>\u00bfExceso de alternativas y opciones donde elegir tal vez? Momento de reflexionar!<\/strong><\/p>\n<p>Para los propios usuarios o empresas que utilizan este tipo de medios, cuando se tiene que reflexionar sobre una u otra opci\u00f3n, a menudo se suele optar por la alternativa m\u00e1s f\u00e1cil: no elegir todas. Esta es la teor\u00eda cl\u00e1sica de elecci\u00f3n racional o la &#8216;sobrecarga&#8217; de opciones y elecciones, pero \u00bfimplica esta circunstancia dada, que la diversidad de opciones pueda poner en peligro la proliferaci\u00f3n o aparici\u00f3n de nuevas redes sociales?<\/p>\n<p>Para los m\u00e1s pesimistas, debemos de se\u00f1alar que NO. Las grandes\u00a0redes sociales no van a desaparecer, al menos de momento. Y resultar\u00e1 dif\u00edcil que lo hagan al menos durante los pr\u00f3ximos 5 a\u00f1os. Torres m\u00e1s altas han ca\u00eddo suele decirse, pero es m\u00e1s probable que de cara al futuro las redes sociales evolucionen introduciendo novedades y adapt\u00e1ndose a las tendencias de los tiempos que vendr\u00e1n que simplemente desaparecer o fracasar sin m\u00e1s.<\/p>\n<p>Sin embargo, son muchos los analistas y expertos los que opinan que el fen\u00f3meno de las redes sociales se est\u00e1 convirtiendo en nuevo boom de internet. Y al igual que con experiencia pasadas, aunque nada parec\u00eda poder desinflar la burbuja al final ocurri\u00f3 lo que se peor tem\u00eda.<\/p>\n<p>Llegado a este punto, y en pleno auge de los Social media, los gigantes de internet y los grandes inversores ven en este tipo de medios un negocio supuestamente rentable a largo plazo en cual depositar su confianza e inversiones. Incluso muchos de ellos apostar\u00edan por participar o formar parte de un nuevo y gran proyecto social en internet?<\/p>\n<p>Dicho esto \u00bfTodav\u00eda queda sitio para una nueva gran red social?<\/p>\n<p>Fuente: Puro Marketing<\/p>\n<!-- AddThis Advanced Settings generic via filter on the_content -->","protected":false},"excerpt":{"rendered":"<p>A estas alturas, las redes sociales son ya un fen\u00f3meno consolidado. Millones de usuarios en internet hacen uso y acceden<!-- AddThis Advanced Settings generic via filter on get_the_excerpt --><\/p>\n","protected":false},"author":1,"featured_media":7971,"comment_status":"closed","ping_status":"closed","sticky":false,"template":"","format":"standard","meta":{"colormag_page_container_layout":"default_layout","colormag_page_sidebar_layout":"default_layout","jetpack_post_was_ever_published":false,"_jetpack_newsletter_access":"","_jetpack_dont_email_post_to_subs":false,"_jetpack_newsletter_tier_id":0,"_jetpack_memberships_contains_paywalled_content":false,"_jetpack_memberships_contains_paid_content":false,"footnotes":"","jetpack_publicize_message":"","jetpack_publicize_feature_enabled":true,"jetpack_social_post_already_shared":true,"jetpack_social_options":{"image_generator_settings":{"template":"highway","default_image_id":0,"font":"","enabled":false},"version":2}},"categories":[5],"tags":[17],"class_list":["post-7959","post","type-post","status-publish","format-standard","has-post-thumbnail","hentry","category-transformacion-digital","tag-otros-medios"],"jetpack_publicize_connections":[],"jetpack_featured_media_url":"https:\/\/i0.wp.com\/ccnews.com.ar\/prensa\/wp-content\/uploads\/2018\/05\/redes_sociales_verticales_y_horizontales-01.png?fit=1020%2C680","jetpack_shortlink":"https:\/\/wp.me\/p7L1gj-24n","jetpack-related-posts":[{"id":11227,"url":"http:\/\/ccnews.com.ar\/prensa\/cuales-son-las-tres-redes-sociales-del-futuro-que-buscan-destronar-a-facebook-instagram-y-twitter\/","url_meta":{"origin":7959,"position":0},"title":"Cu\u00e1les son las tres redes sociales &#8220;del futuro&#8221; que buscan destronar a Facebook, Instagram y Twitter","author":"admin","date":"28 abril, 2019","format":false,"excerpt":"TikTok, EscapeX y QZone desaf\u00edan a las plataformas m\u00e1s populares y quieren robarles la corona. C\u00f3mo funcionan. De los cerca de 8 mil millones de habitantes de nuestro mundo, 2.5 mil millones usan Facebook. A pesar de esa cifra exorbitante, la red social m\u00e1s popular de Internet atraviesa tiempos cr\u00edticos.\u2026","rel":"","context":"En \u00abTransformaci\u00f3n digital\u00bb","block_context":{"text":"Transformaci\u00f3n digital","link":"http:\/\/ccnews.com.ar\/prensa\/category\/transformacion-digital\/"},"img":{"alt_text":"","src":"https:\/\/i0.wp.com\/ccnews.com.ar\/prensa\/wp-content\/uploads\/2019\/04\/redes-sociales.jpg?fit=1200%2C672&resize=350%2C200","width":350,"height":200,"srcset":"https:\/\/i0.wp.com\/ccnews.com.ar\/prensa\/wp-content\/uploads\/2019\/04\/redes-sociales.jpg?fit=1200%2C672&resize=350%2C200 1x, https:\/\/i0.wp.com\/ccnews.com.ar\/prensa\/wp-content\/uploads\/2019\/04\/redes-sociales.jpg?fit=1200%2C672&resize=525%2C300 1,5x, https:\/\/i0.wp.com\/ccnews.com.ar\/prensa\/wp-content\/uploads\/2019\/04\/redes-sociales.jpg?fit=1200%2C672&resize=700%2C400 2x, https:\/\/i0.wp.com\/ccnews.com.ar\/prensa\/wp-content\/uploads\/2019\/04\/redes-sociales.jpg?fit=1200%2C672&resize=1050%2C600 3x"},"classes":[]},{"id":9661,"url":"http:\/\/ccnews.com.ar\/prensa\/estrategias-y-tips-para-potenciar-recursos-humanos-con-redes-sociales-internas-y-externas\/","url_meta":{"origin":7959,"position":1},"title":"Estrategias y Tips para potenciar Recursos Humanos con Redes Sociales Internas y Externas","author":"CLUSTERciar","date":"16 diciembre, 2018","format":false,"excerpt":"La\u00a0tecnolog\u00eda\u00a0ha redefinido completamente el papel de Recursos Humanos en el mundo, transformando y haciendo m\u00e1s eficiente las iniciativas de la gesti\u00f3n de personas. Gracias a la tecnolog\u00eda tenemos a las redes sociales, un espacio donde la mayor\u00eda de las personas pasan gran parte de su tiempo libre. En\u00a0M\u00e9xico, existe una\u2026","rel":"","context":"En \u00abManagement\u00bb","block_context":{"text":"Management","link":"http:\/\/ccnews.com.ar\/prensa\/category\/management\/"},"img":{"alt_text":"","src":"https:\/\/i0.wp.com\/ccnews.com.ar\/prensa\/wp-content\/uploads\/2018\/12\/Untitled-1.jpg?fit=960%2C460&resize=350%2C200","width":350,"height":200,"srcset":"https:\/\/i0.wp.com\/ccnews.com.ar\/prensa\/wp-content\/uploads\/2018\/12\/Untitled-1.jpg?fit=960%2C460&resize=350%2C200 1x, https:\/\/i0.wp.com\/ccnews.com.ar\/prensa\/wp-content\/uploads\/2018\/12\/Untitled-1.jpg?fit=960%2C460&resize=525%2C300 1,5x, https:\/\/i0.wp.com\/ccnews.com.ar\/prensa\/wp-content\/uploads\/2018\/12\/Untitled-1.jpg?fit=960%2C460&resize=700%2C400 2x"},"classes":[]},{"id":7973,"url":"http:\/\/ccnews.com.ar\/prensa\/redes-sociales-corporativas\/","url_meta":{"origin":7959,"position":2},"title":"Redes sociales corporativas","author":"admin","date":"7 junio, 2018","format":false,"excerpt":"Redes sociales corporativas: \u00bfrevoluci\u00f3n o un mero artificio?. Aunque los art\u00edfices de la idea saluden el desplazamiento del sector empresarial hacia un enfoque m\u00e1s \"social\" y lo consideren el inicio de una nueva era ... Aunque los art\u00edfices de la idea saluden el desplazamiento del sector empresarial hacia un enfoque\u2026","rel":"","context":"En \u00abTransformaci\u00f3n digital\u00bb","block_context":{"text":"Transformaci\u00f3n digital","link":"http:\/\/ccnews.com.ar\/prensa\/category\/transformacion-digital\/"},"img":{"alt_text":"","src":"https:\/\/i0.wp.com\/ccnews.com.ar\/prensa\/wp-content\/uploads\/2018\/05\/redes_sociales_corporativas.jpg?fit=400%2C240&resize=350%2C200","width":350,"height":200},"classes":[]},{"id":9583,"url":"http:\/\/ccnews.com.ar\/prensa\/estudio-relaciona-el-uso-de-las-redes-sociales-con-el-aumento-de-la-depresion-y-la-soledad\/","url_meta":{"origin":7959,"position":3},"title":"Estudio relaciona el uso de las redes sociales con el aumento de la depresi\u00f3n y la soledad","author":"CLUSTERciar","date":"8 diciembre, 2018","format":false,"excerpt":"El experimento revel\u00f3 que aquellos que redujeron dr\u00e1sticamente el uso de redes sociales vieron caer significativamente sus s\u00edntomas depresivos. Limitar el uso de Facebook, Instagram, Snapchat y otras redes sociales lleva directamente a la reducci\u00f3n de la soledad y la depresi\u00f3n, seg\u00fan un\u00a0estudio reciente publicado\u00a0por la universidad de Pensilvania. Los\u2026","rel":"","context":"En \u00abEducaci\u00f3n\/Sociedad\u00bb","block_context":{"text":"Educaci\u00f3n\/Sociedad","link":"http:\/\/ccnews.com.ar\/prensa\/category\/educacion-sociedad\/"},"img":{"alt_text":"","src":"https:\/\/i0.wp.com\/ccnews.com.ar\/prensa\/wp-content\/uploads\/2018\/12\/redes-sociales-1.jpg?fit=1200%2C675&resize=350%2C200","width":350,"height":200,"srcset":"https:\/\/i0.wp.com\/ccnews.com.ar\/prensa\/wp-content\/uploads\/2018\/12\/redes-sociales-1.jpg?fit=1200%2C675&resize=350%2C200 1x, https:\/\/i0.wp.com\/ccnews.com.ar\/prensa\/wp-content\/uploads\/2018\/12\/redes-sociales-1.jpg?fit=1200%2C675&resize=525%2C300 1,5x, https:\/\/i0.wp.com\/ccnews.com.ar\/prensa\/wp-content\/uploads\/2018\/12\/redes-sociales-1.jpg?fit=1200%2C675&resize=700%2C400 2x, https:\/\/i0.wp.com\/ccnews.com.ar\/prensa\/wp-content\/uploads\/2018\/12\/redes-sociales-1.jpg?fit=1200%2C675&resize=1050%2C600 3x"},"classes":[]},{"id":9073,"url":"http:\/\/ccnews.com.ar\/prensa\/google-el-cierre-esperado-desde-hace-anos\/","url_meta":{"origin":7959,"position":4},"title":"Google+: el cierre esperado desde hace a\u00f1os","author":"CLUSTERciar","date":"15 octubre, 2018","format":false,"excerpt":"Google cerrar\u00e1 al p\u00fablico en los pr\u00f3ximos meses su intento de red social porque nadie lo utilizaba... desde 2011 Una brecha de seguridad detectada y no comunicada pero en teor\u00eda resuelta por\u00a0Google\u00a0el pasado\u00a0marzo\u00a0supone el golpe de gracia para Google +, el que fuera\u00a0intento de Google para competir en el terreno\u2026","rel":"","context":"En \u00abTransformaci\u00f3n digital\u00bb","block_context":{"text":"Transformaci\u00f3n digital","link":"http:\/\/ccnews.com.ar\/prensa\/category\/transformacion-digital\/"},"img":{"alt_text":"","src":"https:\/\/i0.wp.com\/ccnews.com.ar\/prensa\/wp-content\/uploads\/2018\/10\/matt-botsford-610989-unsplash_15_970x597.jpeg?fit=970%2C597&resize=350%2C200","width":350,"height":200,"srcset":"https:\/\/i0.wp.com\/ccnews.com.ar\/prensa\/wp-content\/uploads\/2018\/10\/matt-botsford-610989-unsplash_15_970x597.jpeg?fit=970%2C597&resize=350%2C200 1x, https:\/\/i0.wp.com\/ccnews.com.ar\/prensa\/wp-content\/uploads\/2018\/10\/matt-botsford-610989-unsplash_15_970x597.jpeg?fit=970%2C597&resize=525%2C300 1,5x, https:\/\/i0.wp.com\/ccnews.com.ar\/prensa\/wp-content\/uploads\/2018\/10\/matt-botsford-610989-unsplash_15_970x597.jpeg?fit=970%2C597&resize=700%2C400 2x"},"classes":[]},{"id":11785,"url":"http:\/\/ccnews.com.ar\/prensa\/los-mejores-consejos-para-potenciar-el-perfil-profesional-en-linkedin\/","url_meta":{"origin":7959,"position":5},"title":"Los mejores consejos para potenciar el perfil profesional en LinkedIn","author":"admin","date":"14 junio, 2019","format":false,"excerpt":"El martes se llev\u00f3 a cabo la d\u00e9cima edici\u00f3n de Social Media Day, el evento sobre comunicaci\u00f3n digital m\u00e1s importante de la Argentina. Durante toda la tarde se celebraron charlas y workshops enfocados en el desarrollo de medios y negocios digitales, a sala llena en el auditorio de la Usina\u2026","rel":"","context":"En \u00abManagement\u00bb","block_context":{"text":"Management","link":"http:\/\/ccnews.com.ar\/prensa\/category\/management\/"},"img":{"alt_text":"","src":"https:\/\/i0.wp.com\/ccnews.com.ar\/prensa\/wp-content\/uploads\/2019\/06\/Linkedin.jpg?fit=880%2C495&resize=350%2C200","width":350,"height":200,"srcset":"https:\/\/i0.wp.com\/ccnews.com.ar\/prensa\/wp-content\/uploads\/2019\/06\/Linkedin.jpg?fit=880%2C495&resize=350%2C200 1x, https:\/\/i0.wp.com\/ccnews.com.ar\/prensa\/wp-content\/uploads\/2019\/06\/Linkedin.jpg?fit=880%2C495&resize=525%2C300 1,5x, https:\/\/i0.wp.com\/ccnews.com.ar\/prensa\/wp-content\/uploads\/2019\/06\/Linkedin.jpg?fit=880%2C495&resize=700%2C400 2x"},"classes":[]}],"jetpack_sharing_enabled":true,"_links":{"self":[{"href":"http:\/\/ccnews.com.ar\/prensa\/wp-json\/wp\/v2\/posts\/7959","targetHints":{"allow":["GET"]}}],"collection":[{"href":"http:\/\/ccnews.com.ar\/prensa\/wp-json\/wp\/v2\/posts"}],"about":[{"href":"http:\/\/ccnews.com.ar\/prensa\/wp-json\/wp\/v2\/types\/post"}],"author":[{"embeddable":true,"href":"http:\/\/ccnews.com.ar\/prensa\/wp-json\/wp\/v2\/users\/1"}],"replies":[{"embeddable":true,"href":"http:\/\/ccnews.com.ar\/prensa\/wp-json\/wp\/v2\/comments?post=7959"}],"version-history":[{"count":1,"href":"http:\/\/ccnews.com.ar\/prensa\/wp-json\/wp\/v2\/posts\/7959\/revisions"}],"predecessor-version":[{"id":7975,"href":"http:\/\/ccnews.com.ar\/prensa\/wp-json\/wp\/v2\/posts\/7959\/revisions\/7975"}],"wp:featuredmedia":[{"embeddable":true,"href":"http:\/\/ccnews.com.ar\/prensa\/wp-json\/wp\/v2\/media\/7971"}],"wp:attachment":[{"href":"http:\/\/ccnews.com.ar\/prensa\/wp-json\/wp\/v2\/media?parent=7959"}],"wp:term":[{"taxonomy":"category","embeddable":true,"href":"http:\/\/ccnews.com.ar\/prensa\/wp-json\/wp\/v2\/categories?post=7959"},{"taxonomy":"post_tag","embeddable":true,"href":"http:\/\/ccnews.com.ar\/prensa\/wp-json\/wp\/v2\/tags?post=7959"}],"curies":[{"name":"wp","href":"https:\/\/api.w.org\/{rel}","templated":true}]}}