{"id":7985,"date":"2018-05-31T08:50:29","date_gmt":"2018-05-31T11:50:29","guid":{"rendered":"http:\/\/clusterciarnews.com.ar\/prensa\/?p=7985"},"modified":"2018-05-31T09:52:00","modified_gmt":"2018-05-31T12:52:00","slug":"videovigilancia-la-tecnologia-al-servicio-de-la-seguridad","status":"publish","type":"post","link":"http:\/\/ccnews.com.ar\/prensa\/videovigilancia-la-tecnologia-al-servicio-de-la-seguridad\/","title":{"rendered":"Videovigilancia:  la tecnolog\u00eda al servicio de la seguridad"},"content":{"rendered":"<p><strong>La demanda de c\u00e1maras de seguridad crece d\u00eda a d\u00eda. En este contexto, Ciar Tecnolog\u00eda comenz\u00f3 a distribuir los sistemas de videovigilancia Bosch, junto con un servicio que abarca la consultor\u00eda, la capacitaci\u00f3n y el soporte posventa.<\/strong><\/p>\n<p>En la \u00e9poca actual, los sistemas de seguridad electr\u00f3nica dejaron de ser un lujo y pasaron a ser una necesidad para proteger instalaciones y resguardar el capital f\u00edsico y humano de las empresas. Seg\u00fan la C\u00e1mara Argentina de Seguridad Electr\u00f3nica \u2015CASEL\u2015, este tipo de seguridad creci\u00f3 en nuestro pa\u00eds un 250% durante los \u00faltimos diez a\u00f1os y contin\u00faa en expansi\u00f3n. Con el objetivo de dar respuesta a una demanda que crece, Ciar Tecnolog\u00eda comenz\u00f3 a distribuir sistemas de vigilancia por videoc\u00e1mara.<\/p>\n<p style=\"padding-left: 90px;\"><span style=\"color: #808080;\">&#8220;Para diversificar nuestra oferta como integradores de soluciones de seguridad, hemos incorporado productos y servicios de Bosch, una empresa que lleva 94 a\u00f1os en Argentina y se encuentra a la vanguardia en tecnolog\u00eda, lo que est\u00e1 en l\u00ednea con la calidad y la excelencia que siempre buscamos brindar a nuestros clientes&#8221;, se\u00f1al\u00f3 N\u00e9stor Barrera, Product Manager de Ciar Tecnolog\u00eda, en di\u00e1logo con <em>CLUSTERciar News<\/em>.<\/span><\/p>\n<p>N\u00e9stor indic\u00f3 que, en videovigilancia, Bosch ofrece ventajas \u00fanicas en el mercado: &#8220;Las c\u00e1maras tradicionales requieren de un servidor externo que procese y luego env\u00ede el video al punto de monitoreo. En cambio, todas las c\u00e1maras Bosch procesan lo que denominamos video anal\u00edtico dentro de la misma c\u00e1mara. De esta manera se asegura el monitoreo sin dependencia de servidores&#8221;.<\/p>\n<p>La propuesta aporta valor a empresas que posean oficinas, plantas industriales y todo tipo de instalaciones cerradas o abiertas, y que deseen contar con un sistema inteligente para protegerse de intrusiones. &#8220;En cada caso, desarrollamos junto a Bosch un proyecto a medida que incluye la provisi\u00f3n e instalaci\u00f3n de c\u00e1maras IP y sistemas de monitoreo, junto con soluciones de grabaci\u00f3n y almacenamiento, m\u00e1s un servicio de consultor\u00eda, capacitaci\u00f3n y soporte posventa&#8221;, coment\u00f3 N\u00e9stor.<\/p>\n<p>Ciar Tecnolog\u00eda est\u00e1 incorporando a su oferta una propuesta integral de seguridad con productos Bosch. Al respecto, N\u00e9stor explic\u00f3: &#8220;Nos interesa acercarles a nuestros clientes el portfolio completo de Bosch, que incluye desde plataformas de control de acceso, sistemas de megafon\u00eda y evacuaci\u00f3n por voz, alarmas de intrusi\u00f3n y sistemas de incendio, hasta otros productos de \u00faltima generaci\u00f3n como un novedoso desarrollo de detecci\u00f3n de incendios por video, que dispara la alarma en un tiempo mucho menor que los detectores tradicionales. As\u00ed seguiremos la evoluci\u00f3n de la seguridad hacia sistemas cada vez m\u00e1s eficaces y avanzados&#8221;.<\/p>\n<p>Fuente: CLUSTERciar News<\/p>\n<!-- AddThis Advanced Settings generic via filter on the_content -->","protected":false},"excerpt":{"rendered":"<p>La demanda de c\u00e1maras de seguridad crece d\u00eda a d\u00eda. En este contexto, Ciar Tecnolog\u00eda comenz\u00f3 a distribuir los sistemas<!-- AddThis Advanced Settings generic via filter on get_the_excerpt --><\/p>\n","protected":false},"author":1,"featured_media":7987,"comment_status":"closed","ping_status":"closed","sticky":false,"template":"","format":"standard","meta":{"colormag_page_container_layout":"default_layout","colormag_page_sidebar_layout":"default_layout","jetpack_post_was_ever_published":false,"_jetpack_newsletter_access":"","_jetpack_dont_email_post_to_subs":false,"_jetpack_newsletter_tier_id":0,"_jetpack_memberships_contains_paywalled_content":false,"_jetpack_memberships_contains_paid_content":false,"footnotes":"","jetpack_publicize_message":"","jetpack_publicize_feature_enabled":true,"jetpack_social_post_already_shared":false,"jetpack_social_options":{"image_generator_settings":{"template":"highway","default_image_id":0,"font":"","enabled":false},"version":2}},"categories":[5],"tags":[13],"class_list":["post-7985","post","type-post","status-publish","format-standard","has-post-thumbnail","hentry","category-transformacion-digital","tag-ccnews"],"jetpack_publicize_connections":[],"jetpack_featured_media_url":"https:\/\/i0.wp.com\/ccnews.com.ar\/prensa\/wp-content\/uploads\/2018\/05\/nota-page.jpg?fit=803%2C226","jetpack_shortlink":"https:\/\/wp.me\/p7L1gj-24N","jetpack-related-posts":[{"id":5481,"url":"http:\/\/ccnews.com.ar\/prensa\/la-primera-aplicacion-movil-para-gestion-de-seguridad-ambiente-y-energia\/","url_meta":{"origin":7985,"position":0},"title":"La primera aplicaci\u00f3n m\u00f3vil para gesti\u00f3n de seguridad,  ambiente y energ\u00eda","author":"CLUSTERciar","date":"20 septiembre, 2017","format":false,"excerpt":"Ciar Tecnolog\u00eda desarroll\u00f3 para la empresa Oldelval una aplicaci\u00f3n que agiliza procesos de gesti\u00f3n desde un dispositivo de uso cotidiano: un tel\u00e9fono celular. La operaci\u00f3n se repet\u00eda todos los d\u00edas: el personal de Oldelval escrib\u00eda tarjetas de cart\u00f3n para efectuar reportes sobre desv\u00edos y observaciones de seguridad detectadas en sus\u2026","rel":"","context":"En \u00abTransformaci\u00f3n digital\u00bb","block_context":{"text":"Transformaci\u00f3n digital","link":"http:\/\/ccnews.com.ar\/prensa\/category\/transformacion-digital\/"},"img":{"alt_text":"Untitled-1","src":"https:\/\/i0.wp.com\/clusterciarnews.com.ar\/prensa\/wp-content\/uploads\/2017\/09\/Untitled-1-1024x400.jpg?resize=350%2C200","width":350,"height":200,"srcset":"https:\/\/i0.wp.com\/clusterciarnews.com.ar\/prensa\/wp-content\/uploads\/2017\/09\/Untitled-1-1024x400.jpg?resize=350%2C200 1x, https:\/\/i0.wp.com\/clusterciarnews.com.ar\/prensa\/wp-content\/uploads\/2017\/09\/Untitled-1-1024x400.jpg?resize=525%2C300 1,5x, https:\/\/i0.wp.com\/clusterciarnews.com.ar\/prensa\/wp-content\/uploads\/2017\/09\/Untitled-1-1024x400.jpg?resize=700%2C400 2x"},"classes":[]},{"id":14816,"url":"http:\/\/ccnews.com.ar\/prensa\/los-sistemas-de-prevencion-una-apuesta-de-los-ods-para-reforzar-la-seguridad-vial\/","url_meta":{"origin":7985,"position":1},"title":"Los sistemas de prevenci\u00f3n, una apuesta de los ODS para reforzar la seguridad vial","author":"admin","date":"7 marzo, 2020","format":false,"excerpt":"La seguridad vial se ha convertido en uno de los focos prioritarios para garantizar el bienestar social. A la hora de promover una conducci\u00f3n responsable, el consumo de alcohol y las drogas contin\u00faa siendo un factor de riesgo que no hay que pasar por alto. En 2018, m\u00e1s del 40%\u2026","rel":"","context":"En \u00abEducaci\u00f3n\/Sociedad\u00bb","block_context":{"text":"Educaci\u00f3n\/Sociedad","link":"http:\/\/ccnews.com.ar\/prensa\/category\/educacion-sociedad\/"},"img":{"alt_text":"","src":"https:\/\/i0.wp.com\/ccnews.com.ar\/prensa\/wp-content\/uploads\/2020\/03\/2181549.jpeg?fit=980%2C560&resize=350%2C200","width":350,"height":200,"srcset":"https:\/\/i0.wp.com\/ccnews.com.ar\/prensa\/wp-content\/uploads\/2020\/03\/2181549.jpeg?fit=980%2C560&resize=350%2C200 1x, https:\/\/i0.wp.com\/ccnews.com.ar\/prensa\/wp-content\/uploads\/2020\/03\/2181549.jpeg?fit=980%2C560&resize=525%2C300 1,5x, https:\/\/i0.wp.com\/ccnews.com.ar\/prensa\/wp-content\/uploads\/2020\/03\/2181549.jpeg?fit=980%2C560&resize=700%2C400 2x"},"classes":[]},{"id":9627,"url":"http:\/\/ccnews.com.ar\/prensa\/donde-se-instalaran-las-camaras-de-seguridad-financiadas-por-china\/","url_meta":{"origin":7985,"position":2},"title":"D\u00f3nde se instalar\u00e1n las c\u00e1maras de seguridad financiadas por China","author":"CLUSTERciar","date":"14 diciembre, 2018","format":false,"excerpt":"Llegar\u00e1n a la capital, Zapala y Centenario en una primera fase. Cambiar\u00e1n m\u00e1s de 200 equipos que quedaron obsoletos y colocar\u00e1n 135 nuevos. Los desarrollos se har\u00e1n por medio de una alianza p\u00fablico-privada que se desprende del acuerdo firmado entre el gobernador y el presidente Xi Jinping. Neuqu\u00e9n, en el\u2026","rel":"","context":"En \u00abTransformaci\u00f3n digital\u00bb","block_context":{"text":"Transformaci\u00f3n digital","link":"http:\/\/ccnews.com.ar\/prensa\/category\/transformacion-digital\/"},"img":{"alt_text":"","src":"https:\/\/i0.wp.com\/ccnews.com.ar\/prensa\/wp-content\/uploads\/2018\/12\/image_content_10361056_20181203222908.jpg?fit=660%2C370&resize=350%2C200","width":350,"height":200,"srcset":"https:\/\/i0.wp.com\/ccnews.com.ar\/prensa\/wp-content\/uploads\/2018\/12\/image_content_10361056_20181203222908.jpg?fit=660%2C370&resize=350%2C200 1x, https:\/\/i0.wp.com\/ccnews.com.ar\/prensa\/wp-content\/uploads\/2018\/12\/image_content_10361056_20181203222908.jpg?fit=660%2C370&resize=525%2C300 1,5x"},"classes":[]},{"id":10791,"url":"http:\/\/ccnews.com.ar\/prensa\/menos-decisiones-humanas-y-mas-tecnologia-para-evitar-accidentes-de-trafico\/","url_meta":{"origin":7985,"position":3},"title":"Menos decisiones humanas y m\u00e1s tecnolog\u00eda para evitar accidentes de tr\u00e1fico","author":"admin","date":"14 marzo, 2019","format":false,"excerpt":"\u00bfC\u00f3mo puede la tecnolog\u00eda ayudarnos a mejorar la seguridad en las carreteras? \u00bfPuede ayudar a reducir la siniestralidad incluso si hay factores psicol\u00f3gicos o sociales implicados? La seguridad es una de las necesidades m\u00e1s profundas que tenemos las personas y, a la vez, somos el mayor factor de riesgo en\u2026","rel":"","context":"En \u00abTransformaci\u00f3n digital\u00bb","block_context":{"text":"Transformaci\u00f3n digital","link":"http:\/\/ccnews.com.ar\/prensa\/category\/transformacion-digital\/"},"img":{"alt_text":"","src":"https:\/\/i0.wp.com\/ccnews.com.ar\/prensa\/wp-content\/uploads\/2019\/03\/tec1-1.jpg?fit=670%2C447&resize=350%2C200","width":350,"height":200,"srcset":"https:\/\/i0.wp.com\/ccnews.com.ar\/prensa\/wp-content\/uploads\/2019\/03\/tec1-1.jpg?fit=670%2C447&resize=350%2C200 1x, https:\/\/i0.wp.com\/ccnews.com.ar\/prensa\/wp-content\/uploads\/2019\/03\/tec1-1.jpg?fit=670%2C447&resize=525%2C300 1,5x"},"classes":[]},{"id":11567,"url":"http:\/\/ccnews.com.ar\/prensa\/phishing-como-evitar-el-hackeo-de-datos-a-empresas\/","url_meta":{"origin":7985,"position":4},"title":"Phishing: c\u00f3mo evitar  el hackeo de datos a empresas","author":"CLUSTERciar","date":"30 mayo, 2019","format":false,"excerpt":"El phishing consiste en obtener informaci\u00f3n confidencial de forma fraudulenta a trav\u00e9s de una identidad falsa. Ante el crecimiento de este delito inform\u00e1tico, Mat\u00edas Tonelli, de la empresa Ciar Tecnolog\u00eda, cuenta algunas claves para prevenirlo y tambi\u00e9n para atenuar sus consecuencias. El objetivo es enga\u00f1ar a las v\u00edctimas para obtener\u2026","rel":"","context":"En \u00abTransformaci\u00f3n digital\u00bb","block_context":{"text":"Transformaci\u00f3n digital","link":"http:\/\/ccnews.com.ar\/prensa\/category\/transformacion-digital\/"},"img":{"alt_text":"","src":"https:\/\/i0.wp.com\/ccnews.com.ar\/prensa\/wp-content\/uploads\/2019\/05\/nota-3.jpg?fit=803%2C404&resize=350%2C200","width":350,"height":200,"srcset":"https:\/\/i0.wp.com\/ccnews.com.ar\/prensa\/wp-content\/uploads\/2019\/05\/nota-3.jpg?fit=803%2C404&resize=350%2C200 1x, https:\/\/i0.wp.com\/ccnews.com.ar\/prensa\/wp-content\/uploads\/2019\/05\/nota-3.jpg?fit=803%2C404&resize=525%2C300 1,5x, https:\/\/i0.wp.com\/ccnews.com.ar\/prensa\/wp-content\/uploads\/2019\/05\/nota-3.jpg?fit=803%2C404&resize=700%2C400 2x"},"classes":[]},{"id":6863,"url":"http:\/\/ccnews.com.ar\/prensa\/capacitacion-a-distancia-con-instructor-en-vivo-un-fenomeno-que-crece\/","url_meta":{"origin":7985,"position":5},"title":"Capacitaci\u00f3n a distancia  con instructor en vivo:  un fen\u00f3meno que crece","author":"admin","date":"6 febrero, 2018","format":false,"excerpt":"En los tiempos que corren, cada vez m\u00e1s personas y empresas eligen la modalidad de e-learning que ofrece instructor en l\u00ednea, porque no solo permite evitar el tiempo y el costo de los traslados, sino tambi\u00e9n obtener una formaci\u00f3n personalizada y dialogar con el instructor como en un aula real.\u2026","rel":"","context":"En \u00abTransformaci\u00f3n digital\u00bb","block_context":{"text":"Transformaci\u00f3n digital","link":"http:\/\/ccnews.com.ar\/prensa\/category\/transformacion-digital\/"},"img":{"alt_text":"","src":"https:\/\/i0.wp.com\/clusterciarnews.com.ar\/prensa\/wp-content\/uploads\/2018\/02\/thomas-william-304054-300x200.gif?resize=350%2C200","width":350,"height":200},"classes":[]}],"jetpack_sharing_enabled":true,"_links":{"self":[{"href":"http:\/\/ccnews.com.ar\/prensa\/wp-json\/wp\/v2\/posts\/7985","targetHints":{"allow":["GET"]}}],"collection":[{"href":"http:\/\/ccnews.com.ar\/prensa\/wp-json\/wp\/v2\/posts"}],"about":[{"href":"http:\/\/ccnews.com.ar\/prensa\/wp-json\/wp\/v2\/types\/post"}],"author":[{"embeddable":true,"href":"http:\/\/ccnews.com.ar\/prensa\/wp-json\/wp\/v2\/users\/1"}],"replies":[{"embeddable":true,"href":"http:\/\/ccnews.com.ar\/prensa\/wp-json\/wp\/v2\/comments?post=7985"}],"version-history":[{"count":1,"href":"http:\/\/ccnews.com.ar\/prensa\/wp-json\/wp\/v2\/posts\/7985\/revisions"}],"predecessor-version":[{"id":7989,"href":"http:\/\/ccnews.com.ar\/prensa\/wp-json\/wp\/v2\/posts\/7985\/revisions\/7989"}],"wp:featuredmedia":[{"embeddable":true,"href":"http:\/\/ccnews.com.ar\/prensa\/wp-json\/wp\/v2\/media\/7987"}],"wp:attachment":[{"href":"http:\/\/ccnews.com.ar\/prensa\/wp-json\/wp\/v2\/media?parent=7985"}],"wp:term":[{"taxonomy":"category","embeddable":true,"href":"http:\/\/ccnews.com.ar\/prensa\/wp-json\/wp\/v2\/categories?post=7985"},{"taxonomy":"post_tag","embeddable":true,"href":"http:\/\/ccnews.com.ar\/prensa\/wp-json\/wp\/v2\/tags?post=7985"}],"curies":[{"name":"wp","href":"https:\/\/api.w.org\/{rel}","templated":true}]}}