{"id":8003,"date":"2018-06-08T08:00:25","date_gmt":"2018-06-08T11:00:25","guid":{"rendered":"http:\/\/clusterciarnews.com.ar\/prensa\/?p=8003"},"modified":"2018-06-08T14:50:58","modified_gmt":"2018-06-08T17:50:58","slug":"crece-la-inversion-en-vaca-muerta","status":"publish","type":"post","link":"http:\/\/ccnews.com.ar\/prensa\/crece-la-inversion-en-vaca-muerta\/","title":{"rendered":"Crece la inversi\u00f3n en Vaca Muerta"},"content":{"rendered":"<p><strong>YPF proyecta desembolsar US$ 1.400 M en infraestructura para el plan quinquenal que har\u00e1 foco en el transporte<\/strong><\/p>\n<p>Crece la inversi\u00f3n en infraestructura para Vaca Muerta. El plan quinquenal que la petrolera de bandera argentina present\u00f3 a fines del a\u00f1o pasado centra los esfuerzos de la compa\u00f1\u00eda en generar un crecimiento agresivo de la mano tanto de los recursos no convencionales como de los convencionales.<\/p>\n<p>Seg\u00fan public\u00f3 el diario R\u00edo Negro, bajo este esquema, el desarrollo de obras de infraestructura para Vaca Muerta prev\u00e9 una inversi\u00f3n para este per\u00edodo de US$ 1.403 millones.<\/p>\n<p>El desembolso para este segmento del upstream y midstream representa una suma superior a la volcada en el coraz\u00f3n de los no convencionales en los cinco a\u00f1os anteriores.<\/p>\n<p>Si bien la diferencia es leve, toma mayor peso si se considera que entre 2012 y 2017 la operadora de bandera llev\u00f3 adelante grandes y onerosos desarrollos como la planta de arenas de fractura y la gerencia de No Convencionales en Loma Campana.<\/p>\n<p>A diferencia del lustro pasado, las inversiones que se volcar\u00e1n desde este a\u00f1o y hasta el 2022 har\u00e1n foco en lo que se refiere a transporte y tratamiento de hidrocarburos.<\/p>\n<p>Seg\u00fan revel\u00f3 d\u00edas atr\u00e1s el gerente ejecutivo de la Regional No Convencional de YPF, Gustavo Astie, ser\u00e1n US$ 200 millones que se destinar\u00e1n en el corto plazo a la construcci\u00f3n de gasoductos.<\/p>\n<p>Entre este segmento se encuentra el desarrollo de gasoductos internos en yacimientos como Loma Campana y R\u00edo Neuqu\u00e9n. En este \u00faltimo la operadora espera obtener a la brevedad muy buenos resultados por el potencial que est\u00e1n encontrando.<br \/>\nPlan Gas Otros de los ductos que se montar\u00e1n en la primera parte corresponden a las \u00e1reas que la operadora logr\u00f3 incluir dentro del nuevo Plan Gas que el Ministerio de Energ\u00eda que conduce Juan Jos\u00e9 Aranguren paut\u00f3 mediante la Resoluci\u00f3n 46, y que permitir\u00e1n transportar la producci\u00f3n del nuevo gas desde los pilotos de bloques como Las Tacanas y La Calera.<\/p>\n<p>Pero el programa de inversiones en infraestructura tambi\u00e9n incluye las obras destinadas a la producci\u00f3n de petr\u00f3leo y que en conjunto representar\u00e1n un desembolso de US$ 350 millones.<br \/>\nLas mismas incluyen la construcci\u00f3n de una planta de tratamiento por US$ 150 millones destinada a captar la producci\u00f3n de los bloques La Amarga Chica y Bandurr\u00edas Sur. Y seg\u00fan precis\u00f3 Astie durante el seminario organizado por el Instituto Argentino del Petr\u00f3leo y Gas (IAPG), el listado de inversiones en petr\u00f3leo tambi\u00e9n incluye otras obras como es la ampliaci\u00f3n de la actual planta de tratamiento de Loma Campana en donde se invertir\u00e1n US$ 25 millones.<\/p>\n<p>As\u00ed como sucede con los gasoductos, el plan de inversiones en infraestructura para Vaca Muerta contempla tambi\u00e9n la construcci\u00f3n de tres nuevos oleoductos que en conjunto demandar\u00e1n casi US$ 180 millones.<br \/>\nUno de ellos unir\u00e1 Lago Pellegrini y Medanito con una inversi\u00f3n superior a los US$ 65 millones de d\u00f3lares. Otro de los oleoductos vincular\u00e1 el bloque Se\u00f1al Cerro Bayo con Puesto Hern\u00e1ndez, por un lado, y con Medanito por el otro, demandando entre ambas l\u00edneas una inversi\u00f3n de m\u00e1s de US$ 110 millones.<br \/>\nAstie detall\u00f3 que parte de estos oleoductos tendr\u00e1 la funci\u00f3n de conducir la producci\u00f3n de Vaca Muerta hacia Mendoza.<\/p>\n<p>Fuente: El Economista<\/p>\n<!-- AddThis Advanced Settings generic via filter on the_content -->","protected":false},"excerpt":{"rendered":"<p>YPF proyecta desembolsar US$ 1.400 M en infraestructura para el plan quinquenal que har\u00e1 foco en el transporte Crece la<!-- AddThis Advanced Settings generic via filter on get_the_excerpt --><\/p>\n","protected":false},"author":1,"featured_media":8013,"comment_status":"closed","ping_status":"closed","sticky":false,"template":"","format":"standard","meta":{"colormag_page_container_layout":"default_layout","colormag_page_sidebar_layout":"default_layout","jetpack_post_was_ever_published":false,"_jetpack_newsletter_access":"","_jetpack_dont_email_post_to_subs":false,"_jetpack_newsletter_tier_id":0,"_jetpack_memberships_contains_paywalled_content":false,"_jetpack_memberships_contains_paid_content":false,"footnotes":"","jetpack_publicize_message":"","jetpack_publicize_feature_enabled":true,"jetpack_social_post_already_shared":false,"jetpack_social_options":{"image_generator_settings":{"template":"highway","default_image_id":0,"font":"","enabled":false},"version":2}},"categories":[11],"tags":[17],"class_list":["post-8003","post","type-post","status-publish","format-standard","has-post-thumbnail","hentry","category-energia-y-produccion","tag-otros-medios"],"jetpack_publicize_connections":[],"jetpack_featured_media_url":"https:\/\/i0.wp.com\/ccnews.com.ar\/prensa\/wp-content\/uploads\/2018\/06\/Vaca-Muerta-Rincon-del-Mangrullo-Pepe-Delloro-bbva-frances-argentina-bbva-1920x1323.jpg?fit=1920%2C1323","jetpack_shortlink":"https:\/\/wp.me\/p7L1gj-255","jetpack-related-posts":[{"id":6469,"url":"http:\/\/ccnews.com.ar\/prensa\/se-expande-el-mapa-del-gas-en-vaca-muerta\/","url_meta":{"origin":8003,"position":0},"title":"Se expande el mapa del gas en Vaca Muerta","author":"CLUSTERciar","date":"14 enero, 2018","format":false,"excerpt":"Hay tres proyectos en etapa de desarrollo. Adem\u00e1s comienzan a rodar siete nuevos pilotos y asoman otros seis atados al Plan Gas. La hiperpublicitada bonanza que traer\u00e1 Vaca Muerta suele generar frustraciones para los m\u00e1s ansiosos. Sobre todo para aquellos que no habitan en la Cuenca Neuquina. Sin embargo lo\u2026","rel":"","context":"En \u00abEnerg\u00eda y Producci\u00f3n\u00bb","block_context":{"text":"Energ\u00eda y Producci\u00f3n","link":"http:\/\/ccnews.com.ar\/prensa\/category\/energia-y-produccion\/"},"img":{"alt_text":"","src":"https:\/\/i0.wp.com\/ccnews.com.ar\/prensa\/wp-content\/uploads\/2018\/01\/image_content_9231660_20180103214713.jpg?fit=660%2C370&resize=350%2C200","width":350,"height":200,"srcset":"https:\/\/i0.wp.com\/ccnews.com.ar\/prensa\/wp-content\/uploads\/2018\/01\/image_content_9231660_20180103214713.jpg?fit=660%2C370&resize=350%2C200 1x, https:\/\/i0.wp.com\/ccnews.com.ar\/prensa\/wp-content\/uploads\/2018\/01\/image_content_9231660_20180103214713.jpg?fit=660%2C370&resize=525%2C300 1,5x"},"classes":[]},{"id":5513,"url":"http:\/\/ccnews.com.ar\/prensa\/tecpetrol-y-shell-destacaron-que-vaca-muerta-aportara-hidrocarburos-no-convencionales-al-pais-durante-decadas\/","url_meta":{"origin":8003,"position":1},"title":"Tecpetrol y Shell destacaron que Vaca Muerta aportar\u00e1 hidrocarburos no convencionales al pa\u00eds durante d\u00e9cadas","author":"CLUSTERciar","date":"30 septiembre, 2017","format":false,"excerpt":"Dos de las principales operadoras privadas en la formaci\u00f3n de Vaca Muerta, las compa\u00f1\u00edas Tecpetrol y Shell, coincidieron hoy en pronosticar un amplio desarrollo de los yacimientos de hidrocarburos no convencionales neuquinos \u201cdurante d\u00e9cadas\u201d, con el consiguiente impacto favorable en el crecimiento econ\u00f3mico de la provincia y el pa\u00eds. Dos\u2026","rel":"","context":"En \u00abSustentabilidad\u00bb","block_context":{"text":"Sustentabilidad","link":"http:\/\/ccnews.com.ar\/prensa\/category\/sustentabilidad\/"},"img":{"alt_text":"","src":"https:\/\/i0.wp.com\/ccnews.com.ar\/prensa\/wp-content\/uploads\/2017\/09\/shell180917.jpg?fit=250%2C250&resize=350%2C200","width":350,"height":200},"classes":[]},{"id":5123,"url":"http:\/\/ccnews.com.ar\/prensa\/con-vaca-muerta-techint-va-a-dar-un-salto-de-escala\/","url_meta":{"origin":8003,"position":2},"title":"&#8220;Con Vaca Muerta, Techint va a dar un salto de escala&#8221;","author":"CLUSTERciar","date":"18 agosto, 2017","format":false,"excerpt":"Paolo Rocca pas\u00f3 por Neuqu\u00e9n y dio detalles de Fort\u00edn de Piedra. Neuqu\u00e9n.- El CEO de Techint, Paolo Rocca, estuvo ayer algunas horas en esta ciudad. Recorri\u00f3 el \u00e1rea Fort\u00edn de Piedra, donde el grupo empresario realiza una millonaria apuesta para extraer gas de la formaci\u00f3n Vaca Muerta. Se trata\u2026","rel":"","context":"En \u00abEnerg\u00eda y Producci\u00f3n\u00bb","block_context":{"text":"Energ\u00eda y Producci\u00f3n","link":"http:\/\/ccnews.com.ar\/prensa\/category\/energia-y-produccion\/"},"img":{"alt_text":"","src":"https:\/\/i0.wp.com\/ccnews.com.ar\/prensa\/wp-content\/uploads\/2017\/08\/0002661232.jpg?fit=770%2C433&resize=350%2C200","width":350,"height":200,"srcset":"https:\/\/i0.wp.com\/ccnews.com.ar\/prensa\/wp-content\/uploads\/2017\/08\/0002661232.jpg?fit=770%2C433&resize=350%2C200 1x, https:\/\/i0.wp.com\/ccnews.com.ar\/prensa\/wp-content\/uploads\/2017\/08\/0002661232.jpg?fit=770%2C433&resize=525%2C300 1,5x, https:\/\/i0.wp.com\/ccnews.com.ar\/prensa\/wp-content\/uploads\/2017\/08\/0002661232.jpg?fit=770%2C433&resize=700%2C400 2x"},"classes":[]},{"id":5599,"url":"http:\/\/ccnews.com.ar\/prensa\/vaca-muerta-la-segunda-ola-suma-nuevos-jugadores\/","url_meta":{"origin":8003,"position":3},"title":"Vaca Muerta: la segunda ola suma nuevos jugadores","author":"CLUSTERciar","date":"10 octubre, 2017","format":false,"excerpt":"Adem\u00e1s de gigantes como la noruega Statoil, aparecen las independientes que participaron del boom norteamericano. El boom del shale norteamericano reconoce como precursores a las peque\u00f1as compa\u00f1\u00edas independientes que perforaron, a un alt\u00edsimo riesgo, cuando las grandes empresas petroleras miraban con desconfianza los no convencionales. Sin embargo las \u201cmajors\u201d no\u2026","rel":"","context":"En \u00abSustentabilidad\u00bb","block_context":{"text":"Sustentabilidad","link":"http:\/\/ccnews.com.ar\/prensa\/category\/sustentabilidad\/"},"img":{"alt_text":"","src":"https:\/\/i0.wp.com\/ccnews.com.ar\/prensa\/wp-content\/uploads\/2017\/09\/image_content_8857385_20170920234955.jpg?fit=660%2C370&resize=350%2C200","width":350,"height":200,"srcset":"https:\/\/i0.wp.com\/ccnews.com.ar\/prensa\/wp-content\/uploads\/2017\/09\/image_content_8857385_20170920234955.jpg?fit=660%2C370&resize=350%2C200 1x, https:\/\/i0.wp.com\/ccnews.com.ar\/prensa\/wp-content\/uploads\/2017\/09\/image_content_8857385_20170920234955.jpg?fit=660%2C370&resize=525%2C300 1,5x"},"classes":[]},{"id":7457,"url":"http:\/\/ccnews.com.ar\/prensa\/el-gasoducto-de-tgs-en-vaca-muerta-abre-una-nueva-etapa\/","url_meta":{"origin":8003,"position":4},"title":"El gasoducto de TGS en Vaca Muerta abre una nueva etapa","author":"admin","date":"11 abril, 2018","format":false,"excerpt":"Se inaugura el negocio entre privados para el transporte de gas. Adem\u00e1s atiende uno de los desaf\u00edos que era ampliar la capacidad en los ca\u00f1os. La provincia cobrar\u00e1 un canon. Esta semana se escribi\u00f3 una nueva p\u00e1gina en Vaca Muerta. Pero a diferencia de otras, esta ser\u00e1 una bisagra para\u2026","rel":"","context":"En \u00abSustentabilidad\u00bb","block_context":{"text":"Sustentabilidad","link":"http:\/\/ccnews.com.ar\/prensa\/category\/sustentabilidad\/"},"img":{"alt_text":"","src":"https:\/\/i0.wp.com\/ccnews.com.ar\/prensa\/wp-content\/uploads\/2018\/04\/image_content_9526628_20180404213216.jpg?fit=660%2C370&resize=350%2C200","width":350,"height":200,"srcset":"https:\/\/i0.wp.com\/ccnews.com.ar\/prensa\/wp-content\/uploads\/2018\/04\/image_content_9526628_20180404213216.jpg?fit=660%2C370&resize=350%2C200 1x, https:\/\/i0.wp.com\/ccnews.com.ar\/prensa\/wp-content\/uploads\/2018\/04\/image_content_9526628_20180404213216.jpg?fit=660%2C370&resize=525%2C300 1,5x"},"classes":[]},{"id":2351,"url":"http:\/\/ccnews.com.ar\/prensa\/anses-financiara-un-oleoducto-de-ypf-en-vaca-muerta\/","url_meta":{"origin":8003,"position":5},"title":"ANSES financiar\u00e1 un oleoducto de YPF en Vaca Muerta","author":"CLUSTERciar","date":"17 noviembre, 2016","format":false,"excerpt":"La ANSES, a trav\u00e9s del Fondo de Garant\u00eda de Sustentabilidad (FGS), financiar\u00e1 la construcci\u00f3n de un oleoducto de YPF en Vaca Muerta, entre Loma Campana y Lago Pellegrini, en la provincia de Neuqu\u00e9n. A trav\u00e9s de un comunicado, la oficina que conduce Emilio Basavilbaso detall\u00f3 que se trata de un\u2026","rel":"","context":"En \u00abManagement\u00bb","block_context":{"text":"Management","link":"http:\/\/ccnews.com.ar\/prensa\/category\/management\/"},"img":{"alt_text":"","src":"https:\/\/i0.wp.com\/media.ambito.com\/diario\/2016\/1111\/imagenes\/not_862216_11_182622.jpg?resize=350%2C200","width":350,"height":200},"classes":[]}],"jetpack_sharing_enabled":true,"_links":{"self":[{"href":"http:\/\/ccnews.com.ar\/prensa\/wp-json\/wp\/v2\/posts\/8003","targetHints":{"allow":["GET"]}}],"collection":[{"href":"http:\/\/ccnews.com.ar\/prensa\/wp-json\/wp\/v2\/posts"}],"about":[{"href":"http:\/\/ccnews.com.ar\/prensa\/wp-json\/wp\/v2\/types\/post"}],"author":[{"embeddable":true,"href":"http:\/\/ccnews.com.ar\/prensa\/wp-json\/wp\/v2\/users\/1"}],"replies":[{"embeddable":true,"href":"http:\/\/ccnews.com.ar\/prensa\/wp-json\/wp\/v2\/comments?post=8003"}],"version-history":[{"count":3,"href":"http:\/\/ccnews.com.ar\/prensa\/wp-json\/wp\/v2\/posts\/8003\/revisions"}],"predecessor-version":[{"id":8017,"href":"http:\/\/ccnews.com.ar\/prensa\/wp-json\/wp\/v2\/posts\/8003\/revisions\/8017"}],"wp:featuredmedia":[{"embeddable":true,"href":"http:\/\/ccnews.com.ar\/prensa\/wp-json\/wp\/v2\/media\/8013"}],"wp:attachment":[{"href":"http:\/\/ccnews.com.ar\/prensa\/wp-json\/wp\/v2\/media?parent=8003"}],"wp:term":[{"taxonomy":"category","embeddable":true,"href":"http:\/\/ccnews.com.ar\/prensa\/wp-json\/wp\/v2\/categories?post=8003"},{"taxonomy":"post_tag","embeddable":true,"href":"http:\/\/ccnews.com.ar\/prensa\/wp-json\/wp\/v2\/tags?post=8003"}],"curies":[{"name":"wp","href":"https:\/\/api.w.org\/{rel}","templated":true}]}}