{"id":8055,"date":"2018-06-14T12:43:22","date_gmt":"2018-06-14T15:43:22","guid":{"rendered":"http:\/\/clusterciarnews.com.ar\/prensa\/?p=8055"},"modified":"2018-06-14T12:43:22","modified_gmt":"2018-06-14T15:43:22","slug":"las-ventajas-de-empezar-una-carrera-en-agosto","status":"publish","type":"post","link":"http:\/\/ccnews.com.ar\/prensa\/las-ventajas-de-empezar-una-carrera-en-agosto\/","title":{"rendered":"Las ventajas de empezar  una carrera en agosto"},"content":{"rendered":"<p><strong>Cada d\u00eda m\u00e1s instituciones brindan la posibilidad de comenzar a cursar en la segunda mitad del a\u00f1o. Potenciar Educaci\u00f3n Superior, adem\u00e1s, permite recuperar el primer cuatrimestre y as\u00ed completar Tecnicaturas Superiores en solo dos a\u00f1os y medio.<\/strong><\/p>\n<p>Ya sea para aprovechar lo que resta del a\u00f1o o para adelantarse al que viene, cada vez m\u00e1s personas empiezan a estudiar en agosto. <em>CLUSTERciar News<\/em> analiz\u00f3 esta tendencia y convers\u00f3 con la Lic. Laura Buduba, Directora Acad\u00e9mica de Potenciar Educaci\u00f3n Superior, una instituci\u00f3n que pertenece a Fundaci\u00f3n Potenciar.<\/p>\n<p>&#8220;La primera ventaja es no perder el a\u00f1o y aprovechar el ciclo lectivo aunque est\u00e9 por la mitad. Esto genera valor para muchas personas que por diversos motivos no pudieron iniciar sus estudios en marzo, y tambi\u00e9n para otras que empezaron una carrera que no les gust\u00f3 y ahora tienen la posibilidad de cambiar sin esperar hasta el a\u00f1o que viene.&#8221;<\/p>\n<p>Laura, adem\u00e1s, explic\u00f3: &#8220;Otra ventaja de esta modalidad es que reduce la duraci\u00f3n total de nuestras carreras, ya que ofrecemos la posibilidad de estudiar en paralelo las materias no cursadas del primer cuatrimestre. As\u00ed, los alumnos que empiezan en agosto se ponen al mismo nivel de los que comenzaron en marzo, y terminan una carrera de tres a\u00f1os en solo dos a\u00f1os y medio&#8221;.<\/p>\n<p>Acerca de las carreras, Laura se\u00f1al\u00f3: &#8220;Est\u00e1 abierta la inscripci\u00f3n para nuestras 14 Tecnicaturas Superiores, que otorgan t\u00edtulos oficiales de validez nacional. En todas brindamos acceso a pasant\u00edas, pr\u00e1cticas profesionalizantes, becas de estudio, una bolsa de trabajo y la posibilidad de una r\u00e1pida inserci\u00f3n laboral, gracias al v\u00ednculo que Fundaci\u00f3n Potenciar mantiene con las empresas&#8221;.<\/p>\n<p>Las Tecnicaturas Superiores abarcan orientaciones de alta demanda en el mercado. En el <strong>\u00c1rea de TIC<\/strong>: &#8220;Redes y Comunicaci\u00f3n de Datos&#8221; y &#8220;Analista en Sistemas de Informaci\u00f3n&#8221;. En el <strong>\u00c1rea Administrativa<\/strong>: &#8220;Administraci\u00f3n de Empresas&#8221;, &#8220;Relaciones Laborales&#8221; y &#8220;Relaciones P\u00fablicas&#8221;. Y en el <strong>\u00c1rea T\u00e9cnica<\/strong>: &#8220;Inspecci\u00f3n T\u00e9cnica&#8221;, &#8220;Desarrollo de Proyectos&#8221;, &#8220;Log\u00edstica y Abastecimiento&#8221;, &#8220;Planeamiento&#8221;, &#8220;Petr\u00f3leo&#8221;, &#8220;Hidrocarburos&#8221;, &#8220;Energ\u00eda Renovable&#8221;, &#8220;Operaci\u00f3n de Yacimientos No Convencionales&#8221; y &#8220;Seguridad, Higiene y Medioambiente&#8221;.<\/p>\n<p>La instituci\u00f3n tambi\u00e9n ofrece articulaciones para cursar licenciaturas. &#8220;Con dos a\u00f1os m\u00e1s de estudio, nuestros T\u00e9cnicos Superiores en Administraci\u00f3n de Empresas pueden obtener una Licenciatura en Administraci\u00f3n de manera virtual en la Universidad de Quilmes o de forma presencial en la Universidad de Flores. Y en esta \u00faltima entidad, sumando un a\u00f1o y medio m\u00e1s de cursada, tambi\u00e9n pueden recibirse de contadores. Esto es solo un primer paso, porque iremos sumando articulaciones en m\u00e1s carreras&#8221;, concluy\u00f3 Laura.<\/p>\n<p><em>\u00a0<\/em><\/p>\n<p><em>Las carreras terciarias de<\/em><em> Potenciar Educaci\u00f3n Superior se dictan diariamente de 18 a 22 h, lo que da la posibilidad de trabajar o realizar pasant\u00edas y pr\u00e1cticas durante el d\u00eda. La instituci\u00f3n cuenta con una sede central en la ciudad de Neuqu\u00e9n y con un campus educativo-recreativo en la ciudad de Cipolletti. Para m\u00e1s informaci\u00f3n, ingresar a <a href=\"https:\/\/www.linkedin.com\/redir\/redirect?url=http%3A%2F%2Fwww%2Epotenciar-edu%2Ecom%2Ear&amp;urlhash=zmv8&amp;trk=about_website\">http:\/\/www.potenciar-edu.com.ar<\/a><\/em><\/p>\n<p>&nbsp;<\/p>\n<p>Fuente: CLUSTERciar News<\/p>\n<!-- AddThis Advanced Settings generic via filter on the_content -->","protected":false},"excerpt":{"rendered":"<p>Cada d\u00eda m\u00e1s instituciones brindan la posibilidad de comenzar a cursar en la segunda mitad del a\u00f1o. Potenciar Educaci\u00f3n Superior,<!-- AddThis Advanced Settings generic via filter on get_the_excerpt --><\/p>\n","protected":false},"author":2,"featured_media":8057,"comment_status":"closed","ping_status":"closed","sticky":false,"template":"","format":"standard","meta":{"colormag_page_container_layout":"default_layout","colormag_page_sidebar_layout":"default_layout","jetpack_post_was_ever_published":false,"_jetpack_newsletter_access":"","_jetpack_dont_email_post_to_subs":false,"_jetpack_newsletter_tier_id":0,"_jetpack_memberships_contains_paywalled_content":false,"_jetpack_memberships_contains_paid_content":false,"footnotes":"","jetpack_publicize_message":"","jetpack_publicize_feature_enabled":true,"jetpack_social_post_already_shared":true,"jetpack_social_options":{"image_generator_settings":{"template":"highway","default_image_id":0,"font":"","enabled":false},"version":2}},"categories":[19],"tags":[13],"class_list":["post-8055","post","type-post","status-publish","format-standard","has-post-thumbnail","hentry","category-educacion-sociedad","tag-ccnews"],"jetpack_publicize_connections":[],"jetpack_featured_media_url":"https:\/\/i0.wp.com\/ccnews.com.ar\/prensa\/wp-content\/uploads\/2018\/06\/web.jpg?fit=803%2C226","jetpack_shortlink":"https:\/\/wp.me\/p7L1gj-25V","jetpack-related-posts":[{"id":8247,"url":"http:\/\/ccnews.com.ar\/prensa\/potenciar-educacion-superior-ofrece-tres-nuevas-carreras-con-oportunidades-laborales\/","url_meta":{"origin":8055,"position":0},"title":"Potenciar Educaci\u00f3n Superior  ofrece tres nuevas carreras  con oportunidades laborales","author":"admin","date":"27 junio, 2018","format":false,"excerpt":"Se trata de las Tecnicaturas Superiores en Energ\u00eda Renovable, en Operaci\u00f3n de Yacimientos No Convencionales y en Seguridad, Higiene y Medio Ambiente. La instituci\u00f3n tambi\u00e9n brinda acceso al mercado laboral, gracias a su v\u00ednculo con empresas del sector. El alcance de la propuesta es doble. Por un lado, m\u00e1s estudiantes\u2026","rel":"","context":"En \u00abEducaci\u00f3n\/Sociedad\u00bb","block_context":{"text":"Educaci\u00f3n\/Sociedad","link":"http:\/\/ccnews.com.ar\/prensa\/category\/educacion-sociedad\/"},"img":{"alt_text":"","src":"https:\/\/i0.wp.com\/ccnews.com.ar\/prensa\/wp-content\/uploads\/2018\/06\/ccn-49.jpg?fit=803%2C404&resize=350%2C200","width":350,"height":200,"srcset":"https:\/\/i0.wp.com\/ccnews.com.ar\/prensa\/wp-content\/uploads\/2018\/06\/ccn-49.jpg?fit=803%2C404&resize=350%2C200 1x, https:\/\/i0.wp.com\/ccnews.com.ar\/prensa\/wp-content\/uploads\/2018\/06\/ccn-49.jpg?fit=803%2C404&resize=525%2C300 1,5x, https:\/\/i0.wp.com\/ccnews.com.ar\/prensa\/wp-content\/uploads\/2018\/06\/ccn-49.jpg?fit=803%2C404&resize=700%2C400 2x"},"classes":[]},{"id":3111,"url":"http:\/\/ccnews.com.ar\/prensa\/potenciar-educacion-superior-nueva-sede-en-cipolletti\/","url_meta":{"origin":8055,"position":1},"title":"Potenciar Educaci\u00f3n Superior &#8211; Nueva sede en Cipolletti","author":"CLUSTERciar","date":"1 febrero, 2017","format":false,"excerpt":"FUNDACI\u00d3N\u00a0POTENCIAR DESEMBARCA EN CIPOLLETTI con su logro Socio-Educativo Porque queremos crecer y superarnos, porque nos gustan los desaf\u00edos, porque estamos convencidos que con educaci\u00f3n construimos una sociedad mejor, hemos decidido embarcarnos en un nuevo proyecto: Potenciar Educaci\u00f3n Superior, tendr\u00e1 sede en Cipolletti, en una ubicaci\u00f3n estrat\u00e9gica, como es la esquina\u2026","rel":"","context":"En \u00abEducaci\u00f3n\/Sociedad\u00bb","block_context":{"text":"Educaci\u00f3n\/Sociedad","link":"http:\/\/ccnews.com.ar\/prensa\/category\/educacion-sociedad\/"},"img":{"alt_text":"3","src":"https:\/\/i0.wp.com\/clusterciarnews.com.ar\/prensa\/wp-content\/uploads\/2017\/01\/3.jpg?resize=350%2C200","width":350,"height":200,"srcset":"https:\/\/i0.wp.com\/clusterciarnews.com.ar\/prensa\/wp-content\/uploads\/2017\/01\/3.jpg?resize=350%2C200 1x, https:\/\/i0.wp.com\/clusterciarnews.com.ar\/prensa\/wp-content\/uploads\/2017\/01\/3.jpg?resize=525%2C300 1,5x"},"classes":[]},{"id":3501,"url":"http:\/\/ccnews.com.ar\/prensa\/un-nuevo-desafio-se-suma-a-la-fundacion-potenciar-la-educacion-en-el-alto-valle\/","url_meta":{"origin":8055,"position":2},"title":"Un nuevo desaf\u00edo se suma a la Fundaci\u00f3n: \u201cPotenciar la educaci\u00f3n en el Alto Valle\u201d","author":"CLUSTERciar","date":"6 marzo, 2017","format":false,"excerpt":"Andrea Segovia, Secretaria del Consejo de Administraci\u00f3n de Fundaci\u00f3n Potenciar, nos cuenta los desaf\u00edos para este 2017. El 22 de febrero Fundaci\u00f3n Potenciar realiz\u00f3 el brindis inaugural de su nueva Base Operativa en la ciudad de Cipolletti, este es el punta pie inicial de un gran desembarco educativo en esta\u2026","rel":"","context":"En \u00abEducaci\u00f3n\/Sociedad\u00bb","block_context":{"text":"Educaci\u00f3n\/Sociedad","link":"http:\/\/ccnews.com.ar\/prensa\/category\/educacion-sociedad\/"},"img":{"alt_text":"IMG_3556","src":"https:\/\/i0.wp.com\/clusterciarnews.com.ar\/prensa\/wp-content\/uploads\/2017\/03\/IMG_3556-300x200.jpg?resize=350%2C200","width":350,"height":200},"classes":[]},{"id":7141,"url":"http:\/\/ccnews.com.ar\/prensa\/cuando-las-empresas-apoyan-la-educacion-los-resultados-potencian-a-las-empresas\/","url_meta":{"origin":8055,"position":3},"title":"Cuando las empresas apoyan la educaci\u00f3n, los resultados potencian a las empresas","author":"admin","date":"8 marzo, 2018","format":false,"excerpt":"Cada vez m\u00e1s organizaciones obtienen valor apoyando la formaci\u00f3n de su personal y la educaci\u00f3n en el \u00e1mbito social. Por un lado, aumentan su productividad con recursos humanos capacitados. Por otro, desarrollan su Responsabilidad Social Empresaria mediante actividades de impacto en la comunidad. La instituci\u00f3n Potenciar Educaci\u00f3n Superior es un\u2026","rel":"","context":"En \u00abEducaci\u00f3n\/Sociedad\u00bb","block_context":{"text":"Educaci\u00f3n\/Sociedad","link":"http:\/\/ccnews.com.ar\/prensa\/category\/educacion-sociedad\/"},"img":{"alt_text":"","src":"","width":0,"height":0},"classes":[]},{"id":100,"url":"http:\/\/ccnews.com.ar\/prensa\/potenciar-educacion-superior-amplia-su-oferta-academica\/","url_meta":{"origin":8055,"position":4},"title":"Potenciar Educaci\u00f3n Superior ampl\u00eda su oferta Acad\u00e9mica","author":"CLUSTERciar","date":"1 febrero, 2016","format":false,"excerpt":"Con intensidad se desarrollan las inscripciones para todas las tecnicaturas en PES. A la tradicional oferta\u00a0 que integran las tecnicaturas en Desarrollo de proyectos, Inspecci\u00f3n t\u00e9cnica de Obras, log\u00edstica y abastecimiento,\u00a0 Planeamiento, Relaciones laborales y Administraci\u00f3n de Empresas, a partir de este a\u00f1o se suman las\u00a0 tecnicaturas Superiores en Hidrocarburos\u2026","rel":"","context":"En \u00abEducaci\u00f3n\/Sociedad\u00bb","block_context":{"text":"Educaci\u00f3n\/Sociedad","link":"http:\/\/ccnews.com.ar\/prensa\/category\/educacion-sociedad\/"},"img":{"alt_text":"logo_nuevo","src":"https:\/\/i0.wp.com\/clusterciar.com.ar\/wp\/wp-content\/uploads\/2016\/03\/logo_nuevo-300x134.jpg?resize=350%2C200","width":350,"height":200},"classes":[]},{"id":8571,"url":"http:\/\/ccnews.com.ar\/prensa\/llega-expo-vocacional-2018-el-encuentro-entre-los-protagonistas-de-la-educacion\/","url_meta":{"origin":8055,"position":5},"title":"Llega Expo Vocacional 2018:  el encuentro entre los protagonistas  de la educaci\u00f3n","author":"CLUSTERciar","date":"7 agosto, 2018","format":false,"excerpt":"La feria educativa m\u00e1s grande de la Patagonia pondr\u00e1 en contacto directo a miles de estudiantes secundarios con instituciones educativas p\u00fablicas y privadas, que exhibir\u00e1n su oferta acad\u00e9mica terciaria y universitaria. Del 8 al 10 de agosto, de 9 a 19 h, se realizar\u00e1 la novena edici\u00f3n de Expo Vocacional\u2026","rel":"","context":"En \u00abEducaci\u00f3n\/Sociedad\u00bb","block_context":{"text":"Educaci\u00f3n\/Sociedad","link":"http:\/\/ccnews.com.ar\/prensa\/category\/educacion-sociedad\/"},"img":{"alt_text":"","src":"https:\/\/i0.wp.com\/ccnews.com.ar\/prensa\/wp-content\/uploads\/2018\/08\/expo.jpg?fit=803%2C404&resize=350%2C200","width":350,"height":200,"srcset":"https:\/\/i0.wp.com\/ccnews.com.ar\/prensa\/wp-content\/uploads\/2018\/08\/expo.jpg?fit=803%2C404&resize=350%2C200 1x, https:\/\/i0.wp.com\/ccnews.com.ar\/prensa\/wp-content\/uploads\/2018\/08\/expo.jpg?fit=803%2C404&resize=525%2C300 1,5x, https:\/\/i0.wp.com\/ccnews.com.ar\/prensa\/wp-content\/uploads\/2018\/08\/expo.jpg?fit=803%2C404&resize=700%2C400 2x"},"classes":[]}],"jetpack_sharing_enabled":true,"_links":{"self":[{"href":"http:\/\/ccnews.com.ar\/prensa\/wp-json\/wp\/v2\/posts\/8055","targetHints":{"allow":["GET"]}}],"collection":[{"href":"http:\/\/ccnews.com.ar\/prensa\/wp-json\/wp\/v2\/posts"}],"about":[{"href":"http:\/\/ccnews.com.ar\/prensa\/wp-json\/wp\/v2\/types\/post"}],"author":[{"embeddable":true,"href":"http:\/\/ccnews.com.ar\/prensa\/wp-json\/wp\/v2\/users\/2"}],"replies":[{"embeddable":true,"href":"http:\/\/ccnews.com.ar\/prensa\/wp-json\/wp\/v2\/comments?post=8055"}],"version-history":[{"count":1,"href":"http:\/\/ccnews.com.ar\/prensa\/wp-json\/wp\/v2\/posts\/8055\/revisions"}],"predecessor-version":[{"id":8059,"href":"http:\/\/ccnews.com.ar\/prensa\/wp-json\/wp\/v2\/posts\/8055\/revisions\/8059"}],"wp:featuredmedia":[{"embeddable":true,"href":"http:\/\/ccnews.com.ar\/prensa\/wp-json\/wp\/v2\/media\/8057"}],"wp:attachment":[{"href":"http:\/\/ccnews.com.ar\/prensa\/wp-json\/wp\/v2\/media?parent=8055"}],"wp:term":[{"taxonomy":"category","embeddable":true,"href":"http:\/\/ccnews.com.ar\/prensa\/wp-json\/wp\/v2\/categories?post=8055"},{"taxonomy":"post_tag","embeddable":true,"href":"http:\/\/ccnews.com.ar\/prensa\/wp-json\/wp\/v2\/tags?post=8055"}],"curies":[{"name":"wp","href":"https:\/\/api.w.org\/{rel}","templated":true}]}}