{"id":8079,"date":"2018-06-14T08:00:31","date_gmt":"2018-06-14T11:00:31","guid":{"rendered":"http:\/\/clusterciarnews.com.ar\/prensa\/?p=8079"},"modified":"2018-06-15T12:40:33","modified_gmt":"2018-06-15T15:40:33","slug":"aranguren-en-2020-seremos-exportadores-de-petroleo-y-en-2022-de-gas","status":"publish","type":"post","link":"http:\/\/ccnews.com.ar\/prensa\/aranguren-en-2020-seremos-exportadores-de-petroleo-y-en-2022-de-gas\/","title":{"rendered":"Aranguren: \u201cEn 2020 seremos exportadores de petr\u00f3leo y en 2022 de gas\u201d"},"content":{"rendered":"<div class=\"paragraph\">\n<h2 class=\"subheadline font-2 fs16\">El ministro de Energ\u00eda se mostr\u00f3 confiado en los pron\u00f3sticos. Adelant\u00f3 que buscar\u00e1n extender el \u201cbarril gradual\u201d.<\/h2>\n<p>El Foro Latinoamericano de Energ\u00eda que se desarrolla desde ayer en Bariloche, en el contexto de la reuni\u00f3n de ministros de Energ\u00eda por el G-20, fue el escenario escogido por el ministro de Energ\u00eda de la Naci\u00f3n, Juan Jos\u00e9 Aranguren, para anunciar que \u201cen el 2020 Argentina va a recuperar la senda de exportaci\u00f3n de petr\u00f3leo y en el 2022 la del gas\u201d.<\/p>\n<p>En el encuentro en el que participaron las principales operadoras con presencia en el pa\u00eds, Aranguren explic\u00f3 que el balance nacional entre la importaci\u00f3n y la exportaci\u00f3n de petr\u00f3leo se est\u00e1 viendo favorecido por el precio internacional del barril que reactiv\u00f3 la alica\u00edda producci\u00f3n.<\/p>\n<p>\u201cSeg\u00fan nuestro an\u00e1lisis, por los precios las compa\u00f1\u00edas ven un incentivo en la producci\u00f3n de petr\u00f3leo y est\u00e1 aumentando producci\u00f3n en Vaca Muerta y seguramente en 2020 vamos a estar recuperando la posici\u00f3n exportadora en petr\u00f3leo\u201d, asegur\u00f3 Aranguren.<\/p>\n<p>No obstante, tambi\u00e9n detall\u00f3 que desde el gobierno buscar\u00e1n extender el acuerdo de precios que depreci\u00f3 a unos 66 d\u00f3lares el precio del barril de crudo, en un sistema que postul\u00f3 como gradualismo.<\/p>\n<p>\u201cVamos a continuar hablando con las empresas para ver c\u00f3mo se puede evolucionar en la expectativa de que en alg\u00fan momento las variables \u2013precio del barril internacional y tipo cambiario\u2013 traten al menos de contenerse, no bajar, pero al menos dejar de subir como empez\u00f3 a pasar con el petr\u00f3leo\u201d, indic\u00f3 y remarc\u00f3 que \u201cvamos a discutir con la industria cu\u00e1les son las posibilidades de ir acompa\u00f1ando con gradualismo la evoluci\u00f3n de las variables\u201d.<\/p>\n<p>En el caso del gas el crecimiento de la producci\u00f3n se enfrenta, al contrario que con el petr\u00f3leo, a la limitante del consumo interno en per\u00edodos de calor. Es por esto que Aranguren asegur\u00f3 que en el corto plazo el mejor camino es exportar a Chile durante los meses valle y pactar contratos de importaci\u00f3n de GNL para los meses de invierno en los que a\u00fan la producci\u00f3n nacional no cubre la demanda. \u201cPara que ocurra esto tenemos que hacer contratos de largo plazo y eso es lo que vamos a empezar a trabajar en los pr\u00f3ximos meses\u201d, detall\u00f3 el ministro mientras revel\u00f3 que \u201cen abril en un fin de semana largo que hubo un r\u00e9cord de temperatura c\u00e1lida tuvimos que cortar producci\u00f3n por 10 millones de metros c\u00fabicos d\u00eda\u201d.<\/p>\n<p>En el Foro Latinoamericano las estrategias para alcanzar las transformaciones en la matriz energ\u00e9tica de Argentina y la regi\u00f3n tuvieron un fuerte peso y es por ello que mientras Aranguren plante\u00f3 que en el pa\u00eds \u201cse hace un despilfarro\u201d al no realizar un consumo eficiente de las energ\u00eda, anticip\u00f3 que en octubre se sentir\u00e1 el impacto de la suba del d\u00f3lar en el precio del gas que pagan los usuarios. \u201cCuando se defini\u00f3 el cuadro tarifario el cambio era 20,3 pesos por d\u00f3lar pero ahora que las distribuidoras tienen que pagar al productor est\u00e1 en 25 y esa diferencia se trasladar\u00e1 a las tarifas desde octubre\u201d, dijo.<\/p>\n<\/div>\n<div class=\"highlight_text ant-text\">\u201cEn 2019 vamos a incorporar 4 \u00f3 5 equipos m\u00e1s a Loma Campana, 3 en La Amarga Chica y entre 2 y 3 m\u00e1s en Bandurrias Sur\u201d,<\/div>\n<div class=\"highlight_author ant-highlight_text\">anunci\u00f3 el vicepresidente de Upstream de YPF, Pablo Bizzotto.<\/div>\n<div class=\"paragraph\">\n<p>\u201cVaca Muerta es como nuestro hijo, aprendi\u00f3 a caminar y ya corre\u201d, asegur\u00f3 el gobernador de Neuqu\u00e9n en el Foro Latinoamericano de Energ\u00eda. Y parece no errarle en su pron\u00f3stico dado que mientas desde Pluspetrol anunciaron el ingreso en la fase de desarrollo masivo de su bloque La Calera, el CEO de YPF, Miguel Guti\u00e9rrez, redobl\u00f3 el anuncio y revel\u00f3 que en el caso de la petrolera de bandera nacional ser\u00e1n cinco los bloques que pisar\u00e1n el acelerador en el corto plazo.<\/p>\n<p>\u201cEstamos transitando los caminos finales para en el tercer o cuarto trimestre del a\u00f1o La Amarga Chica entre en desarrollo masivo, pero hoy tenemos 17 pilotos y en el corto plazo van a haber otros cuatro desarrollos masivos m\u00e1s\u201d, se\u00f1al\u00f3 Guti\u00e9rrez.<\/p>\n<p>Se trata de los yacimientos Bandurrias Sur, Rinc\u00f3n del Mangrullo, La Ribera 1 y 2 y Aguada de la Arena.<\/p>\n<p>\u201cEstamos desarrollando muy r\u00e1pido, tenemos una gran oportunidad por delante y no es a cinco a\u00f1os, es ahora, el a\u00f1o que viene\u201d, remarc\u00f3.<\/p>\n<p>En ese sentido el country manager para Argentina de Pluspetrol, Germ\u00e1n Macchi, grafic\u00f3 qu\u00e9 significa Vaca Muerta tanto para la industria como para el pa\u00eds en un sendero de transici\u00f3n hacia energ\u00edas m\u00e1s limpias.<\/p>\n<p>\u201cVaca Muerta tiene 300 tcf (trillones de pies c\u00fabicos) de reservas y Argentina consume hoy 2 tcf por a\u00f1o por lo que la potencialidad de Vaca Muerta es a 100 \u00f3 150 a\u00f1os para Argentina pero tambi\u00e9n para exportar al mundo\u201d, indic\u00f3 Macchi y agreg\u00f3 que \u201cVaca Muerta no es una oportunidad para los inversores y contratistas sino para el crecimiento y desarrollo del pa\u00eds\u201d.<\/p>\n<\/div>\n<p>Fuente: Rio Negro<\/p>\n<!-- AddThis Advanced Settings generic via filter on the_content -->","protected":false},"excerpt":{"rendered":"<p>El ministro de Energ\u00eda se mostr\u00f3 confiado en los pron\u00f3sticos. Adelant\u00f3 que buscar\u00e1n extender el \u201cbarril gradual\u201d. El Foro Latinoamericano<!-- AddThis Advanced Settings generic via filter on get_the_excerpt --><\/p>\n","protected":false},"author":2,"featured_media":8081,"comment_status":"closed","ping_status":"closed","sticky":false,"template":"","format":"standard","meta":{"colormag_page_container_layout":"default_layout","colormag_page_sidebar_layout":"default_layout","jetpack_post_was_ever_published":false,"_jetpack_newsletter_access":"","_jetpack_dont_email_post_to_subs":false,"_jetpack_newsletter_tier_id":0,"_jetpack_memberships_contains_paywalled_content":false,"_jetpack_memberships_contains_paid_content":false,"footnotes":"","jetpack_publicize_message":"","jetpack_publicize_feature_enabled":true,"jetpack_social_post_already_shared":true,"jetpack_social_options":{"image_generator_settings":{"template":"highway","default_image_id":0,"font":"","enabled":false},"version":2}},"categories":[11],"tags":[17],"class_list":["post-8079","post","type-post","status-publish","format-standard","has-post-thumbnail","hentry","category-energia-y-produccion","tag-otros-medios"],"jetpack_publicize_connections":[],"jetpack_featured_media_url":"https:\/\/i0.wp.com\/ccnews.com.ar\/prensa\/wp-content\/uploads\/2018\/06\/image_content_9782295_20180614020649.jpg?fit=660%2C370","jetpack_shortlink":"https:\/\/wp.me\/p7L1gj-26j","jetpack-related-posts":[{"id":1241,"url":"http:\/\/ccnews.com.ar\/prensa\/el-futuro-de-vaca-muerta-en-juego-arranco-la-guerra-por-el-barril-criollo\/","url_meta":{"origin":8079,"position":0},"title":"El futuro de Vaca Muerta en juego: arranc\u00f3 la guerra por el barril criollo","author":"CLUSTERciar","date":"18 agosto, 2016","format":false,"excerpt":"Pese a la promesa del gobierno nacional de no bajar el precio sost\u00e9n del crudo, Aranguren busca recortar el valor. Algunas empresas ya lo comercializan con descuentos. \u201cHay que ir hacia los precios internacionales del crudo. Hay que discutir con todos los actores: empresas, sindicatos y las provincias productoras. Pero\u2026","rel":"","context":"En \u00abEnerg\u00eda y Producci\u00f3n\u00bb","block_context":{"text":"Energ\u00eda y Producci\u00f3n","link":"http:\/\/ccnews.com.ar\/prensa\/category\/energia-y-produccion\/"},"img":{"alt_text":"El futuro de Vaca Muerta en juego: arranc\u00f3 la guerra por el barril criollo","src":"https:\/\/i0.wp.com\/www.rionegro.com.ar\/documents\/1\/0\/571x311\/0c0\/0d0\/none\/12350\/ANXD\/image_content_7499117_20160817225502.jpg?resize=350%2C200","width":350,"height":200,"srcset":"https:\/\/i0.wp.com\/www.rionegro.com.ar\/documents\/1\/0\/571x311\/0c0\/0d0\/none\/12350\/ANXD\/image_content_7499117_20160817225502.jpg?resize=350%2C200 1x, https:\/\/i0.wp.com\/www.rionegro.com.ar\/documents\/1\/0\/571x311\/0c0\/0d0\/none\/12350\/ANXD\/image_content_7499117_20160817225502.jpg?resize=525%2C300 1,5x"},"classes":[]},{"id":4305,"url":"http:\/\/ccnews.com.ar\/prensa\/la-apuesta-por-el-petroleo-y-el-gas-no-convencionales-empieza-a-dar-los-primeros-resultados\/","url_meta":{"origin":8079,"position":1},"title":"La apuesta por el petr\u00f3leo y el gas no convencionales empieza a dar los primeros resultados","author":"CLUSTERciar","date":"12 junio, 2017","format":false,"excerpt":"En el primer trimestre del a\u00f1o, la producci\u00f3n de estos combustibles registr\u00f3 subas interanuales del 26 y el 40% a apuesta por los combustibles no convencionales que el presidente Mauricio Macri y su ministro de Energ\u00eda, Juan Jos\u00e9 Aranguren , promocionan en cada viaje al exterior de a poco empieza\u2026","rel":"","context":"En \u00abSustentabilidad\u00bb","block_context":{"text":"Sustentabilidad","link":"http:\/\/ccnews.com.ar\/prensa\/category\/sustentabilidad\/"},"img":{"alt_text":"","src":"https:\/\/i0.wp.com\/ccnews.com.ar\/prensa\/wp-content\/uploads\/2017\/05\/2446199h765.jpg?fit=1200%2C675&resize=350%2C200","width":350,"height":200,"srcset":"https:\/\/i0.wp.com\/ccnews.com.ar\/prensa\/wp-content\/uploads\/2017\/05\/2446199h765.jpg?fit=1200%2C675&resize=350%2C200 1x, https:\/\/i0.wp.com\/ccnews.com.ar\/prensa\/wp-content\/uploads\/2017\/05\/2446199h765.jpg?fit=1200%2C675&resize=525%2C300 1,5x, https:\/\/i0.wp.com\/ccnews.com.ar\/prensa\/wp-content\/uploads\/2017\/05\/2446199h765.jpg?fit=1200%2C675&resize=700%2C400 2x, https:\/\/i0.wp.com\/ccnews.com.ar\/prensa\/wp-content\/uploads\/2017\/05\/2446199h765.jpg?fit=1200%2C675&resize=1050%2C600 3x"},"classes":[]},{"id":851,"url":"http:\/\/ccnews.com.ar\/prensa\/ceo-mundial-de-shell-somos-mas-una-empresa-de-gas-que-una-empresa-petrolera\/","url_meta":{"origin":8079,"position":2},"title":"CEO mundial de Shell: \u201cSomos m\u00e1s una empresa de gas que una empresa petrolera\u201d","author":"CLUSTERciar","date":"21 julio, 2016","format":false,"excerpt":"Una nota de la agencia Bloomberg asegura que Shell muda su negocio desde el petr\u00f3leo hacia la producci\u00f3n gas\u00edfera. El CEO de Shell, Ben van Beurden, sostuvo que la compa\u00f1\u00eda est\u00e1 en ese rumbo, luego de haber comprado la gas\u00edfera BG el a\u00f1o pasado. BG fue la empresa que trajo\u2026","rel":"","context":"En \u00abManagement\u00bb","block_context":{"text":"Management","link":"http:\/\/ccnews.com.ar\/prensa\/category\/management\/"},"img":{"alt_text":"","src":"","width":0,"height":0},"classes":[]},{"id":7791,"url":"http:\/\/ccnews.com.ar\/prensa\/el-gobierno-ya-renegocia-con-bolivia-el-contrato-de-importacion-de-gas\/","url_meta":{"origin":8079,"position":3},"title":"El Gobierno ya renegocia con Bolivia el contrato de importaci\u00f3n de gas","author":"admin","date":"14 mayo, 2018","format":false,"excerpt":"El ministro de Energ\u00eda, Juan Jos\u00e9 Aranguren, negocia con autoridades del pa\u00eds vecino una reestructuraci\u00f3n del contrato de compra de gas. La propuesta argentina es comprar m\u00e1s gas durante el invierno con una mejora del precio del fluido, siempre y cuando el gobierno de Evo Morales acepte vender menos gas\u2026","rel":"","context":"En \u00abEnerg\u00eda y Producci\u00f3n\u00bb","block_context":{"text":"Energ\u00eda y Producci\u00f3n","link":"http:\/\/ccnews.com.ar\/prensa\/category\/energia-y-produccion\/"},"img":{"alt_text":"","src":"https:\/\/i0.wp.com\/ccnews.com.ar\/prensa\/wp-content\/uploads\/2018\/05\/evo110518.jpg?fit=250%2C250&resize=350%2C200","width":350,"height":200},"classes":[]},{"id":801,"url":"http:\/\/ccnews.com.ar\/prensa\/cuales-son-los-planes-de-ypf-con-el-nuevo-ceo\/","url_meta":{"origin":8079,"position":4},"title":"Cu\u00e1les son los planes de YPF con el nuevo CEO","author":"CLUSTERciar","date":"30 junio, 2016","format":false,"excerpt":"YPF arrancar\u00e1 el segundo semestre con un doble comando, que tendr\u00e1 un perfil m\u00e1s profesional y pragm\u00e1tico, y por lo tanto m\u00e1s alejado del manejo centralizado y politizado que tuvo en los \u00faltimos a\u00f1os. Ricardo Darr\u00e9 (un ingeniero argentino graduado en el ITBA que desarroll\u00f3 buena parte de su carrera\u2026","rel":"","context":"En \u00abManagement\u00bb","block_context":{"text":"Management","link":"http:\/\/ccnews.com.ar\/prensa\/category\/management\/"},"img":{"alt_text":"","src":"","width":0,"height":0},"classes":[]},{"id":7761,"url":"http:\/\/ccnews.com.ar\/prensa\/en-marzo-crecio-un-82-la-produccion-de-crudo-de-neuquen\/","url_meta":{"origin":8079,"position":5},"title":"En marzo creci\u00f3 un 8,2% la producci\u00f3n de crudo de Neuqu\u00e9n","author":"admin","date":"11 mayo, 2018","format":false,"excerpt":"Es la variaci\u00f3n interanual de marzo. La suba en el trimestre fue de 5%, seg\u00fan n\u00fameros del Ministerio de Energ\u00eda de la Naci\u00f3n. La producci\u00f3n de petr\u00f3leo y gas sigue en alza en Neuqu\u00e9n. Si se la mide de manera interanual, present\u00f3 un crecimiento del 4,96 por ciento en petr\u00f3leo\u2026","rel":"","context":"En \u00abSustentabilidad\u00bb","block_context":{"text":"Sustentabilidad","link":"http:\/\/ccnews.com.ar\/prensa\/category\/sustentabilidad\/"},"img":{"alt_text":"","src":"https:\/\/i0.wp.com\/ccnews.com.ar\/prensa\/wp-content\/uploads\/2018\/05\/20180502084801.jpg?fit=612%2C462&resize=350%2C200","width":350,"height":200,"srcset":"https:\/\/i0.wp.com\/ccnews.com.ar\/prensa\/wp-content\/uploads\/2018\/05\/20180502084801.jpg?fit=612%2C462&resize=350%2C200 1x, https:\/\/i0.wp.com\/ccnews.com.ar\/prensa\/wp-content\/uploads\/2018\/05\/20180502084801.jpg?fit=612%2C462&resize=525%2C300 1,5x"},"classes":[]}],"jetpack_sharing_enabled":true,"_links":{"self":[{"href":"http:\/\/ccnews.com.ar\/prensa\/wp-json\/wp\/v2\/posts\/8079","targetHints":{"allow":["GET"]}}],"collection":[{"href":"http:\/\/ccnews.com.ar\/prensa\/wp-json\/wp\/v2\/posts"}],"about":[{"href":"http:\/\/ccnews.com.ar\/prensa\/wp-json\/wp\/v2\/types\/post"}],"author":[{"embeddable":true,"href":"http:\/\/ccnews.com.ar\/prensa\/wp-json\/wp\/v2\/users\/2"}],"replies":[{"embeddable":true,"href":"http:\/\/ccnews.com.ar\/prensa\/wp-json\/wp\/v2\/comments?post=8079"}],"version-history":[{"count":3,"href":"http:\/\/ccnews.com.ar\/prensa\/wp-json\/wp\/v2\/posts\/8079\/revisions"}],"predecessor-version":[{"id":8089,"href":"http:\/\/ccnews.com.ar\/prensa\/wp-json\/wp\/v2\/posts\/8079\/revisions\/8089"}],"wp:featuredmedia":[{"embeddable":true,"href":"http:\/\/ccnews.com.ar\/prensa\/wp-json\/wp\/v2\/media\/8081"}],"wp:attachment":[{"href":"http:\/\/ccnews.com.ar\/prensa\/wp-json\/wp\/v2\/media?parent=8079"}],"wp:term":[{"taxonomy":"category","embeddable":true,"href":"http:\/\/ccnews.com.ar\/prensa\/wp-json\/wp\/v2\/categories?post=8079"},{"taxonomy":"post_tag","embeddable":true,"href":"http:\/\/ccnews.com.ar\/prensa\/wp-json\/wp\/v2\/tags?post=8079"}],"curies":[{"name":"wp","href":"https:\/\/api.w.org\/{rel}","templated":true}]}}