{"id":8301,"date":"2018-07-17T08:00:11","date_gmt":"2018-07-17T11:00:11","guid":{"rendered":"http:\/\/clusterciarnews.com.ar\/prensa\/?p=8301"},"modified":"2018-07-17T08:32:45","modified_gmt":"2018-07-17T11:32:45","slug":"un-cerebro-volador-fue-lanzado-hacia-a-la-estacion-espacial-internacional","status":"publish","type":"post","link":"http:\/\/ccnews.com.ar\/prensa\/un-cerebro-volador-fue-lanzado-hacia-a-la-estacion-espacial-internacional\/","title":{"rendered":"Un &#8220;cerebro volador&#8221; fue lanzado hacia a la Estaci\u00f3n Espacial Internacional"},"content":{"rendered":"<p>CIMON est\u00e1 equipado con un micr\u00f3fono en la parte posterior, una c\u00e1mara infrarroja en el frente, dos bater\u00edas y, quiz\u00e1s lo m\u00e1s importante, un bot\u00f3n &#8220;offline&#8221; o &#8220;fuera de l\u00ednea&#8221;<\/p>\n<div class=\"row\">\n<div class=\"col-xs-12 col-print-12\">\n<p class=\"element element-paragraph\">Un<strong>\u00a0robot con inteligencia artificial y forma de pelota<\/strong>, apodado<strong>\u00a0&#8220;cerebro volador&#8221;<\/strong>\u00a0y entrenado para interactuar con un\u00a0<strong>astronauta alem\u00e1n<\/strong>, despeg\u00f3 este viernes hacia la Estaci\u00f3n Espacial Internacional (EEI) a bordo de la nave Dragon, de la compa\u00f1\u00eda\u00a0<strong>SpaceX<\/strong>.<\/p>\n<\/div>\n<\/div>\n<div class=\"row\">\n<div class=\"col-xs-12 col-print-12\">\n<p class=\"element element-paragraph\">Una mano de repuesto para el brazo rob\u00f3tico de la estaci\u00f3n, un experimento para medir el estr\u00e9s de las plantas en el espacio y un estudio de un nuevo tratamiento contra el c\u00e1ncer tambi\u00e9n viajan en el\u00a0<strong>Falcon 9<\/strong>.<\/p>\n<\/div>\n<\/div>\n<div class=\"row\">\n<div class=\"col-xs-12 col-print-12\">\n<p class=\"element element-paragraph\">La<strong>\u00a0c\u00e1psula Dragon, integrada al cohete Falcon 9<\/strong>, lleva 2.700 kilos de material y es parte del contrato que SpaceX suscribi\u00f3 con la\u00a0<strong>NASA<\/strong>\u00a0por unos USD 1.600 millones.<\/p>\n<\/div>\n<\/div>\n<div class=\"row\">\n<div class=\"col-xs-12 col-print-12\">\n<p class=\"element element-paragraph\">La primera fase del lanzamiento transcurri\u00f3 sin inconvenientes hasta que Dragon se separ\u00f3 del cohete, luego de unos diez minutos, y despleg\u00f3 sus paneles solares. El lunes 2 de julio debe alcanzar la EEI, a 400 km sobre el nivel del mar.<\/p>\n<\/div>\n<\/div>\n<div class=\"row\">\n<div id=\"\" class=\"wrapper clearfix pb-feature pb-layout-item pb-f-ads-dfp left-align\">\n<div id=\"inline\" class=\"ad-slot\">\n<div id=\"inline_ad\" data-google-query-id=\"CK2boqPBlNwCFcHBwAodiYgDww\">\n<div id=\"google_ads_iframe_\/1058609\/america\/tecno\/nota\/inline_0__container__\"><strong>No es el primer viaje de este cohete ni de esta nave de carga<\/strong>: en 2016 Dragon fue lanzada al espacio, y hace dos meses este mismo cohete se utiliz\u00f3 para poner en \u00f3rbita un sat\u00e9lite de la NASA.<\/div>\n<\/div>\n<\/div>\n<\/div>\n<\/div>\n<div class=\"row\">\n<div class=\"col-xs-12 col-print-12\">\n<p class=\"element element-paragraph\"><strong>\u2013 &#8220;Un experimento hist\u00f3rico en IA&#8221; \u2013<\/strong><\/p>\n<\/div>\n<\/div>\n<div class=\"row\">\n<div class=\"col-xs-12 col-print-12\">\n<p class=\"element element-paragraph\">Una pieza clave del material que porta Dragon es un\u00a0<strong>aparato del tama\u00f1o de una pelota de baloncesto llamado CIMON<\/strong>\u00a0(las siglas en ingl\u00e9s de Compa\u00f1ero M\u00f3vil Interactivo de la Tripulaci\u00f3n).<\/p>\n<\/div>\n<\/div>\n<div class=\"row\">\n<div class=\"col-xs-12 col-print-12\">\n<p class=\"element element-paragraph\">Manfred Jaumann, directivo de su fabricante, Airbus, lo bautiz\u00f3 como\u00a0<strong>&#8220;cerebro volador&#8221;<\/strong>.<\/p>\n<\/div>\n<\/div>\n<div class=\"row\">\n<div class=\"col-xs-12 col-print-12\">\n<p class=\"element element-paragraph\">La activaci\u00f3n de\u00a0<strong>CIMON<\/strong>\u00a0representar\u00e1 &#8220;un momento hist\u00f3rico&#8221;, pues ser\u00e1 el\u00a0<strong>primer robot de su tipo en interactuar con personas en el espacio<\/strong>, dijo el jueves Christian Karrasch, director de proyectos en el\u00a0<strong>Centro Aeroespacial Alem\u00e1n<\/strong>(DLR).<\/p>\n<\/div>\n<\/div>\n<div class=\"row\">\n<div class=\"col-xs-12 col-print-12\">\n<p class=\"element element-paragraph\">CIMON fue entrenado para reconocer la voz y la cara de Alexander Gerst, un geof\u00edsico de la Agencia Europea Espacial de 42 a\u00f1os.<\/p>\n<\/div>\n<\/div>\n<div class=\"row\">\n<div class=\"col-xs-12 col-print-12\">\n<p class=\"element element-paragraph\">Flotando a la altura de los ojos de los astronautas, CIMON puede detectar con su c\u00e1mara frontal si la persona que tiene enfrente en realidad es Gerst u otra persona. Tambi\u00e9n fue\u00a0<strong>dise\u00f1ado para interpretar el estado emocional de Gerst<\/strong>.<\/p>\n<\/div>\n<\/div>\n<div class=\"row\">\n<div class=\"col-xs-12 col-print-12\">\n<p class=\"element element-paragraph\">Cuenta con m\u00e1s de\u00a0<strong>diez propulsores que lo ayudan a evitar tropezarse<\/strong>\u00a0mientras est\u00e1 flotando en el m\u00f3dulo Columbus del laboratorio espacial.<\/p>\n<\/div>\n<\/div>\n<div class=\"row\">\n<div class=\"col-xs-12 col-print-12\">\n<p class=\"element element-paragraph\">Aunque los seis miembros de la tripulaci\u00f3n pueden hablar con CIMON (que est\u00e1 dise\u00f1ado para comunicarse en ingl\u00e9s), fue entrenado para trabajar mejor con Gerst.<\/p>\n<\/div>\n<\/div>\n<div class=\"row\">\n<figure class=\"element element-image col-xs-12\">\n<div class=\"single-image\">\n<div class=\"shares\"><\/div>\n<p><img data-recalc-dims=\"1\" decoding=\"async\" id=\"K3TKCG636VBCTBZXSRSIBMSC6M\" class=\"image-lazy\" src=\"https:\/\/i0.wp.com\/www.infobae.com\/new-resizer\/qRpYIp-fQ3M8ELyFlb74cs_dGr4%3D\/600x0\/filters%3Aquality%28100%29\/s3.amazonaws.com\/arc-wordpress-client-uploads\/infobae-wp\/wp-content\/uploads\/2018\/06\/29144353\/SpaceX-lanzamiento-robot-2.jpg?w=750&#038;ssl=1\" alt=\"El Falcon 9 despeg\u00f3 a las 5:42 horas de Florida desde Cabo Ca\u00f1averal, en la decimoquinta misi\u00f3n de aprovisionamiento de SpaceX (AP)\"   data-url=\"https:\/\/www.infobae.com\/america\/tecno\/2018\/06\/29\/un-cerebro-volador-fue-lanzado-hacia-a-la-estacion-espacial-internacional\/%23K3TKCG636VBCTBZXSRSIBMSC6M\" data-original=\"https:\/\/www.infobae.com\/new-resizer\/qRpYIp-fQ3M8ELyFlb74cs_dGr4=\/600x0\/filters:quality(100)\/s3.amazonaws.com\/arc-wordpress-client-uploads\/infobae-wp\/wp-content\/uploads\/2018\/06\/29144353\/SpaceX-lanzamiento-robot-2.jpg\" \/><\/p>\n<\/div><figcaption class=\"\"><span class=\"credit\">El Falcon 9 despeg\u00f3 a las 5:42 horas de Florida desde Cabo Ca\u00f1averal, en la decimoquinta misi\u00f3n de aprovisionamiento de SpaceX (AP)<\/span><\/figcaption><\/figure>\n<\/div>\n<div class=\"row\">\n<div class=\"col-xs-12 col-print-12\">\n<p class=\"element element-paragraph\"><strong>\u2013 Prueba de tecnolog\u00eda \u2013<\/strong><\/p>\n<\/div>\n<\/div>\n<div class=\"row\">\n<div class=\"col-xs-12 col-print-12\">\n<p class=\"element element-paragraph\">El principal objetivo de este vuelo ser\u00e1\u00a0<strong>demostrar si esta tecnolog\u00eda funciona<\/strong>, pues el robot debe ser capaz de guiar a Gerst en varios procedimientos, incluso mostr\u00e1ndole fotos y videos de ser necesario.<\/p>\n<\/div>\n<\/div>\n<div class=\"row\">\n<div class=\"col-xs-12 col-print-12\">\n<p class=\"element element-paragraph\">Gerst tambi\u00e9n podr\u00e1 preguntarle cosas m\u00e1s all\u00e1 del simple procedimiento del que est\u00e9n hablando.<\/p>\n<\/div>\n<\/div>\n<div class=\"row\">\n<div class=\"col-xs-12 col-print-12\">\n<p class=\"element element-paragraph\">CIMON est\u00e1 equipado con un\u00a0<strong>bot\u00f3n &#8220;offline&#8221; o &#8220;fuera de l\u00ednea&#8221;<\/strong>.\u00a0Una vez activado el &#8220;fuera de l\u00ednea&#8221;, Gerst puede estar seguro de que nada de lo que diga se transfiere al servidor de IBM en la Tierra. Cuando se enciende, las grabaciones de voz se activan nuevamente.<\/p>\n<\/div>\n<\/div>\n<div class=\"row\">\n<div class=\"col-xs-12 col-print-12\">\n<p class=\"element element-paragraph\">Otros experimentos a bordo de Dragon incluyen una\u00a0<strong>nueva mano rob\u00f3tica<\/strong>, o efector final de enganche, para el\u00a0<strong>brazo rob\u00f3tico de fabricaci\u00f3n canadiense<\/strong>\u00a0que tiene la estaci\u00f3n espacial. Quedar\u00e1 para repuesto en la estaci\u00f3n.<\/p>\n<\/div>\n<\/div>\n<div class=\"row\">\n<div class=\"col-xs-12 col-print-12\">\n<p class=\"element element-paragraph\">Los astronautas repararon la mano actual del brazo rob\u00f3tico, que empezaba a dar muestras de\u00a0<strong>&#8220;artritis&#8221;<\/strong>\u00a0despu\u00e9s de 17 a\u00f1os de uso, durante una serie de salidas espaciales en los \u00faltimos meses.<\/p>\n<\/div>\n<\/div>\n<div class=\"row\">\n<div class=\"col-xs-12 col-print-12\">\n<p class=\"element element-paragraph\">Tambi\u00e9n entre la carga se encuentra un\u00a0<strong>proyecto para medir el estr\u00e9s h\u00eddrico en las plantas de la Tierra<\/strong>\u00a0y tambi\u00e9n c\u00f3mo algunas regiones pueden responder al\u00a0<strong>cambio clim\u00e1tico<\/strong>.<\/p>\n<\/div>\n<\/div>\n<div class=\"row\">\n<div class=\"col-xs-12 col-print-12\">\n<p class=\"element element-paragraph\">Otro experimento tiene como objetivo\u00a0<strong>ayudar a los cient\u00edficos a comprender c\u00f3mo las c\u00e9lulas que recubren los vasos sangu\u00edneos crecen en el espacio<\/strong>, en el marco de un nuevo\u00a0<strong>tratamiento contra el c\u00e1ncer<\/strong>.<\/p>\n<\/div>\n<\/div>\n<div class=\"row\">\n<div class=\"col-xs-12 col-print-12\">\n<p class=\"element element-paragraph\">La c\u00e1psula Dragon permanecer\u00e1 en la EEI hasta agosto, cuando regresar\u00e1 a la Tierra con\u00a0<strong>m\u00e1s de 1.700 kilos de materiales de investigaci\u00f3n<\/strong>,\u00a0<strong>hardware y suministros para la tripulaci\u00f3n<\/strong>, dijo la NASA.<\/p>\n<\/div>\n<p>Fuente: Infobae<\/p>\n<\/div>\n<!-- AddThis Advanced Settings generic via filter on the_content -->","protected":false},"excerpt":{"rendered":"<p>CIMON est\u00e1 equipado con un micr\u00f3fono en la parte posterior, una c\u00e1mara infrarroja en el frente, dos bater\u00edas y, quiz\u00e1s<!-- AddThis Advanced Settings generic via filter on get_the_excerpt --><\/p>\n","protected":false},"author":2,"featured_media":8303,"comment_status":"closed","ping_status":"closed","sticky":false,"template":"","format":"standard","meta":{"colormag_page_container_layout":"default_layout","colormag_page_sidebar_layout":"default_layout","jetpack_post_was_ever_published":false,"_jetpack_newsletter_access":"","_jetpack_dont_email_post_to_subs":false,"_jetpack_newsletter_tier_id":0,"_jetpack_memberships_contains_paywalled_content":false,"_jetpack_memberships_contains_paid_content":false,"footnotes":"","jetpack_publicize_message":"","jetpack_publicize_feature_enabled":true,"jetpack_social_post_already_shared":true,"jetpack_social_options":{"image_generator_settings":{"template":"highway","default_image_id":0,"font":"","enabled":false},"version":2}},"categories":[5],"tags":[17],"class_list":["post-8301","post","type-post","status-publish","format-standard","has-post-thumbnail","hentry","category-transformacion-digital","tag-otros-medios"],"jetpack_publicize_connections":[],"jetpack_featured_media_url":"https:\/\/i0.wp.com\/ccnews.com.ar\/prensa\/wp-content\/uploads\/2018\/07\/Ecco-Crew-Interactive-MObile-CompanioN.jpg?fit=1300%2C729","jetpack_shortlink":"https:\/\/wp.me\/p7L1gj-29T","jetpack-related-posts":[{"id":5645,"url":"http:\/\/ccnews.com.ar\/prensa\/video-otro-taxi-volador-completo-su-viaje-sin-personas-a-bordo\/","url_meta":{"origin":8301,"position":0},"title":"Video: otro taxi volador complet\u00f3 su viaje sin personas a bordo","author":"CLUSTERciar","date":"8 octubre, 2017","format":false,"excerpt":"El veh\u00edculo se podr\u00e1 usar para vuelos de una duraci\u00f3n m\u00e1xima de 30 minutos. Mir\u00e1 las im\u00e1genes. Un dron con capacidad para transportar dos personas surc\u00f3 hoy el cielo de la ciudad \u00e1rabe de Dubai en un vuelo de prueba de lo que ser\u00e1 el primer servicio de taxi de\u2026","rel":"","context":"En \u00abTransformaci\u00f3n digital\u00bb","block_context":{"text":"Transformaci\u00f3n digital","link":"http:\/\/ccnews.com.ar\/prensa\/category\/transformacion-digital\/"},"img":{"alt_text":"","src":"https:\/\/i0.wp.com\/ccnews.com.ar\/prensa\/wp-content\/uploads\/2017\/09\/BypFlRUob_930x525.jpg?fit=930%2C525&resize=350%2C200","width":350,"height":200,"srcset":"https:\/\/i0.wp.com\/ccnews.com.ar\/prensa\/wp-content\/uploads\/2017\/09\/BypFlRUob_930x525.jpg?fit=930%2C525&resize=350%2C200 1x, https:\/\/i0.wp.com\/ccnews.com.ar\/prensa\/wp-content\/uploads\/2017\/09\/BypFlRUob_930x525.jpg?fit=930%2C525&resize=525%2C300 1,5x, https:\/\/i0.wp.com\/ccnews.com.ar\/prensa\/wp-content\/uploads\/2017\/09\/BypFlRUob_930x525.jpg?fit=930%2C525&resize=700%2C400 2x"},"classes":[]},{"id":12502,"url":"http:\/\/ccnews.com.ar\/prensa\/japon-prueba-auto-volador-que-entraria-al-mercado-en-2030\/","url_meta":{"origin":8301,"position":1},"title":"Jap\u00f3n prueba auto volador que entrar\u00eda al mercado en 2030","author":"admin","date":"11 agosto, 2019","format":false,"excerpt":"El gobierno japon\u00e9s tiene un plan: poner coches voladores en los cielos en 2030. Y por eso est\u00e1 financiando los proyectos de este tipo que llevan a cabo las empresas del pa\u00eds. Es el caso del coche volador de NEC, que hace unos d\u00edas llev\u00f3 a cabo las primeras pruebas\u2026","rel":"","context":"En \u00abTransformaci\u00f3n digital\u00bb","block_context":{"text":"Transformaci\u00f3n digital","link":"http:\/\/ccnews.com.ar\/prensa\/category\/transformacion-digital\/"},"img":{"alt_text":"","src":"https:\/\/i0.wp.com\/ccnews.com.ar\/prensa\/wp-content\/uploads\/2019\/08\/nec-nos-ensena-coche-volador-video.jpg?fit=1200%2C733&resize=350%2C200","width":350,"height":200,"srcset":"https:\/\/i0.wp.com\/ccnews.com.ar\/prensa\/wp-content\/uploads\/2019\/08\/nec-nos-ensena-coche-volador-video.jpg?fit=1200%2C733&resize=350%2C200 1x, https:\/\/i0.wp.com\/ccnews.com.ar\/prensa\/wp-content\/uploads\/2019\/08\/nec-nos-ensena-coche-volador-video.jpg?fit=1200%2C733&resize=525%2C300 1,5x, https:\/\/i0.wp.com\/ccnews.com.ar\/prensa\/wp-content\/uploads\/2019\/08\/nec-nos-ensena-coche-volador-video.jpg?fit=1200%2C733&resize=700%2C400 2x, https:\/\/i0.wp.com\/ccnews.com.ar\/prensa\/wp-content\/uploads\/2019\/08\/nec-nos-ensena-coche-volador-video.jpg?fit=1200%2C733&resize=1050%2C600 3x"},"classes":[]},{"id":7621,"url":"http:\/\/ccnews.com.ar\/prensa\/se-acerca-el-acuerdo-entre-ypf-y-gazprom-por-el-gas-del-area-estacion-fernandez-oro\/","url_meta":{"origin":8301,"position":2},"title":"Se acerca el acuerdo entre YPF y Gazprom por el gas del \u00e1rea Estaci\u00f3n Fern\u00e1ndez Oro","author":"admin","date":"24 abril, 2018","format":false,"excerpt":"La mayor compa\u00f1\u00eda de Rusia (cuyo accionista mayoritario es el Estado), y la petrolera argentina, podr\u00edan firmar el compromiso durante la realizaci\u00f3n del Foro Econ\u00f3mico Internacional de San Petersburgo, que tendr\u00e1 lugar entre el 24 y el 26 de mayo. La compa\u00f1\u00eda petrolera\u00a0YPF\u00a0y\u00a0Gazprom, el gigante ruso del gas, suscribir\u00e1n en\u2026","rel":"","context":"En \u00abEnerg\u00eda y Producci\u00f3n\u00bb","block_context":{"text":"Energ\u00eda y Producci\u00f3n","link":"http:\/\/ccnews.com.ar\/prensa\/category\/energia-y-produccion\/"},"img":{"alt_text":"","src":"https:\/\/i0.wp.com\/ccnews.com.ar\/prensa\/wp-content\/uploads\/2018\/04\/acuerdo-ypf-gazprom-1.jpg?fit=800%2C453&resize=350%2C200","width":350,"height":200,"srcset":"https:\/\/i0.wp.com\/ccnews.com.ar\/prensa\/wp-content\/uploads\/2018\/04\/acuerdo-ypf-gazprom-1.jpg?fit=800%2C453&resize=350%2C200 1x, https:\/\/i0.wp.com\/ccnews.com.ar\/prensa\/wp-content\/uploads\/2018\/04\/acuerdo-ypf-gazprom-1.jpg?fit=800%2C453&resize=525%2C300 1,5x, https:\/\/i0.wp.com\/ccnews.com.ar\/prensa\/wp-content\/uploads\/2018\/04\/acuerdo-ypf-gazprom-1.jpg?fit=800%2C453&resize=700%2C400 2x"},"classes":[]},{"id":3441,"url":"http:\/\/ccnews.com.ar\/prensa\/instalaran-este-ano-la-primera-estacion-para-autos-electricos-en-buenos-aires\/","url_meta":{"origin":8301,"position":3},"title":"Instalar\u00e1n este a\u00f1o la primera estaci\u00f3n para autos el\u00e9ctricos en Buenos Aires","author":"CLUSTERciar","date":"6 marzo, 2017","format":false,"excerpt":"La penetraci\u00f3n de veh\u00edculos h\u00edbridos o el\u00e9ctricos en el mercado argentino es todav\u00eda muy baja, casi inexistente. La brecha con potencias en materia de movilidad el\u00e9ctrica como EE.UU., Jap\u00f3n o Europa es sideral. Sin embargo, algunas novedades invitan a pensar en un cambio del paradigma automotor en el pa\u00eds. En\u2026","rel":"","context":"En \u00abSustentabilidad\u00bb","block_context":{"text":"Sustentabilidad","link":"http:\/\/ccnews.com.ar\/prensa\/category\/sustentabilidad\/"},"img":{"alt_text":"","src":"https:\/\/i0.wp.com\/ccnews.com.ar\/prensa\/wp-content\/uploads\/2017\/03\/Estaci%C3%B3n-el%C3%A9ctrica-Enel-2.jpg?fit=600%2C337&resize=350%2C200","width":350,"height":200,"srcset":"https:\/\/i0.wp.com\/ccnews.com.ar\/prensa\/wp-content\/uploads\/2017\/03\/Estaci%C3%B3n-el%C3%A9ctrica-Enel-2.jpg?fit=600%2C337&resize=350%2C200 1x, https:\/\/i0.wp.com\/ccnews.com.ar\/prensa\/wp-content\/uploads\/2017\/03\/Estaci%C3%B3n-el%C3%A9ctrica-Enel-2.jpg?fit=600%2C337&resize=525%2C300 1,5x"},"classes":[]},{"id":4641,"url":"http:\/\/ccnews.com.ar\/prensa\/las-futuristas-estaciones-de-subte-de-moscu-que-sorprenden-al-mundo\/","url_meta":{"origin":8301,"position":4},"title":"Las futuristas estaciones de subte de Mosc\u00fa que sorprenden al mundo","author":"CLUSTERciar","date":"20 julio, 2017","format":false,"excerpt":"Un concurso lanzado en el 2016 para la remodelaci\u00f3n de \"Sheremetyevo\", \"Rzhevskaya\" y \"Stromynka\" ya tiene ganadores. C\u00f3mo ser\u00e1n estas incre\u00edbles proezas arquitect\u00f3nicas El pasado noviembre del 2016 se present\u00f3 en Mosc\u00fa el concurso abierto para la remodelaci\u00f3n de tres estaciones\u00a0de subterr\u00e1neo: Rzhevskaya, Strominka y Sheremetyevskaya. Participaron del concurso 447\u2026","rel":"","context":"En \u00abTransformaci\u00f3n digital\u00bb","block_context":{"text":"Transformaci\u00f3n digital","link":"http:\/\/ccnews.com.ar\/prensa\/category\/transformacion-digital\/"},"img":{"alt_text":"","src":"https:\/\/i0.wp.com\/ccnews.com.ar\/prensa\/wp-content\/uploads\/2017\/07\/noticia-3.jpg?fit=600%2C338&resize=350%2C200","width":350,"height":200,"srcset":"https:\/\/i0.wp.com\/ccnews.com.ar\/prensa\/wp-content\/uploads\/2017\/07\/noticia-3.jpg?fit=600%2C338&resize=350%2C200 1x, https:\/\/i0.wp.com\/ccnews.com.ar\/prensa\/wp-content\/uploads\/2017\/07\/noticia-3.jpg?fit=600%2C338&resize=525%2C300 1,5x"},"classes":[]},{"id":5363,"url":"http:\/\/ccnews.com.ar\/prensa\/lanzan-un-juego-de-realidad-virtual-para-ayudar-a-detectar-el-alzheimer\/","url_meta":{"origin":8301,"position":5},"title":"Lanzan un juego de realidad virtual para ayudar a detectar el Alzheimer","author":"CLUSTERciar","date":"23 septiembre, 2017","format":false,"excerpt":"Registra los movimientos de la cabeza y ofrece informaci\u00f3n muy detallada que se usa en la investigaci\u00f3n y diagn\u00f3stico de esta enfermedad, al tiempo que estimula el cerebro para prevenir o demorar su aparici\u00f3n Sea Quest Hero parece un\u00a0videojuego\u00a0en el que los participantes sortean laberintos, evitando los disparos y huyendo\u2026","rel":"","context":"En \u00abTransformaci\u00f3n digital\u00bb","block_context":{"text":"Transformaci\u00f3n digital","link":"http:\/\/ccnews.com.ar\/prensa\/category\/transformacion-digital\/"},"img":{"alt_text":"","src":"https:\/\/i0.wp.com\/ccnews.com.ar\/prensa\/wp-content\/uploads\/2017\/09\/tecnologia-2521401w620.jpg?fit=620%2C348&resize=350%2C200","width":350,"height":200,"srcset":"https:\/\/i0.wp.com\/ccnews.com.ar\/prensa\/wp-content\/uploads\/2017\/09\/tecnologia-2521401w620.jpg?fit=620%2C348&resize=350%2C200 1x, https:\/\/i0.wp.com\/ccnews.com.ar\/prensa\/wp-content\/uploads\/2017\/09\/tecnologia-2521401w620.jpg?fit=620%2C348&resize=525%2C300 1,5x"},"classes":[]}],"jetpack_sharing_enabled":true,"_links":{"self":[{"href":"http:\/\/ccnews.com.ar\/prensa\/wp-json\/wp\/v2\/posts\/8301","targetHints":{"allow":["GET"]}}],"collection":[{"href":"http:\/\/ccnews.com.ar\/prensa\/wp-json\/wp\/v2\/posts"}],"about":[{"href":"http:\/\/ccnews.com.ar\/prensa\/wp-json\/wp\/v2\/types\/post"}],"author":[{"embeddable":true,"href":"http:\/\/ccnews.com.ar\/prensa\/wp-json\/wp\/v2\/users\/2"}],"replies":[{"embeddable":true,"href":"http:\/\/ccnews.com.ar\/prensa\/wp-json\/wp\/v2\/comments?post=8301"}],"version-history":[{"count":3,"href":"http:\/\/ccnews.com.ar\/prensa\/wp-json\/wp\/v2\/posts\/8301\/revisions"}],"predecessor-version":[{"id":8415,"href":"http:\/\/ccnews.com.ar\/prensa\/wp-json\/wp\/v2\/posts\/8301\/revisions\/8415"}],"wp:featuredmedia":[{"embeddable":true,"href":"http:\/\/ccnews.com.ar\/prensa\/wp-json\/wp\/v2\/media\/8303"}],"wp:attachment":[{"href":"http:\/\/ccnews.com.ar\/prensa\/wp-json\/wp\/v2\/media?parent=8301"}],"wp:term":[{"taxonomy":"category","embeddable":true,"href":"http:\/\/ccnews.com.ar\/prensa\/wp-json\/wp\/v2\/categories?post=8301"},{"taxonomy":"post_tag","embeddable":true,"href":"http:\/\/ccnews.com.ar\/prensa\/wp-json\/wp\/v2\/tags?post=8301"}],"curies":[{"name":"wp","href":"https:\/\/api.w.org\/{rel}","templated":true}]}}