{"id":8325,"date":"2018-07-14T08:00:28","date_gmt":"2018-07-14T11:00:28","guid":{"rendered":"http:\/\/clusterciarnews.com.ar\/prensa\/?p=8325"},"modified":"2018-07-10T09:56:49","modified_gmt":"2018-07-10T12:56:49","slug":"sistemas-erp-en-pymes-la-clave-para-agilizar-los-negocios-y-optimizar-costos","status":"publish","type":"post","link":"http:\/\/ccnews.com.ar\/prensa\/sistemas-erp-en-pymes-la-clave-para-agilizar-los-negocios-y-optimizar-costos\/","title":{"rendered":"Sistemas ERP en Pymes: la clave para agilizar los negocios y optimizar costos"},"content":{"rendered":"<p>Una coyuntura econ\u00f3mica desafiante y un mercado que se abre a nuevos competidores plantean a las Pymes la necesidad de revisar sus procesos. En este contexto, la adopci\u00f3n de nuevas tecnolog\u00edas resulta una soluci\u00f3n efectiva parar mejorar la competitividad<\/p>\n<div>Las\u00a0<strong>Pymes\u00a0<\/strong>se encuentran en este 2018 frente a una\u00a0<strong>coyuntura vol\u00e1til<\/strong>, que puede poner en riesgo la rentabilidad y, en algunos casos, hasta su capacidad para\u00a0<strong>sostenerse en el mercado<\/strong>.<\/div>\n<div><\/div>\n<div>&#8220;Las Pymes est\u00e1n pasando por un\u00a0<strong>momento bastante complejo<\/strong>\u00a0dado el escenario econ\u00f3mico en el que estamos, porque la marcha sobre el plano inclinado es dif\u00edcil. El viento de la\u00a0<strong>inflaci\u00f3n\u00a0<\/strong>que eleva los costos y achica la rentabilidad sigue soplando contra la peque\u00f1a y mediana empresa. La\u00a0<strong>mochila impositiva<\/strong>\u00a0se torna cada vez m\u00e1s pesada, y los consumidores van perdiendo el aliento por el recorte de su poder adquisitivo&#8221;, se\u00f1ala Gabriela Robledo en Carta Financiera.<\/div>\n<div><\/div>\n<div>Ante este contexto desafiante, los\u00a0<strong>due\u00f1os\u00a0<\/strong>o\u00a0<strong>directores\u00a0<\/strong>de las empresas tambi\u00e9n deben considerar que \u2013como pilotos de tormenta\u2013 los tiempos exigen la\u00a0<strong>r\u00e1pida toma de decisiones estrat\u00e9gicas<\/strong>.<\/div>\n<div><\/div>\n<div>Entre las variables que est\u00e1n al alcance de la\u00a0<strong>elecci\u00f3n de las Pymes<\/strong>\u00a0est\u00e1n la fijaci\u00f3n de precios de venta, compra de maquinarias, capacitaci\u00f3n del personal y la incorporaci\u00f3n de\u00a0<strong>software de gesti\u00f3n<\/strong>\u00a0que le permita mejorar la rentabilidad del negocio.<\/div>\n<div><\/div>\n<div>Este \u00faltimo \u00edtem tiene una ventaja y deber\u00eda privilegiarse, porque\u00a0<strong>la nueva tecnolog\u00eda impacta favorablemente<\/strong>\u00a0en la optimizaci\u00f3n de\u00a0<strong>todos los dem\u00e1s procesos<\/strong>\u00a0de una empresa.<\/div>\n<div><\/div>\n<div>En este contexto, aparecen como ideales los\u00a0<strong>sistemas ERP\u00a0<\/strong>(<em>Enterprise Resource Planning<\/em>, Planeamiento de los Recursos Empresariales), que ofrecen grandes beneficios para\u00a0<strong>agilizar la operatividad<\/strong>\u00a0de cualquier negocio.<\/div>\n<div><\/div>\n<div>Un ERP es un software que\u00a0<strong>automatiza<\/strong>,\u00a0<strong>integra<\/strong>\u00a0y\u00a0<strong>controla\u00a0<\/strong>los procesos de toda la empresa en un solo lugar. Adem\u00e1s, obtiene y comparte la\u00a0<strong>informaci\u00f3n en tiempo real<\/strong>, clave para la toma de decisiones. Por eso, con el uso de un\u00a0<strong>sistema unificado de gesti\u00f3n<\/strong>\u00a0la empresa reduce dr\u00e1sticamente sus costos de operaci\u00f3n y aumenta sus oportunidades comerciales.<\/div>\n<div><\/div>\n<div>Sin embargo, la\u00a0<strong>adopci\u00f3n\u00a0<\/strong>de este ventajoso tipo de sistemas puede enfrentar\u00a0<strong>resistencias\u00a0<\/strong>en las propias empresas, que a veces \u2013desde el equ\u00edvoco\u2013 ven a la\u00a0<strong>transformaci\u00f3n digital<\/strong>\u00a0como un paso que pueden esquivar.<\/div>\n<div><\/div>\n<div>Uno de los mitos m\u00e1s usuales es que los sistemas ERP s\u00f3lo son para grandes firmas. Pero hoy la realidad es que este software es utilizado por todo tipo de empresas que buscan integrar y controlar sus procesos.\u00a0<strong>El tama\u00f1o de la compa\u00f1\u00eda no importa<\/strong>, ya que son sistemas flexibles que se personalizan de acuerdo a las necesidades y caracter\u00edsticas de cada negocio.<\/div>\n<div><\/div>\n<div>Por caso, Bejerman ofrece su\u00a0<strong>ERP\u00a0<\/strong>para compa\u00f1\u00edas medianas y cre\u00f3\u00a0<strong>InfoUno\u00a0<\/strong>para empresas m\u00e1s peque\u00f1as.<\/div>\n<div><\/div>\n<div><strong><a href=\"https:\/\/www.thomsonreuters.com.ar\/es\/soluciones-fiscales-contables-gestion\/bejerman-empresas-medianas.html\" target=\"_blank\" rel=\"noopener\">Bejerman ERP<\/a><\/strong>\u00a0puede tomarse como ejemplo de un sistema de su clase. Se destaca por permitir incorporar\u00a0<strong>m\u00f3dulos espec\u00edficos<\/strong>\u00a0para los requerimientos de cada empresa. De esa manera se ajustan los costos y se tiene una base para luego\u00a0<strong>escalar y sumar nuevas capacidades<\/strong>\u00a0a demanda.<\/div>\n<div><\/div>\n<div>Entre las funcionalidades modulares se encuentran:\u00a0<strong>compras y cuentas a pagar<\/strong>, finanzas, contabilidad,\u00a0<strong>impuestos<\/strong>, producci\u00f3n, inventario y log\u00edstica, activo fijo,\u00a0<strong>comercio exterior<\/strong>, recursos humanos y otras.<\/div>\n<div><\/div>\n<div>Por el lado de\u00a0<strong><a href=\"https:\/\/www.bejermanweb.com.ar\/bw\/PORTALSBW\/InfoUno\/InfoUnoWeb\/ventajas.htm\" target=\"_blank\" rel=\"noopener\">InfoUno<\/a>\u00a0<\/strong>para negocios peque\u00f1os, sobresale porque se trata de una soluci\u00f3n que\u00a0<strong>funciona en la Web<\/strong>\u00a0bajo el paradigma del Cloud Computing, por lo que no requiere instalaci\u00f3n de software ni tampoco invertir en hardware.<\/div>\n<div><\/div>\n<div><strong><span style=\"color: #333399;\">Precio e implementaci\u00f3n<\/span><\/strong><\/div>\n<div>Suponer que un ERP tiene un costo prohibitivo es un\u00a0<strong>mito<\/strong>\u00a0gemelo del que lo coloca como una opci\u00f3n s\u00f3lo para las grandes empresas.<\/div>\n<div>\n<div id=\"lx_612478\" class=\"__lxG__multi __lxG__multi_lx_612478\" data-cnt=\"1\">\n<div data-lxpresource=\"1\"><\/div>\n<p><ins class=\"adsbygoogle adslot_612478\" data-ad-client=\"ca-pub-3104790387792468\" data-ad-slot=\"2305QEi0e9\" data-alternate-ad-url=\"http:\/\/clickiocdn.com\/npm_chain\/?t=1531227195&amp;add_url=306~Pzo5MgRQX11HXgMaHhZiRFUDOT_53tTf2NaYmUwDGgpIQABLRRDA0NfLg4mBm5Xf1NDBENfA1sbCg9zC1MCJWJfYp7qBkLgdGdTY3MG_vdzU1N_O0RHb1BuTm7WVh52Pi47Q2A&amp;area_id=612478&amp;sds_id=4530809&amp;page_url=http%3a%2f%2fwww.iprofesional.com%2fnotas%2f271035-crecimiento-software-cloud-computing-impuestos-pymes-pyme-competitividad-rentabilidad-Sistemas-ERP-en-Pymes-la-clave-para-agilizar-los-negocios-y-optimizar-costos\" data-ad-type=\"text,image\" data-adsbygoogle-status=\"done\"><ins id=\"aswift_0_expand\"><ins id=\"aswift_0_anchor\"><\/ins><\/ins><\/ins><\/div>\n<\/div>\n<div>La verdad es que hoy en d\u00eda, como se vio m\u00e1s arriba con los productos de Bejerman, existen\u00a0<strong>soluciones a medida<\/strong>\u00a0\u2013tanto en funcionalidades como en costos\u2013 para\u00a0<strong>negocios de cualquier escala<\/strong>.<\/div>\n<div><\/div>\n<div>De hecho,\u00a0<strong>el correcto asesoramiento es crucial<\/strong>\u00a0para evitar que la empresa invierta en un sistema sobredimensionado y que no se corresponda con sus\u00a0<strong>necesidades reales<\/strong>.<\/div>\n<div><\/div>\n<div>Un ERP demasiado complicado, con excesivas funcionalidades, acaba por infrautilizarse. Por eso es importante que el sistema de gesti\u00f3n sea sencillo de instalar, cuente con adecuado\u00a0<strong>soporte\u00a0<\/strong>y un buen plan de\u00a0<strong>capacitaci\u00f3n\u00a0<\/strong>del personal.<\/div>\n<div><\/div>\n<div>Desde\u00a0<strong>Bejerman\u00a0<\/strong>detallan que, para la instalaci\u00f3n y configuraci\u00f3n de un sistema, sus profesionales trabajan en conjunto con los de la\u00a0<strong>Pyme<\/strong>\u00a0en cada etapa de la implementaci\u00f3n.<\/div>\n<div><\/div>\n<div>Adem\u00e1s, explican que la capacitaci\u00f3n es fundamental para lograr un\u00a0<strong>uso eficiente del ERP<\/strong>. Aqu\u00ed tampoco hay complejidades innecesarias, porque se pueden definir distintos niveles de entrenamiento, seg\u00fan las necesidades espec\u00edficas del personal.<\/div>\n<div><\/div>\n<div><strong><span style=\"color: #333399;\">Solidez de cara al futuro<\/span><\/strong><\/div>\n<div>La\u00a0<strong>transformaci\u00f3n digital\u00a0<\/strong>es una realidad que las empresas no pueden ignorar, por el simple hecho que\u00a0<strong>brinda ventajas competitivas<\/strong>\u00a0esenciales en el mundo actual.<\/div>\n<div><\/div>\n<div>\u201cHay que entender que\u00a0<strong>el proceso de digitalizaci\u00f3n es complejo<\/strong>, y que en muchos casos tiene que ser\u00a0<strong>gradual<\/strong>. No se le puede ofrecer a una Pyme trabajar con rob\u00f3tica, sensores o IoT, cuando ni siquiera manejan un\u00a0<strong>software de gesti\u00f3n<\/strong>\u201d, describe Mariano Mayer, secretario de Emprendedores y Pymes.<\/div>\n<div><\/div>\n<div>Incluso las compa\u00f1\u00edas que ya utilizan una variedad de software (usualmente de diferentes proveedores y \u00e9pocas) en sus distintas \u00e1reas, deben dar un paso m\u00e1s: el de\u00a0<strong>unificar y comunicar las unidades de negocio<\/strong>\u00a0para lograr una sinergia productiva.<\/div>\n<div><\/div>\n<div>All\u00ed es donde el\u00a0<strong>ERP<\/strong>, cuyo papel es el de incorporar toda la informaci\u00f3n en un solo sistema, juega un\u00a0<strong>papel central<\/strong>.<\/div>\n<div><\/div>\n<div>En definitiva, el contexto econ\u00f3mico demanda que las\u00a0<strong>Pymes perfeccionen sus operaciones<\/strong>\u00a0en pos de mejorar la\u00a0<strong>competitividad<\/strong>. Y un sistema ERP, que ayuda a automatizar procesos, reducir costos de producci\u00f3n y tener control total de la empresa, puede ser un\u00a0<strong>factor clave<\/strong>\u00a0en lograr ese impulso transformador.<\/div>\n<div><\/div>\n<div>Fuente: Iprofesional<\/div>\n<!-- AddThis Advanced Settings generic via filter on the_content -->","protected":false},"excerpt":{"rendered":"<p>Una coyuntura econ\u00f3mica desafiante y un mercado que se abre a nuevos competidores plantean a las Pymes la necesidad de<!-- AddThis Advanced Settings generic via filter on get_the_excerpt --><\/p>\n","protected":false},"author":2,"featured_media":8327,"comment_status":"closed","ping_status":"closed","sticky":false,"template":"","format":"standard","meta":{"colormag_page_container_layout":"default_layout","colormag_page_sidebar_layout":"default_layout","jetpack_post_was_ever_published":false,"_jetpack_newsletter_access":"","_jetpack_dont_email_post_to_subs":false,"_jetpack_newsletter_tier_id":0,"_jetpack_memberships_contains_paywalled_content":false,"_jetpack_memberships_contains_paid_content":false,"footnotes":"","jetpack_publicize_message":"","jetpack_publicize_feature_enabled":true,"jetpack_social_post_already_shared":true,"jetpack_social_options":{"image_generator_settings":{"template":"highway","default_image_id":0,"font":"","enabled":false},"version":2}},"categories":[7],"tags":[17],"class_list":["post-8325","post","type-post","status-publish","format-standard","has-post-thumbnail","hentry","category-management","tag-otros-medios"],"jetpack_publicize_connections":[],"jetpack_featured_media_url":"https:\/\/i0.wp.com\/ccnews.com.ar\/prensa\/wp-content\/uploads\/2018\/07\/459502.jpg?fit=630%2C460","jetpack_shortlink":"https:\/\/wp.me\/p7L1gj-2ah","jetpack-related-posts":[{"id":4541,"url":"http:\/\/ccnews.com.ar\/prensa\/con-el-grupo-van-el-trabajo-asociativo-hace-mas-competitivas-a-las-pymes\/","url_meta":{"origin":8325,"position":0},"title":"Con el Grupo VAN, el trabajo asociativo  hace m\u00e1s competitivas a las pymes","author":"CLUSTERciar","date":"28 junio, 2017","format":false,"excerpt":"El Grupo VAN (Valor Agregado Neuquino) es una agrupaci\u00f3n de empresas locales que se unieron para desarrollar negocios de valor, lograr una mayor competitividad en la industria e incrementar su participaci\u00f3n en la actividad econ\u00f3mica de la provincia. En octubre de 2016, despu\u00e9s de haber participado en una misi\u00f3n empresaria\u2026","rel":"","context":"En \u00abManagement\u00bb","block_context":{"text":"Management","link":"http:\/\/ccnews.com.ar\/prensa\/category\/management\/"},"img":{"alt_text":"","src":"https:\/\/i0.wp.com\/ccnews.com.ar\/prensa\/wp-content\/uploads\/2017\/06\/tops.jpg?fit=720%2C248&resize=350%2C200","width":350,"height":200,"srcset":"https:\/\/i0.wp.com\/ccnews.com.ar\/prensa\/wp-content\/uploads\/2017\/06\/tops.jpg?fit=720%2C248&resize=350%2C200 1x, https:\/\/i0.wp.com\/ccnews.com.ar\/prensa\/wp-content\/uploads\/2017\/06\/tops.jpg?fit=720%2C248&resize=525%2C300 1,5x, https:\/\/i0.wp.com\/ccnews.com.ar\/prensa\/wp-content\/uploads\/2017\/06\/tops.jpg?fit=720%2C248&resize=700%2C400 2x"},"classes":[]},{"id":7723,"url":"http:\/\/ccnews.com.ar\/prensa\/el-ingenio-argentino-se-vende-en-houston\/","url_meta":{"origin":8325,"position":1},"title":"El ingenio argentino se vende en Houston","author":"admin","date":"6 mayo, 2018","format":false,"excerpt":"Una empresa rosarina lleg\u00f3 al mercado norteamericano con sus sistemas de energ\u00eda ininterrumpida. Considera que la lejan\u00eda de los grandes desarrolladores industriales potencia la creatividad local. Ahora analiza instalarse en Vaca Muerta. La producci\u00f3n de gas y petr\u00f3leo en el pa\u00eds sigue en picada a pesar de la recuperaci\u00f3n del\u2026","rel":"","context":"En \u00abSustentabilidad\u00bb","block_context":{"text":"Sustentabilidad","link":"http:\/\/ccnews.com.ar\/prensa\/category\/sustentabilidad\/"},"img":{"alt_text":"","src":"https:\/\/i0.wp.com\/ccnews.com.ar\/prensa\/wp-content\/uploads\/2018\/05\/image_content_9598665_20180425220150.jpg?fit=660%2C370&resize=350%2C200","width":350,"height":200,"srcset":"https:\/\/i0.wp.com\/ccnews.com.ar\/prensa\/wp-content\/uploads\/2018\/05\/image_content_9598665_20180425220150.jpg?fit=660%2C370&resize=350%2C200 1x, https:\/\/i0.wp.com\/ccnews.com.ar\/prensa\/wp-content\/uploads\/2018\/05\/image_content_9598665_20180425220150.jpg?fit=660%2C370&resize=525%2C300 1,5x"},"classes":[]},{"id":14540,"url":"http:\/\/ccnews.com.ar\/prensa\/preocupacion-en-neuquen-por-la-baja-de-contratos-a-pymes-petroleras\/","url_meta":{"origin":8325,"position":2},"title":"Preocupaci\u00f3n en Neuqu\u00e9n por la baja de contratos a pymes petroleras","author":"admin","date":"11 febrero, 2020","format":false,"excerpt":"Pusieron bajo la lupa el cambio de estrategia de las operadoras que optan por compa\u00f1\u00edas integrales. En los \u00faltimos meses relevaron, al menos, cinco casos. La situaci\u00f3n se profundiza por el parate de la actividad en Vaca Muerta. No descartan que se est\u00e9 avasallando la ley del Compre Neuquino. El\u2026","rel":"","context":"En \u00abEnerg\u00eda y Producci\u00f3n\u00bb","block_context":{"text":"Energ\u00eda y Producci\u00f3n","link":"http:\/\/ccnews.com.ar\/prensa\/category\/energia-y-produccion\/"},"img":{"alt_text":"","src":"https:\/\/i0.wp.com\/ccnews.com.ar\/prensa\/wp-content\/uploads\/2020\/02\/Imagen-Ag-nqn-Parque-industrial-salto-11148716.jpg?fit=920%2C517&resize=350%2C200","width":350,"height":200,"srcset":"https:\/\/i0.wp.com\/ccnews.com.ar\/prensa\/wp-content\/uploads\/2020\/02\/Imagen-Ag-nqn-Parque-industrial-salto-11148716.jpg?fit=920%2C517&resize=350%2C200 1x, https:\/\/i0.wp.com\/ccnews.com.ar\/prensa\/wp-content\/uploads\/2020\/02\/Imagen-Ag-nqn-Parque-industrial-salto-11148716.jpg?fit=920%2C517&resize=525%2C300 1,5x, https:\/\/i0.wp.com\/ccnews.com.ar\/prensa\/wp-content\/uploads\/2020\/02\/Imagen-Ag-nqn-Parque-industrial-salto-11148716.jpg?fit=920%2C517&resize=700%2C400 2x"},"classes":[]},{"id":10997,"url":"http:\/\/ccnews.com.ar\/prensa\/como-vender-mas-y-mejor-en-tiempos-de-crisis-jonatan-loidi-dara-una-charla-en-cipolletti\/","url_meta":{"origin":8325,"position":3},"title":"&#8220;C\u00f3mo vender m\u00e1s y mejor  en tiempos de crisis&#8221;:  Jonatan Loidi dar\u00e1 una charla  en Cipolletti","author":"CLUSTERciar","date":"5 abril, 2019","format":false,"excerpt":"Jonatan Loidi es consultor internacional, CEO de Set Consulting, especialista en pymes, columnista de importantes medios y autor de dos libros y m\u00e1s de 200 art\u00edculos. Ha impartido charlas, cursos y seminarios en m\u00e1s de 15 pa\u00edses, y el 16 de abril brindar\u00e1 en Cipolletti su conferencia \"C\u00f3mo vender m\u00e1s\u2026","rel":"","context":"En \u00abManagement\u00bb","block_context":{"text":"Management","link":"http:\/\/ccnews.com.ar\/prensa\/category\/management\/"},"img":{"alt_text":"","src":"https:\/\/i0.wp.com\/ccnews.com.ar\/prensa\/wp-content\/uploads\/2019\/04\/nota.jpg?fit=803%2C404&resize=350%2C200","width":350,"height":200,"srcset":"https:\/\/i0.wp.com\/ccnews.com.ar\/prensa\/wp-content\/uploads\/2019\/04\/nota.jpg?fit=803%2C404&resize=350%2C200 1x, https:\/\/i0.wp.com\/ccnews.com.ar\/prensa\/wp-content\/uploads\/2019\/04\/nota.jpg?fit=803%2C404&resize=525%2C300 1,5x, https:\/\/i0.wp.com\/ccnews.com.ar\/prensa\/wp-content\/uploads\/2019\/04\/nota.jpg?fit=803%2C404&resize=700%2C400 2x"},"classes":[]},{"id":13253,"url":"http:\/\/ccnews.com.ar\/prensa\/camino-a-la-digitalizacion-por-que-incorporar-tecnologia-en-tu-empresa\/","url_meta":{"origin":8325,"position":4},"title":"Camino a la digitalizaci\u00f3n: \u00bfPor qu\u00e9 incorporar tecnolog\u00eda en tu empresa?","author":"CLUSTERciar","date":"15 octubre, 2019","format":false,"excerpt":"Digitalizar tu Pyme puede ser determinante en el \u00e9xito o fracaso de un negocio. Ad portas de una nueva celebraci\u00f3n de la semana de la Pyme en Chile, expertos explican por qu\u00e9 es tan importante que todos empiecen a subirse al tren de la tecnolog\u00eda. Seg\u00fan cifras de la OCDE,\u2026","rel":"","context":"En \u00abTransformaci\u00f3n digital\u00bb","block_context":{"text":"Transformaci\u00f3n digital","link":"http:\/\/ccnews.com.ar\/prensa\/category\/transformacion-digital\/"},"img":{"alt_text":"","src":"https:\/\/i0.wp.com\/ccnews.com.ar\/prensa\/wp-content\/uploads\/2019\/10\/700x420_digital-defini.jpg?fit=700%2C420&resize=350%2C200","width":350,"height":200,"srcset":"https:\/\/i0.wp.com\/ccnews.com.ar\/prensa\/wp-content\/uploads\/2019\/10\/700x420_digital-defini.jpg?fit=700%2C420&resize=350%2C200 1x, https:\/\/i0.wp.com\/ccnews.com.ar\/prensa\/wp-content\/uploads\/2019\/10\/700x420_digital-defini.jpg?fit=700%2C420&resize=525%2C300 1,5x, https:\/\/i0.wp.com\/ccnews.com.ar\/prensa\/wp-content\/uploads\/2019\/10\/700x420_digital-defini.jpg?fit=700%2C420&resize=700%2C400 2x"},"classes":[]},{"id":8379,"url":"http:\/\/ccnews.com.ar\/prensa\/actualidad-domingo-08-07-2018-1444-tiempo-de-lectura-0223-478-palabras-el-cluster-vaca-muerta-dara-impulso-a-las-pymes-petroleras\/","url_meta":{"origin":8325,"position":5},"title":"Cl\u00faster Vaca Muerta: pymes desean ser aliados estrat\u00e9gicos de los gremios","author":"CLUSTERciar","date":"29 julio, 2018","format":false,"excerpt":"El gobierno neuquino crear\u00e1 el Cluster Vaca Muerta con el objetivo de fomentar el desarrollo del entramado empresarial y el empleo. El gobierno de la provincia de Neuqu\u00e9n prepara los detalles finales para dar forma al Cluster Vaca Muerta, un organismo desde el cual se impulsar\u00e1 el desarrollo del entramado\u2026","rel":"","context":"En \u00abManagement\u00bb","block_context":{"text":"Management","link":"http:\/\/ccnews.com.ar\/prensa\/category\/management\/"},"img":{"alt_text":"","src":"https:\/\/i0.wp.com\/ccnews.com.ar\/prensa\/wp-content\/uploads\/2018\/07\/20180708144401.jpg?fit=1190%2C531&resize=350%2C200","width":350,"height":200,"srcset":"https:\/\/i0.wp.com\/ccnews.com.ar\/prensa\/wp-content\/uploads\/2018\/07\/20180708144401.jpg?fit=1190%2C531&resize=350%2C200 1x, https:\/\/i0.wp.com\/ccnews.com.ar\/prensa\/wp-content\/uploads\/2018\/07\/20180708144401.jpg?fit=1190%2C531&resize=525%2C300 1,5x, https:\/\/i0.wp.com\/ccnews.com.ar\/prensa\/wp-content\/uploads\/2018\/07\/20180708144401.jpg?fit=1190%2C531&resize=700%2C400 2x, https:\/\/i0.wp.com\/ccnews.com.ar\/prensa\/wp-content\/uploads\/2018\/07\/20180708144401.jpg?fit=1190%2C531&resize=1050%2C600 3x"},"classes":[]}],"jetpack_sharing_enabled":true,"_links":{"self":[{"href":"http:\/\/ccnews.com.ar\/prensa\/wp-json\/wp\/v2\/posts\/8325","targetHints":{"allow":["GET"]}}],"collection":[{"href":"http:\/\/ccnews.com.ar\/prensa\/wp-json\/wp\/v2\/posts"}],"about":[{"href":"http:\/\/ccnews.com.ar\/prensa\/wp-json\/wp\/v2\/types\/post"}],"author":[{"embeddable":true,"href":"http:\/\/ccnews.com.ar\/prensa\/wp-json\/wp\/v2\/users\/2"}],"replies":[{"embeddable":true,"href":"http:\/\/ccnews.com.ar\/prensa\/wp-json\/wp\/v2\/comments?post=8325"}],"version-history":[{"count":1,"href":"http:\/\/ccnews.com.ar\/prensa\/wp-json\/wp\/v2\/posts\/8325\/revisions"}],"predecessor-version":[{"id":8329,"href":"http:\/\/ccnews.com.ar\/prensa\/wp-json\/wp\/v2\/posts\/8325\/revisions\/8329"}],"wp:featuredmedia":[{"embeddable":true,"href":"http:\/\/ccnews.com.ar\/prensa\/wp-json\/wp\/v2\/media\/8327"}],"wp:attachment":[{"href":"http:\/\/ccnews.com.ar\/prensa\/wp-json\/wp\/v2\/media?parent=8325"}],"wp:term":[{"taxonomy":"category","embeddable":true,"href":"http:\/\/ccnews.com.ar\/prensa\/wp-json\/wp\/v2\/categories?post=8325"},{"taxonomy":"post_tag","embeddable":true,"href":"http:\/\/ccnews.com.ar\/prensa\/wp-json\/wp\/v2\/tags?post=8325"}],"curies":[{"name":"wp","href":"https:\/\/api.w.org\/{rel}","templated":true}]}}