{"id":8337,"date":"2018-07-24T08:00:47","date_gmt":"2018-07-24T11:00:47","guid":{"rendered":"http:\/\/clusterciarnews.com.ar\/prensa\/?p=8337"},"modified":"2018-07-10T10:05:14","modified_gmt":"2018-07-10T13:05:14","slug":"como-manejan-las-reuniones-diez-de-los-empresarios-mas-famosos-del-mundo","status":"publish","type":"post","link":"http:\/\/ccnews.com.ar\/prensa\/como-manejan-las-reuniones-diez-de-los-empresarios-mas-famosos-del-mundo\/","title":{"rendered":"C\u00f3mo manejan las reuniones diez de los empresarios m\u00e1s famosos del mundo"},"content":{"rendered":"<p><strong>Tanto Steve Jobs como Jeff Bezos y Elon Musk tienen diversos trucos para volver productivas y eficientes las juntas de trabajo.<\/strong><\/p>\n<p>La\u00a0<strong>&#8220;reunionitis&#8221;\u00a0<\/strong>es un mal que aqueja a casi todas las empresas en el mundo.<\/p>\n<p>Las\u00a0<strong>interminables juntas<\/strong>\u00a0o, por el contrario, la obligaci\u00f3n de<strong>\u00a0reunirse todo el tiempo<\/strong>, produce agotamiento en los trabajadores que sienten que pierden en ellas demasiado tiempo.<\/p>\n<p>Las personas m\u00e1s exitosas en los negocios saben que el hecho de reunirse no significa ser productivo. Por eso Gesti\u00f3n relev\u00f3 los\u00a0<strong>m\u00e9todos de 10 famosos l\u00edderes\u00a0<\/strong>empresariales para dirigir reuniones de manera eficiente.<\/p>\n<p><a class=\"fancybox\" title=\"\" href=\"https:\/\/i0.wp.com\/www.iprofesional.com\/adjuntos\/jpg\/2018\/04\/456811.jpg\" data-fancybox-group=\"gallery\"><img data-recalc-dims=\"1\" decoding=\"async\" src=\"https:\/\/i0.wp.com\/www.iprofesional.com\/adjuntos\/jpg\/2018\/04\/456811.jpg?w=800\" alt=\"\" \/><\/a><\/p>\n<p>&#8211;\u00a0<strong>Jeff\u00a0<a href=\"http:\/\/www.iprofesional.com\/notas\/271068-amazon-liderazgo-management-ceo-bezos-power-point-otros-power-points-La-genial-idea-de-Jeff-Bezos-para-no-usar-mas-Power-Point-en-las-reuniones\" target=\"_blank\" rel=\"noopener\">Bezos<\/a><\/strong>\u00a0lleva (metaf\u00f3ricamente)\u00a0<strong>dos pizzas<\/strong>\u00a0a cada encuentro. Si \u00e9stas no alcanzan para alimentar c\u00f3modamente a los asistentes a la reuni\u00f3n, entonces hay demasiadas personas en la sala. Esto podr\u00eda hacer que la asamblea se alargue sin parar y sofoque la creatividad.<\/p>\n<p>Para evitar pensar en grupo y alimentar ideas independientes (literalmente), Bezos mantiene las reuniones de\u00a0<a href=\"http:\/\/www.iprofesional.com\/notas\/271184-amazon-personal-liderazgo-ceo-equipo-bezos-startup-amazon-prime-Las-3-claves-del-exito-de-Amazon-segun-Jeff-Bezos\" target=\"_blank\" rel=\"noopener\">Amazon<\/a>\u00a0<strong>solo con un pu\u00f1ado de personas.<\/strong><\/p>\n<p><strong><br \/>\n<a class=\"fancybox\" title=\"\" href=\"https:\/\/i0.wp.com\/www.iprofesional.com\/adjuntos\/jpeg\/2018\/01\/453304.jpeg\" data-fancybox-group=\"gallery\"><img data-recalc-dims=\"1\" decoding=\"async\" src=\"https:\/\/i0.wp.com\/www.iprofesional.com\/adjuntos\/jpeg\/2018\/01\/453304.jpeg?w=800\" alt=\"\" \/><\/a><\/strong><\/p>\n<p><strong>&#8211;\u00a0 Jack Ma\u00a0<\/strong>no se permite ser la persona m\u00e1s inteligente en la sala de juntas. El multimillonario chino y fundador de Alibaba Group -quien fue un maestro de ingl\u00e9s que apenas ganaba 120 pesos por hora- sabe que debe rodearse de personas cuyo cociente de inteligencia sobrepase por mucho al suyo.<\/p>\n<div id=\"eplAdDivBanner_9_970x250\"><\/div>\n<p>Ma comparti\u00f3 su filosof\u00eda en el\u00a0<strong>Foro Econ\u00f3mico Mundial<\/strong>, declarando: &#8220;Durante muchos a\u00f1os, siempre trat\u00e9 de\u00a0<strong>encontrar a la gente m\u00e1s inteligente que yo<\/strong>. Mi trabajo es asegurarme de que esas personas puedan trabajar juntas&#8221;. Ma sabe que para liderar el paquete, se debe mediarlo.<\/p>\n<p><a class=\"fancybox\" title=\"\" href=\"https:\/\/i0.wp.com\/www.iprofesional.com\/adjuntos\/jpg\/2015\/10\/424125.jpg\" data-fancybox-group=\"gallery\"><img data-recalc-dims=\"1\" decoding=\"async\" src=\"https:\/\/i0.wp.com\/www.iprofesional.com\/adjuntos\/jpg\/2015\/10\/424125.jpg?w=800\" alt=\"\" \/><\/a><\/p>\n<p>&#8211; La magnate de la tecnolog\u00eda\u00a0<strong>Sheryl Sandberg<\/strong>\u00a0es m\u00e1s tradicional al momento de manejar las reuniones de trabajo. Para cada una escribe a mano una\u00a0<strong>lista\u00a0<\/strong>cuidadosamente elaborada de puntos a discutir. Una vez que se ha tachado todo lo que est\u00e1 en la lista, la reuni\u00f3n se suspende, incluso si solo dur\u00f3 ocho minutos.<\/p>\n<p><a class=\"fancybox\" title=\"\" href=\"https:\/\/i0.wp.com\/www.iprofesional.com\/adjuntos\/jpeg\/2018\/04\/457208.jpeg\" data-fancybox-group=\"gallery\"><img data-recalc-dims=\"1\" decoding=\"async\" src=\"https:\/\/i0.wp.com\/www.iprofesional.com\/adjuntos\/jpeg\/2018\/04\/457208.jpeg?w=800\" alt=\"\" \/><\/a><\/p>\n<p>&#8211;\u00a0<strong>Warren Buffett no programa<\/strong>\u00a0sus reuniones con m\u00e1s de 24 horas de anticipaci\u00f3n. Aunque no todos tienen el lujo de vivir de ese modo, la iniciativa de Buffett para tomar el\u00a0<strong>control de su propio horario\u00a0<\/strong>puede ser \u00fatil para todos los empresarios.<\/p>\n<p>Buffett cree que la\u00a0<strong>flexibilidad es m\u00e1s eficiente<\/strong>, por lo que se enfoca en lo que necesita su atenci\u00f3n en el presente.<\/p>\n<p><a class=\"fancybox\" title=\"\" href=\"https:\/\/i0.wp.com\/www.iprofesional.com\/adjuntos\/jpg\/2014\/01\/392423.jpg\" data-fancybox-group=\"gallery\"><img data-recalc-dims=\"1\" decoding=\"async\" src=\"https:\/\/i0.wp.com\/www.iprofesional.com\/adjuntos\/jpg\/2014\/01\/392423.jpg?w=800\" alt=\"\" \/><\/a><\/p>\n<p>&#8211;\u00a0<strong>Oprah Winfrey<\/strong>\u00a0simplemente no tiene juntas. La empresaria de los medios prefiere mandar un\u00a0<strong>correo electr\u00f3nico detallado<\/strong>\u00a0y solo se sienta en una reuni\u00f3n cuando es absolutamente necesario. Incluso lleg\u00f3 a convencer a Coretta Scott King, la esposa del difunto Martin Luther King Jr., de cancelar su vuelo y mejor tener una conversaci\u00f3n telef\u00f3nica.<\/p>\n<div id=\"lx_612478\" class=\"__lxG__multi __lxG__multi_lx_612478\" data-cnt=\"1\">\n<div data-lxpresource=\"1\">\u00a0&#8211; Al CEO de Nike, Mark Parker, le\u00a0<strong>gusta garabatear<\/strong>\u00a0durante las juntas. Nunca asiste a una reuni\u00f3n sin su cuaderno de bocetos. Imitando a los hemisferios de su cerebro en el papel para encontrar el equilibrio, Parker dedica cada p\u00e1gina de la izquierda a la lluvia de ideas de negocios, y todo el derecho al dibujo.<\/div>\n<\/div>\n<p>En la Conferencia de Innovaci\u00f3n por Dise\u00f1o 2013 de Nike, Parker explic\u00f3 c\u00f3mo este extra\u00f1o h\u00e1bito lo ayud\u00f3 a tener \u00e9xito. &#8220;Pienso mucho en el equilibrio&#8221;, dice Parker. &#8220;La mayor\u00eda de nosotros\u00a0<strong>estamos desequilibrados<\/strong>, y eso est\u00e1 bien, pero es necesario tener en cuenta un balance general para tener \u00e9xito&#8221;, detall\u00f3.<\/p>\n<p><a class=\"fancybox\" title=\"\" href=\"https:\/\/i0.wp.com\/www.iprofesional.com\/adjuntos\/jpg\/2017\/01\/439078.jpg\" data-fancybox-group=\"gallery\"><img data-recalc-dims=\"1\" decoding=\"async\" src=\"https:\/\/i0.wp.com\/www.iprofesional.com\/adjuntos\/jpg\/2017\/01\/439078.jpg?w=800\" alt=\"\" \/><\/a><\/p>\n<p>&#8211; Similar a\u00a0<a href=\"http:\/\/www.iprofesional.com\/notas\/271068-amazon-liderazgo-management-ceo-bezos-power-point-otros-power-points-La-genial-idea-de-Jeff-Bezos-para-no-usar-mas-Power-Point-en-las-reuniones\" target=\"_blank\" rel=\"noopener\">Bezos<\/a>, el fundador de Apple,\u00a0<strong>Steve Jobs<\/strong>, era conocido por solo invitar al personal necesario a las juntas e incluso supuestamente\u00a0<strong>ped\u00eda a gente que se fuera<\/strong>\u00a0si se sent\u00eda abarrotado. Demasiadas personas presentes le quitaban a Jobs la simplicidad con la que funcionaba mejor.<\/p>\n<p>Cuando la Administraci\u00f3n de Obama invit\u00f3 a Steve Jobs a\u00a0<strong>reunirse en la Casa Blanca<\/strong>\u00a0con otros gigantes tecnol\u00f3gicos, el cofundador de Apple trat\u00f3 de rechazar la invitaci\u00f3n. Habr\u00eda demasiada gente en la sala y prefer\u00eda una invitaci\u00f3n personal, indic\u00f3 Gesti\u00f3n.<\/p>\n<p>&#8211;\u00a0El multimillonario bielorruso, Gary Vaynerchuk, cree en\u00a0<strong>establecer una duraci\u00f3n\u00a0<\/strong>de tiempo para una junta y luego\u00a0<strong>reducirla a la mitad<\/strong>. Al acortar el tiempo de reuni\u00f3n, las personas se ven obligadas a reducir la charla sin sentido y completar la tarea que tienen entre manos.<\/p>\n<p>&#8220;Si tengo una reuni\u00f3n de una hora con mi\u00a0<a href=\"http:\/\/www.iprofesional.com\/notas\/270390-liderazgo-rusia-mundial-management-jefe-messi-beneficios-equipo-san-andres-seleccion-croacia-lionel-messi-productividad-directores-carrera-whalecom-javier-mascherano-futbol-argentino-jorge-sampaoli-high-flow-pamela\" target=\"_blank\" rel=\"noopener\">equipo<\/a>, seguramente trataremos de llenar esos 60 minutos. Bromearemos un poco y hablaremos de algunas cosas de las que no plane\u00e1bamos hablar. Pero si cortamos la misma reuni\u00f3n a 30 minutos, haremos todo lo que se necesita&#8221;, relat\u00f3 Varynerchuk.<\/p>\n<p><a class=\"fancybox\" title=\"\" href=\"https:\/\/i0.wp.com\/www.iprofesional.com\/adjuntos\/jpg\/2018\/01\/453295.jpg\" data-fancybox-group=\"gallery\"><img data-recalc-dims=\"1\" decoding=\"async\" src=\"https:\/\/i0.wp.com\/www.iprofesional.com\/adjuntos\/jpg\/2018\/01\/453295.jpg?w=800\" alt=\"\" \/><\/a><\/p>\n<p>&#8211;\u00a0<strong>Elon Musk<\/strong>\u00a0deconstruye un tema y luego lo construye de nuevo. Los asistentes a la reuni\u00f3n deconstruyen una idea o situaci\u00f3n a &#8220;principios b\u00e1sicos&#8221; para darles la libertad de pensar fuera de la caja. Luego, juntan esos puntos y los analizan desde una nueva perspectiva.<\/p>\n<p>&#8211; Neil Blumenthal, cofundador de Warby Parker (el &#8220;Netflix de los lentes&#8221;) evita lo que \u00e9l describe como el &#8220;sinf\u00edn interminable de derroche de juntas&#8221; al establecer una\u00a0<strong>agenda estricta<\/strong>\u00a0a trav\u00e9s de\u00a0<strong>Google Docs\u00a0<\/strong>y esperar que la gente las lea con 24 horas de antelaci\u00f3n. Publica comentarios y preguntas sobre el material de lectura para garantizar que tanto \u00e9l como su\u00a0equipo est\u00e9n preparados para ser lo m\u00e1s eficientes posible.<\/p>\n<p>Fuente: Iprofesional<\/p>\n<!-- AddThis Advanced Settings generic via filter on the_content -->","protected":false},"excerpt":{"rendered":"<p>Tanto Steve Jobs como Jeff Bezos y Elon Musk tienen diversos trucos para volver productivas y eficientes las juntas de<!-- AddThis Advanced Settings generic via filter on get_the_excerpt --><\/p>\n","protected":false},"author":2,"featured_media":8339,"comment_status":"closed","ping_status":"closed","sticky":false,"template":"","format":"standard","meta":{"colormag_page_container_layout":"default_layout","colormag_page_sidebar_layout":"default_layout","jetpack_post_was_ever_published":false,"_jetpack_newsletter_access":"","_jetpack_dont_email_post_to_subs":false,"_jetpack_newsletter_tier_id":0,"_jetpack_memberships_contains_paywalled_content":false,"_jetpack_memberships_contains_paid_content":false,"footnotes":"","jetpack_publicize_message":"","jetpack_publicize_feature_enabled":true,"jetpack_social_post_already_shared":true,"jetpack_social_options":{"image_generator_settings":{"template":"highway","default_image_id":0,"font":"","enabled":false},"version":2}},"categories":[7],"tags":[17],"class_list":["post-8337","post","type-post","status-publish","format-standard","has-post-thumbnail","hentry","category-management","tag-otros-medios"],"jetpack_publicize_connections":[],"jetpack_featured_media_url":"https:\/\/i0.wp.com\/ccnews.com.ar\/prensa\/wp-content\/uploads\/2018\/07\/386578.jpg?fit=630%2C460","jetpack_shortlink":"https:\/\/wp.me\/p7L1gj-2at","jetpack-related-posts":[{"id":12610,"url":"http:\/\/ccnews.com.ar\/prensa\/como-son-las-reuniones-laborales-en-empresas-como-amazon-google-facebook-y-apple\/","url_meta":{"origin":8337,"position":0},"title":"C\u00f3mo son las reuniones laborales en empresas como Amazon, Google, Facebook y Apple","author":"admin","date":"23 agosto, 2019","format":false,"excerpt":"Cu\u00e1les son las metodolog\u00edas que aplican las compa\u00f1\u00edas que lideran en su mercado a nivel global para que sus reuniones sean m\u00e1s productivas. Las reuniones laborales son una pieza fundamental para el desarrollo y comunicaci\u00f3n de una empresa, Aunque en muchas compa\u00f1\u00edas agendan m\u00e1s juntas de las que realmente necesitan\u2026","rel":"","context":"En \u00abManagement\u00bb","block_context":{"text":"Management","link":"http:\/\/ccnews.com.ar\/prensa\/category\/management\/"},"img":{"alt_text":"","src":"https:\/\/i0.wp.com\/ccnews.com.ar\/prensa\/wp-content\/uploads\/2019\/08\/482845_landscape.jpg?fit=640%2C360&resize=350%2C200","width":350,"height":200,"srcset":"https:\/\/i0.wp.com\/ccnews.com.ar\/prensa\/wp-content\/uploads\/2019\/08\/482845_landscape.jpg?fit=640%2C360&resize=350%2C200 1x, https:\/\/i0.wp.com\/ccnews.com.ar\/prensa\/wp-content\/uploads\/2019\/08\/482845_landscape.jpg?fit=640%2C360&resize=525%2C300 1,5x"},"classes":[]},{"id":15790,"url":"http:\/\/ccnews.com.ar\/prensa\/management-de-esta-manera-la-pandemia-cambio-el-futuro-del-trabajo\/","url_meta":{"origin":8337,"position":1},"title":"Management: De esta manera la pandemia cambi\u00f3 el futuro del trabajo","author":"Editor","date":"1 julio, 2020","format":false,"excerpt":"Incluso antes de la pandemia de COVID-19, cinco millones de personas ya trabajaban desde casa al menos la mitad del tiempo. Desde entonces, seg\u00fan una investigaci\u00f3n de Salesforce , el 61% de la fuerza laboral trabaja desde casa.","rel":"","context":"En \u00abManagement\u00bb","block_context":{"text":"Management","link":"http:\/\/ccnews.com.ar\/prensa\/category\/management\/"},"img":{"alt_text":"","src":"https:\/\/i0.wp.com\/ccnews.com.ar\/prensa\/wp-content\/uploads\/2020\/07\/4UCNCXLQ5JFTRANRSV2XMHKJ6M.jpg?fit=980%2C528&resize=350%2C200","width":350,"height":200,"srcset":"https:\/\/i0.wp.com\/ccnews.com.ar\/prensa\/wp-content\/uploads\/2020\/07\/4UCNCXLQ5JFTRANRSV2XMHKJ6M.jpg?fit=980%2C528&resize=350%2C200 1x, https:\/\/i0.wp.com\/ccnews.com.ar\/prensa\/wp-content\/uploads\/2020\/07\/4UCNCXLQ5JFTRANRSV2XMHKJ6M.jpg?fit=980%2C528&resize=525%2C300 1,5x, https:\/\/i0.wp.com\/ccnews.com.ar\/prensa\/wp-content\/uploads\/2020\/07\/4UCNCXLQ5JFTRANRSV2XMHKJ6M.jpg?fit=980%2C528&resize=700%2C400 2x"},"classes":[]},{"id":2089,"url":"http:\/\/ccnews.com.ar\/prensa\/la-innovacion-colaborativa-llega-a-la-patagonia-de-la-mano-de-ciar\/","url_meta":{"origin":8337,"position":2},"title":"La innovaci\u00f3n colaborativa llega a la Patagonia de la mano de CIAR","author":"CLUSTERciar","date":"25 octubre, 2016","format":false,"excerpt":"Alejandro Guti\u00e9rrez, responsable de SMART para Latinoam\u00e9rica y Marta Plotnicoff de NYTEC, distribuidor en Argentina, presentaron en las oficinas del CLUSTERciar las pantallas interactivas que revolucionan la educaci\u00f3n y prometen hacer lo mismo con el mercado \u00a0corporativo. \u00bfQu\u00e9 es SMART? Alejandro: Smart naci\u00f3 hace 25 a\u00f1os en Canad\u00e1 como una\u2026","rel":"","context":"En \u00abTransformaci\u00f3n digital\u00bb","block_context":{"text":"Transformaci\u00f3n digital","link":"http:\/\/ccnews.com.ar\/prensa\/category\/transformacion-digital\/"},"img":{"alt_text":"20161019_105642","src":"https:\/\/i0.wp.com\/clusterciarnews.com.ar\/prensa\/wp-content\/uploads\/2016\/10\/20161019_105642-300x248.jpg?resize=350%2C200","width":350,"height":200},"classes":[]},{"id":16316,"url":"http:\/\/ccnews.com.ar\/prensa\/ni-zoom-ni-google-meet-como-es-el-teletrabajo-con-hologramas\/","url_meta":{"origin":8337,"position":3},"title":"Ni Zoom ni Google Meet: c\u00f3mo es el teletrabajo con hologramas","author":"Editor","date":"12 noviembre, 2020","format":false,"excerpt":"El boom del home office deriv\u00f3 en la llegada de herramientas inmersivas en las que los usuarios tienen un contacto m\u00e1s \"real\" a trav\u00e9s de los dispositivos","rel":"","context":"En \u00abTransformaci\u00f3n digital\u00bb","block_context":{"text":"Transformaci\u00f3n digital","link":"http:\/\/ccnews.com.ar\/prensa\/category\/transformacion-digital\/"},"img":{"alt_text":"","src":"https:\/\/i0.wp.com\/ccnews.com.ar\/prensa\/wp-content\/uploads\/2020\/11\/holograma.gif?fit=890%2C500&resize=350%2C200","width":350,"height":200,"srcset":"https:\/\/i0.wp.com\/ccnews.com.ar\/prensa\/wp-content\/uploads\/2020\/11\/holograma.gif?fit=890%2C500&resize=350%2C200 1x, https:\/\/i0.wp.com\/ccnews.com.ar\/prensa\/wp-content\/uploads\/2020\/11\/holograma.gif?fit=890%2C500&resize=525%2C300 1,5x, https:\/\/i0.wp.com\/ccnews.com.ar\/prensa\/wp-content\/uploads\/2020\/11\/holograma.gif?fit=890%2C500&resize=700%2C400 2x"},"classes":[]},{"id":8019,"url":"http:\/\/ccnews.com.ar\/prensa\/rusia-2018-como-se-preparan-las-empresas-para-ver-los-partidos-y-evitar-ausentismos-durante-el-mundial\/","url_meta":{"origin":8337,"position":4},"title":"Rusia 2018: c\u00f3mo se preparan las empresas para ver los partidos y evitar ausentismos durante el Mundial","author":"admin","date":"9 junio, 2018","format":false,"excerpt":"Ser\u00e1 un momento para generar identidad y sentido de pertenencia entre los empleados, as\u00ed como instancias compartidas entre distintas \u00e1reas y jerarqu\u00edas Desde hace meses en las oficinas de los equipos de\u00a0Recursos Humanos en distintas empresas est\u00e1n preparando\u00a0actividades\u00a0para aprovechar los\u00a0momentos clave del\u00a0Mundial\u00a0de la FIFA 2018 como espacio de distenci\u00f3n y\u2026","rel":"","context":"En \u00abManagement\u00bb","block_context":{"text":"Management","link":"http:\/\/ccnews.com.ar\/prensa\/category\/management\/"},"img":{"alt_text":"","src":"https:\/\/i0.wp.com\/ccnews.com.ar\/prensa\/wp-content\/uploads\/2018\/06\/rusia_2018.jpg_1913337537.jpg?fit=875%2C490&resize=350%2C200","width":350,"height":200,"srcset":"https:\/\/i0.wp.com\/ccnews.com.ar\/prensa\/wp-content\/uploads\/2018\/06\/rusia_2018.jpg_1913337537.jpg?fit=875%2C490&resize=350%2C200 1x, https:\/\/i0.wp.com\/ccnews.com.ar\/prensa\/wp-content\/uploads\/2018\/06\/rusia_2018.jpg_1913337537.jpg?fit=875%2C490&resize=525%2C300 1,5x, https:\/\/i0.wp.com\/ccnews.com.ar\/prensa\/wp-content\/uploads\/2018\/06\/rusia_2018.jpg_1913337537.jpg?fit=875%2C490&resize=700%2C400 2x"},"classes":[]},{"id":13488,"url":"http:\/\/ccnews.com.ar\/prensa\/menos-horas-mas-productividad-es-posible-reducir-la-jornada-laboral-en-argentina\/","url_meta":{"origin":8337,"position":5},"title":"Menos horas, m\u00e1s productividad: \u00bfes posible reducir la jornada laboral en Argentina?","author":"admin","date":"6 noviembre, 2019","format":false,"excerpt":"Mientras Chile debate una jornada laboral menos extensa y hasta el presidente Sebasti\u00e1n Pi\u00f1era propone un esquema de cuatro d\u00edas a la semana, la filial japonesa de Microsoft experiment\u00f3 una semana laboral de cuatro d\u00edas en un pa\u00eds conocido por el exceso de trabajo. Los resultados fueron bastante convincentes: la\u2026","rel":"","context":"En \u00abManagement\u00bb","block_context":{"text":"Management","link":"http:\/\/ccnews.com.ar\/prensa\/category\/management\/"},"img":{"alt_text":"","src":"https:\/\/i0.wp.com\/ccnews.com.ar\/prensa\/wp-content\/uploads\/2019\/11\/5703-1.jpg?fit=1200%2C675&resize=350%2C200","width":350,"height":200,"srcset":"https:\/\/i0.wp.com\/ccnews.com.ar\/prensa\/wp-content\/uploads\/2019\/11\/5703-1.jpg?fit=1200%2C675&resize=350%2C200 1x, https:\/\/i0.wp.com\/ccnews.com.ar\/prensa\/wp-content\/uploads\/2019\/11\/5703-1.jpg?fit=1200%2C675&resize=525%2C300 1,5x, https:\/\/i0.wp.com\/ccnews.com.ar\/prensa\/wp-content\/uploads\/2019\/11\/5703-1.jpg?fit=1200%2C675&resize=700%2C400 2x, https:\/\/i0.wp.com\/ccnews.com.ar\/prensa\/wp-content\/uploads\/2019\/11\/5703-1.jpg?fit=1200%2C675&resize=1050%2C600 3x"},"classes":[]}],"jetpack_sharing_enabled":true,"_links":{"self":[{"href":"http:\/\/ccnews.com.ar\/prensa\/wp-json\/wp\/v2\/posts\/8337","targetHints":{"allow":["GET"]}}],"collection":[{"href":"http:\/\/ccnews.com.ar\/prensa\/wp-json\/wp\/v2\/posts"}],"about":[{"href":"http:\/\/ccnews.com.ar\/prensa\/wp-json\/wp\/v2\/types\/post"}],"author":[{"embeddable":true,"href":"http:\/\/ccnews.com.ar\/prensa\/wp-json\/wp\/v2\/users\/2"}],"replies":[{"embeddable":true,"href":"http:\/\/ccnews.com.ar\/prensa\/wp-json\/wp\/v2\/comments?post=8337"}],"version-history":[{"count":1,"href":"http:\/\/ccnews.com.ar\/prensa\/wp-json\/wp\/v2\/posts\/8337\/revisions"}],"predecessor-version":[{"id":8341,"href":"http:\/\/ccnews.com.ar\/prensa\/wp-json\/wp\/v2\/posts\/8337\/revisions\/8341"}],"wp:featuredmedia":[{"embeddable":true,"href":"http:\/\/ccnews.com.ar\/prensa\/wp-json\/wp\/v2\/media\/8339"}],"wp:attachment":[{"href":"http:\/\/ccnews.com.ar\/prensa\/wp-json\/wp\/v2\/media?parent=8337"}],"wp:term":[{"taxonomy":"category","embeddable":true,"href":"http:\/\/ccnews.com.ar\/prensa\/wp-json\/wp\/v2\/categories?post=8337"},{"taxonomy":"post_tag","embeddable":true,"href":"http:\/\/ccnews.com.ar\/prensa\/wp-json\/wp\/v2\/tags?post=8337"}],"curies":[{"name":"wp","href":"https:\/\/api.w.org\/{rel}","templated":true}]}}