{"id":8361,"date":"2018-07-10T08:00:38","date_gmt":"2018-07-10T11:00:38","guid":{"rendered":"http:\/\/clusterciarnews.com.ar\/prensa\/?p=8361"},"modified":"2018-07-10T10:36:34","modified_gmt":"2018-07-10T13:36:34","slug":"abaratar-en-costos-de-energia-la-tendencia-de-las-empresas-a-partir-de-uso-de-las-renovables","status":"publish","type":"post","link":"http:\/\/ccnews.com.ar\/prensa\/abaratar-en-costos-de-energia-la-tendencia-de-las-empresas-a-partir-de-uso-de-las-renovables\/","title":{"rendered":"Abaratar en costos de energ\u00eda, la tendencia de las empresas a partir de uso de las renovables"},"content":{"rendered":"<p>Alejandro Zitzer, Gerente Comercial de Aldar S.A., asegura que desde el a\u00f1o pasado est\u00e1n recibiendo una gran cantidad de consultas de comercios e industrias que pretenden autogenerar energ\u00eda a partir de fuentes fotovoltaicas. El empresario espera un gran crecimiento con la inminente aplicaci\u00f3n de la Ley de Generaci\u00f3n Distribuida mediante energ\u00edas renovables.<\/p>\n<p>\u201cAldar tiene 25 a\u00f1os de trayectoria en el mercado, desarrollando proyectos y brindando servicios de asesoramiento que van en paralelo con lo que est\u00e1 sucediendo en el mercado\u201d, subraya\u00a0<strong>Alejandro Zitzer<\/strong>, Gerente Comercial de la firma.<\/p>\n<p>El empresario apunta sobre la din\u00e1mica que est\u00e1 tomando el sector, por un lado por la baja de precios y la alta eficiencia que est\u00e1 ganando la energ\u00eda solar fotovoltaica y, por otro, por el aumento tarifario que impacta con fuerza en comercios e industrias.<\/p>\n<p>\u201cEstamos desarrollando varios proyectos, tanto de \u00edndole p\u00fablico como privados, es decir que en ese sentido mantenemos nuestra l\u00ednea de acci\u00f3n. Y hoy nos estamos preparando para formar parte de la curva de crecimiento que supuestamente se va a desarrollar con la explosi\u00f3n del mercado\u201d, indica Zitzer en referencia a los marcos regulatorios que est\u00e1 impulsando el Gobierno nacional.<\/p>\n<p>Cuenta que en lo referido a la Ley 27.191, de promoci\u00f3n de energ\u00edas renovables, Aldar ha acompa\u00f1ado brindando servicios de consultor\u00edas, asesoramiento e ingenier\u00eda de los proyectos a oferentes que participaron de las licitaciones del Programa RenovAr.<\/p>\n<p>Por otro, est\u00e1n recibiendo consultas de Grandes Usuarios que analizan autogenerarse el 8 por ciento con energ\u00edas renovables que les exige la normativa. \u201cDesde el a\u00f1o pasado \u2013comenta-, hay mucho trabajo que est\u00e1 relacionado con explicar conceptos relacionados con la energ\u00eda solar fotovoltaica ante las necesidades que van surgiendo, fundamentalmente, de las empresas que tienen que dar cumplimiento a la Ley 27.191\u201d.<\/p>\n<p>Cabe destacar que Aldar cuenta con una amplia experiencia en desarrollos de proyectos, habiendo realizado grandes obras para el Proinged e implantes fuera de la red (Off Grid) para el PERMER.<\/p>\n<p><strong>Generaci\u00f3n Distribuida, un anhelo del mercado<\/strong><\/p>\n<p>Por otra parte, el Gerente Comercial\u00a0 de Aldar deposita grandes expectativas (\u201ccomo todo el mercado\u201d, sostiene) sobre la aplicaci\u00f3n de la Ley 27.424 de Generaci\u00f3n Distribuida mediante energ\u00edas renovables.<\/p>\n<p>Entiende que de aplicarse con sus virtudes, \u201ctendr\u00eda que impactar positivamente\u201d. Explica: \u201cporque el hecho de que se permita al usuario interactuar con la red ya es un hecho positivo, m\u00e1s all\u00e1 de los beneficios\u201d, aunque asegura que los beneficios son una pieza clave en su incentivo.<\/p>\n<p>\u201cLa gente d\u00eda a d\u00eda se est\u00e1 familiarizando y est\u00e1 entusiasmada en que vaya a haber una Ley de Generaci\u00f3n Distribuida, sobre todo por el impacto que tienen hoy las tarifas en comercios e industrias, nichos muy involucrados en el tema por el costo de la energ\u00eda\u201d, observa Zitzer.<\/p>\n<p>En cuanto a su aplicaci\u00f3n, a\u00fan no hay se\u00f1ales concretas. El ex ministro de Energ\u00eda,\u00a0<strong>Juan Jos\u00e9 Aranguren<\/strong>, a d\u00edas de dejar su cargo, a mediados del mes pasado, dijo que \u201ces una cuesti\u00f3n de semanas, no m\u00e1s\u201d.<\/p>\n<p>En este sentido, Zitzer opina que si las cosas se dilatan y la norma se llegara a aplicar en octubre, el mercado se estar\u00eda proyectando para el 2019, porque las empresas estar\u00edan contemplando inversiones de esta \u00edndole en sus presupuestos ya para el a\u00f1o que viene.<\/p>\n<p>Seg\u00fan fuentes cercanas al proceso de reglamentaci\u00f3n de la Ley 27.424, todo indicar\u00eda que se pondr\u00e1 en funcionamiento antes de octubre.<\/p>\n<p>&nbsp;<\/p>\n<p>Fuente: Energ\u00eda Estrat\u00e9gica<\/p>\n<!-- AddThis Advanced Settings generic via filter on the_content -->","protected":false},"excerpt":{"rendered":"<p>Alejandro Zitzer, Gerente Comercial de Aldar S.A., asegura que desde el a\u00f1o pasado est\u00e1n recibiendo una gran cantidad de consultas<!-- AddThis Advanced Settings generic via filter on get_the_excerpt --><\/p>\n","protected":false},"author":2,"featured_media":8363,"comment_status":"closed","ping_status":"closed","sticky":false,"template":"","format":"standard","meta":{"colormag_page_container_layout":"default_layout","colormag_page_sidebar_layout":"default_layout","jetpack_post_was_ever_published":false,"_jetpack_newsletter_access":"","_jetpack_dont_email_post_to_subs":false,"_jetpack_newsletter_tier_id":0,"_jetpack_memberships_contains_paywalled_content":false,"_jetpack_memberships_contains_paid_content":false,"footnotes":"","jetpack_publicize_message":"","jetpack_publicize_feature_enabled":true,"jetpack_social_post_already_shared":true,"jetpack_social_options":{"image_generator_settings":{"template":"highway","default_image_id":0,"font":"","enabled":false},"version":2}},"categories":[3],"tags":[17],"class_list":["post-8361","post","type-post","status-publish","format-standard","has-post-thumbnail","hentry","category-sustentabilidad","tag-otros-medios"],"jetpack_publicize_connections":[],"jetpack_featured_media_url":"https:\/\/i0.wp.com\/ccnews.com.ar\/prensa\/wp-content\/uploads\/2018\/07\/nota-18.jpg?fit=800%2C400","jetpack_shortlink":"https:\/\/wp.me\/p7L1gj-2aR","jetpack-related-posts":[{"id":2529,"url":"http:\/\/ccnews.com.ar\/prensa\/una-comercializadora-de-gas-apuesta-por-las-energias-renovables\/","url_meta":{"origin":8361,"position":0},"title":"Una comercializadora de gas apuesta por las energ\u00edas renovables","author":"CLUSTERciar","date":"25 noviembre, 2016","format":false,"excerpt":"Cinergia decidi\u00f3 expandir su campo de acci\u00f3n de la mano de las fuentes energ\u00e9ticas alternativas. La empresa, que inicialmente se dedicaba a la comercializaci\u00f3n de gas natural, solicit\u00f3 la habilitaci\u00f3n para efectuar operaciones de compra-venta de electricidad generada por v\u00edas renovables en el Mercado El\u00e9ctrico Mayorista. Nacida en 2010 como\u2026","rel":"","context":"En \u00abSustentabilidad\u00bb","block_context":{"text":"Sustentabilidad","link":"http:\/\/ccnews.com.ar\/prensa\/category\/sustentabilidad\/"},"img":{"alt_text":"","src":"","width":0,"height":0},"classes":[]},{"id":10081,"url":"http:\/\/ccnews.com.ar\/prensa\/el-futuro-de-los-puestos-de-trabajo-en-el-area-de-las-energias-renovables\/","url_meta":{"origin":8361,"position":1},"title":"El futuro de los puestos de trabajo en el \u00e1rea de las energ\u00edas renovables","author":"admin","date":"24 enero, 2019","format":false,"excerpt":"Conoce c\u00f3mo afectar\u00e1 la implantaci\u00f3n de las energ\u00edas renovables al mercado laboral. Se crear\u00e1n nuevos puestos de trabajo La ingenier\u00eda en energ\u00edas renovables es una de las carreras m\u00e1s demandadas hoy en d\u00eda. Las nuevas formas de extracci\u00f3n de energ\u00eda traen consigo nuevos puestos de trabajo. Salvar al planeta es\u2026","rel":"","context":"En \u00abSustentabilidad\u00bb","block_context":{"text":"Sustentabilidad","link":"http:\/\/ccnews.com.ar\/prensa\/category\/sustentabilidad\/"},"img":{"alt_text":"","src":"https:\/\/i0.wp.com\/ccnews.com.ar\/prensa\/wp-content\/uploads\/2019\/01\/ing1.jpg?fit=712%2C350&resize=350%2C200","width":350,"height":200,"srcset":"https:\/\/i0.wp.com\/ccnews.com.ar\/prensa\/wp-content\/uploads\/2019\/01\/ing1.jpg?fit=712%2C350&resize=350%2C200 1x, https:\/\/i0.wp.com\/ccnews.com.ar\/prensa\/wp-content\/uploads\/2019\/01\/ing1.jpg?fit=712%2C350&resize=525%2C300 1,5x, https:\/\/i0.wp.com\/ccnews.com.ar\/prensa\/wp-content\/uploads\/2019\/01\/ing1.jpg?fit=712%2C350&resize=700%2C400 2x"},"classes":[]},{"id":1765,"url":"http:\/\/ccnews.com.ar\/prensa\/por-que-estudiar-carreras-de-energias-renovables-en-argentina\/","url_meta":{"origin":8361,"position":2},"title":"Por qu\u00e9 estudiar carreras de energ\u00edas renovables en Argentina","author":"CLUSTERciar","date":"28 septiembre, 2016","format":false,"excerpt":"Cu\u00e1les son los distintos tipos de fuentes que utilizan estas actividades que en el pa\u00eds cuentan con pol\u00edticas e incentivos propios para su desarrollo A partir de la necesidad de la Argentina de diversificar e incrementar su matriz energ\u00e9tica, desde la administraci\u00f3n de Cristina Kirchner que el gobierno nacional determin\u00f3\u2026","rel":"","context":"En \u00abEducaci\u00f3n\/Sociedad\u00bb","block_context":{"text":"Educaci\u00f3n\/Sociedad","link":"http:\/\/ccnews.com.ar\/prensa\/category\/educacion-sociedad\/"},"img":{"alt_text":"","src":"","width":0,"height":0},"classes":[]},{"id":1267,"url":"http:\/\/ccnews.com.ar\/prensa\/cuanto-crecieron-las-energias-renovables-a-nivel-mundial-el-ano-pasado\/","url_meta":{"origin":8361,"position":3},"title":"\u00bfCu\u00e1nto crecieron las energ\u00edas renovables a nivel mundial el a\u00f1o pasado?","author":"CLUSTERciar","date":"25 agosto, 2016","format":false,"excerpt":"Las potencias del G-20 produjeron en 2015 un 8\u00a0por ciento\u00a0de la electricidad desde centrales de energ\u00eda ecol\u00f3gica. Siete de los miembros ya producen m\u00e1s del 10\u00a0por ciento. Alemania llega al 36 por ciento.\u00a0El uso de energ\u00edas renovables se increment\u00f3 un\u00a070 por ciento a nivel mundial El porcentaje de electricidad que\u2026","rel":"","context":"En \u00abEnerg\u00eda y Producci\u00f3n\u00bb","block_context":{"text":"Energ\u00eda y Producci\u00f3n","link":"http:\/\/ccnews.com.ar\/prensa\/category\/energia-y-produccion\/"},"img":{"alt_text":"","src":"https:\/\/i0.wp.com\/www.energiaestrategica.com\/wp-content\/uploads\/2016\/08\/nota-6-9.jpg?resize=350%2C200","width":350,"height":200},"classes":[]},{"id":5687,"url":"http:\/\/ccnews.com.ar\/prensa\/electroingenieria-icssa-una-empresa-local-que-analiza-el-mercado-de-electrico\/","url_meta":{"origin":8361,"position":4},"title":"Electroingenier\u00eda ICSSA, una empresa local que analiza el mercado de el\u00e9ctrico","author":"CLUSTERciar","date":"20 octubre, 2017","format":false,"excerpt":"Carlos Ferrari, Gerente T\u00e9cnico y de Desarrollo de la compa\u00f1\u00eda con presencia en el negocio el\u00e9ctrico desde 1997, cuenta c\u00f3mo compite actualmente una pyme nacional en el mercado argentino. Como consecuencia de escisi\u00f3n de Electroingenier\u00eda S.A., se crea en 1997 la empresa Electroingenier\u00eda ICS S.A. (Electroingenier\u00eda Industrial, Comercial y de\u2026","rel":"","context":"En \u00abSustentabilidad\u00bb","block_context":{"text":"Sustentabilidad","link":"http:\/\/ccnews.com.ar\/prensa\/category\/sustentabilidad\/"},"img":{"alt_text":"","src":"https:\/\/i0.wp.com\/ccnews.com.ar\/prensa\/wp-content\/uploads\/2017\/09\/nota-58.jpg?fit=800%2C400&resize=350%2C200","width":350,"height":200,"srcset":"https:\/\/i0.wp.com\/ccnews.com.ar\/prensa\/wp-content\/uploads\/2017\/09\/nota-58.jpg?fit=800%2C400&resize=350%2C200 1x, https:\/\/i0.wp.com\/ccnews.com.ar\/prensa\/wp-content\/uploads\/2017\/09\/nota-58.jpg?fit=800%2C400&resize=525%2C300 1,5x, https:\/\/i0.wp.com\/ccnews.com.ar\/prensa\/wp-content\/uploads\/2017\/09\/nota-58.jpg?fit=800%2C400&resize=700%2C400 2x"},"classes":[]},{"id":1787,"url":"http:\/\/ccnews.com.ar\/prensa\/nuestros-hidrocarburos-no-convencionales-posibilitaran-el-autoabastecmiento-nacional\/","url_meta":{"origin":8361,"position":5},"title":"\u201cNuestros hidrocarburos no convencionales posibilitar\u00e1n el autoabastecmiento nacional\u201d","author":"CLUSTERciar","date":"28 septiembre, 2016","format":false,"excerpt":"Entrevista con el secretario de Energ\u00eda de Neuqu\u00e9n, Alejandro Nicola Aunque s\u00f3lo representa un 3% del territorio argentino y alberga a un 2% de la poblaci\u00f3n nacional, Neuqu\u00e9n es responsable de un 50% de la producci\u00f3n gas\u00edfera y de un 22% de la explotaci\u00f3n petrolera del pa\u00eds. Seg\u00fan el ministro\u2026","rel":"","context":"En \u00abSustentabilidad\u00bb","block_context":{"text":"Sustentabilidad","link":"http:\/\/ccnews.com.ar\/prensa\/category\/sustentabilidad\/"},"img":{"alt_text":"alejandro-nicola","src":"https:\/\/i0.wp.com\/revistapetroquimica.com\/wp-content\/uploads\/2016\/09\/alejandro-nicola.jpg?resize=350%2C200","width":350,"height":200},"classes":[]}],"jetpack_sharing_enabled":true,"_links":{"self":[{"href":"http:\/\/ccnews.com.ar\/prensa\/wp-json\/wp\/v2\/posts\/8361","targetHints":{"allow":["GET"]}}],"collection":[{"href":"http:\/\/ccnews.com.ar\/prensa\/wp-json\/wp\/v2\/posts"}],"about":[{"href":"http:\/\/ccnews.com.ar\/prensa\/wp-json\/wp\/v2\/types\/post"}],"author":[{"embeddable":true,"href":"http:\/\/ccnews.com.ar\/prensa\/wp-json\/wp\/v2\/users\/2"}],"replies":[{"embeddable":true,"href":"http:\/\/ccnews.com.ar\/prensa\/wp-json\/wp\/v2\/comments?post=8361"}],"version-history":[{"count":1,"href":"http:\/\/ccnews.com.ar\/prensa\/wp-json\/wp\/v2\/posts\/8361\/revisions"}],"predecessor-version":[{"id":8365,"href":"http:\/\/ccnews.com.ar\/prensa\/wp-json\/wp\/v2\/posts\/8361\/revisions\/8365"}],"wp:featuredmedia":[{"embeddable":true,"href":"http:\/\/ccnews.com.ar\/prensa\/wp-json\/wp\/v2\/media\/8363"}],"wp:attachment":[{"href":"http:\/\/ccnews.com.ar\/prensa\/wp-json\/wp\/v2\/media?parent=8361"}],"wp:term":[{"taxonomy":"category","embeddable":true,"href":"http:\/\/ccnews.com.ar\/prensa\/wp-json\/wp\/v2\/categories?post=8361"},{"taxonomy":"post_tag","embeddable":true,"href":"http:\/\/ccnews.com.ar\/prensa\/wp-json\/wp\/v2\/tags?post=8361"}],"curies":[{"name":"wp","href":"https:\/\/api.w.org\/{rel}","templated":true}]}}