{"id":8437,"date":"2018-07-20T13:19:55","date_gmt":"2018-07-20T16:19:55","guid":{"rendered":"http:\/\/clusterciarnews.com.ar\/prensa\/?p=8437"},"modified":"2018-07-20T13:19:55","modified_gmt":"2018-07-20T16:19:55","slug":"la-curva-de-aprendizaje-ya-se-hace-sentir-en-vaca-muerta","status":"publish","type":"post","link":"http:\/\/ccnews.com.ar\/prensa\/la-curva-de-aprendizaje-ya-se-hace-sentir-en-vaca-muerta\/","title":{"rendered":"La curva de aprendizaje ya se hace sentir en Vaca Muerta"},"content":{"rendered":"<h2 class=\"jeg_post_subtitle\">La producci\u00f3n de Neuqu\u00e9n retom\u00f3 los niveles de fines de 2015. La baja de costos y la nueva tecnolog\u00eda fueron claves en el repunte.<\/h2>\n<p>La sociedad de YPF con Chevron en la operaci\u00f3n del yacimiento no convencional de Loma Campana consigui\u00f3 pasar en menos de tres a\u00f1os de producir el 23 por ciento del total del crudo de la provincial a m\u00e1s del 28 por ciento.<\/p>\n<p>M\u00e1s all\u00e1 de los vaivenes en el precio del crudo, hubo una cuesti\u00f3n t\u00e9cnica que permiti\u00f3 aumentar la producci\u00f3n y est\u00e1 directamente vinculada a la puesta en marcha de los denominados pozos horizontales. Esa tecnolog\u00eda permiti\u00f3 bajar los costos e incrementar el ritmo de extracci\u00f3n, informaci\u00f3n que hab\u00eda sido adelantada por el ministro de Energ\u00eda de la provincia, Alejandro Monteiro.<\/p>\n<div class=\"jeg_ad jeg_ad_article jnews_content_inline_ads \"><\/div>\n<p>De esta manera, la producci\u00f3n de crudo de Neuqu\u00e9n retom\u00f3 los niveles de fines de 2015. La producci\u00f3n de YPF y Chevron salt\u00f3 de 24.382 barriles promedio por d\u00eda a 30.258 barriles promedio por d\u00eda desde octubre de 2015 hasta mayo de 2018.<\/p>\n<p>El salto implica un crecimiento de producci\u00f3n del 24 por ciento en un lapso de temporal en el que el total de la extracci\u00f3n petrolera de la provincia demuestra n\u00fameros similares. Es decir, el aporte de Loma Campana es el principal factor para explicar la remontada de en los vol\u00famenes de producci\u00f3n que le permitieron al gobernador Omar Guti\u00e9rrez anunciar a fines de junio un r\u00e9cord en m\u00e1s de 30 meses para la extracci\u00f3n de crudo en la cuenca neuquina.<\/p>\n<p>Seg\u00fan los datos que maneja el gobierno de Neuqu\u00e9n, en mayo de este a\u00f1o la producci\u00f3n promedio diaria de la provincia lleg\u00f3 a los 112.400 barriles de petr\u00f3leo. En el lapso de referencia, el precio del crudo en el mundo pas\u00f3 de 35 a 77 d\u00f3lares, en la modalidad Brent, que es el que se usa de referencia para la cotizaci\u00f3n de la producci\u00f3n nacional.<\/p>\n<p>Para la provincia el aumento del volumen de extracci\u00f3n implica un incremento de las remesas que cobra por regal\u00edas. Adem\u00e1s, los precios del petr\u00f3leo en alza pueden ser un incentivo para acelerar inversiones a modo de aumentar la producci\u00f3n para aprovechar la coyuntura.<\/p>\n<p>Fuente: Revista Petroqu\u00edmica<\/p>\n<!-- AddThis Advanced Settings generic via filter on the_content -->","protected":false},"excerpt":{"rendered":"<p>La producci\u00f3n de Neuqu\u00e9n retom\u00f3 los niveles de fines de 2015. La baja de costos y la nueva tecnolog\u00eda fueron<!-- AddThis Advanced Settings generic via filter on get_the_excerpt --><\/p>\n","protected":false},"author":2,"featured_media":8439,"comment_status":"closed","ping_status":"closed","sticky":false,"template":"","format":"standard","meta":{"colormag_page_container_layout":"default_layout","colormag_page_sidebar_layout":"default_layout","jetpack_post_was_ever_published":false,"_jetpack_newsletter_access":"","_jetpack_dont_email_post_to_subs":false,"_jetpack_newsletter_tier_id":0,"_jetpack_memberships_contains_paywalled_content":false,"_jetpack_memberships_contains_paid_content":false,"footnotes":"","jetpack_publicize_message":"","jetpack_publicize_feature_enabled":true,"jetpack_social_post_already_shared":true,"jetpack_social_options":{"image_generator_settings":{"template":"highway","default_image_id":0,"font":"","enabled":false},"version":2}},"categories":[11],"tags":[17],"class_list":["post-8437","post","type-post","status-publish","format-standard","has-post-thumbnail","hentry","category-energia-y-produccion","tag-otros-medios"],"jetpack_publicize_connections":[],"jetpack_featured_media_url":"https:\/\/i0.wp.com\/ccnews.com.ar\/prensa\/wp-content\/uploads\/2018\/07\/loma_campana-750x375.jpg?fit=750%2C375","jetpack_shortlink":"https:\/\/wp.me\/p7L1gj-2c5","jetpack-related-posts":[{"id":7761,"url":"http:\/\/ccnews.com.ar\/prensa\/en-marzo-crecio-un-82-la-produccion-de-crudo-de-neuquen\/","url_meta":{"origin":8437,"position":0},"title":"En marzo creci\u00f3 un 8,2% la producci\u00f3n de crudo de Neuqu\u00e9n","author":"admin","date":"11 mayo, 2018","format":false,"excerpt":"Es la variaci\u00f3n interanual de marzo. La suba en el trimestre fue de 5%, seg\u00fan n\u00fameros del Ministerio de Energ\u00eda de la Naci\u00f3n. La producci\u00f3n de petr\u00f3leo y gas sigue en alza en Neuqu\u00e9n. Si se la mide de manera interanual, present\u00f3 un crecimiento del 4,96 por ciento en petr\u00f3leo\u2026","rel":"","context":"En \u00abSustentabilidad\u00bb","block_context":{"text":"Sustentabilidad","link":"http:\/\/ccnews.com.ar\/prensa\/category\/sustentabilidad\/"},"img":{"alt_text":"","src":"https:\/\/i0.wp.com\/ccnews.com.ar\/prensa\/wp-content\/uploads\/2018\/05\/20180502084801.jpg?fit=612%2C462&resize=350%2C200","width":350,"height":200,"srcset":"https:\/\/i0.wp.com\/ccnews.com.ar\/prensa\/wp-content\/uploads\/2018\/05\/20180502084801.jpg?fit=612%2C462&resize=350%2C200 1x, https:\/\/i0.wp.com\/ccnews.com.ar\/prensa\/wp-content\/uploads\/2018\/05\/20180502084801.jpg?fit=612%2C462&resize=525%2C300 1,5x"},"classes":[]},{"id":6673,"url":"http:\/\/ccnews.com.ar\/prensa\/la-mitad-del-gas-que-se-extrae-en-neuquen-es-no-convencional\/","url_meta":{"origin":8437,"position":1},"title":"La mitad del gas que se extrae en Neuqu\u00e9n es no convencional","author":"CLUSTERciar","date":"3 febrero, 2018","format":false,"excerpt":"La provincia es la principal productora de fluido del pa\u00eds. Entrega el 50% de lo que se inyecta a los ca\u00f1os locales. Los planes de incentivo, la baja de costos y la productividad de las formaciones fueron la clave. El gas no convencional es \u201cuna realidad\u201d. La frase suele repetirse\u2026","rel":"","context":"En \u00abEnerg\u00eda y Producci\u00f3n\u00bb","block_context":{"text":"Energ\u00eda y Producci\u00f3n","link":"http:\/\/ccnews.com.ar\/prensa\/category\/energia-y-produccion\/"},"img":{"alt_text":"","src":"https:\/\/i0.wp.com\/ccnews.com.ar\/prensa\/wp-content\/uploads\/2018\/01\/image_content_9276293_20180117222402.jpg?fit=660%2C370&resize=350%2C200","width":350,"height":200,"srcset":"https:\/\/i0.wp.com\/ccnews.com.ar\/prensa\/wp-content\/uploads\/2018\/01\/image_content_9276293_20180117222402.jpg?fit=660%2C370&resize=350%2C200 1x, https:\/\/i0.wp.com\/ccnews.com.ar\/prensa\/wp-content\/uploads\/2018\/01\/image_content_9276293_20180117222402.jpg?fit=660%2C370&resize=525%2C300 1,5x"},"classes":[]},{"id":10261,"url":"http:\/\/ccnews.com.ar\/prensa\/los-desarrollos-de-vaca-muerta-empujaron-el-alza-en-la-produccion\/","url_meta":{"origin":8437,"position":2},"title":"Los desarrollos de Vaca muerta empujaron el alza en la producci\u00f3n","author":"admin","date":"8 febrero, 2019","format":false,"excerpt":"Neuqu\u00e9n cerr\u00f3 el 2018 con un incremento en la producci\u00f3n de gas y petr\u00f3leo. Los no convencionales permitieron absorber la ca\u00edda que registraron los campos convencionales. Los hidrocarburos no convencionales, en especial los provenientes de Vaca Muerta, permitieron mitigar la ca\u00edda que en la provincia de Neuqu\u00e9n registraron los campos\u2026","rel":"","context":"En \u00abEnerg\u00eda y Producci\u00f3n\u00bb","block_context":{"text":"Energ\u00eda y Producci\u00f3n","link":"http:\/\/ccnews.com.ar\/prensa\/category\/energia-y-produccion\/"},"img":{"alt_text":"","src":"https:\/\/i0.wp.com\/ccnews.com.ar\/prensa\/wp-content\/uploads\/2019\/02\/inspeccion1-1.jpg?fit=660%2C370&resize=350%2C200","width":350,"height":200,"srcset":"https:\/\/i0.wp.com\/ccnews.com.ar\/prensa\/wp-content\/uploads\/2019\/02\/inspeccion1-1.jpg?fit=660%2C370&resize=350%2C200 1x, https:\/\/i0.wp.com\/ccnews.com.ar\/prensa\/wp-content\/uploads\/2019\/02\/inspeccion1-1.jpg?fit=660%2C370&resize=525%2C300 1,5x"},"classes":[]},{"id":8463,"url":"http:\/\/ccnews.com.ar\/prensa\/crecio-la-produccion-de-gas-y-petroleo-en-neuquen-en-los-ultimos-5-meses\/","url_meta":{"origin":8437,"position":3},"title":"Creci\u00f3 la producci\u00f3n de gas y petr\u00f3leo en Neuqu\u00e9n en los \u00faltimos 5 meses","author":"CLUSTERciar","date":"2 agosto, 2018","format":false,"excerpt":"El gobernador precis\u00f3 que en el caso del gas se increment\u00f3 en un 5,8 por ciento, y en el petr\u00f3leo un 7,5. El gobernador Omar Guti\u00e9rrez confirm\u00f3 el jueves 12 de julio que en los primeros 5 meses de este a\u00f1o \u201cse registr\u00f3 un incremento del 7,5 por ciento en\u2026","rel":"","context":"En \u00abEnerg\u00eda y Producci\u00f3n\u00bb","block_context":{"text":"Energ\u00eda y Producci\u00f3n","link":"http:\/\/ccnews.com.ar\/prensa\/category\/energia-y-produccion\/"},"img":{"alt_text":"","src":"https:\/\/i0.wp.com\/ccnews.com.ar\/prensa\/wp-content\/uploads\/2018\/07\/20180712091101.jpg?fit=1000%2C566&resize=350%2C200","width":350,"height":200,"srcset":"https:\/\/i0.wp.com\/ccnews.com.ar\/prensa\/wp-content\/uploads\/2018\/07\/20180712091101.jpg?fit=1000%2C566&resize=350%2C200 1x, https:\/\/i0.wp.com\/ccnews.com.ar\/prensa\/wp-content\/uploads\/2018\/07\/20180712091101.jpg?fit=1000%2C566&resize=525%2C300 1,5x, https:\/\/i0.wp.com\/ccnews.com.ar\/prensa\/wp-content\/uploads\/2018\/07\/20180712091101.jpg?fit=1000%2C566&resize=700%2C400 2x"},"classes":[]},{"id":12013,"url":"http:\/\/ccnews.com.ar\/prensa\/neuquen-alcanzo-la-produccion-de-petroleo-mas-alta-en-diez-anos\/","url_meta":{"origin":8437,"position":4},"title":"Neuqu\u00e9n alcanz\u00f3 la producci\u00f3n de petr\u00f3leo m\u00e1s alta en diez a\u00f1os","author":"admin","date":"28 junio, 2019","format":false,"excerpt":"El crudo no convencional de Vaca Muerta fue el gran responsable. Se bombearon m\u00e1s de 138.000 barriles por d\u00eda en mayo y se super\u00f3 la marca de 2009. La extracci\u00f3n de gas registr\u00f3 un incremento del 5,12% respecto a abril. La demanda local impuls\u00f3 los metros c\u00fabicos. La decisi\u00f3n de\u2026","rel":"","context":"En \u00abEnerg\u00eda y Producci\u00f3n\u00bb","block_context":{"text":"Energ\u00eda y Producci\u00f3n","link":"http:\/\/ccnews.com.ar\/prensa\/category\/energia-y-produccion\/"},"img":{"alt_text":"","src":"https:\/\/i0.wp.com\/ccnews.com.ar\/prensa\/wp-content\/uploads\/2019\/06\/articulos_7413_1_180830_135522.jpg?fit=1200%2C721&resize=350%2C200","width":350,"height":200,"srcset":"https:\/\/i0.wp.com\/ccnews.com.ar\/prensa\/wp-content\/uploads\/2019\/06\/articulos_7413_1_180830_135522.jpg?fit=1200%2C721&resize=350%2C200 1x, https:\/\/i0.wp.com\/ccnews.com.ar\/prensa\/wp-content\/uploads\/2019\/06\/articulos_7413_1_180830_135522.jpg?fit=1200%2C721&resize=525%2C300 1,5x, https:\/\/i0.wp.com\/ccnews.com.ar\/prensa\/wp-content\/uploads\/2019\/06\/articulos_7413_1_180830_135522.jpg?fit=1200%2C721&resize=700%2C400 2x, https:\/\/i0.wp.com\/ccnews.com.ar\/prensa\/wp-content\/uploads\/2019\/06\/articulos_7413_1_180830_135522.jpg?fit=1200%2C721&resize=1050%2C600 3x"},"classes":[]},{"id":12343,"url":"http:\/\/ccnews.com.ar\/prensa\/tecpetrol-ya-tiene-dos-concesiones-mas-en-vaca-muerta\/","url_meta":{"origin":8437,"position":5},"title":"Tecpetrol ya tiene dos concesiones m\u00e1s en Vaca Muerta","author":"admin","date":"28 julio, 2019","format":false,"excerpt":"El gobierno provincial le otorg\u00f3 la licencia para\u00a0 Los Toldos I Norte y Los Toldos II Este. Tecpetrol, el brazo petrolero del grupo Techint, obtuvo dos nuevas concesiones no convencionales en Vaca Muerta. Se trata de las \u00e1reas Los Toldos 1 Norte y Los Toldos 2 Este, donde la petrolera\u2026","rel":"","context":"En \u00abEnerg\u00eda y Producci\u00f3n\u00bb","block_context":{"text":"Energ\u00eda y Producci\u00f3n","link":"http:\/\/ccnews.com.ar\/prensa\/category\/energia-y-produccion\/"},"img":{"alt_text":"","src":"https:\/\/i0.wp.com\/ccnews.com.ar\/prensa\/wp-content\/uploads\/2019\/07\/pozo-petroleo-gas.jpg?fit=1033%2C580&resize=350%2C200","width":350,"height":200,"srcset":"https:\/\/i0.wp.com\/ccnews.com.ar\/prensa\/wp-content\/uploads\/2019\/07\/pozo-petroleo-gas.jpg?fit=1033%2C580&resize=350%2C200 1x, https:\/\/i0.wp.com\/ccnews.com.ar\/prensa\/wp-content\/uploads\/2019\/07\/pozo-petroleo-gas.jpg?fit=1033%2C580&resize=525%2C300 1,5x, https:\/\/i0.wp.com\/ccnews.com.ar\/prensa\/wp-content\/uploads\/2019\/07\/pozo-petroleo-gas.jpg?fit=1033%2C580&resize=700%2C400 2x"},"classes":[]}],"jetpack_sharing_enabled":true,"_links":{"self":[{"href":"http:\/\/ccnews.com.ar\/prensa\/wp-json\/wp\/v2\/posts\/8437","targetHints":{"allow":["GET"]}}],"collection":[{"href":"http:\/\/ccnews.com.ar\/prensa\/wp-json\/wp\/v2\/posts"}],"about":[{"href":"http:\/\/ccnews.com.ar\/prensa\/wp-json\/wp\/v2\/types\/post"}],"author":[{"embeddable":true,"href":"http:\/\/ccnews.com.ar\/prensa\/wp-json\/wp\/v2\/users\/2"}],"replies":[{"embeddable":true,"href":"http:\/\/ccnews.com.ar\/prensa\/wp-json\/wp\/v2\/comments?post=8437"}],"version-history":[{"count":1,"href":"http:\/\/ccnews.com.ar\/prensa\/wp-json\/wp\/v2\/posts\/8437\/revisions"}],"predecessor-version":[{"id":8441,"href":"http:\/\/ccnews.com.ar\/prensa\/wp-json\/wp\/v2\/posts\/8437\/revisions\/8441"}],"wp:featuredmedia":[{"embeddable":true,"href":"http:\/\/ccnews.com.ar\/prensa\/wp-json\/wp\/v2\/media\/8439"}],"wp:attachment":[{"href":"http:\/\/ccnews.com.ar\/prensa\/wp-json\/wp\/v2\/media?parent=8437"}],"wp:term":[{"taxonomy":"category","embeddable":true,"href":"http:\/\/ccnews.com.ar\/prensa\/wp-json\/wp\/v2\/categories?post=8437"},{"taxonomy":"post_tag","embeddable":true,"href":"http:\/\/ccnews.com.ar\/prensa\/wp-json\/wp\/v2\/tags?post=8437"}],"curies":[{"name":"wp","href":"https:\/\/api.w.org\/{rel}","templated":true}]}}