{"id":8449,"date":"2018-07-27T08:00:24","date_gmt":"2018-07-27T11:00:24","guid":{"rendered":"http:\/\/clusterciarnews.com.ar\/prensa\/?p=8449"},"modified":"2018-07-27T08:21:51","modified_gmt":"2018-07-27T11:21:51","slug":"la-primera-cirugia-3d-en-neuquen","status":"publish","type":"post","link":"http:\/\/ccnews.com.ar\/prensa\/la-primera-cirugia-3d-en-neuquen\/","title":{"rendered":"La primera cirug\u00eda 3D en Neuqu\u00e9n"},"content":{"rendered":"<h2 class=\"subheadline font-2 fs16\">El equipo con im\u00e1genes de alta definici\u00f3n en tres dimensiones permiti\u00f3 realizar una intervenci\u00f3n con m\u00e1s exactitud y rapidez.<\/h2>\n<div class=\"paragraph\">\n<p>Neuqu\u00e9n fue testigo el lunes de un novedoso m\u00e9todo aplicado en medicina regional. Se concret\u00f3 la primera cirug\u00eda 3D en la provincia, en una paciente de 31 a\u00f1os, gracias a un equipamiento que ofrece im\u00e1genes en tres dimensiones en alta definici\u00f3n, que s\u00f3lo est\u00e1 disponible en tres provincias del pa\u00eds.<\/p>\n<p>\u201cCon esta t\u00e9cnica de cirug\u00eda es posible minimizar el margen de error respecto a la tecnolog\u00eda actual 2D y reducir el tiempo quir\u00fargico en un 30%, lo que disminuye el cansancio del equipo quir\u00fargico en intervenciones complejas, facilita el aprendizaje de nuevos especialistas y, por sobre todo, se logra que la intervenci\u00f3n sea m\u00e1s precisa y reduce la posibilidad de complicaciones en el paciente\u201d, remarc\u00f3 del m\u00e9dico Hugo Di Fiore, Ginec\u00f3logo Onc\u00f3logo, qui\u00e9n acerc\u00f3 esta tecnolog\u00eda a la regi\u00f3n.<\/p>\n<p>El profesional coment\u00f3 que la paciente intervenida, de 31 a\u00f1os, ten\u00eda problemas de esterilidad, debido a unos fibromas en el \u00fatero y endometriosis. La pr\u00e1ctica tuvo lugar en la Cl\u00ednica CMIC el lunes .<\/p>\n<p>El procedimiento dur\u00f3 2 horas y al d\u00eda siguiente la paciente ya pudo ser dada de alta.<\/p>\n<p>Para julio ya hay previstas otras dos intervenciones con la utilizaci\u00f3n de esta nueva tecnolog\u00eda. El m\u00e9dico agreg\u00f3 que la aparatolog\u00eda se puede emplear para todo tipo de cirug\u00edas.<\/p>\n<p>La intervenci\u00f3n estuvo a cargo del m\u00e9dico Hugo Di Fiore. Formaron parte de equipo Marino Horacio, especialista en ginecolog\u00eda y reproducci\u00f3n; Ana Grisetti, especialista en Ginecolog\u00eda; el doctor Claudio Scalzo; el anestesista Adolfo Fossati y las instrumentadoras Carolina Mardones y Adriana Chand\u00eda.<\/p>\n<p>La t\u00e9cnica utilizada incluye la utilizaci\u00f3n de un laparoscopio 3D Full HD de Karl Storz. El moderno aparato est\u00e1 presente solo en Mendoza, C\u00f3rdoba y ahora Neuqu\u00e9n.<\/p>\n<p>\u201cHace que la cirug\u00eda sea m\u00e1s eficiente, m\u00e1s r\u00e1pida, y m\u00e1s segura para el paciente\u201d, destac\u00f3 el especialista.<\/p>\n<p>El equipamiento cuenta con un monitor de 32 pulgadas.<\/p>\n<p>\u201cIntroducimos una \u00f3ptica que nos transmite una imagen al monitor. Pasa por un procesador, y la imagen de adentro la convierte en 3D en el monitor, y vamos mirando a la pantalla. Se hace la cirug\u00eda de acuerdo a lo que se ve en el monitor\u201d, explic\u00f3 Di Fiore sobre c\u00f3mo se usa esta tecnolog\u00eda. Tambi\u00e9n marc\u00f3 las ventajas que ofrece la laparoscopia: \u201creduce la p\u00e9rdida sangu\u00ednea durante la operaci\u00f3n, el dolor posquir\u00fargico y la tasa de infecciones, hechos que mejoran al m\u00e1ximo la recuperaci\u00f3n de las pacientes\u201d, enumer\u00f3.<\/p>\n<\/div>\n<div class=\"microformat_headline ant-text\"><strong>El dato<\/strong><\/div>\n<div class=\"microformat_highlight_text ant-microformat_headline\"><strong>3\u00a0<\/strong>provincias cuentan hoy con los equipos necesarios para esta pr\u00e1ctica: C\u00f3rdoba, Mendoza y ahora Neuqu\u00e9n.<\/div>\n<div><\/div>\n<div class=\"html_text\"><img data-recalc-dims=\"1\" loading=\"lazy\" decoding=\"async\" data-attachment-id=\"8451\" data-permalink=\"http:\/\/ccnews.com.ar\/prensa\/la-primera-cirugia-3d-en-neuquen\/1-8\/\" data-orig-file=\"https:\/\/i0.wp.com\/ccnews.com.ar\/prensa\/wp-content\/uploads\/2018\/07\/1.jpg?fit=624%2C400\" data-orig-size=\"624,400\" data-comments-opened=\"0\" data-image-meta=\"{&quot;aperture&quot;:&quot;0&quot;,&quot;credit&quot;:&quot;&quot;,&quot;camera&quot;:&quot;&quot;,&quot;caption&quot;:&quot;&quot;,&quot;created_timestamp&quot;:&quot;0&quot;,&quot;copyright&quot;:&quot;&quot;,&quot;focal_length&quot;:&quot;0&quot;,&quot;iso&quot;:&quot;0&quot;,&quot;shutter_speed&quot;:&quot;0&quot;,&quot;title&quot;:&quot;&quot;,&quot;orientation&quot;:&quot;0&quot;}\" data-image-title=\"1\" data-image-description=\"\" data-image-caption=\"\" data-large-file=\"https:\/\/i0.wp.com\/ccnews.com.ar\/prensa\/wp-content\/uploads\/2018\/07\/1.jpg?fit=624%2C400\" class=\"aligncenter size-full wp-image-8451\" src=\"https:\/\/i0.wp.com\/clusterciarnews.com.ar\/prensa\/wp-content\/uploads\/2018\/07\/1.jpg?resize=624%2C400\" alt=\"\" width=\"624\" height=\"400\" srcset=\"https:\/\/i0.wp.com\/ccnews.com.ar\/prensa\/wp-content\/uploads\/2018\/07\/1.jpg?w=624 624w, https:\/\/i0.wp.com\/ccnews.com.ar\/prensa\/wp-content\/uploads\/2018\/07\/1.jpg?resize=300%2C192 300w\" sizes=\"auto, (max-width: 624px) 100vw, 624px\" \/><\/div>\n<div class=\"box_headline ant-html_text\">Una subespecialidad de la ginecolog\u00eda de hace 30 a\u00f1os<\/div>\n<div class=\"box_text ant-box_headline\">\n<p>El m\u00e9dico Hugo Di Fiore es especialista en Ginecolog\u00eda. Realiz\u00f3 su perfeccionamiento en cirug\u00eda laparosc\u00f3pica en Europa durante seis a\u00f1os.<\/p>\n<\/div>\n<div class=\"box_text ant-box_text\">\n<p>Explic\u00f3 que el ginec\u00f3logo onc\u00f3logo es un m\u00e9dico capacitado en el tratamiento del c\u00e1ncer de los \u00f3rganos sexuales y reproductivos de la mujer. La necesidad de esta subespecialidad comenz\u00f3 en el mundo hace m\u00e1s de 30 a\u00f1os y \u201clos avances realizados \u00faltimamente han determinado que la Ginecolog\u00eda Oncol\u00f3gica se haya constituido en diversas partes del mundo como una subespecializaci\u00f3n dentro de la ginecolog\u00eda\u201d. En Estados Unidos, ya en 1969 se definieron \u00e1reas particulares de especializaci\u00f3n, entre ellas la Ginecolog\u00eda Oncol\u00f3gica. Valor\u00f3 que estos cambios trajeron notables avances en el tratamiento del c\u00e1ncer de este tipo. \u201cPor tanto podemos concluir que las intervenciones para poder curar el c\u00e1ncer de la mujer deber\u00edan de ser realizadas por un ginec\u00f3logo con estos conocimientos\u201d, afirm\u00f3 Di Fiore.<\/p>\n<\/div>\n<p>Fuente: R\u00edo Negro<\/p>\n<!-- AddThis Advanced Settings generic via filter on the_content -->","protected":false},"excerpt":{"rendered":"<p>El equipo con im\u00e1genes de alta definici\u00f3n en tres dimensiones permiti\u00f3 realizar una intervenci\u00f3n con m\u00e1s exactitud y rapidez. Neuqu\u00e9n<!-- AddThis Advanced Settings generic via filter on get_the_excerpt --><\/p>\n","protected":false},"author":2,"featured_media":8453,"comment_status":"closed","ping_status":"closed","sticky":false,"template":"","format":"standard","meta":{"colormag_page_container_layout":"default_layout","colormag_page_sidebar_layout":"default_layout","jetpack_post_was_ever_published":false,"_jetpack_newsletter_access":"","_jetpack_dont_email_post_to_subs":false,"_jetpack_newsletter_tier_id":0,"_jetpack_memberships_contains_paywalled_content":false,"_jetpack_memberships_contains_paid_content":false,"footnotes":"","jetpack_publicize_message":"","jetpack_publicize_feature_enabled":true,"jetpack_social_post_already_shared":true,"jetpack_social_options":{"image_generator_settings":{"template":"highway","default_image_id":0,"font":"","enabled":false},"version":2}},"categories":[5],"tags":[17],"class_list":["post-8449","post","type-post","status-publish","format-standard","has-post-thumbnail","hentry","category-transformacion-digital","tag-otros-medios"],"jetpack_publicize_connections":[],"jetpack_featured_media_url":"https:\/\/i0.wp.com\/ccnews.com.ar\/prensa\/wp-content\/uploads\/2018\/07\/image_content_9834443_20180627010726.jpg?fit=660%2C370","jetpack_shortlink":"https:\/\/wp.me\/p7L1gj-2ch","jetpack-related-posts":[{"id":10255,"url":"http:\/\/ccnews.com.ar\/prensa\/el-clinic-de-barcelona-inaugura-el-primer-quirofano-con-conectividad-5g\/","url_meta":{"origin":8449,"position":0},"title":"El Cl\u00ednic de Barcelona inaugura el primer quir\u00f3fano con conectividad 5G","author":"admin","date":"7 febrero, 2019","format":false,"excerpt":"El Hospital realizar\u00e1 una primera \"operaci\u00f3n remota\" con esta tecnolog\u00eda durante el Mobile World Congress El mantra se repite una y otra vez: \"La conectividad 5G cambiar\u00e1 para siempre nuestras vidas y la manera en que nos relacionamos con las cosas\". Pero esta tecnolog\u00eda, que est\u00e1 todav\u00eda en sus fases\u2026","rel":"","context":"En \u00abTransformaci\u00f3n digital\u00bb","block_context":{"text":"Transformaci\u00f3n digital","link":"http:\/\/ccnews.com.ar\/prensa\/category\/transformacion-digital\/"},"img":{"alt_text":"","src":"https:\/\/i0.wp.com\/ccnews.com.ar\/prensa\/wp-content\/uploads\/2019\/02\/tec1-1.jpg?fit=1200%2C688&resize=350%2C200","width":350,"height":200,"srcset":"https:\/\/i0.wp.com\/ccnews.com.ar\/prensa\/wp-content\/uploads\/2019\/02\/tec1-1.jpg?fit=1200%2C688&resize=350%2C200 1x, https:\/\/i0.wp.com\/ccnews.com.ar\/prensa\/wp-content\/uploads\/2019\/02\/tec1-1.jpg?fit=1200%2C688&resize=525%2C300 1,5x, https:\/\/i0.wp.com\/ccnews.com.ar\/prensa\/wp-content\/uploads\/2019\/02\/tec1-1.jpg?fit=1200%2C688&resize=700%2C400 2x, https:\/\/i0.wp.com\/ccnews.com.ar\/prensa\/wp-content\/uploads\/2019\/02\/tec1-1.jpg?fit=1200%2C688&resize=1050%2C600 3x"},"classes":[]},{"id":8773,"url":"http:\/\/ccnews.com.ar\/prensa\/la-tecnologia-para-diagnosticar-y-tratar-el-cancer-de-mama\/","url_meta":{"origin":8449,"position":1},"title":"La tecnolog\u00eda para diagnosticar y tratar el c\u00e1ncer de mama","author":"CLUSTERciar","date":"5 septiembre, 2018","format":false,"excerpt":"Profesionales de la salud de Neuqu\u00e9n y R\u00edo Negro participaron el viernes de una jornada intensiva en el Centro Onc\u00f3logico Integral. El Centro Onc\u00f3logico Integral (COI) fue sede de las Jornadas de Oncoim\u00e1genes Mamarias que convoc\u00f3 a alrededor de 60 profesionales de la\u00a0salud\u00a0de Neuqu\u00e9n y R\u00edo Negro. La actividad, que\u2026","rel":"","context":"En \u00abEducaci\u00f3n\/Sociedad\u00bb","block_context":{"text":"Educaci\u00f3n\/Sociedad","link":"http:\/\/ccnews.com.ar\/prensa\/category\/educacion-sociedad\/"},"img":{"alt_text":"","src":"https:\/\/i0.wp.com\/ccnews.com.ar\/prensa\/wp-content\/uploads\/2018\/09\/0003244137.jpg?fit=770%2C433&resize=350%2C200","width":350,"height":200,"srcset":"https:\/\/i0.wp.com\/ccnews.com.ar\/prensa\/wp-content\/uploads\/2018\/09\/0003244137.jpg?fit=770%2C433&resize=350%2C200 1x, https:\/\/i0.wp.com\/ccnews.com.ar\/prensa\/wp-content\/uploads\/2018\/09\/0003244137.jpg?fit=770%2C433&resize=525%2C300 1,5x, https:\/\/i0.wp.com\/ccnews.com.ar\/prensa\/wp-content\/uploads\/2018\/09\/0003244137.jpg?fit=770%2C433&resize=700%2C400 2x"},"classes":[]},{"id":5073,"url":"http:\/\/ccnews.com.ar\/prensa\/por-primera-vez-el-modelado-y-la-impresion-3d-en-un-solo-entrenamiento\/","url_meta":{"origin":8449,"position":2},"title":"Por primera vez,  el modelado y la impresi\u00f3n 3D  en un solo entrenamiento","author":"CLUSTERciar","date":"16 agosto, 2017","format":false,"excerpt":"La empresas Ciar y Cacto 3D unen sus iniciativas de promover el uso de las nuevas tecnolog\u00edas y ofrecen Inventor + Impresi\u00f3n 3D, una capacitaci\u00f3n que ense\u00f1a a dise\u00f1ar modelos digitales y a imprimirlos en tres dimensiones.\u00a0 Por primera vez en la regi\u00f3n neuquina, un entrenamiento permite aprender no solo\u2026","rel":"","context":"En \u00abTransformaci\u00f3n digital\u00bb","block_context":{"text":"Transformaci\u00f3n digital","link":"http:\/\/ccnews.com.ar\/prensa\/category\/transformacion-digital\/"},"img":{"alt_text":"cecilia","src":"https:\/\/i0.wp.com\/clusterciarnews.com.ar\/prensa\/wp-content\/uploads\/2017\/08\/cecilia-1024x666.jpg?resize=350%2C200","width":350,"height":200},"classes":[]},{"id":10139,"url":"http:\/\/ccnews.com.ar\/prensa\/neuquen-pondra-lo-mejor-de-su-archivo-historico-en-la-web\/","url_meta":{"origin":8449,"position":3},"title":"Neuqu\u00e9n pondr\u00e1 lo mejor de su archivo hist\u00f3rico en la web","author":"CLUSTERciar","date":"28 enero, 2019","format":false,"excerpt":"El Municipio digitalizar\u00e1 im\u00e1genes, planos y documentos hist\u00f3ricos disponibles desde 1904 hasta ahora. El archivo hist\u00f3rico de la ciudad que contiene documentaci\u00f3n desde 1904 hasta la actualidad ser\u00e1 digitalizado y subido a la nube a trav\u00e9s de internet, y estar\u00e1 al alcance de todos gracias a la incorporaci\u00f3n de un\u2026","rel":"","context":"En \u00abTransformaci\u00f3n digital\u00bb","block_context":{"text":"Transformaci\u00f3n digital","link":"http:\/\/ccnews.com.ar\/prensa\/category\/transformacion-digital\/"},"img":{"alt_text":"","src":"https:\/\/i0.wp.com\/ccnews.com.ar\/prensa\/wp-content\/uploads\/2019\/01\/0003454476.jpg?fit=770%2C433&resize=350%2C200","width":350,"height":200,"srcset":"https:\/\/i0.wp.com\/ccnews.com.ar\/prensa\/wp-content\/uploads\/2019\/01\/0003454476.jpg?fit=770%2C433&resize=350%2C200 1x, https:\/\/i0.wp.com\/ccnews.com.ar\/prensa\/wp-content\/uploads\/2019\/01\/0003454476.jpg?fit=770%2C433&resize=525%2C300 1,5x, https:\/\/i0.wp.com\/ccnews.com.ar\/prensa\/wp-content\/uploads\/2019\/01\/0003454476.jpg?fit=770%2C433&resize=700%2C400 2x"},"classes":[]},{"id":7435,"url":"http:\/\/ccnews.com.ar\/prensa\/exxonmobil-confirmo-la-llegada-de-un-nuevo-equipo-de-perforacion\/","url_meta":{"origin":8449,"position":4},"title":"Exxonmobil confirm\u00f3 la llegada de un nuevo equipo de perforaci\u00f3n","author":"admin","date":"14 abril, 2018","format":false,"excerpt":"La compa\u00f1\u00eda norteamericana se comprometi\u00f3 con el gobernador de Neuqu\u00e9n y aseguran que con esta unidad ampliar\u00e1n la cantidad de pozos horizontales en las \u00e1reas Bajo del Choique, Los Toldos I y Pampa de las Yeguas. El Gobernador de Neuqu\u00e9n, Omar Guti\u00e9rrez, junto al presidente de la petrolera estatal Gas\u2026","rel":"","context":"En \u00abEnerg\u00eda y Producci\u00f3n\u00bb","block_context":{"text":"Energ\u00eda y Producci\u00f3n","link":"http:\/\/ccnews.com.ar\/prensa\/category\/energia-y-produccion\/"},"img":{"alt_text":"","src":"https:\/\/i0.wp.com\/ccnews.com.ar\/prensa\/wp-content\/uploads\/2018\/04\/20180329191001.jpg?fit=990%2C736&resize=350%2C200","width":350,"height":200,"srcset":"https:\/\/i0.wp.com\/ccnews.com.ar\/prensa\/wp-content\/uploads\/2018\/04\/20180329191001.jpg?fit=990%2C736&resize=350%2C200 1x, https:\/\/i0.wp.com\/ccnews.com.ar\/prensa\/wp-content\/uploads\/2018\/04\/20180329191001.jpg?fit=990%2C736&resize=525%2C300 1,5x, https:\/\/i0.wp.com\/ccnews.com.ar\/prensa\/wp-content\/uploads\/2018\/04\/20180329191001.jpg?fit=990%2C736&resize=700%2C400 2x"},"classes":[]},{"id":10161,"url":"http:\/\/ccnews.com.ar\/prensa\/el-salto-de-la-ingenieria-transforma-la-salud\/","url_meta":{"origin":8449,"position":5},"title":"El salto de la ingenier\u00eda transforma la salud","author":"admin","date":"31 enero, 2019","format":false,"excerpt":"La tecnolog\u00eda aplicada a seres vivos revoluciona los servicios sanitarios. Abarca desde cirug\u00edas computarizadas hasta historias cl\u00ednicas electr\u00f3nicas. La formaci\u00f3n de equipos interdisciplinarios, fundamental para el desarrollo. La ingenier\u00eda biom\u00e9dica es una de las disciplinas m\u00e1s j\u00f3venes de la ingenier\u00eda. Si bien ya tiene larga data en nuestro pa\u00eds, sus\u2026","rel":"","context":"En \u00abSustentabilidad\u00bb","block_context":{"text":"Sustentabilidad","link":"http:\/\/ccnews.com.ar\/prensa\/category\/sustentabilidad\/"},"img":{"alt_text":"","src":"https:\/\/i0.wp.com\/ccnews.com.ar\/prensa\/wp-content\/uploads\/2019\/01\/ing1-2.jpg?fit=840%2C472&resize=350%2C200","width":350,"height":200,"srcset":"https:\/\/i0.wp.com\/ccnews.com.ar\/prensa\/wp-content\/uploads\/2019\/01\/ing1-2.jpg?fit=840%2C472&resize=350%2C200 1x, https:\/\/i0.wp.com\/ccnews.com.ar\/prensa\/wp-content\/uploads\/2019\/01\/ing1-2.jpg?fit=840%2C472&resize=525%2C300 1,5x, https:\/\/i0.wp.com\/ccnews.com.ar\/prensa\/wp-content\/uploads\/2019\/01\/ing1-2.jpg?fit=840%2C472&resize=700%2C400 2x"},"classes":[]}],"jetpack_sharing_enabled":true,"_links":{"self":[{"href":"http:\/\/ccnews.com.ar\/prensa\/wp-json\/wp\/v2\/posts\/8449","targetHints":{"allow":["GET"]}}],"collection":[{"href":"http:\/\/ccnews.com.ar\/prensa\/wp-json\/wp\/v2\/posts"}],"about":[{"href":"http:\/\/ccnews.com.ar\/prensa\/wp-json\/wp\/v2\/types\/post"}],"author":[{"embeddable":true,"href":"http:\/\/ccnews.com.ar\/prensa\/wp-json\/wp\/v2\/users\/2"}],"replies":[{"embeddable":true,"href":"http:\/\/ccnews.com.ar\/prensa\/wp-json\/wp\/v2\/comments?post=8449"}],"version-history":[{"count":1,"href":"http:\/\/ccnews.com.ar\/prensa\/wp-json\/wp\/v2\/posts\/8449\/revisions"}],"predecessor-version":[{"id":8455,"href":"http:\/\/ccnews.com.ar\/prensa\/wp-json\/wp\/v2\/posts\/8449\/revisions\/8455"}],"wp:featuredmedia":[{"embeddable":true,"href":"http:\/\/ccnews.com.ar\/prensa\/wp-json\/wp\/v2\/media\/8453"}],"wp:attachment":[{"href":"http:\/\/ccnews.com.ar\/prensa\/wp-json\/wp\/v2\/media?parent=8449"}],"wp:term":[{"taxonomy":"category","embeddable":true,"href":"http:\/\/ccnews.com.ar\/prensa\/wp-json\/wp\/v2\/categories?post=8449"},{"taxonomy":"post_tag","embeddable":true,"href":"http:\/\/ccnews.com.ar\/prensa\/wp-json\/wp\/v2\/tags?post=8449"}],"curies":[{"name":"wp","href":"https:\/\/api.w.org\/{rel}","templated":true}]}}