{"id":8709,"date":"2018-08-31T08:00:19","date_gmt":"2018-08-31T11:00:19","guid":{"rendered":"http:\/\/clusterciarnews.com.ar\/prensa\/?p=8709"},"modified":"2018-08-22T12:21:08","modified_gmt":"2018-08-22T15:21:08","slug":"una-tecnologia-de-ayuda-para-personas-ciegas","status":"publish","type":"post","link":"http:\/\/ccnews.com.ar\/prensa\/una-tecnologia-de-ayuda-para-personas-ciegas\/","title":{"rendered":"Una tecnolog\u00eda de ayuda para personas ciegas"},"content":{"rendered":"<h2 class=\"subheadline font-2 fs16\">Lo cre\u00f3 un grupo de estudiantes de la EPET 14 de Neuqu\u00e9n. Es para alertar sobre la llegada de colectivos a las paradas.<\/h2>\n<div class=\"paragraph\">\n<p>Un grupo de estudiantes de la EPET 14 desarroll\u00f3 un dispositivo para que personas ciegas puedan recibir un alerta cuando viene el ramal de colectivo que desean viajar, sin depender de otra persona que le d\u00e9 aviso . Busca lograr una mayor inclusi\u00f3n.<\/p>\n<p>\u201cNos propusimos crear algo para que la persona ciega pueda usar el transporte p\u00fablico de una forma independiente y aut\u00f3noma\u201d, apunt\u00f3 Martin Gonzalo Romano, de 18 a\u00f1os, quien cursa el sexto a\u00f1o de la EPET 14, y junto a Gabriela, Roberto, Agostina e Imanol dise\u00f1\u00f3 el aparato.<\/p>\n<p>La idea se viene gestando desde el a\u00f1o pasado y surgi\u00f3 a partir de lo que les coment\u00f3 la madre de una compa\u00f1era que es enfermera. \u201cCont\u00f3 su experiencia con una persona ciega, y que ten\u00edan grandes dificultades a la hora de usar el transporte p\u00fablico\u201d, narr\u00f3 . Esto los motiv\u00f3 a pensar \u201cc\u00f3mo pod\u00edamos aprovechar nuestros conocimientos de electr\u00f3nica para dar una soluci\u00f3n a este problema\u201d, revel\u00f3 Martin Gonzalo Romano.<\/p>\n<p>Tras esta charla hicieron una visita a la Escuela Especial N\u00b07, donde le informaron las dificultades de las personas con discapcidad visual a la hora de usar el transporte y se\u00f1alaron que entre sus obst\u00e1culos estaba el depender de otras personas.<\/p>\n<p>\u201cEn funci\u00f3n de eso ideamos el prototipo que le permite a la persona seleccionar la l\u00ednea de transporte que quiere tomar, y a partir de eso cuando el colectivo se encuentra a la distancia de 100 metros le avisa que est\u00e1 llegando el que seleccion\u00f3\u201d, comunic\u00f3.<\/p>\n<p>Se trata de un dispositivo electr\u00f3nico de peque\u00f1o tama\u00f1o que puede llevarse en el bolsillo . Permite a la persona ciega seleccionar la l\u00ednea de transporte que necesita abordar, mediante un sistema de cuatro pulsadores y mensajes de voz, con una alarma que informa cuando el transporte est\u00e1 pr\u00f3ximo a llegar a la parada.<\/p>\n<p>El estudiante explic\u00f3 que este prototipo necesita de otro que se coloque en el colectivo. \u201cNos dimos cuenta que lo que pod\u00edamos hacer era que ese mismo dispositivo le avise al colectivero que una persona ciega est\u00e1 esperando\u201d, ampli\u00f3 .<\/p>\n<p>Revel\u00f3 que en un momento evaluaron introducirlo dentro del bast\u00f3n guia para ciegos, pero vieron que son elementos que se renuevan con frecuencia por lo que desistieron de esta idea.<\/p>\n<p>El aparato pas\u00f3 por varias etapas. \u201cHemos ido desarrollando bastantes prototipos. Es el tercero o el cuarto. Llegamos a un punto que la tecnolog\u00eda que tenemos para desarrollarlo, lleg\u00f3 a un l\u00edmite. Para seguir optimiz\u00e1ndolo necesitamos adquirir otros componentes que suelen usar otras empresas\u201d, se\u00f1al\u00f3 el alumno .<\/p>\n<p>Esta es una las razones por las que se anotaron al concurso Soluciones para el Futuro, un desaf\u00edo de Samsung en alianza con socialab, y que se puede apoyar votando en la web.<\/p>\n<p>\u201cNuestra idea es ganar el concurso, para hacerlo m\u00e1s conocido, tener apoyo y poder concretarlo\u201d, dijo<\/p>\n<\/div>\n<div class=\"microformat_headline ant-text\">Un prototipo que se expuso en instancias nacionales<\/div>\n<div class=\"paragraph\">\n<p>Cuando los chicos participan en proyectos, en ferias de ciencias, en olimpiadas, logramos mas inter\u00e9s en ellos y mas compromiso en lo que les interesa y adem\u00e1s completan toda al curricula que hay planificada\u201d, explic\u00f3 Ariel Paisani, profesor y jefe de del Departamento del Electr\u00f3nica en la EPET N\u00b014, que acompa\u00f1a el trabajo de los alumnos.<\/p>\n<p>El prototipo ya se present\u00f3 en la feria nacional de ciencias y en las olimpiadas nacionales.<\/p>\n<p>\u201cDonde se presenta los proyectos siempre hay alguien que hace alguna acotaci\u00f3n que nos sirve y ayuda a mejorarlo un poco m\u00e1s\u201d, acot\u00f3 el profesor.<\/p>\n<p>El Departamento de Electr\u00f3nica propicia un espacio para los estudiantes que quieran desarrollar alg\u00fan proyecto, aparte de la actividad regular escolar. \u201cUno lo que hace es acompa\u00f1arlo y asesorarlo . El trabajo lo hace el chico\u201d, marc\u00f3.<\/p>\n<p>Otro idea presentada desde el colegio fue un fotobiorreactor, que mantiene una colonia de algas encargadas de la transformaci\u00f3n del di\u00f3xido de carbono en oxigeno.<\/p>\n<\/div>\n<div class=\"highlight_text ant-text\">En el colectivo ir\u00eda un segundo dispositivo que avisa al conductor de la l\u00ednea seleccionada que una persona ciega est\u00e1 esperando ese ramal en la parada.<\/div>\n<div class=\"microformat_headline ant-highlight_text\">Vot\u00e1 para que avance el proyecto<\/div>\n<div class=\"paragraph\">\n<p>Para apoyar el proyecto de los estudiantes para que acceda a la siguiente instancia se pueda votar en:<\/p>\n<p><a href=\"https:\/\/comunidad.socialab.com\/challenges\/soluciones2018arg\/idea\/65789\" target=\"_blank\" rel=\"nofollow noopener\">https:\/\/comunidad.socialab.com\/challenges\/soluciones2018arg\/idea\/65789<\/a><\/p>\n<\/div>\n<p>Fuente: R\u00edo Negro<\/p>\n<!-- AddThis Advanced Settings generic via filter on the_content -->","protected":false},"excerpt":{"rendered":"<p>Lo cre\u00f3 un grupo de estudiantes de la EPET 14 de Neuqu\u00e9n. Es para alertar sobre la llegada de colectivos<!-- AddThis Advanced Settings generic via filter on get_the_excerpt --><\/p>\n","protected":false},"author":2,"featured_media":8711,"comment_status":"closed","ping_status":"closed","sticky":false,"template":"","format":"standard","meta":{"colormag_page_container_layout":"default_layout","colormag_page_sidebar_layout":"default_layout","jetpack_post_was_ever_published":false,"_jetpack_newsletter_access":"","_jetpack_dont_email_post_to_subs":false,"_jetpack_newsletter_tier_id":0,"_jetpack_memberships_contains_paywalled_content":false,"_jetpack_memberships_contains_paid_content":false,"footnotes":"","jetpack_publicize_message":"","jetpack_publicize_feature_enabled":true,"jetpack_social_post_already_shared":true,"jetpack_social_options":{"image_generator_settings":{"template":"highway","default_image_id":0,"font":"","enabled":false},"version":2}},"categories":[5],"tags":[17],"class_list":["post-8709","post","type-post","status-publish","format-standard","has-post-thumbnail","hentry","category-transformacion-digital","tag-otros-medios"],"jetpack_publicize_connections":[],"jetpack_featured_media_url":"https:\/\/i0.wp.com\/ccnews.com.ar\/prensa\/wp-content\/uploads\/2018\/08\/image_content_10004720_20180814193826.jpg?fit=660%2C370","jetpack_shortlink":"https:\/\/wp.me\/p7L1gj-2gt","jetpack-related-posts":[{"id":4513,"url":"http:\/\/ccnews.com.ar\/prensa\/orcam-myeye-la-novedosa-camara-inteligente-para-ciegos\/","url_meta":{"origin":8709,"position":0},"title":"OrCam MyEye, la novedosa c\u00e1mara inteligente para ciegos","author":"CLUSTERciar","date":"5 julio, 2017","format":false,"excerpt":"Se trata de un peque\u00f1o dispositivo con un asistente de voz integrado que reconoce textos y rostros. Pesa apenas 31 gramos, se coloca sobre los anteojos y fue desarrollado por una start up israel\u00ed. No necesita estar conectado a Wi Fi y la bater\u00eda alcanza una autonom\u00eda de un d\u00eda\u2026","rel":"","context":"En \u00abTransformaci\u00f3n digital\u00bb","block_context":{"text":"Transformaci\u00f3n digital","link":"http:\/\/ccnews.com.ar\/prensa\/category\/transformacion-digital\/"},"img":{"alt_text":"","src":"https:\/\/i0.wp.com\/ccnews.com.ar\/prensa\/wp-content\/uploads\/2017\/06\/orcam-concepto.jpg?fit=1024%2C760&resize=350%2C200","width":350,"height":200,"srcset":"https:\/\/i0.wp.com\/ccnews.com.ar\/prensa\/wp-content\/uploads\/2017\/06\/orcam-concepto.jpg?fit=1024%2C760&resize=350%2C200 1x, https:\/\/i0.wp.com\/ccnews.com.ar\/prensa\/wp-content\/uploads\/2017\/06\/orcam-concepto.jpg?fit=1024%2C760&resize=525%2C300 1,5x, https:\/\/i0.wp.com\/ccnews.com.ar\/prensa\/wp-content\/uploads\/2017\/06\/orcam-concepto.jpg?fit=1024%2C760&resize=700%2C400 2x"},"classes":[]},{"id":8295,"url":"http:\/\/ccnews.com.ar\/prensa\/5-tecnologias-que-pueden-mejorar-la-vida-de-las-personas-con-discapacidad-visual\/","url_meta":{"origin":8709,"position":1},"title":"5 tecnolog\u00edas que pueden mejorar la vida de las personas con discapacidad visual","author":"CLUSTERciar","date":"12 julio, 2018","format":false,"excerpt":"Hay 253 millones de ciegos y habitantes con baja visi\u00f3n en todo el mundo. Solo el 15% entiende el sistema Braille. Por eso la lectura auditiva est\u00e1 creciendo exponencialmente. \u00bfQu\u00e9 es la tiflotecnolog\u00eda? En el mundo, hay 253 millones de personas con discapacidad visual, seg\u00fan datos de fines de 2017\u2026","rel":"","context":"En \u00abTransformaci\u00f3n digital\u00bb","block_context":{"text":"Transformaci\u00f3n digital","link":"http:\/\/ccnews.com.ar\/prensa\/category\/transformacion-digital\/"},"img":{"alt_text":"","src":"https:\/\/i0.wp.com\/www.infobae.com\/new-resizer\/7QbW0yTFEBrkPqGjWUBfcZ5wSvc%3D\/600x0\/filters%3Aquality%28100%29\/s3.amazonaws.com\/arc-wordpress-client-uploads\/infobae-wp\/wp-content\/uploads\/2017\/06\/16085319\/OrcamMyEye-1920-1.jpg?resize=350%2C200&ssl=1","width":350,"height":200,"srcset":"https:\/\/i0.wp.com\/www.infobae.com\/new-resizer\/7QbW0yTFEBrkPqGjWUBfcZ5wSvc%3D\/600x0\/filters%3Aquality%28100%29\/s3.amazonaws.com\/arc-wordpress-client-uploads\/infobae-wp\/wp-content\/uploads\/2017\/06\/16085319\/OrcamMyEye-1920-1.jpg?resize=350%2C200&ssl=1 1x, https:\/\/i0.wp.com\/www.infobae.com\/new-resizer\/7QbW0yTFEBrkPqGjWUBfcZ5wSvc%3D\/600x0\/filters%3Aquality%28100%29\/s3.amazonaws.com\/arc-wordpress-client-uploads\/infobae-wp\/wp-content\/uploads\/2017\/06\/16085319\/OrcamMyEye-1920-1.jpg?resize=525%2C300&ssl=1 1,5x, https:\/\/i0.wp.com\/www.infobae.com\/new-resizer\/7QbW0yTFEBrkPqGjWUBfcZ5wSvc%3D\/600x0\/filters%3Aquality%28100%29\/s3.amazonaws.com\/arc-wordpress-client-uploads\/infobae-wp\/wp-content\/uploads\/2017\/06\/16085319\/OrcamMyEye-1920-1.jpg?resize=700%2C400&ssl=1 2x"},"classes":[]},{"id":8887,"url":"http:\/\/ccnews.com.ar\/prensa\/los-programadores-tuvieron-su-encuentro-anual-en-neuquen\/","url_meta":{"origin":8709,"position":2},"title":"Los programadores tuvieron su encuentro anual en Neuqu\u00e9n","author":"CLUSTERciar","date":"25 septiembre, 2018","format":false,"excerpt":"Alrededor de 150 developers o desarrolladores se capacitaron en las \u00faltimas tecnolog\u00edas. Un aula de la Universidad Nacional del Comahue (UNCo) parec\u00eda ejercer ayer un gran contraste con el clima calmo que se viv\u00eda en las calles internas de esa casa de estudios. Durante todo el d\u00eda, ese sector de\u2026","rel":"","context":"En \u00abTransformaci\u00f3n digital\u00bb","block_context":{"text":"Transformaci\u00f3n digital","link":"http:\/\/ccnews.com.ar\/prensa\/category\/transformacion-digital\/"},"img":{"alt_text":"","src":"https:\/\/i0.wp.com\/ccnews.com.ar\/prensa\/wp-content\/uploads\/2018\/09\/0003264931.jpg?fit=770%2C433&resize=350%2C200","width":350,"height":200,"srcset":"https:\/\/i0.wp.com\/ccnews.com.ar\/prensa\/wp-content\/uploads\/2018\/09\/0003264931.jpg?fit=770%2C433&resize=350%2C200 1x, https:\/\/i0.wp.com\/ccnews.com.ar\/prensa\/wp-content\/uploads\/2018\/09\/0003264931.jpg?fit=770%2C433&resize=525%2C300 1,5x, https:\/\/i0.wp.com\/ccnews.com.ar\/prensa\/wp-content\/uploads\/2018\/09\/0003264931.jpg?fit=770%2C433&resize=700%2C400 2x"},"classes":[]},{"id":8061,"url":"http:\/\/ccnews.com.ar\/prensa\/estudiantes-argentinos-premiados-por-inventar-unos-anteojos-inteligentes-para-ciegos\/","url_meta":{"origin":8709,"position":3},"title":"Estudiantes argentinos, premiados por inventar unos anteojos inteligentes para ciegos","author":"CLUSTERciar","date":"12 junio, 2018","format":false,"excerpt":"Fueron desarrollados por tres alumnos de quinto a\u00f1o de Jujuy. El proyecto se llev\u00f3 el primer premio en una competencia nacional SiVeo son unos anteojos de asistencia para personas con ceguera o discapacidad visual. El sistema integra sensores -como la de los veh\u00edculos con ayuda para estacionar- que emiten un\u2026","rel":"","context":"En \u00abTransformaci\u00f3n digital\u00bb","block_context":{"text":"Transformaci\u00f3n digital","link":"http:\/\/ccnews.com.ar\/prensa\/category\/transformacion-digital\/"},"img":{"alt_text":"","src":"https:\/\/i0.wp.com\/ccnews.com.ar\/prensa\/wp-content\/uploads\/2018\/06\/Untitled-3.jpg?fit=999%2C666&resize=350%2C200","width":350,"height":200,"srcset":"https:\/\/i0.wp.com\/ccnews.com.ar\/prensa\/wp-content\/uploads\/2018\/06\/Untitled-3.jpg?fit=999%2C666&resize=350%2C200 1x, https:\/\/i0.wp.com\/ccnews.com.ar\/prensa\/wp-content\/uploads\/2018\/06\/Untitled-3.jpg?fit=999%2C666&resize=525%2C300 1,5x, https:\/\/i0.wp.com\/ccnews.com.ar\/prensa\/wp-content\/uploads\/2018\/06\/Untitled-3.jpg?fit=999%2C666&resize=700%2C400 2x"},"classes":[]},{"id":8729,"url":"http:\/\/ccnews.com.ar\/prensa\/el-nuevo-devfest-pondra-foco-en-la-tecnologia-y-en-la-interaccion\/","url_meta":{"origin":8709,"position":4},"title":"El nuevo DevFest pondr\u00e1 foco  en la tecnolog\u00eda y en la interacci\u00f3n","author":"CLUSTERciar","date":"28 agosto, 2018","format":false,"excerpt":"Organizado por el Grupo de Desarrolladores de Google (GDG) de Neuqu\u00e9n y la Facultad Inform\u00e1tica de la UNCo, y con la participaci\u00f3n de Ciar Tecnolog\u00eda como uno de los sponsors, se realizar\u00e1 el segundo DevFest de Neuqu\u00e9n con el objetivo de sumar valor a la comunidad de desarrolladores locales. El\u2026","rel":"","context":"En \u00abTransformaci\u00f3n digital\u00bb","block_context":{"text":"Transformaci\u00f3n digital","link":"http:\/\/ccnews.com.ar\/prensa\/category\/transformacion-digital\/"},"img":{"alt_text":"","src":"https:\/\/i0.wp.com\/ccnews.com.ar\/prensa\/wp-content\/uploads\/2018\/08\/dev.jpg?fit=803%2C404&resize=350%2C200","width":350,"height":200,"srcset":"https:\/\/i0.wp.com\/ccnews.com.ar\/prensa\/wp-content\/uploads\/2018\/08\/dev.jpg?fit=803%2C404&resize=350%2C200 1x, https:\/\/i0.wp.com\/ccnews.com.ar\/prensa\/wp-content\/uploads\/2018\/08\/dev.jpg?fit=803%2C404&resize=525%2C300 1,5x, https:\/\/i0.wp.com\/ccnews.com.ar\/prensa\/wp-content\/uploads\/2018\/08\/dev.jpg?fit=803%2C404&resize=700%2C400 2x"},"classes":[]},{"id":9309,"url":"http:\/\/ccnews.com.ar\/prensa\/la-facultad-de-ingenieria-de-olavarria-trabaja-en-papel-bio-amigable\/","url_meta":{"origin":8709,"position":5},"title":"La Facultad de Ingenier\u00eda de Olavarr\u00eda trabaja en \u201cpapel bio-amigable\u201d","author":"CLUSTERciar","date":"7 noviembre, 2018","format":false,"excerpt":"Un grupo de estudiantes de\u00a0la Facultad de Ingenier\u00eda de Olavarr\u00eda\u00a0puso en marcha un interesante proyecto sobre lo que denominan\u00a0\u201cpapel bio-amigable\u201d. Consiste en reciclar el papel desechado de esa unidad acad\u00e9mica y de una Escuela secundaria de la\u00a0UNICEN, para luego confeccionar material destinado a un Jard\u00edn de Infantes. \u201cLa idea original\u2026","rel":"","context":"En \u00abSustentabilidad\u00bb","block_context":{"text":"Sustentabilidad","link":"http:\/\/ccnews.com.ar\/prensa\/category\/sustentabilidad\/"},"img":{"alt_text":"","src":"https:\/\/i0.wp.com\/ccnews.com.ar\/prensa\/wp-content\/uploads\/2018\/11\/cnn.jpg?fit=810%2C479&resize=350%2C200","width":350,"height":200,"srcset":"https:\/\/i0.wp.com\/ccnews.com.ar\/prensa\/wp-content\/uploads\/2018\/11\/cnn.jpg?fit=810%2C479&resize=350%2C200 1x, https:\/\/i0.wp.com\/ccnews.com.ar\/prensa\/wp-content\/uploads\/2018\/11\/cnn.jpg?fit=810%2C479&resize=525%2C300 1,5x, https:\/\/i0.wp.com\/ccnews.com.ar\/prensa\/wp-content\/uploads\/2018\/11\/cnn.jpg?fit=810%2C479&resize=700%2C400 2x"},"classes":[]}],"jetpack_sharing_enabled":true,"_links":{"self":[{"href":"http:\/\/ccnews.com.ar\/prensa\/wp-json\/wp\/v2\/posts\/8709","targetHints":{"allow":["GET"]}}],"collection":[{"href":"http:\/\/ccnews.com.ar\/prensa\/wp-json\/wp\/v2\/posts"}],"about":[{"href":"http:\/\/ccnews.com.ar\/prensa\/wp-json\/wp\/v2\/types\/post"}],"author":[{"embeddable":true,"href":"http:\/\/ccnews.com.ar\/prensa\/wp-json\/wp\/v2\/users\/2"}],"replies":[{"embeddable":true,"href":"http:\/\/ccnews.com.ar\/prensa\/wp-json\/wp\/v2\/comments?post=8709"}],"version-history":[{"count":1,"href":"http:\/\/ccnews.com.ar\/prensa\/wp-json\/wp\/v2\/posts\/8709\/revisions"}],"predecessor-version":[{"id":8713,"href":"http:\/\/ccnews.com.ar\/prensa\/wp-json\/wp\/v2\/posts\/8709\/revisions\/8713"}],"wp:featuredmedia":[{"embeddable":true,"href":"http:\/\/ccnews.com.ar\/prensa\/wp-json\/wp\/v2\/media\/8711"}],"wp:attachment":[{"href":"http:\/\/ccnews.com.ar\/prensa\/wp-json\/wp\/v2\/media?parent=8709"}],"wp:term":[{"taxonomy":"category","embeddable":true,"href":"http:\/\/ccnews.com.ar\/prensa\/wp-json\/wp\/v2\/categories?post=8709"},{"taxonomy":"post_tag","embeddable":true,"href":"http:\/\/ccnews.com.ar\/prensa\/wp-json\/wp\/v2\/tags?post=8709"}],"curies":[{"name":"wp","href":"https:\/\/api.w.org\/{rel}","templated":true}]}}