{"id":8735,"date":"2018-08-29T08:41:53","date_gmt":"2018-08-29T11:41:53","guid":{"rendered":"http:\/\/clusterciarnews.com.ar\/prensa\/?p=8735"},"modified":"2018-08-29T08:42:19","modified_gmt":"2018-08-29T11:42:19","slug":"nacion-apuesta-a-vaca-muerta-para-atraer-dolares-con-las-exportaciones","status":"publish","type":"post","link":"http:\/\/ccnews.com.ar\/prensa\/nacion-apuesta-a-vaca-muerta-para-atraer-dolares-con-las-exportaciones\/","title":{"rendered":"Naci\u00f3n apuesta a Vaca Muerta para atraer d\u00f3lares con las exportaciones"},"content":{"rendered":"<h2 class=\"subheadline font-2 fs16\">El presidente Macri relanz\u00f3 ayer la mesa petrolera con el objetivo de multiplicar desarrollos. Guti\u00e9rrez pidi\u00f3 a las petroleras que aceleren sus desarrollos.<\/h2>\n<div class=\"separator\">\u00a0En t\u00e9rminos de capacidad, Vaca Muerta tiene el potencial para equiparar la generaci\u00f3n econ\u00f3mica que produce la Pampa h\u00fameda. Tras ese objetivo es que ayer se relanz\u00f3 la Mesa Vaca Muerta y junto al Presidente de la Naci\u00f3n, Mauricio Macri y sus ministros, fueron cerca de 30 las petroleras que se sumaron al equipo de trabajo.<\/div>\n<div class=\"block-author\">\n<div class=\"paragraph\">\n<p>La cita fue en el bloque insignia de YPF, Loma Campana, la primera \u00e1rea en ingresar a desarrollo masivo en Vaca Muerta, y en donde ayer se plante\u00f3 que antes del primer semestre de 2019 ser\u00e1n 7 m\u00e1s los yacimientos que pasar\u00e1n a desarrollo masivo, una situaci\u00f3n en la que hoy s\u00f3lo hay una experiencia m\u00e1s. Se trata de Fort\u00edn de Piedra, de Tecpetrol, la petrolera del grupo Techint cuyo CEO, Paolo Rocca, recibi\u00f3 ayer a primera hora a Macri.<\/p>\n<p>El presidente plante\u00f3 que el desarrollo de Vaca Muerta \u201cva a permitir que tengamos la energ\u00eda m\u00e1s barata del mundo\u201d y remarc\u00f3 que \u201cno vamos a parar hasta que generemos 30.000 millones de d\u00f3lares en exportaciones de gas y petr\u00f3leo y 500.000 puestos de trabajo asociados en todo el pa\u00eds\u201d.<\/p>\n<p>En los \u00faltimos meses el gobierno nacional deposit\u00f3 sus mayores aspiraciones en el sector energ\u00e9tico y en especial en Vaca Muerta, que le permitieron capitalizar anuncios altamente positivos como el reinicio de las exportaciones de gas a Chile luego de 11 a\u00f1os.<\/p>\n<p>Pero adem\u00e1s se trata de un sector que ha aceptado el principal pedido de Naci\u00f3n de diferir el traslado de la devaluaci\u00f3n a los surtidores, conteniendo la inflaci\u00f3n y el mal humor popular. Un grupo empresario con el que tambi\u00e9n Macri se siente m\u00e1s c\u00f3modo de posar ante las c\u00e1maras, al no estar tan salpicado por el esc\u00e1ndalo de los denominados \u201ccuadernos de la corrupci\u00f3n\u201d.<\/p>\n<p>En la mesa formada por las operadoras, el gobierno neuquino y rionegrino, y junto a Macri y los ministros nacionales de Energ\u00eda Javier Iguacel; Producci\u00f3n Dante Sica; y Transporte Guillermo Dietrich, se abordaron los desaf\u00edos que hay para el desarrollo de Vaca Muerta.<\/p>\n<p>El ministro de Energ\u00eda de Neuqu\u00e9n, Alejandro Monteiro, precis\u00f3 que \u201cse acord\u00f3 trabajar los desaf\u00edos sectorialmente en diversas mesas que comenzar\u00e1n a partir del mes que viene y van a haber reuniones todos los meses\u201d. La agenda comenzar\u00e1 el 13 de septiembre en Buenos Aires y las citas se alternar\u00e1n mes a mes con Neuqu\u00e9n. Los ejes sectoriales ser\u00e1n rubros como upstream, midstream, cadena de valor, infraestructura, log\u00edstica y transporte, comunidades, capacitaci\u00f3n y formaci\u00f3n.<\/p>\n<\/div>\n<div class=\"paragraph\">\n<p><b>Peligra el tren a Vaca Muerta<\/b><\/p>\n<p>Precisamente uno de los temas salientes en este relanzamiento de la Mesa Vaca Muerta, ya que la primera cita fue en 2016, fue el proyecto del tren de cargas, aunque con un desarrollo inesperado pues podr\u00eda llegar a verse frustrado.<\/p>\n<p>Desde Transporte de la Naci\u00f3n se detall\u00f3 que cambiar la traza como piden los intendentes de R\u00edo Negro para llevar el tren fuera de las ciudades implica un adicional de 500 millones de d\u00f3lares, sobre un plan que inicialmente preve\u00eda un costo de 550 millones .<\/p>\n<p>\u201cDietrich plante\u00f3 que llevar el tren por la meseta implica duplicar el presupuesto y que a ese costo no hay proyecto\u201d, precis\u00f3 Monteiro y agreg\u00f3 que \u201clas empresas petroleras dijeron no pueden pagar una tarifa para ese proyecto\u201d.<\/p>\n<p>Seg\u00fan se supo tanto desde Naci\u00f3n como desde el gobierno de Alberto Weretilneck se busca llegar a un consenso con los intendentes que se oponen al paso del tren que permitir\u00eda reducir los costos de Vaca Muerta, porque entienden que dividir\u00e1 a las ciudades en dos.<\/p>\n<p>El gobernador Omar Guti\u00e9rrez fue el encargado de ponerle cifras a las expectativas. Tras se\u00f1alar que \u201ctenemos hoy una inversi\u00f3n de 15.000 millones de d\u00f3lares y el total comprometido de inversi\u00f3n en las 30 concesiones no convencionales es de 160.000 millones de d\u00f3lares\u201d, enfatiz\u00f3 que Vaca Muerta \u201ces la inversi\u00f3n m\u00e1s importante de Latinoam\u00e9rica, un gran polo de desarrollo energ\u00e9tico e industrial y que nos demuestra que los argentinos podemos cuando avanzamos en equipo\u201d.<\/p>\n<\/div>\n<div class=\"microformat_headline ant-text\"><b>La foto m\u00e1s esperada, en el momento menos esperado<\/b><\/div>\n<div class=\"multimediaMacroWrapper\">\n<div class=\"contentMedia art-img\">\n<figure class=\"cutlineShow\">\n<div><img loading=\"lazy\" decoding=\"async\" class=\" lazyloaded\" title=\"Naci\u00f3n apuesta a Vaca Muerta para atraer d\u00f3lares con las exportaciones\" src=\"https:\/\/www.rionegro.com.ar\/placeholder\/svg\/viewbox\/650x365\" srcset=\"\/\/www.rionegro.com.ar\/binrepository\/650x434\/0c34\/650d365\/none\/12350\/AQJG\/image_content_10050241_20180828200108.jpg 650w\" alt=\"Naci\u00f3n apuesta a Vaca Muerta para atraer d\u00f3lares con las exportaciones\" width=\"650\" height=\"365\" data-srcset=\"\/\/www.rionegro.com.ar\/binrepository\/650x434\/0c34\/650d365\/none\/12350\/AQJG\/image_content_10050241_20180828200108.jpg 650w\" \/><\/div>\n<\/figure>\n<\/div>\n<\/div>\n<div class=\"microformat_text ant-Image_Text\">El presidente Mauricio Macri se hizo un hueco en su agenda petrolera para visitar el yacimiento estrella de la petrolera del grupo Techint: Fort\u00edn de Piedra. La visita (con foto inclu\u00edda) fue un respaldo pol\u00edtico al titular del grupo empresario, Paolo Rocca, en momentos donde directivos de la compa\u00f1\u00eda son investigados por \u201clos cuadernos de la corrupci\u00f3n\u201d. Rocca asegur\u00f3 hace d\u00edas que accedieron \u201ca una exigencia\u201d para que el gobierno kirchnerista intercediera ante el chavismo por la expropiaci\u00f3n de Sidor, una firma del holding.<\/div>\n<div class=\"microformat_image ant-microformat_text\">\n<figure>\n<div><img loading=\"lazy\" decoding=\"async\" class=\" lazyloaded\" style=\"box-sizing: border-box; border: 0px; vertical-align: middle;\" title=\"&lt;b&gt;La foto m\u00e1s esperada, en el momento menos esperado&lt;\/b&gt;\" src=\"https:\/\/www.rionegro.com.ar\/placeholder\/svg\/viewbox\/228x140\" srcset=\"\/\/www.rionegro.com.ar\/binrepository\/228x152\/0c6\/228d140\/none\/12350\/QOTR\/image_content_10050235_20180828200109.jpg 228w\" alt=\"&lt;b&gt;La foto m\u00e1s esperada, en el momento menos esperado&lt;\/b&gt;\" width=\"228\" height=\"140\" data-srcset=\"\/\/www.rionegro.com.ar\/binrepository\/228x152\/0c6\/228d140\/none\/12350\/QOTR\/image_content_10050235_20180828200109.jpg 228w\" \/><\/div>\n<\/figure>\n<\/div>\n<div class=\"microformat_highlight_text ant-microformat_image\">\u201cHace dos a\u00f1os y medio est\u00e1bamos al margen del colapso energ\u00e9tico y este verano vamos a exportar gas al mundo\u201d.<\/div>\n<div class=\"microformat_author ant-microformat_highlight_text\">El Presidente de la Naci\u00f3n Mauricio Macri destac\u00f3 el rol de Vaca Muerta.<\/div>\n<div class=\"microformat_image ant-microformat_author\">\n<figure>\n<div><img loading=\"lazy\" decoding=\"async\" class=\" lazyloaded\" style=\"box-sizing: border-box; border: 0px; vertical-align: middle;\" title=\"&lt;b&gt;La foto m\u00e1s esperada, en el momento menos esperado&lt;\/b&gt;\" src=\"https:\/\/www.rionegro.com.ar\/placeholder\/svg\/viewbox\/228x140\" srcset=\"\/\/www.rionegro.com.ar\/binrepository\/228x152\/0c6\/228d140\/none\/12350\/HOTR\/image_content_10050234_20180828200110.jpg 228w\" alt=\"&lt;b&gt;La foto m\u00e1s esperada, en el momento menos esperado&lt;\/b&gt;\" width=\"228\" height=\"140\" data-srcset=\"\/\/www.rionegro.com.ar\/binrepository\/228x152\/0c6\/228d140\/none\/12350\/HOTR\/image_content_10050234_20180828200110.jpg 228w\" \/><\/div>\n<\/figure>\n<\/div>\n<div class=\"microformat_highlight_text ant-microformat_image\">\u201cHemos hecho todas las modificaciones que se necesitaban, ahora esperamos que las compa\u00f1\u00edas aceleren las inversiones\u201d.<\/div>\n<div class=\"microformat_author ant-microformat_highlight_text\">El gobernador Omar Guti\u00e9rrez pidi\u00f3 m\u00e1s desarrollos masivos.<\/div>\n<div class=\"microformat_headline ant-microformat_author\"><b>An\u00e1lisis:\u00a0<\/b><b>El mameluco presidencial con la \u201cV\u201d de Vaca Muerta<\/b><\/div>\n<div class=\"microformat_text ant-microformat_headline\">Como ocurre casi desde el nacimiento de la pol\u00edtica argentina, el que toma el poder desconoce lo hecho por su antecesor. Cada ciclo pol\u00edtico hace borr\u00f3n y cuenta nueva. El presidente Mauricio Macri relanz\u00f3 la mesa sectorial para el desarrollo de Vaca Muerta desde el yacimiento Loma Campana. Hasta hace poco el macrismo evitaba pisar ese \u00e1rea, pese a los logros obtenidos, por considerarlo parte de una suerte de museo del kirchnerismo. Adem\u00e1s lo hizo un 23 de agosto, en el aniversario de la ley neuquina que permiti\u00f3 el acuerdo YPF Chevron, base fundacional de Vaca Muerta. Macri dej\u00f3 las supersticiones de lado y visit\u00f3 por segunda vez el yacimiento de YPF. Esta vez tom\u00f3 sus recaudos. Dej\u00f3 en claro que Vaca Muerta naci\u00f3 el 11 de diciembre de 2015 (cuando \u00e9l asumi\u00f3) y, para evitar celos empresariales, trajo su propio mameluco. \u201cVaca Muerta es el futuro\u201d, ten\u00eda impreso la prenda. La \u201cV\u201d inicial de la frase agreg\u00f3 el toque distintivo: simulaba el rostro de una vaca, pero no de las lecheras.<\/div>\n<div class=\"microformat_headline ant-microformat_text\"><b>Dos protestas rechazaron la visita presidencial en Neuqu\u00e9n<\/b><\/div>\n<div class=\"multimediaMacroWrapper\">\n<div class=\"contentMedia art-img\">\n<figure class=\"cutlineShow\">\n<div><img loading=\"lazy\" decoding=\"async\" class=\" lazyloaded\" title=\"Naci\u00f3n apuesta a Vaca Muerta para atraer d\u00f3lares con las exportaciones\" src=\"https:\/\/www.rionegro.com.ar\/placeholder\/svg\/viewbox\/650x365\" srcset=\"\/\/www.rionegro.com.ar\/binrepository\/650x436\/0c35\/650d365\/none\/12350\/TQIE\/image_content_10050226_20180828200112.jpg 650w\" alt=\"Naci\u00f3n apuesta a Vaca Muerta para atraer d\u00f3lares con las exportaciones\" width=\"650\" height=\"365\" data-srcset=\"\/\/www.rionegro.com.ar\/binrepository\/650x436\/0c35\/650d365\/none\/12350\/TQIE\/image_content_10050226_20180828200112.jpg 650w\" \/><\/div>\n<\/figure>\n<div class=\"cutline\">Los manifestantes de ATE se concentraron en la rotonda de acceso al aeropuerto.\u00a0<span class=\"byline-image\">(Florencia Salto)<\/span><\/div>\n<\/div>\n<\/div>\n<div class=\"paragraph\">\n<p>El Tango 04 que transport\u00f3 al presidente Mauricio Macri y a sus ministros aterriz\u00f3 en la pista del aeropuerto Presidente Per\u00f3n minutos antes de las 10. El gobernador Omar Guti\u00e9rrez esper\u00f3 a los invitados con un abrazo y un helic\u00f3ptero que los traslad\u00f3 a Fort\u00edn de Piedra. El primer mandatario pis\u00f3 el suelo neuquino por apenas un minuto en su llegada, el tiempo que le tom\u00f3 caminar desde las escaleras del avi\u00f3n hacia el Eurocopter de la Polic\u00eda Federal.<\/p>\n<p>Nuevamente, el aeropuerto estuvo custodiado por un fuerte operativo de seguridad que incluy\u00f3 personal de la polic\u00eda provincial, polic\u00eda federal y el ej\u00e9rcito. La prensa no tuvo contacto con el mandatario y mucho menos el p\u00fablico, que observ\u00f3 los movimientos desde el ventanal de la confiter\u00eda. La protesta de ATE en la rotonda de ingreso tambi\u00e9n qued\u00f3 lejos de los funcionarios, pues fue cercada por efectivos sin darles posibilidad.<\/p>\n<p>El secretario adjunto del sindicato, Jorge Marill\u00e1n, afirm\u00f3 que la medida de fuerza fue para decirle a Macri \u201cmalvenido por las pol\u00edticas que ha implementado\u201d. \u201cAc\u00e1 hay trabajadores de la Planta Industrial de Agua Pesada (PIAP) que cobraron el 60% de sus salarios y el gobierno nacional deber\u00eda resolver esa situaci\u00f3n\u201d, plante\u00f3.<\/p>\n<p>La manifestaci\u00f3n se extendi\u00f3 hasta cerca del mediod\u00eda, luego de que el presidente y su comitiva se trasladaran a Fort\u00edn de Piedra y Loma Campana para las actividades oficiales. \u201cEl mensaje para Guti\u00e9rrez es que no se arrodille, que sea firme y exija lo que le corresponde a la provincia de Neuqu\u00e9n como el Fondo Sojero que fue eliminado\u201d, manifest\u00f3 Marill\u00e1n.<\/p>\n<p>La de ATE no fue la \u00fanica protesta del d\u00eda en el contexto de la visita presidencial. La comunidad mapuche Painemil mont\u00f3 una manifestaci\u00f3n el lunes a la noche en el yacimiento Loma La Lata, lindero a Loma Campana, donde finaliz\u00f3 la recorrida de Macri. Permaneci\u00f3 all\u00ed a la espera de una reuni\u00f3n con directivos de YPF y del gobierno provincial.<\/p>\n<p>Ninguna de las protestas entorpeci\u00f3 el recorrido presidencial.<\/p>\n<\/div>\n<div class=\"microformat_highlight_text ant-text\">La comunidad mapuche Painemil esperaba por una reuni\u00f3n con referentes de YPF y del gobierno provincial luego del acto oficial del presidente Macri.<\/div>\n<\/div>\n<div><\/div>\n<div>Fuente: Rio Negro<\/div>\n<!-- AddThis Advanced Settings generic via filter on the_content -->","protected":false},"excerpt":{"rendered":"<p>El presidente Macri relanz\u00f3 ayer la mesa petrolera con el objetivo de multiplicar desarrollos. Guti\u00e9rrez pidi\u00f3 a las petroleras que<!-- AddThis Advanced Settings generic via filter on get_the_excerpt --><\/p>\n","protected":false},"author":2,"featured_media":8737,"comment_status":"closed","ping_status":"closed","sticky":false,"template":"","format":"standard","meta":{"colormag_page_container_layout":"default_layout","colormag_page_sidebar_layout":"default_layout","jetpack_post_was_ever_published":false,"_jetpack_newsletter_access":"","_jetpack_dont_email_post_to_subs":false,"_jetpack_newsletter_tier_id":0,"_jetpack_memberships_contains_paywalled_content":false,"_jetpack_memberships_contains_paid_content":false,"footnotes":"","jetpack_publicize_message":"Naci\u00f3n apuesta a Vaca Muerta para atraer d\u00f3lares con las exportaciones\r\n\r\nMauricio Macri visita #VacaMuerta junto a Paolo Rocca","jetpack_publicize_feature_enabled":true,"jetpack_social_post_already_shared":true,"jetpack_social_options":{"image_generator_settings":{"template":"highway","default_image_id":0,"font":"","enabled":false},"version":2}},"categories":[7],"tags":[17],"class_list":["post-8735","post","type-post","status-publish","format-standard","has-post-thumbnail","hentry","category-management","tag-otros-medios"],"jetpack_publicize_connections":[],"jetpack_featured_media_url":"https:\/\/i0.wp.com\/ccnews.com.ar\/prensa\/wp-content\/uploads\/2018\/08\/image_content_10050105_20180828200108.jpg?fit=660%2C370","jetpack_shortlink":"https:\/\/wp.me\/p7L1gj-2gT","jetpack-related-posts":[{"id":8723,"url":"http:\/\/ccnews.com.ar\/prensa\/macri-llega-a-neuquen-con-la-mira-puesta-en-el-auge-de-vaca-muerta\/","url_meta":{"origin":8735,"position":0},"title":"Macri llega a Neuqu\u00e9n con la mira puesta en el auge de Vaca Muerta","author":"CLUSTERciar","date":"28 agosto, 2018","format":false,"excerpt":"Se prev\u00e9 que visite las sede de Tecpetrol e YPF en donde se lanzar\u00eda la mesa intersectorial para el desarrollo de la formaci\u00f3n no convencional. La comunidad mapuche Painemil realiza desde ayer una protesta en esa zona. Aseguran que si no son atendidos violentar\u00e1n un edificio de YPF. El presidente\u2026","rel":"","context":"En \u00abManagement\u00bb","block_context":{"text":"Management","link":"http:\/\/ccnews.com.ar\/prensa\/category\/management\/"},"img":{"alt_text":"","src":"https:\/\/i0.wp.com\/ccnews.com.ar\/prensa\/wp-content\/uploads\/2018\/08\/image_content_10046326_20180827213752.jpg?fit=660%2C370&resize=350%2C200","width":350,"height":200,"srcset":"https:\/\/i0.wp.com\/ccnews.com.ar\/prensa\/wp-content\/uploads\/2018\/08\/image_content_10046326_20180827213752.jpg?fit=660%2C370&resize=350%2C200 1x, https:\/\/i0.wp.com\/ccnews.com.ar\/prensa\/wp-content\/uploads\/2018\/08\/image_content_10046326_20180827213752.jpg?fit=660%2C370&resize=525%2C300 1,5x"},"classes":[]},{"id":11747,"url":"http:\/\/ccnews.com.ar\/prensa\/idea-dejo-anuncios-y-consensos\/","url_meta":{"origin":8735,"position":1},"title":"IDEA dej\u00f3 anuncios y consensos","author":"admin","date":"13 junio, 2019","format":false,"excerpt":"En el Precoloquio Vaca Muerta el presidente Macri anunci\u00f3 la licitaci\u00f3n del gasoducto a San Nicol\u00e1s y la reforma de la ley de Hidrocarburos. El pedido com\u00fan fue trabajar en conjunto. El Precoloquio IDEA Experiencia Vaca Muerta fue el escenario escogido ayer tanto por el gobierno nacional como por el\u2026","rel":"","context":"En \u00abEnerg\u00eda y Producci\u00f3n\u00bb","block_context":{"text":"Energ\u00eda y Producci\u00f3n","link":"http:\/\/ccnews.com.ar\/prensa\/category\/energia-y-produccion\/"},"img":{"alt_text":"","src":"https:\/\/i0.wp.com\/ccnews.com.ar\/prensa\/wp-content\/uploads\/2019\/06\/Imagen-macri.jpg?fit=920%2C520&resize=350%2C200","width":350,"height":200,"srcset":"https:\/\/i0.wp.com\/ccnews.com.ar\/prensa\/wp-content\/uploads\/2019\/06\/Imagen-macri.jpg?fit=920%2C520&resize=350%2C200 1x, https:\/\/i0.wp.com\/ccnews.com.ar\/prensa\/wp-content\/uploads\/2019\/06\/Imagen-macri.jpg?fit=920%2C520&resize=525%2C300 1,5x, https:\/\/i0.wp.com\/ccnews.com.ar\/prensa\/wp-content\/uploads\/2019\/06\/Imagen-macri.jpg?fit=920%2C520&resize=700%2C400 2x"},"classes":[]},{"id":3961,"url":"http:\/\/ccnews.com.ar\/prensa\/macri-va-a-estados-unidos-y-busca-cuadruplicar-inversiones-petroleras\/","url_meta":{"origin":8735,"position":2},"title":"Macri va a Estados Unidos y busca cuadruplicar inversiones petroleras","author":"CLUSTERciar","date":"27 abril, 2017","format":false,"excerpt":"Adelant\u00f3 su viaje para \"vender\" los beneficios de Vaca Muerta, donde el Gobierno quiere u$s 20.000 millones anuales. Lo acompa\u00f1ar\u00e1n Aranguren y Pereyra \u00a0El adelantamiento del viaje que el presidente Mauricio Macri har\u00e1 esta semana por Estados Unidos obedece a un motivo concreto: convencer en Houston a los inversores petroleros\u2026","rel":"","context":"En \u00abManagement\u00bb","block_context":{"text":"Management","link":"http:\/\/ccnews.com.ar\/prensa\/category\/management\/"},"img":{"alt_text":"","src":"","width":0,"height":0},"classes":[]},{"id":10147,"url":"http:\/\/ccnews.com.ar\/prensa\/las-inversiones-extranjeras-hacen-foco-en-vaca-muerta\/","url_meta":{"origin":8735,"position":3},"title":"Las inversiones extranjeras hacen foco en Vaca Muerta","author":"admin","date":"29 enero, 2019","format":false,"excerpt":"Entre 2016 y 2018 Neuqu\u00e9n fue la segunda provincia en recibir la mayor cantidad de aportes. Los anuncios de empresas for\u00e1neas sumaron 20.800 millones de d\u00f3lares. La provincia de Neuqu\u00e9n se ubic\u00f3 como la segunda jurisdicci\u00f3n del pa\u00eds es recibir m\u00e1s inversiones de empresas extranjeras en el trie\u00f1o que va\u2026","rel":"","context":"En \u00abEnerg\u00eda y Producci\u00f3n\u00bb","block_context":{"text":"Energ\u00eda y Producci\u00f3n","link":"http:\/\/ccnews.com.ar\/prensa\/category\/energia-y-produccion\/"},"img":{"alt_text":"","src":"https:\/\/i0.wp.com\/ccnews.com.ar\/prensa\/wp-content\/uploads\/2019\/01\/Inspeccion1.jpg?fit=660%2C400&resize=350%2C200","width":350,"height":200,"srcset":"https:\/\/i0.wp.com\/ccnews.com.ar\/prensa\/wp-content\/uploads\/2019\/01\/Inspeccion1.jpg?fit=660%2C400&resize=350%2C200 1x, https:\/\/i0.wp.com\/ccnews.com.ar\/prensa\/wp-content\/uploads\/2019\/01\/Inspeccion1.jpg?fit=660%2C400&resize=525%2C300 1,5x"},"classes":[]},{"id":11113,"url":"http:\/\/ccnews.com.ar\/prensa\/ypf-y-petronas-pisan-el-acelerador-en-vaca-muerta\/","url_meta":{"origin":8735,"position":4},"title":"YPF y Petronas pisan el acelerador en Vaca Muerta","author":"admin","date":"14 abril, 2019","format":false,"excerpt":"Las firmas pusieron en producci\u00f3n ayer los primeros pozos de la etapa intensiva en el \u00e1rea La Amarga Chica. Las petroleras invertir\u00e1n 2.336 millones de d\u00f3lares en los pr\u00f3ximos cuatro a\u00f1os. Autoridades de la petrolera de mayor\u00eda estatal YPF y de la malaya Petronas participaron ayer del inicio de la\u2026","rel":"","context":"En \u00abEnerg\u00eda y Producci\u00f3n\u00bb","block_context":{"text":"Energ\u00eda y Producci\u00f3n","link":"http:\/\/ccnews.com.ar\/prensa\/category\/energia-y-produccion\/"},"img":{"alt_text":"","src":"https:\/\/i0.wp.com\/ccnews.com.ar\/prensa\/wp-content\/uploads\/2019\/04\/inspe1.jpg?fit=920%2C520&resize=350%2C200","width":350,"height":200,"srcset":"https:\/\/i0.wp.com\/ccnews.com.ar\/prensa\/wp-content\/uploads\/2019\/04\/inspe1.jpg?fit=920%2C520&resize=350%2C200 1x, https:\/\/i0.wp.com\/ccnews.com.ar\/prensa\/wp-content\/uploads\/2019\/04\/inspe1.jpg?fit=920%2C520&resize=525%2C300 1,5x, https:\/\/i0.wp.com\/ccnews.com.ar\/prensa\/wp-content\/uploads\/2019\/04\/inspe1.jpg?fit=920%2C520&resize=700%2C400 2x"},"classes":[]},{"id":13067,"url":"http:\/\/ccnews.com.ar\/prensa\/vaca-muerta-fue-el-eje-de-la-aog-2019\/","url_meta":{"origin":8735,"position":5},"title":"Vaca Muerta fue el eje de la AOG 2019","author":"admin","date":"26 septiembre, 2019","format":false,"excerpt":"Las principales petroleras y empresas de servicio que operan en Argentina resaltaron la importancia de la formaci\u00f3n para el futuro econ\u00f3mico del pa\u00eds. Como en todos los encuentros la Argentina Oil&Gas concentr\u00f3 a los mayores referentes de la industria nacional e internacional. Los 35.000 metros cuadrados que conforman el tradicional\u2026","rel":"","context":"En \u00abEnerg\u00eda y Producci\u00f3n\u00bb","block_context":{"text":"Energ\u00eda y Producci\u00f3n","link":"http:\/\/ccnews.com.ar\/prensa\/category\/energia-y-produccion\/"},"img":{"alt_text":"","src":"https:\/\/i0.wp.com\/ccnews.com.ar\/prensa\/wp-content\/uploads\/2019\/09\/4-23.jpg?fit=1200%2C672&resize=350%2C200","width":350,"height":200,"srcset":"https:\/\/i0.wp.com\/ccnews.com.ar\/prensa\/wp-content\/uploads\/2019\/09\/4-23.jpg?fit=1200%2C672&resize=350%2C200 1x, https:\/\/i0.wp.com\/ccnews.com.ar\/prensa\/wp-content\/uploads\/2019\/09\/4-23.jpg?fit=1200%2C672&resize=525%2C300 1,5x, https:\/\/i0.wp.com\/ccnews.com.ar\/prensa\/wp-content\/uploads\/2019\/09\/4-23.jpg?fit=1200%2C672&resize=700%2C400 2x, https:\/\/i0.wp.com\/ccnews.com.ar\/prensa\/wp-content\/uploads\/2019\/09\/4-23.jpg?fit=1200%2C672&resize=1050%2C600 3x"},"classes":[]}],"jetpack_sharing_enabled":true,"_links":{"self":[{"href":"http:\/\/ccnews.com.ar\/prensa\/wp-json\/wp\/v2\/posts\/8735","targetHints":{"allow":["GET"]}}],"collection":[{"href":"http:\/\/ccnews.com.ar\/prensa\/wp-json\/wp\/v2\/posts"}],"about":[{"href":"http:\/\/ccnews.com.ar\/prensa\/wp-json\/wp\/v2\/types\/post"}],"author":[{"embeddable":true,"href":"http:\/\/ccnews.com.ar\/prensa\/wp-json\/wp\/v2\/users\/2"}],"replies":[{"embeddable":true,"href":"http:\/\/ccnews.com.ar\/prensa\/wp-json\/wp\/v2\/comments?post=8735"}],"version-history":[{"count":1,"href":"http:\/\/ccnews.com.ar\/prensa\/wp-json\/wp\/v2\/posts\/8735\/revisions"}],"predecessor-version":[{"id":8739,"href":"http:\/\/ccnews.com.ar\/prensa\/wp-json\/wp\/v2\/posts\/8735\/revisions\/8739"}],"wp:featuredmedia":[{"embeddable":true,"href":"http:\/\/ccnews.com.ar\/prensa\/wp-json\/wp\/v2\/media\/8737"}],"wp:attachment":[{"href":"http:\/\/ccnews.com.ar\/prensa\/wp-json\/wp\/v2\/media?parent=8735"}],"wp:term":[{"taxonomy":"category","embeddable":true,"href":"http:\/\/ccnews.com.ar\/prensa\/wp-json\/wp\/v2\/categories?post=8735"},{"taxonomy":"post_tag","embeddable":true,"href":"http:\/\/ccnews.com.ar\/prensa\/wp-json\/wp\/v2\/tags?post=8735"}],"curies":[{"name":"wp","href":"https:\/\/api.w.org\/{rel}","templated":true}]}}