{"id":8747,"date":"2018-09-01T08:00:48","date_gmt":"2018-09-01T11:00:48","guid":{"rendered":"http:\/\/clusterciarnews.com.ar\/prensa\/?p=8747"},"modified":"2018-08-31T13:08:45","modified_gmt":"2018-08-31T16:08:45","slug":"nacion-analiza-una-reforma-del-plan-gas","status":"publish","type":"post","link":"http:\/\/ccnews.com.ar\/prensa\/nacion-analiza-una-reforma-del-plan-gas\/","title":{"rendered":"Naci\u00f3n analiza una reforma del Plan Gas"},"content":{"rendered":"<p class=\"subheadline font-2 fs16\"><strong>Lo confirm\u00f3 el ministro de Energ\u00eda de Neuqu\u00e9n, Alejandro Monteiro. La forma de contabilizar la producci\u00f3n subsidiada y las penalidades ante incumplimientos son algunos de los puntos que integran la revisi\u00f3n del programa que fij\u00f3 la Resoluci\u00f3n 46.<\/strong><\/p>\n<div class=\"paragraph\">\n<p>El rumor circulaba por los pasillos de todas las operadoras y fue el ministro de Energ\u00eda de Neuqu\u00e9n, Alejandro Monteiro, quien lo confirm\u00f3. \u201cEl gobierno nacional est\u00e1 analizando una reforma de la Resoluci\u00f3n 46\u201d, asegur\u00f3 el funcionario neuquino.<\/p>\n<p>La semana pasada \u201cR\u00edo Negro Energ\u00eda\u201d public\u00f3 el alerta que dispar\u00f3 entre las dem\u00e1s operadoras de Vaca Muerta la estrategia de desarrollo acelerado que est\u00e1 llevando adelante Tecpetrol, la petrolera del Grupo Techint, que ya excedi\u00f3 los vol\u00famenes de producci\u00f3n que hab\u00eda comprometido para el plan hasta fin de a\u00f1o y que podr\u00eda llegar a absorber la mitad de los fondos que se prev\u00e9n para el nuevo Plan Gas.<\/p>\n<div class=\"teads-inread\">\n<div>\n<div class=\"teads-ui-components-adchoices\"><\/div>\n<div class=\"teads-ui-components-adchoices\">Monteiro aprob\u00f3 en el \u00faltimo mes el ingreso de tres desarrollos m\u00e1s al programa de est\u00edmulo a la producci\u00f3n, elevando a 12 los bloques que en Neuqu\u00e9n aguardan el visto bueno final de Naci\u00f3n para recibir el precio diferencial.<\/div>\n<\/div>\n<\/div>\n<p>Se trata de las \u00e1reas El Mangrullo de Pampa Energ\u00eda, Sierra Chata de Pampa Energ\u00eda, Exxon Mobil y Total, y Rinc\u00f3n del Mangrullo de YPF que aguardan tener la misma suerte que los siete desarrollos que en todo el pa\u00eds fueron avalados por Naci\u00f3n, dado que tambi\u00e9n se incluyeron campos en R\u00edo Negro y Santa Cruz.<\/p>\n<p>El ministro neuquino detall\u00f3 que uno de los puntos que se est\u00e1 analizando es la imposici\u00f3n de una suerte de cupo o tope a los vol\u00famenes que se contabilizar\u00e1n para el subsidio teniendo en cuenta el caso Tecpetrol.<\/p>\n<p>\u201cEl eje es si se van a subsidiar \u00fanicamente los vol\u00famenes que las operadoras estimaron al ingresar al plan y no los excesos de producci\u00f3n y tambi\u00e9n al rev\u00e9s, si no cumplen con los vol\u00famenes de producci\u00f3n previstos qu\u00e9 penalidades se pueden aplicar\u201d, indic\u00f3 Monteiro.<\/p>\n<p>Seg\u00fan el funcionario la aprobaci\u00f3n de los desarrollos en espera depender\u00e1 en buena medida de esa definici\u00f3n, dado que si bien el ministro de Energ\u00eda de la Naci\u00f3n, Javier Iguacel, indic\u00f3 que todos los proyectos de shale ingresados ser\u00e1n aprobados, tambi\u00e9n desde esa cartera se se\u00f1al\u00f3 que el programa tiene un l\u00edmite.<\/p>\n<p>El volumen total a subsidiar ser\u00eda de unos 50 \u00f3 60 millones de metros c\u00fabicos por d\u00eda.<\/p>\n<\/div>\n<div class=\"highlight_text ant-text\">La nueva regulaci\u00f3n para las exportaciones de gas contempla el descuento del subsidio sobre los metros c\u00fabicos exportados, liberando as\u00ed cupos.<\/div>\n<div><\/div>\n<div>Fuente: Rio Negro<\/div>\n<!-- AddThis Advanced Settings generic via filter on the_content -->","protected":false},"excerpt":{"rendered":"<p>Lo confirm\u00f3 el ministro de Energ\u00eda de Neuqu\u00e9n, Alejandro Monteiro. La forma de contabilizar la producci\u00f3n subsidiada y las penalidades<!-- AddThis Advanced Settings generic via filter on get_the_excerpt --><\/p>\n","protected":false},"author":2,"featured_media":8749,"comment_status":"closed","ping_status":"closed","sticky":false,"template":"","format":"standard","meta":{"colormag_page_container_layout":"default_layout","colormag_page_sidebar_layout":"default_layout","jetpack_post_was_ever_published":false,"_jetpack_newsletter_access":"","_jetpack_dont_email_post_to_subs":false,"_jetpack_newsletter_tier_id":0,"_jetpack_memberships_contains_paywalled_content":false,"_jetpack_memberships_contains_paid_content":false,"footnotes":"","jetpack_publicize_message":"","jetpack_publicize_feature_enabled":true,"jetpack_social_post_already_shared":true,"jetpack_social_options":{"image_generator_settings":{"template":"highway","default_image_id":0,"font":"","enabled":false},"version":2}},"categories":[11],"tags":[17],"class_list":["post-8747","post","type-post","status-publish","format-standard","has-post-thumbnail","hentry","category-energia-y-produccion","tag-otros-medios"],"jetpack_publicize_connections":[],"jetpack_featured_media_url":"https:\/\/i0.wp.com\/ccnews.com.ar\/prensa\/wp-content\/uploads\/2018\/08\/image_content_10033234_20180829191852.jpg?fit=660%2C370","jetpack_shortlink":"https:\/\/wp.me\/p7L1gj-2h5","jetpack-related-posts":[{"id":6907,"url":"http:\/\/ccnews.com.ar\/prensa\/industrializar-el-gas-entrevista-al-ministro-alejandro-monteiro\/","url_meta":{"origin":8747,"position":0},"title":"\u201cIndustrializar el gas\u201d :Entrevista al ministro Alejandro Monteiro","author":"admin","date":"23 febrero, 2018","format":false,"excerpt":"El flamante titular de Energ\u00eda de Neuqu\u00e9n traz\u00f3 dos objetivos: m\u00e1s control y agregar valor en origen. Cree que cumplir\u00e1n la meta proyectada de producci\u00f3n para 2018. Cuatro millones de metros c\u00fabicos de gas llegaron a quedaron sin destino en los gasoductos neuquinos durante algunos d\u00edas de noviembre, presos de\u2026","rel":"","context":"En \u00abEnerg\u00eda y Producci\u00f3n\u00bb","block_context":{"text":"Energ\u00eda y Producci\u00f3n","link":"http:\/\/ccnews.com.ar\/prensa\/category\/energia-y-produccion\/"},"img":{"alt_text":"","src":"https:\/\/i0.wp.com\/ccnews.com.ar\/prensa\/wp-content\/uploads\/2018\/02\/image_content_9316664_20180131213333.jpg?fit=660%2C370&resize=350%2C200","width":350,"height":200,"srcset":"https:\/\/i0.wp.com\/ccnews.com.ar\/prensa\/wp-content\/uploads\/2018\/02\/image_content_9316664_20180131213333.jpg?fit=660%2C370&resize=350%2C200 1x, https:\/\/i0.wp.com\/ccnews.com.ar\/prensa\/wp-content\/uploads\/2018\/02\/image_content_9316664_20180131213333.jpg?fit=660%2C370&resize=525%2C300 1,5x"},"classes":[]},{"id":11007,"url":"http:\/\/ccnews.com.ar\/prensa\/neuquen-revisa-un-tercio-de-los-contratos-de-vaca-muerta\/","url_meta":{"origin":8747,"position":1},"title":"Neuqu\u00e9n revisa un tercio de los contratos de Vaca Muerta","author":"CLUSTERciar","date":"5 abril, 2019","format":false,"excerpt":"De las 34 concesiones no convencionales, 13 enfrentan en poco tiempo el vencimiento de sus pilotos. El gobierno neuquino presiona para que las operadoras pasen a la fase de explotaci\u00f3n intensiva. Con la entrada en vigencia de la\u00a0nueva ley de Hidrocarburos, la 27.007, en 2014 se desencaden\u00f3 en la provincia\u2026","rel":"","context":"En \u00abEnerg\u00eda y Producci\u00f3n\u00bb","block_context":{"text":"Energ\u00eda y Producci\u00f3n","link":"http:\/\/ccnews.com.ar\/prensa\/category\/energia-y-produccion\/"},"img":{"alt_text":"","src":"https:\/\/i0.wp.com\/ccnews.com.ar\/prensa\/wp-content\/uploads\/2019\/04\/Imagen-Upstream-02-1.jpg?fit=1200%2C675&resize=350%2C200","width":350,"height":200,"srcset":"https:\/\/i0.wp.com\/ccnews.com.ar\/prensa\/wp-content\/uploads\/2019\/04\/Imagen-Upstream-02-1.jpg?fit=1200%2C675&resize=350%2C200 1x, https:\/\/i0.wp.com\/ccnews.com.ar\/prensa\/wp-content\/uploads\/2019\/04\/Imagen-Upstream-02-1.jpg?fit=1200%2C675&resize=525%2C300 1,5x, https:\/\/i0.wp.com\/ccnews.com.ar\/prensa\/wp-content\/uploads\/2019\/04\/Imagen-Upstream-02-1.jpg?fit=1200%2C675&resize=700%2C400 2x, https:\/\/i0.wp.com\/ccnews.com.ar\/prensa\/wp-content\/uploads\/2019\/04\/Imagen-Upstream-02-1.jpg?fit=1200%2C675&resize=1050%2C600 3x"},"classes":[]},{"id":7761,"url":"http:\/\/ccnews.com.ar\/prensa\/en-marzo-crecio-un-82-la-produccion-de-crudo-de-neuquen\/","url_meta":{"origin":8747,"position":2},"title":"En marzo creci\u00f3 un 8,2% la producci\u00f3n de crudo de Neuqu\u00e9n","author":"admin","date":"11 mayo, 2018","format":false,"excerpt":"Es la variaci\u00f3n interanual de marzo. La suba en el trimestre fue de 5%, seg\u00fan n\u00fameros del Ministerio de Energ\u00eda de la Naci\u00f3n. La producci\u00f3n de petr\u00f3leo y gas sigue en alza en Neuqu\u00e9n. Si se la mide de manera interanual, present\u00f3 un crecimiento del 4,96 por ciento en petr\u00f3leo\u2026","rel":"","context":"En \u00abSustentabilidad\u00bb","block_context":{"text":"Sustentabilidad","link":"http:\/\/ccnews.com.ar\/prensa\/category\/sustentabilidad\/"},"img":{"alt_text":"","src":"https:\/\/i0.wp.com\/ccnews.com.ar\/prensa\/wp-content\/uploads\/2018\/05\/20180502084801.jpg?fit=612%2C462&resize=350%2C200","width":350,"height":200,"srcset":"https:\/\/i0.wp.com\/ccnews.com.ar\/prensa\/wp-content\/uploads\/2018\/05\/20180502084801.jpg?fit=612%2C462&resize=350%2C200 1x, https:\/\/i0.wp.com\/ccnews.com.ar\/prensa\/wp-content\/uploads\/2018\/05\/20180502084801.jpg?fit=612%2C462&resize=525%2C300 1,5x"},"classes":[]},{"id":8437,"url":"http:\/\/ccnews.com.ar\/prensa\/la-curva-de-aprendizaje-ya-se-hace-sentir-en-vaca-muerta\/","url_meta":{"origin":8747,"position":3},"title":"La curva de aprendizaje ya se hace sentir en Vaca Muerta","author":"CLUSTERciar","date":"20 julio, 2018","format":false,"excerpt":"La producci\u00f3n de Neuqu\u00e9n retom\u00f3 los niveles de fines de 2015. La baja de costos y la nueva tecnolog\u00eda fueron claves en el repunte. La sociedad de YPF con Chevron en la operaci\u00f3n del yacimiento no convencional de Loma Campana consigui\u00f3 pasar en menos de tres a\u00f1os de producir el\u2026","rel":"","context":"En \u00abEnerg\u00eda y Producci\u00f3n\u00bb","block_context":{"text":"Energ\u00eda y Producci\u00f3n","link":"http:\/\/ccnews.com.ar\/prensa\/category\/energia-y-produccion\/"},"img":{"alt_text":"","src":"https:\/\/i0.wp.com\/ccnews.com.ar\/prensa\/wp-content\/uploads\/2018\/07\/loma_campana-750x375.jpg?fit=750%2C375&resize=350%2C200","width":350,"height":200,"srcset":"https:\/\/i0.wp.com\/ccnews.com.ar\/prensa\/wp-content\/uploads\/2018\/07\/loma_campana-750x375.jpg?fit=750%2C375&resize=350%2C200 1x, https:\/\/i0.wp.com\/ccnews.com.ar\/prensa\/wp-content\/uploads\/2018\/07\/loma_campana-750x375.jpg?fit=750%2C375&resize=525%2C300 1,5x, https:\/\/i0.wp.com\/ccnews.com.ar\/prensa\/wp-content\/uploads\/2018\/07\/loma_campana-750x375.jpg?fit=750%2C375&resize=700%2C400 2x"},"classes":[]},{"id":8913,"url":"http:\/\/ccnews.com.ar\/prensa\/el-gobierno-nacional-define-el-nuevo-plan-gas\/","url_meta":{"origin":8747,"position":4},"title":"EL GOBIERNO NACIONAL DEFINE EL NUEVO PLAN GAS","author":"CLUSTERciar","date":"26 septiembre, 2018","format":false,"excerpt":"Un menor precio del gas para la generaci\u00f3n el\u00e9ctrica que logr\u00f3 el gobierno a trav\u00e9s de Cammesa, cubri\u00f3 a los usuarios residenciales de un tarifazo mayor, pero redujo el precio base para el c\u00e1lculo del subsidio que paga el programa para nuevos desarrollos no convencionales. La Resoluci\u00f3n 46\/2017 que redact\u00f3\u2026","rel":"","context":"En \u00abEnerg\u00eda y Producci\u00f3n\u00bb","block_context":{"text":"Energ\u00eda y Producci\u00f3n","link":"http:\/\/ccnews.com.ar\/prensa\/category\/energia-y-produccion\/"},"img":{"alt_text":"","src":"","width":0,"height":0},"classes":[]},{"id":12013,"url":"http:\/\/ccnews.com.ar\/prensa\/neuquen-alcanzo-la-produccion-de-petroleo-mas-alta-en-diez-anos\/","url_meta":{"origin":8747,"position":5},"title":"Neuqu\u00e9n alcanz\u00f3 la producci\u00f3n de petr\u00f3leo m\u00e1s alta en diez a\u00f1os","author":"admin","date":"28 junio, 2019","format":false,"excerpt":"El crudo no convencional de Vaca Muerta fue el gran responsable. Se bombearon m\u00e1s de 138.000 barriles por d\u00eda en mayo y se super\u00f3 la marca de 2009. La extracci\u00f3n de gas registr\u00f3 un incremento del 5,12% respecto a abril. La demanda local impuls\u00f3 los metros c\u00fabicos. La decisi\u00f3n de\u2026","rel":"","context":"En \u00abEnerg\u00eda y Producci\u00f3n\u00bb","block_context":{"text":"Energ\u00eda y Producci\u00f3n","link":"http:\/\/ccnews.com.ar\/prensa\/category\/energia-y-produccion\/"},"img":{"alt_text":"","src":"https:\/\/i0.wp.com\/ccnews.com.ar\/prensa\/wp-content\/uploads\/2019\/06\/articulos_7413_1_180830_135522.jpg?fit=1200%2C721&resize=350%2C200","width":350,"height":200,"srcset":"https:\/\/i0.wp.com\/ccnews.com.ar\/prensa\/wp-content\/uploads\/2019\/06\/articulos_7413_1_180830_135522.jpg?fit=1200%2C721&resize=350%2C200 1x, https:\/\/i0.wp.com\/ccnews.com.ar\/prensa\/wp-content\/uploads\/2019\/06\/articulos_7413_1_180830_135522.jpg?fit=1200%2C721&resize=525%2C300 1,5x, https:\/\/i0.wp.com\/ccnews.com.ar\/prensa\/wp-content\/uploads\/2019\/06\/articulos_7413_1_180830_135522.jpg?fit=1200%2C721&resize=700%2C400 2x, https:\/\/i0.wp.com\/ccnews.com.ar\/prensa\/wp-content\/uploads\/2019\/06\/articulos_7413_1_180830_135522.jpg?fit=1200%2C721&resize=1050%2C600 3x"},"classes":[]}],"jetpack_sharing_enabled":true,"_links":{"self":[{"href":"http:\/\/ccnews.com.ar\/prensa\/wp-json\/wp\/v2\/posts\/8747","targetHints":{"allow":["GET"]}}],"collection":[{"href":"http:\/\/ccnews.com.ar\/prensa\/wp-json\/wp\/v2\/posts"}],"about":[{"href":"http:\/\/ccnews.com.ar\/prensa\/wp-json\/wp\/v2\/types\/post"}],"author":[{"embeddable":true,"href":"http:\/\/ccnews.com.ar\/prensa\/wp-json\/wp\/v2\/users\/2"}],"replies":[{"embeddable":true,"href":"http:\/\/ccnews.com.ar\/prensa\/wp-json\/wp\/v2\/comments?post=8747"}],"version-history":[{"count":1,"href":"http:\/\/ccnews.com.ar\/prensa\/wp-json\/wp\/v2\/posts\/8747\/revisions"}],"predecessor-version":[{"id":8751,"href":"http:\/\/ccnews.com.ar\/prensa\/wp-json\/wp\/v2\/posts\/8747\/revisions\/8751"}],"wp:featuredmedia":[{"embeddable":true,"href":"http:\/\/ccnews.com.ar\/prensa\/wp-json\/wp\/v2\/media\/8749"}],"wp:attachment":[{"href":"http:\/\/ccnews.com.ar\/prensa\/wp-json\/wp\/v2\/media?parent=8747"}],"wp:term":[{"taxonomy":"category","embeddable":true,"href":"http:\/\/ccnews.com.ar\/prensa\/wp-json\/wp\/v2\/categories?post=8747"},{"taxonomy":"post_tag","embeddable":true,"href":"http:\/\/ccnews.com.ar\/prensa\/wp-json\/wp\/v2\/tags?post=8747"}],"curies":[{"name":"wp","href":"https:\/\/api.w.org\/{rel}","templated":true}]}}