{"id":8887,"date":"2018-09-25T08:00:54","date_gmt":"2018-09-25T11:00:54","guid":{"rendered":"http:\/\/clusterciarnews.com.ar\/prensa\/?p=8887"},"modified":"2018-09-21T12:23:39","modified_gmt":"2018-09-21T15:23:39","slug":"los-programadores-tuvieron-su-encuentro-anual-en-neuquen","status":"publish","type":"post","link":"http:\/\/ccnews.com.ar\/prensa\/los-programadores-tuvieron-su-encuentro-anual-en-neuquen\/","title":{"rendered":"Los programadores tuvieron su encuentro anual en Neuqu\u00e9n"},"content":{"rendered":"<p>Alrededor de 150 developers o desarrolladores se capacitaron en las \u00faltimas tecnolog\u00edas.<\/p>\n<article id=\"article-post\" class=\"cat-rojo\">\n<div class=\"cuerpo\">\n<p class=\"m_1681697380206395135m_1483643500618957638m_-4684624050781272456gmail-MsoNoSpacing\">Un aula de la Universidad Nacional del Comahue (UNCo) parec\u00eda ejercer ayer un gran contraste con el clima calmo que se viv\u00eda en las calles internas de esa casa de estudios. Durante todo el d\u00eda, ese sector de las aulas comunes de la Universidad alberg\u00f3 la DevFest Neuqu\u00e9n 2018, un concurrido evento para programadores de la zona.<\/p>\n<\/div>\n<\/article>\n<article id=\"article-post\" class=\"cat-rojo\">\n<div class=\"cuerpo\">\n<p class=\"m_1681697380206395135m_1483643500618957638m_-4684624050781272456gmail-MsoNoSpacing\">\u201cTratamos de convocar a todos los developers o desarrolladores para que se capaciten y est\u00e9n actualizados en las \u00faltimas tecnolog\u00edas\u201d, explic\u00f3 Sebasti\u00e1n Herrera Cano, referente del Grupo de Desarrolladores de Google de Neuqu\u00e9n y organizador del evento. Seg\u00fan aclar\u00f3, a la cita acudieron unas 150 personas de un variado grupo de hombres y mujeres de todas las edades, desde estudiantes secundarios de escuelas t\u00e9cnicas hasta profesionales con a\u00f1os de experiencia.<\/p>\n<p class=\"m_1681697380206395135m_1483643500618957638m_-4684624050781272456gmail-MsoNoSpacing\">Como la inform\u00e1tica le exige a sus adeptos estar en constante aprendizaje, esta actividad fue una gran oportunidad para que los programadores de la zona conocieran las \u00faltimas tecnolog\u00edas disponibles en el mercado. Por eso, llam\u00f3 la atenci\u00f3n no s\u00f3lo de los estudiantes de la carrera universitaria sino de profesionales que ya trabajan hace a\u00f1os en el rubro.<\/p>\n<p class=\"m_1681697380206395135m_1483643500618957638m_-4684624050781272456gmail-MsoNoSpacing\">\u201cNo es como en otras carreras que uno obtiene el t\u00edtulo y deja los libros, hay cosas que salieron hace un a\u00f1o y que hoy ya son obsoletas\u201d, sostuvo Andrea Rojas, otras de las organizadoras, quien destac\u00f3 tambi\u00e9n la participaci\u00f3n de mujeres en la actividad. \u201cS\u00f3lo el 17% de los estudiantes son mujeres, porque falta un poco de incentivo y conocimiento sobre lo que hace un programador\u201d, relat\u00f3.<\/p>\n<p class=\"m_1681697380206395135m_1483643500618957638m_-4684624050781272456gmail-MsoNoSpacing\">El encuentro cont\u00f3 con la participaci\u00f3n de tres developers expertos calificados por Google, que no trabajan en ese gigante de Internet pero son reconocidos por la empresa como expertos en distintas tem\u00e1ticas de la programaci\u00f3n. Jorge Cano, Leonardo Pitteli y Yuri Camacho llegaron a la zona para compartir sus conocimientos en \u00e1reas espec\u00edficas de la materia como criptograf\u00eda, programaci\u00f3n Android y serverless.<\/p>\n<p class=\"m_1681697380206395135m_1483643500618957638m_-4684624050781272456gmail-MsoNoSpacing\">El objetivo final de este tipo de actividades es elevar el nivel de conocimiento de los developers de la zona para as\u00ed fomentar la instalaci\u00f3n de grandes empresas de tecnolog\u00eda en la regi\u00f3n o que estas firmas lleguen a Neuqu\u00e9n a buscar personal. \u201cEl nivel de la Universidad es bueno pero todo depende de cu\u00e1nto se capacite e investigue la persona despu\u00e9s de recibirse, porque la carrera s\u00f3lo te da una base\u201d, detall\u00f3 Herrera Cano.<\/p>\n<h3 class=\"m_1681697380206395135m_1483643500618957638m_-4684624050781272456gmail-MsoNoSpacing\">&#8211;&gt; Una oportunidad para emprender<\/h3>\n<p class=\"m_1681697380206395135m_1483643500618957638m_-4684624050781272456gmail-MsoNoSpacing\">Los DevFest, que se realizan de manera anual en la ciudad, buscan no s\u00f3lo otorgar los conocimientos necesarios para aplicar para un trabajo sino fomentar el esp\u00edritu emprendedor entre los desarrolladores, que pueden usar esas nuevas herramientas para dise\u00f1ar un producto o servicio nuevo.<\/p>\n<p class=\"m_1681697380206395135m_1483643500618957638m_-4684624050781272456gmail-MsoNoSpacing\">Sebasti\u00e1n Herrera Cano, referente del Grupo de Desarrolladores de Google de Neuqu\u00e9n y organizador del evento, explic\u00f3 que muchos emprendedores encuentran en estos espacios a sus potenciales socios o aliados de negocios y as\u00ed surgen nuevas ideas de compa\u00f1\u00edas.<\/p>\n<p class=\"m_1681697380206395135m_1483643500618957638m_-4684624050781272456gmail-MsoNoSpacing\">\u201cCrear una empresa de tecnolog\u00eda requiere de mucho conocimiento pero de una inversi\u00f3n econ\u00f3mica relativamente baja\u201d, dijo. La posibilidad de trabajar lejos de los grandes centros industriales es otra ventaja para la actividad y, seg\u00fan Herrera Cano, las ganancias pueden ser muy altas cuando \u201cpega\u201d un producto, servicio o nueva aplicaci\u00f3n de tecnolog\u00eda.<\/p>\n<\/div>\n<p>Fuente: LM Neuqu\u00e9n<\/p>\n<\/article>\n<!-- AddThis Advanced Settings generic via filter on the_content -->","protected":false},"excerpt":{"rendered":"<p>Alrededor de 150 developers o desarrolladores se capacitaron en las \u00faltimas tecnolog\u00edas. Un aula de la Universidad Nacional del Comahue<!-- AddThis Advanced Settings generic via filter on get_the_excerpt --><\/p>\n","protected":false},"author":2,"featured_media":8889,"comment_status":"closed","ping_status":"closed","sticky":false,"template":"","format":"standard","meta":{"colormag_page_container_layout":"default_layout","colormag_page_sidebar_layout":"default_layout","jetpack_post_was_ever_published":false,"_jetpack_newsletter_access":"","_jetpack_dont_email_post_to_subs":false,"_jetpack_newsletter_tier_id":0,"_jetpack_memberships_contains_paywalled_content":false,"_jetpack_memberships_contains_paid_content":false,"footnotes":"","jetpack_publicize_message":"","jetpack_publicize_feature_enabled":true,"jetpack_social_post_already_shared":true,"jetpack_social_options":{"image_generator_settings":{"template":"highway","default_image_id":0,"font":"","enabled":false},"version":2}},"categories":[5],"tags":[17],"class_list":["post-8887","post","type-post","status-publish","format-standard","has-post-thumbnail","hentry","category-transformacion-digital","tag-otros-medios"],"jetpack_publicize_connections":[],"jetpack_featured_media_url":"https:\/\/i0.wp.com\/ccnews.com.ar\/prensa\/wp-content\/uploads\/2018\/09\/0003264931.jpg?fit=770%2C433","jetpack_shortlink":"https:\/\/wp.me\/p7L1gj-2jl","jetpack-related-posts":[{"id":6309,"url":"http:\/\/ccnews.com.ar\/prensa\/ciar-tecnologia-apoyo-el-primer-devfest-de-neuquen\/","url_meta":{"origin":8887,"position":0},"title":"Ciar Tecnolog\u00eda apoy\u00f3 el primer  DevFest de Neuqu\u00e9n","author":"CLUSTERciar","date":"29 noviembre, 2017","format":false,"excerpt":"Con el prop\u00f3sito de sumar valor a la comunidad de desarrolladores locales, el GDG Neuqu\u00e9n organiz\u00f3 el primer DevFest de la zona. Ciar Tecnolog\u00eda fue uno de los sponsors. El 11 de noviembre, en la Universidad Nacional del Comahue, se celebr\u00f3 la Conferencia Anual de Desarrolladores DevFest Neuqu\u00e9n 2017. El\u2026","rel":"","context":"En \u00abTransformaci\u00f3n digital\u00bb","block_context":{"text":"Transformaci\u00f3n digital","link":"http:\/\/ccnews.com.ar\/prensa\/category\/transformacion-digital\/"},"img":{"alt_text":"","src":"https:\/\/i0.wp.com\/ccnews.com.ar\/prensa\/wp-content\/uploads\/2017\/11\/portada-2.jpg?fit=600%2C275&resize=350%2C200","width":350,"height":200,"srcset":"https:\/\/i0.wp.com\/ccnews.com.ar\/prensa\/wp-content\/uploads\/2017\/11\/portada-2.jpg?fit=600%2C275&resize=350%2C200 1x, https:\/\/i0.wp.com\/ccnews.com.ar\/prensa\/wp-content\/uploads\/2017\/11\/portada-2.jpg?fit=600%2C275&resize=525%2C300 1,5x"},"classes":[]},{"id":8729,"url":"http:\/\/ccnews.com.ar\/prensa\/el-nuevo-devfest-pondra-foco-en-la-tecnologia-y-en-la-interaccion\/","url_meta":{"origin":8887,"position":1},"title":"El nuevo DevFest pondr\u00e1 foco  en la tecnolog\u00eda y en la interacci\u00f3n","author":"CLUSTERciar","date":"28 agosto, 2018","format":false,"excerpt":"Organizado por el Grupo de Desarrolladores de Google (GDG) de Neuqu\u00e9n y la Facultad Inform\u00e1tica de la UNCo, y con la participaci\u00f3n de Ciar Tecnolog\u00eda como uno de los sponsors, se realizar\u00e1 el segundo DevFest de Neuqu\u00e9n con el objetivo de sumar valor a la comunidad de desarrolladores locales. El\u2026","rel":"","context":"En \u00abTransformaci\u00f3n digital\u00bb","block_context":{"text":"Transformaci\u00f3n digital","link":"http:\/\/ccnews.com.ar\/prensa\/category\/transformacion-digital\/"},"img":{"alt_text":"","src":"https:\/\/i0.wp.com\/ccnews.com.ar\/prensa\/wp-content\/uploads\/2018\/08\/dev.jpg?fit=803%2C404&resize=350%2C200","width":350,"height":200,"srcset":"https:\/\/i0.wp.com\/ccnews.com.ar\/prensa\/wp-content\/uploads\/2018\/08\/dev.jpg?fit=803%2C404&resize=350%2C200 1x, https:\/\/i0.wp.com\/ccnews.com.ar\/prensa\/wp-content\/uploads\/2018\/08\/dev.jpg?fit=803%2C404&resize=525%2C300 1,5x, https:\/\/i0.wp.com\/ccnews.com.ar\/prensa\/wp-content\/uploads\/2018\/08\/dev.jpg?fit=803%2C404&resize=700%2C400 2x"},"classes":[]},{"id":8947,"url":"http:\/\/ccnews.com.ar\/prensa\/neuquen-tech-se-presento-lo-ultimo-en-tecnologias-de-la-informacion\/","url_meta":{"origin":8887,"position":2},"title":"Neuqu\u00e9n Tech: se present\u00f3 lo \u00faltimo  en tecnolog\u00edas de la informaci\u00f3n","author":"CLUSTERciar","date":"28 septiembre, 2018","format":false,"excerpt":"Durante el encuentro, celebrado en la ciudad de Neuqu\u00e9n, se abordaron temas como ingenier\u00eda de software, cadenas de bloque y sistemas de informaci\u00f3n, entre otros. Infotech, una de las organizaciones que acompa\u00f1aron el evento, cuenta con Ciar Tecnolog\u00eda entre sus integrantes. El 27 de septiembre se celebr\u00f3 Neuqu\u00e9n Tech, la\u2026","rel":"","context":"En \u00abTransformaci\u00f3n digital\u00bb","block_context":{"text":"Transformaci\u00f3n digital","link":"http:\/\/ccnews.com.ar\/prensa\/category\/transformacion-digital\/"},"img":{"alt_text":"","src":"https:\/\/i0.wp.com\/ccnews.com.ar\/prensa\/wp-content\/uploads\/2018\/09\/0-Plantilla-1.jpg?fit=803%2C404&resize=350%2C200","width":350,"height":200,"srcset":"https:\/\/i0.wp.com\/ccnews.com.ar\/prensa\/wp-content\/uploads\/2018\/09\/0-Plantilla-1.jpg?fit=803%2C404&resize=350%2C200 1x, https:\/\/i0.wp.com\/ccnews.com.ar\/prensa\/wp-content\/uploads\/2018\/09\/0-Plantilla-1.jpg?fit=803%2C404&resize=525%2C300 1,5x, https:\/\/i0.wp.com\/ccnews.com.ar\/prensa\/wp-content\/uploads\/2018\/09\/0-Plantilla-1.jpg?fit=803%2C404&resize=700%2C400 2x"},"classes":[]},{"id":4339,"url":"http:\/\/ccnews.com.ar\/prensa\/se-celebro-en-neuquen-un-workshop-sobre-bim-el-nuevo-paradigma-para-proyectos-de-construccion\/","url_meta":{"origin":8887,"position":3},"title":"Se celebr\u00f3 en Neuqu\u00e9n  un workshop sobre BIM:  el nuevo paradigma para proyectos  de construcci\u00f3n","author":"CLUSTERciar","date":"31 mayo, 2017","format":false,"excerpt":"Durante el evento, organizado por CIAR y OPTIC, se dieron a conocer las \u00faltimas novedades en soluciones de Autodesk para el dise\u00f1o y la gesti\u00f3n de proyectos de construcci\u00f3n mediante el concepto BIM (Building Information Modeling). La agenda incluy\u00f3 la presentaci\u00f3n de casos de \u00e9xito realizados por el Gobierno de\u2026","rel":"","context":"En \u00abTransformaci\u00f3n digital\u00bb","block_context":{"text":"Transformaci\u00f3n digital","link":"http:\/\/ccnews.com.ar\/prensa\/category\/transformacion-digital\/"},"img":{"alt_text":"","src":"https:\/\/i0.wp.com\/ccnews.com.ar\/prensa\/wp-content\/uploads\/2017\/05\/20170516_095223.jpg?fit=800%2C444&resize=350%2C200","width":350,"height":200,"srcset":"https:\/\/i0.wp.com\/ccnews.com.ar\/prensa\/wp-content\/uploads\/2017\/05\/20170516_095223.jpg?fit=800%2C444&resize=350%2C200 1x, https:\/\/i0.wp.com\/ccnews.com.ar\/prensa\/wp-content\/uploads\/2017\/05\/20170516_095223.jpg?fit=800%2C444&resize=525%2C300 1,5x, https:\/\/i0.wp.com\/ccnews.com.ar\/prensa\/wp-content\/uploads\/2017\/05\/20170516_095223.jpg?fit=800%2C444&resize=700%2C400 2x"},"classes":[]},{"id":12701,"url":"http:\/\/ccnews.com.ar\/prensa\/presentan-la-red-de-internet-de-las-cosas-en-neuquen\/","url_meta":{"origin":8887,"position":4},"title":"Presentan la red de internet de las cosas en Neuqu\u00e9n","author":"admin","date":"30 agosto, 2019","format":false,"excerpt":"La ciudad est\u00e1 dentro del \u00e1rea de cobertura inicial del proyecto. La Oficina Provincial de Tecnolog\u00edas de la Informaci\u00f3n y la Comunicaci\u00f3n (Optic) anunci\u00f3 ayer que, en conjunto con la compa\u00f1\u00eda Velocom, pusieron a disposici\u00f3n la red de internet de las cosas (IoT, por sus siglas en ingl\u00e9s) en la\u2026","rel":"","context":"En \u00abTransformaci\u00f3n digital\u00bb","block_context":{"text":"Transformaci\u00f3n digital","link":"http:\/\/ccnews.com.ar\/prensa\/category\/transformacion-digital\/"},"img":{"alt_text":"","src":"https:\/\/i0.wp.com\/ccnews.com.ar\/prensa\/wp-content\/uploads\/2019\/08\/0004072539.jpg?fit=770%2C435&resize=350%2C200","width":350,"height":200,"srcset":"https:\/\/i0.wp.com\/ccnews.com.ar\/prensa\/wp-content\/uploads\/2019\/08\/0004072539.jpg?fit=770%2C435&resize=350%2C200 1x, https:\/\/i0.wp.com\/ccnews.com.ar\/prensa\/wp-content\/uploads\/2019\/08\/0004072539.jpg?fit=770%2C435&resize=525%2C300 1,5x, https:\/\/i0.wp.com\/ccnews.com.ar\/prensa\/wp-content\/uploads\/2019\/08\/0004072539.jpg?fit=770%2C435&resize=700%2C400 2x"},"classes":[]},{"id":5973,"url":"http:\/\/ccnews.com.ar\/prensa\/se-conocieron-las-ofertas-por-los-parque-eolicos-para-rio-negro-y-neuquen\/","url_meta":{"origin":8887,"position":5},"title":"Se conocieron las ofertas por los parque e\u00f3licos para R\u00edo Negro y Neuqu\u00e9n","author":"CLUSTERciar","date":"31 octubre, 2017","format":false,"excerpt":"Se abieron los sobres de la tercera ronda de licitaci\u00f3n de RenoVar 2.0. En total, los ofrecimientos llegaron a los 9.400 MW. En la regi\u00f3n se licitar\u00e1n 200 MW en energ\u00eda e\u00f3lica. Se abrieron los sobres de la tercera ronda de licitaci\u00f3n para energ\u00edas verdes del programa\u00a0RenoVar 2.0\u00a0y las ofertas\u2026","rel":"","context":"En \u00abEnerg\u00eda y Producci\u00f3n\u00bb","block_context":{"text":"Energ\u00eda y Producci\u00f3n","link":"http:\/\/ccnews.com.ar\/prensa\/category\/energia-y-produccion\/"},"img":{"alt_text":"","src":"https:\/\/i0.wp.com\/ccnews.com.ar\/prensa\/wp-content\/uploads\/2017\/10\/image_content_8969499_20171020084506.jpg?fit=660%2C370&resize=350%2C200","width":350,"height":200,"srcset":"https:\/\/i0.wp.com\/ccnews.com.ar\/prensa\/wp-content\/uploads\/2017\/10\/image_content_8969499_20171020084506.jpg?fit=660%2C370&resize=350%2C200 1x, https:\/\/i0.wp.com\/ccnews.com.ar\/prensa\/wp-content\/uploads\/2017\/10\/image_content_8969499_20171020084506.jpg?fit=660%2C370&resize=525%2C300 1,5x"},"classes":[]}],"jetpack_sharing_enabled":true,"_links":{"self":[{"href":"http:\/\/ccnews.com.ar\/prensa\/wp-json\/wp\/v2\/posts\/8887","targetHints":{"allow":["GET"]}}],"collection":[{"href":"http:\/\/ccnews.com.ar\/prensa\/wp-json\/wp\/v2\/posts"}],"about":[{"href":"http:\/\/ccnews.com.ar\/prensa\/wp-json\/wp\/v2\/types\/post"}],"author":[{"embeddable":true,"href":"http:\/\/ccnews.com.ar\/prensa\/wp-json\/wp\/v2\/users\/2"}],"replies":[{"embeddable":true,"href":"http:\/\/ccnews.com.ar\/prensa\/wp-json\/wp\/v2\/comments?post=8887"}],"version-history":[{"count":1,"href":"http:\/\/ccnews.com.ar\/prensa\/wp-json\/wp\/v2\/posts\/8887\/revisions"}],"predecessor-version":[{"id":8891,"href":"http:\/\/ccnews.com.ar\/prensa\/wp-json\/wp\/v2\/posts\/8887\/revisions\/8891"}],"wp:featuredmedia":[{"embeddable":true,"href":"http:\/\/ccnews.com.ar\/prensa\/wp-json\/wp\/v2\/media\/8889"}],"wp:attachment":[{"href":"http:\/\/ccnews.com.ar\/prensa\/wp-json\/wp\/v2\/media?parent=8887"}],"wp:term":[{"taxonomy":"category","embeddable":true,"href":"http:\/\/ccnews.com.ar\/prensa\/wp-json\/wp\/v2\/categories?post=8887"},{"taxonomy":"post_tag","embeddable":true,"href":"http:\/\/ccnews.com.ar\/prensa\/wp-json\/wp\/v2\/tags?post=8887"}],"curies":[{"name":"wp","href":"https:\/\/api.w.org\/{rel}","templated":true}]}}