{"id":8907,"date":"2018-09-27T08:00:51","date_gmt":"2018-09-27T11:00:51","guid":{"rendered":"http:\/\/clusterciarnews.com.ar\/prensa\/?p=8907"},"modified":"2018-09-21T12:34:44","modified_gmt":"2018-09-21T15:34:44","slug":"una-argentina-lidera-el-ranking-de-los-20-hispanos-mas-influyentes-de-la-industria-tecnologica-en-2018","status":"publish","type":"post","link":"http:\/\/ccnews.com.ar\/prensa\/una-argentina-lidera-el-ranking-de-los-20-hispanos-mas-influyentes-de-la-industria-tecnologica-en-2018\/","title":{"rendered":"Una argentina lidera el ranking de los 20 hispanos m\u00e1s influyentes de la industria tecnol\u00f3gica en 2018"},"content":{"rendered":"<div class=\"bajada\"><strong>Una ejecutiva de Marvel Studios es la \u00fanica representante local de la lista donde predominan los brasile\u00f1os, los espa\u00f1oles y los estadounidenses<\/strong><\/div>\n<div class=\"compartirredes\"><\/div>\n<div class=\"compartirredes\">Los latinos no solo son una fuerza de arte y cultura, tambi\u00e9n son un motor de emprendimiento e innovaci\u00f3n.<\/div>\n<div>\n<p>Por eso desde hace cinco a\u00f1os CNET en Espa\u00f1ol hace una lista anual con los 20 latinos m\u00e1s influyentes en la tecnolog\u00eda.<\/p>\n<p>En 2013, cuando empez\u00f3 el listado, se destacaban nombres de hispanos Microsoft, Google, Cisco y AT&amp;T, as\u00ed como fundadores de empresas como Duolingo y Maingear.<\/p>\n<div class=\"tepuedeinteresar\">\n<p class=\"titulorelacionado\">Pero actualmente aparecen ejecutivos de compa\u00f1\u00edas que est\u00e1n marcando pauta en \u00e1reas de entretenimiento, telecomunicaciones y transporte, seg\u00fan destac\u00f3 CNN en Espa\u00f1ol.<\/p>\n<\/div>\n<p>Los nombres de esas empresas ahora son Marvel, Apple, SpaceX y Netflix, organizaciones que a diario son mencionadas en medios por sus lanzamientos e hitos financieros.<\/p>\n<p>CNET comunic\u00f3 que para armar este ranking se enfocaron en gente que trabaje en las \u00e1reas de ingenier\u00eda, matem\u00e1ticas, tecnolog\u00eda, dise\u00f1o, programaci\u00f3n o educaci\u00f3n, para empresas con operaciones en Estados Unidos y que sirvan al mercado del consumidor o educativo.<\/p>\n<p>En la lista hay tres brasile\u00f1os, tres espa\u00f1oles, dos mexicanos, dos chilenos, una argentina, una colombiana, una peruana, dos puertorrique\u00f1os y cuatro estadounidenses. De los 20, nueve son mujeres.<\/p>\n<p>Estos son los 20 m\u00e1s influyentes:<\/p>\n<div class=\"tepuedeinteresar\"><\/div>\n<div class=\"imagen\"><img data-recalc-dims=\"1\" decoding=\"async\" src=\"https:\/\/i0.wp.com\/assets.iprofesional.com\/assets\/jpg\/2018\/09\/466620.jpg?w=741&#038;ssl=1\" alt=\"\"   \/><\/div>\n<p>1 \u2013 Victoria Alonso (Argentina) Vicepresidenta ejecutiva de producci\u00f3n de Marvel Studios (en foto)<\/p>\n<p>2 \u2013 Sergio Buniac (Brasi)\u00a0Presidente de Motorola<\/p>\n<p>3 \u2013 Rub\u00e9n Caballero (Chile)\u00a0Vicepresidente de investigaci\u00f3n, desarrollo y dise\u00f1o de tecnolog\u00eda inal\u00e1mbrica de Apple<\/p>\n<p>4 \u2013 Christian Cerda (Chile)\u00a0Director general de operaciones de iRobot<\/p>\n<p>5 \u2013 Seraf\u00edn D\u00edaz (M\u00e9xico) Vicepresidente de ingenier\u00eda de Qualcomm<\/p>\n<p>6 \u2013 Mar\u00eda Fern\u00e1ndez Guajardo (Espa\u00f1a) Directora de gesti\u00f3n de producto de Oculus VR<\/p>\n<p>7 \u2013 Juan Flores (EE.UU.) Vicepresidente principal de servicios y operaciones de tecnolog\u00eda de AT&amp;T<\/p>\n<p>8 \u2013 Andr\u00e9s Garc\u00eda (Puerto Rico) Ingeniero principal de turbomaquinaria de cohetes de SpaceX<\/p>\n<p>9 \u2013 Adriana Gascoigne (EE.UU.) Fundadora y presidenta ejecutiva de Girls in Tech<\/p>\n<p>10 \u2013 Lidiane Jones (Brasil)\u00a0Vicepresidenta de gesti\u00f3n de productos de software de Sonos<\/p>\n<p>11 \u2013 Mike Krieger (Brasil)\u00a0Cofundador y director general de tecnolog\u00eda de Instagram<\/p>\n<p>12 \u2013 Luz Mar\u00eda Mart\u00ednez Sierra (Colombia)\u00a0Ingeniera de ambientes espaciales naturales, Laboratorio de Propulsi\u00f3n a Reacci\u00f3n de la NASA<\/p>\n<p>13 \u2013 Antonio Molins (Espa\u00f1a) Director de innovaci\u00f3n de producto de Netflix<\/p>\n<p>14 \u2013 Ellice P\u00e9rez (EE.UU.) Jefa de operaciones de Waymo<\/p>\n<p>15 \u2013 Katitza Rodr\u00edguez (Per\u00fa) Directora internacional de derechos humanos de la Electronic Frontier Foundation<\/p>\n<p>16 \u2013 Nuria Ruiz (Espa\u00f1a) L\u00edder t\u00e9cnico del equipo de anal\u00edtica de Wikimedia Foundation<\/p>\n<p>17 \u2013 David S\u00e1nchez (EE.UU.)\u00a0Vicepresidente de producto de Ancestry<\/p>\n<p>18 \u2013 Javier Soltero (Puerto Rico)\u00a0Vicepresidente corporativo de Cortana, Microsoft<\/p>\n<p>19 \u2013 Almudena Soria (Espa\u00f1a)\u00a0Jefa de animaci\u00f3n de Naughty Dog<\/p>\n<p>20 \u2013 Alberto Villarreal (M\u00e9xico)\u00a0L\u00edder creativo de dise\u00f1o industrial del equipo de dispositivos m\u00f3viles de Google<\/p>\n<\/div>\n<p>Fuente: Iprofesional<\/p>\n<!-- AddThis Advanced Settings generic via filter on the_content -->","protected":false},"excerpt":{"rendered":"<p>Una ejecutiva de Marvel Studios es la \u00fanica representante local de la lista donde predominan los brasile\u00f1os, los espa\u00f1oles y<!-- AddThis Advanced Settings generic via filter on get_the_excerpt --><\/p>\n","protected":false},"author":2,"featured_media":8909,"comment_status":"closed","ping_status":"closed","sticky":false,"template":"","format":"standard","meta":{"colormag_page_container_layout":"default_layout","colormag_page_sidebar_layout":"default_layout","jetpack_post_was_ever_published":false,"_jetpack_newsletter_access":"","_jetpack_dont_email_post_to_subs":false,"_jetpack_newsletter_tier_id":0,"_jetpack_memberships_contains_paywalled_content":false,"_jetpack_memberships_contains_paid_content":false,"footnotes":"","jetpack_publicize_message":"","jetpack_publicize_feature_enabled":true,"jetpack_social_post_already_shared":true,"jetpack_social_options":{"image_generator_settings":{"template":"highway","default_image_id":0,"font":"","enabled":false},"version":2}},"categories":[7],"tags":[17],"class_list":["post-8907","post","type-post","status-publish","format-standard","has-post-thumbnail","hentry","category-management","tag-otros-medios"],"jetpack_publicize_connections":[],"jetpack_featured_media_url":"https:\/\/i0.wp.com\/ccnews.com.ar\/prensa\/wp-content\/uploads\/2018\/09\/466621_landscape.jpg?fit=640%2C360","jetpack_shortlink":"https:\/\/wp.me\/p7L1gj-2jF","jetpack-related-posts":[{"id":10587,"url":"http:\/\/ccnews.com.ar\/prensa\/estas-son-las-empresas-mas-amadas-por-los-empleados-argentinos\/","url_meta":{"origin":8907,"position":0},"title":"Estas son las empresas m\u00e1s amadas por los empleados argentinos","author":"admin","date":"1 marzo, 2019","format":false,"excerpt":"El ranking lista las 20 compa\u00f1\u00edas que demostraron contar con mayor satisfacci\u00f3n general desde la perspectiva de sus trabajadores a lo largo del 2018. Love Mondays, plataforma en la cual los profesionales eval\u00faan en forma confidencial a las empresas donde trabajan, dio a conocer su ranking de las \"Empresas M\u00e1s\u2026","rel":"","context":"En \u00abManagement\u00bb","block_context":{"text":"Management","link":"http:\/\/ccnews.com.ar\/prensa\/category\/management\/"},"img":{"alt_text":"","src":"https:\/\/i0.wp.com\/ccnews.com.ar\/prensa\/wp-content\/uploads\/2019\/03\/thinkstockphotos-178598388_1024xx2122-1196-0-0.jpg?fit=1024%2C577&resize=350%2C200","width":350,"height":200,"srcset":"https:\/\/i0.wp.com\/ccnews.com.ar\/prensa\/wp-content\/uploads\/2019\/03\/thinkstockphotos-178598388_1024xx2122-1196-0-0.jpg?fit=1024%2C577&resize=350%2C200 1x, https:\/\/i0.wp.com\/ccnews.com.ar\/prensa\/wp-content\/uploads\/2019\/03\/thinkstockphotos-178598388_1024xx2122-1196-0-0.jpg?fit=1024%2C577&resize=525%2C300 1,5x, https:\/\/i0.wp.com\/ccnews.com.ar\/prensa\/wp-content\/uploads\/2019\/03\/thinkstockphotos-178598388_1024xx2122-1196-0-0.jpg?fit=1024%2C577&resize=700%2C400 2x"},"classes":[]},{"id":4085,"url":"http:\/\/ccnews.com.ar\/prensa\/cuales-son-los-paises-mas-saludables-del-mundo\/","url_meta":{"origin":8907,"position":1},"title":"\u00bfCu\u00e1les son los pa\u00edses m\u00e1s saludables del mundo?","author":"CLUSTERciar","date":"22 mayo, 2017","format":false,"excerpt":"Una f\u00f3rmula busca encontrar la respuesta uando hablamos de salud no solo nos referimos a la mortalidad e infecciones;\u00a0sino tambi\u00e9n al entorno medioambiental, a la naturaleza y al aire limpio que se respira en una ciudad.\u00a0Es un enfoque que engloba mucho m\u00e1s que la ausencia de enfermedad. En este contexto\u2026","rel":"","context":"En \u00abEducaci\u00f3n\/Sociedad\u00bb","block_context":{"text":"Educaci\u00f3n\/Sociedad","link":"http:\/\/ccnews.com.ar\/prensa\/category\/educacion-sociedad\/"},"img":{"alt_text":"","src":"https:\/\/i0.wp.com\/ccnews.com.ar\/prensa\/wp-content\/uploads\/2017\/05\/canales_venecia_italia.jpg?fit=700%2C438&resize=350%2C200","width":350,"height":200,"srcset":"https:\/\/i0.wp.com\/ccnews.com.ar\/prensa\/wp-content\/uploads\/2017\/05\/canales_venecia_italia.jpg?fit=700%2C438&resize=350%2C200 1x, https:\/\/i0.wp.com\/ccnews.com.ar\/prensa\/wp-content\/uploads\/2017\/05\/canales_venecia_italia.jpg?fit=700%2C438&resize=525%2C300 1,5x, https:\/\/i0.wp.com\/ccnews.com.ar\/prensa\/wp-content\/uploads\/2017\/05\/canales_venecia_italia.jpg?fit=700%2C438&resize=700%2C400 2x"},"classes":[]},{"id":9417,"url":"http:\/\/ccnews.com.ar\/prensa\/stan-lee-presenta-una-leccion-de-marketing-a-traves-de-sus-superheroes\/","url_meta":{"origin":8907,"position":2},"title":"Stan Lee presenta: una lecci\u00f3n de marketing a trav\u00e9s de sus superh\u00e9roes","author":"CLUSTERciar","date":"21 noviembre, 2018","format":false,"excerpt":"Stan Lee es toda una leyenda en el mundo del c\u00f3mic, sus superh\u00e9roes le han convertido en alguien inmortal.\u00a0Construy\u00f3 Marvel como el imperio que conocemos hoy en d\u00eda y tras su muerte, el pasado lunes, ha dejado un gran legado. Los 4 fant\u00e1sticos fueron los personajes que pusieron el foco\u2026","rel":"","context":"En \u00abManagement\u00bb","block_context":{"text":"Management","link":"http:\/\/ccnews.com.ar\/prensa\/category\/management\/"},"img":{"alt_text":"","src":"https:\/\/i0.wp.com\/ccnews.com.ar\/prensa\/wp-content\/uploads\/2018\/11\/Stan-Lee-Marvel-C%C3%B3mics.jpg?fit=543%2C462&resize=350%2C200","width":350,"height":200,"srcset":"https:\/\/i0.wp.com\/ccnews.com.ar\/prensa\/wp-content\/uploads\/2018\/11\/Stan-Lee-Marvel-C%C3%B3mics.jpg?fit=543%2C462&resize=350%2C200 1x, https:\/\/i0.wp.com\/ccnews.com.ar\/prensa\/wp-content\/uploads\/2018\/11\/Stan-Lee-Marvel-C%C3%B3mics.jpg?fit=543%2C462&resize=525%2C300 1,5x"},"classes":[]},{"id":1751,"url":"http:\/\/ccnews.com.ar\/prensa\/medicina-y-administracion-son-las-mas-elegidas-por-los-jovenes\/","url_meta":{"origin":8907,"position":3},"title":"Medicina y Administraci\u00f3n son las m\u00e1s elegidas por los j\u00f3venes","author":"CLUSTERciar","date":"4 octubre, 2016","format":false,"excerpt":"Las Ciencias Sociales y Humanas son las que concentran la mayor cantidad de interesados entre los j\u00f3venes que est\u00e1n por definir su carrera universitaria Los j\u00f3venes del \u00e1rea metropolitana de Buenos Aires que est\u00e1n terminando el secundario se vuelcan a continuar sus estudios superiores en carreras tradicionales como Medicina, Administraci\u00f3n\u2026","rel":"","context":"En \u00abEducaci\u00f3n\/Sociedad\u00bb","block_context":{"text":"Educaci\u00f3n\/Sociedad","link":"http:\/\/ccnews.com.ar\/prensa\/category\/educacion-sociedad\/"},"img":{"alt_text":"","src":"https:\/\/i0.wp.com\/719ec77057a57996613a-9a5081423686babcde0c8e2e3662dda4.r0.cf1.rackcdn.com\/adjuntos\/jpg\/2016\/09\/435361.jpg?resize=350%2C200","width":350,"height":200},"classes":[]},{"id":13736,"url":"http:\/\/ccnews.com.ar\/prensa\/la-herencia-economica-condiciona-a-vaca-muerta\/","url_meta":{"origin":8907,"position":4},"title":"La herencia econ\u00f3mica condiciona a Vaca Muerta","author":"admin","date":"29 noviembre, 2019","format":false,"excerpt":"El hermetismo de Fern\u00e1ndez y la situaci\u00f3n de la macro generan dudas en la industria. Las empresas de servicios enviaron m\u00e1s de 500 telegramas de despidos. El gremio anunci\u00f3 un paro. Mientras Vaca Muerta espera que el equipo de Alberto Fern\u00e1ndez de se\u00f1ales concretas sobre el camino que recorrer\u00e1 la\u2026","rel":"","context":"En \u00abEnerg\u00eda y Producci\u00f3n\u00bb","block_context":{"text":"Energ\u00eda y Producci\u00f3n","link":"http:\/\/ccnews.com.ar\/prensa\/category\/energia-y-produccion\/"},"img":{"alt_text":"","src":"https:\/\/i0.wp.com\/ccnews.com.ar\/prensa\/wp-content\/uploads\/2019\/11\/vaca-muerta-pymes.jpg?fit=920%2C520&resize=350%2C200","width":350,"height":200,"srcset":"https:\/\/i0.wp.com\/ccnews.com.ar\/prensa\/wp-content\/uploads\/2019\/11\/vaca-muerta-pymes.jpg?fit=920%2C520&resize=350%2C200 1x, https:\/\/i0.wp.com\/ccnews.com.ar\/prensa\/wp-content\/uploads\/2019\/11\/vaca-muerta-pymes.jpg?fit=920%2C520&resize=525%2C300 1,5x, https:\/\/i0.wp.com\/ccnews.com.ar\/prensa\/wp-content\/uploads\/2019\/11\/vaca-muerta-pymes.jpg?fit=920%2C520&resize=700%2C400 2x"},"classes":[]},{"id":9303,"url":"http:\/\/ccnews.com.ar\/prensa\/tecnologia-cuales-son-los-puestos-con-mejores-sueldos\/","url_meta":{"origin":8907,"position":5},"title":"Tecnolog\u00eda: cu\u00e1les son los puestos con mejores sueldos","author":"CLUSTERciar","date":"14 noviembre, 2018","format":false,"excerpt":"Los desarrolladores y programadores est\u00e1n a la cabeza de las carreras tecnol\u00f3gicas\u00a0mejor pagas\u00a0de Argentina en lo que va del 2018, seg\u00fan un relevamiento hecho por la plataforma Love Mondays, sitio en donde los profesionales eval\u00faan a las empresas donde trabajan. Para la lista fueron consideradas carreras con\u00a0m\u00e1s de 20 salariospublicados\u2026","rel":"","context":"En \u00abTransformaci\u00f3n digital\u00bb","block_context":{"text":"Transformaci\u00f3n digital","link":"http:\/\/ccnews.com.ar\/prensa\/category\/transformacion-digital\/"},"img":{"alt_text":"","src":"https:\/\/i0.wp.com\/ccnews.com.ar\/prensa\/wp-content\/uploads\/2018\/11\/ccn-1.jpg?fit=1200%2C592&resize=350%2C200","width":350,"height":200,"srcset":"https:\/\/i0.wp.com\/ccnews.com.ar\/prensa\/wp-content\/uploads\/2018\/11\/ccn-1.jpg?fit=1200%2C592&resize=350%2C200 1x, https:\/\/i0.wp.com\/ccnews.com.ar\/prensa\/wp-content\/uploads\/2018\/11\/ccn-1.jpg?fit=1200%2C592&resize=525%2C300 1,5x, https:\/\/i0.wp.com\/ccnews.com.ar\/prensa\/wp-content\/uploads\/2018\/11\/ccn-1.jpg?fit=1200%2C592&resize=700%2C400 2x, https:\/\/i0.wp.com\/ccnews.com.ar\/prensa\/wp-content\/uploads\/2018\/11\/ccn-1.jpg?fit=1200%2C592&resize=1050%2C600 3x"},"classes":[]}],"jetpack_sharing_enabled":true,"_links":{"self":[{"href":"http:\/\/ccnews.com.ar\/prensa\/wp-json\/wp\/v2\/posts\/8907","targetHints":{"allow":["GET"]}}],"collection":[{"href":"http:\/\/ccnews.com.ar\/prensa\/wp-json\/wp\/v2\/posts"}],"about":[{"href":"http:\/\/ccnews.com.ar\/prensa\/wp-json\/wp\/v2\/types\/post"}],"author":[{"embeddable":true,"href":"http:\/\/ccnews.com.ar\/prensa\/wp-json\/wp\/v2\/users\/2"}],"replies":[{"embeddable":true,"href":"http:\/\/ccnews.com.ar\/prensa\/wp-json\/wp\/v2\/comments?post=8907"}],"version-history":[{"count":1,"href":"http:\/\/ccnews.com.ar\/prensa\/wp-json\/wp\/v2\/posts\/8907\/revisions"}],"predecessor-version":[{"id":8911,"href":"http:\/\/ccnews.com.ar\/prensa\/wp-json\/wp\/v2\/posts\/8907\/revisions\/8911"}],"wp:featuredmedia":[{"embeddable":true,"href":"http:\/\/ccnews.com.ar\/prensa\/wp-json\/wp\/v2\/media\/8909"}],"wp:attachment":[{"href":"http:\/\/ccnews.com.ar\/prensa\/wp-json\/wp\/v2\/media?parent=8907"}],"wp:term":[{"taxonomy":"category","embeddable":true,"href":"http:\/\/ccnews.com.ar\/prensa\/wp-json\/wp\/v2\/categories?post=8907"},{"taxonomy":"post_tag","embeddable":true,"href":"http:\/\/ccnews.com.ar\/prensa\/wp-json\/wp\/v2\/tags?post=8907"}],"curies":[{"name":"wp","href":"https:\/\/api.w.org\/{rel}","templated":true}]}}