{"id":8917,"date":"2018-10-01T08:00:16","date_gmt":"2018-10-01T11:00:16","guid":{"rendered":"http:\/\/clusterciarnews.com.ar\/prensa\/?p=8917"},"modified":"2018-09-21T12:45:29","modified_gmt":"2018-09-21T15:45:29","slug":"seis-empresas-se-presentaron-a-la-licitacion-para-mejorar-la-infraestructura-electrica-en-anelo","status":"publish","type":"post","link":"http:\/\/ccnews.com.ar\/prensa\/seis-empresas-se-presentaron-a-la-licitacion-para-mejorar-la-infraestructura-electrica-en-anelo\/","title":{"rendered":"SEIS EMPRESAS SE PRESENTARON A LA LICITACI\u00d3N PARA MEJORAR LA INFRAESTRUCTURA EL\u00c9CTRICA EN A\u00d1ELO"},"content":{"rendered":"<div class=\"NotRes2\">Se realiz\u00f3 el acto de apertura de sobres de la licitaci\u00f3n destinada a adquirir todo el equipamiento para construir una nueva subestaci\u00f3n transformadora de 33 a 13,2 kilovatios. Seis fueron las empresas oferentes.<\/div>\n<div><\/div>\n<div class=\"NotTXT2\">Se concret\u00f3 el jueves 20 de septiembre la apertura de la licitaci\u00f3n del proyecto denominado Infraestructura de energ\u00eda el\u00e9ctrica a parques industriales en A\u00f1elo, como parte del programa nacional de Fortalecimiento de la Gesti\u00f3n Provincial.<\/p>\n<p>La obra consiste en la construcci\u00f3n de una nueva subestaci\u00f3n transformadora de 33 a 13,2 kilovatios denominada A\u00f1elo Urbana, conectada a la estaci\u00f3n transformadora Loma Campana de YPF. Cuenta con un presupuesto oficial -a valores de mayo de este a\u00f1o- de 148.513.990 pesos, financiado con fondos subsidiados por el Banco Interamericano de Desarrollo (BID), y un plazo de ejecuci\u00f3n de 420 d\u00edas corridos.<\/p>\n<p>Francisco Zamb\u00f3n, presidente del Ente Provincial de Energ\u00eda del Neuqu\u00e9n (EPEN), explic\u00f3 que los trabajos involucran tres componentes. El primero de ellos abarcar\u00e1 la construcci\u00f3n de una l\u00ednea doble terna en 33 kilovatios para interconectar la estaci\u00f3n transformadora Loma Campana con la subestaci\u00f3n transformadora A\u00f1elo Urbana, que se construir\u00e1 a tal fin y se ubicar\u00e1 a unos seis kil\u00f3metros de distancia. La inversi\u00f3n para este caso ser\u00e1 de m\u00e1s de 36 millones de pesos.<\/p>\n<p>El segundo tramo de la obra comprender\u00e1 la ejecuci\u00f3n de una nueva subestaci\u00f3n transformadora 33 a 13,2 kilovatios A\u00f1elo Urbana, cuyo fin ser\u00e1 abastecer el crecimiento de la demanda proyectada para la localidad. El monto de inversi\u00f3n para esta nueva subestaci\u00f3n alcanzar\u00e1 los 79 millones de pesos.<\/p>\n<p>La subestaci\u00f3n estar\u00e1 en el sector de la meseta de la ciudad de A\u00f1elo, hacia el norte de la misma y a la vera de la ruta provincial N\u00ba 17. La obra comprende las obras civiles, el transformador de potencia, transformadores, los aparatos de maniobra de 33 y 13,2 kilovatios, sistema de telecomunicaciones y telecontrol. Adem\u00e1s de todos los otros equipos, materiales y accesorios, los que ser\u00e1n provistos, montados y puestos en servicio por la firma contratista.<\/p>\n<p>El tercero de los componentes tiene una inversi\u00f3n superior a los 33 millones de pesos y englobar\u00e1 los alimentadores de distribuci\u00f3n en 13,2 kilovatios, hacia los sectores denominados Parque Industrial Norte y Sur situados sobre la meseta que une A\u00f1elo con Rinc\u00f3n de los Sauces. La finalidad de la obra es dotarlos del servicio de energ\u00eda el\u00e9ctrica como parte de la infraestructura de servicios destinada a fortalecer el desarrollo productivo de la provincia. Esto se lograr\u00e1 a partir de tres salidas en 13,2 kilovatios de la nueva subestaci\u00f3n transformadora A\u00f1elo Urbana.<\/p>\n<p>Seis fueron las empresas oferentes: Rovella Carranza SA; Electrificadora del Valle SA (Edvsa); uni\u00f3n transitoria de empresas formada por Proyecto y Obras Americanas y Napal y Mu\u00f1oz SA; IPE Neuqu\u00e9n SA; Obras Andinas SA y Distrocuyo SA. En los pr\u00f3ximos d\u00edas y luego de la correspondiente evaluaci\u00f3n, se conocer\u00e1 la empresa ganadora de la compulsa.<\/p>\n<p>Durante el acto, el gobernador Omar Guti\u00e9rrez asegur\u00f3 que \u201cobras de esta envergadura garantizan la mejor calidad de vida de nuestra gente, priorizan el desarrollo social y econ\u00f3mico con equilibrio territorial y permiten la modernizaci\u00f3n del Estado, para ser eficiente y llegar mejor a todos los sectores\u201d.<\/p>\n<p>\u201cLos trabajos son parte de un plan de trabajo que visualizamos para los pr\u00f3ximos cinco a\u00f1os en la provincia, haciendo foco en la articulaci\u00f3n de esfuerzos entre lo p\u00fablico y lo privado, para diversificar la econom\u00eda y aumentar la igualdad de oportunidades para todos los ciudadanos\u201d, recalc\u00f3.<\/p>\n<p>El mandatario indic\u00f3 que \u201cesta obra el\u00e9ctrica viene a acompa\u00f1ar la gran revoluci\u00f3n que se produce en los parques industriales norte y sur de A\u00f1elo, como cabecera de este gran crecimiento que se da en Vaca Muerta como polo energ\u00e9tico, industrial y econ\u00f3mico. Sin olvidar que tambi\u00e9n brindar\u00e1 energ\u00eda al casco urbano de la localidad de A\u00f1elo, que tanto lo requiere\u201d.<\/p>\n<p>Ratific\u00f3 la inversi\u00f3n para estos trabajos y la decisi\u00f3n del gobierno de la provincia \u201cde priorizar el compre neuquino y la mano de obra local\u201d. Record\u00f3 que la obra \u201ces financiada totalmente por el BID, con un subsidio no reintegrable para la Provincia, gracias a que contamos con la planificaci\u00f3n y previsibilidad jur\u00eddica e institucional que nos permiti\u00f3 acceder a esta operatoria internacional\u201d.<\/p>\n<p>Guti\u00e9rrez manifest\u00f3 que \u201cestas obras son parte de los tr\u00e1mites concretados junto con Naci\u00f3n ante el BID, para financiar obras de infraestructura que permitan mejorar la calidad de vida y propiciar la inversi\u00f3n privada\u201d. Inform\u00f3 que \u201cesta operatoria y la obra el\u00e9ctrica que se concretar\u00e1 en A\u00f1elo est\u00e1 vinculada a todo un proceso de modernizaci\u00f3n de funcionamiento del Estado provincial, que ser\u00e1 tambi\u00e9n subsidiado, con aportes no reintegrables para la Provincia y gracias a que Neuqu\u00e9n contaba con los proyectos planificados y dise\u00f1ados que le permitieron calificar para este financiamiento\u201d.<\/p>\n<p>Sobre los proyectos de modernizaci\u00f3n en la provincia, Guti\u00e9rrez mencion\u00f3 que \u201cen carpeta hay m\u00e1s de 30, elaborados por la secretar\u00eda del COPADE\u201d. Como ejemplos de este proceso, mencion\u00f3 al sistema de vigilancia y seguridad de patentes en el ingreso a la ciudad de Neuqu\u00e9n, en el puente carretero que la une con Cipolletti; el registro del Certificado de Nacido Vivo digital; y la Historia Cl\u00ednica M\u00e9dica digital.<\/p>\n<p>Dentro de los trabajos que ser\u00e1n financiados por el BID por m\u00e1s de cuatro millones de d\u00f3lares, el gobernador anunci\u00f3 que en los pr\u00f3ximos d\u00edas se pondr\u00e1 en marcha el sistema de modernizaci\u00f3n tecnol\u00f3gica para las direcciones provinciales de Rentas y Catastro, con la suma de la firma digital, nuevo equipamiento y capacitaci\u00f3n para el personal. Y tambi\u00e9n, el sistema de modernizaci\u00f3n de la Tesorer\u00eda General de la Provincia; y el fortalecimiento del laboratorio para el Sistema de Agua a trav\u00e9s del Ente Provincial de Agua y Saneamiento (EPAS).<\/p>\n<p>Por \u00faltimo, el gobernador destac\u00f3 \u201clo positivo y satisfactorio de este acto licitatorio\u201d y agradeci\u00f3 la presencia de los funcionarios nacionales que \u201csaben trabajar en equipo, con nobleza, conducta y lealtad\u201d.<\/p>\n<p>El intendente Dar\u00edo D\u00edaz calific\u00f3 a la licitaci\u00f3n como \u201cde suma importancia para la comunidad de A\u00f1elo y el sector empresarial e industrial, porque se trata de una obra muy ansiada que resolver\u00e1 el problema energ\u00e9tico que tiene la ciudad desde su desarrollo y desde la realidad de afrontar el proyecto de la formaci\u00f3n Vaca Muerta hacia el futuro, para los a\u00f1os venideros\u201d.<\/p>\n<p>El jefe comunal se\u00f1al\u00f3 que \u201cla nueva subestaci\u00f3n transformadora de 33 a 13,2 kilovatios es una obra definitiva y troncal para poder pensar, desarrollar y planificar todo el crecimiento industrial y urbano de nuestra localidad\u201d y agreg\u00f3 que \u201ctareas y emprendimientos de este tipo nos hacen pensar y so\u00f1ar que es posible desarrollar una ciudad en el medio del desierto\u201d.<\/p>\n<p>Caldarelli afirm\u00f3 que la licitaci\u00f3n \u201ces fruto de un trabajo conjunto y serio entre el gobierno nacional, a trav\u00e9s del ministerio del Interior, y el gobierno de la provincia del Neuqu\u00e9n. Juntos podemos hacer cosas buenas para la gente\u201d.<\/p>\n<p>El funcionario nacional mencion\u00f3 que \u201clos proyectos a ejecutar en esta provincia, que fueron presentados ante el BID, tambi\u00e9n involucran el \u00e1rea de Fortalecimiento Institucional y Modernizaci\u00f3n, para as\u00ed modernizar el laboratorio del Ente Provincial de Agua y Saneamiento (EPAS), las direcciones provinciales de Rentas y Catastro, entre otros, y para eficientizar la tarea de los empleados p\u00fablicos que tienen responsabilidad en la administraci\u00f3n p\u00fablica provincial\u201d.<\/p>\n<p>Adem\u00e1s de Guti\u00e9rrez y el jefe comunal de A\u00f1elo, Dar\u00edo D\u00edaz, asistieron a la licitaci\u00f3n realizada en dependencias de la Casa de Gobierno, el secretario de Provincias y Municipios de la Naci\u00f3n, Alejandro Caldarelli; el coordinador de proyectos de inversi\u00f3n del ministerio del Interior, Obras P\u00fablicas y Vivienda, Marcelo Arrufat; la directora nacional de Coordinaci\u00f3n Institucional, Valeria Viola; el presidente del Ente Provincial de Energ\u00eda del Neuqu\u00e9n (EPEN), Francisco Zamb\u00f3n; empresarios; ministros y secretarios del gabinete provincial.<\/p><\/div>\n<div><\/div>\n<div>Fuente: Vaca Muerta News<\/div>\n<!-- AddThis Advanced Settings generic via filter on the_content -->","protected":false},"excerpt":{"rendered":"<p>Se realiz\u00f3 el acto de apertura de sobres de la licitaci\u00f3n destinada a adquirir todo el equipamiento para construir una<!-- AddThis Advanced Settings generic via filter on get_the_excerpt --><\/p>\n","protected":false},"author":2,"featured_media":8919,"comment_status":"closed","ping_status":"closed","sticky":false,"template":"","format":"standard","meta":{"colormag_page_container_layout":"default_layout","colormag_page_sidebar_layout":"default_layout","jetpack_post_was_ever_published":false,"_jetpack_newsletter_access":"","_jetpack_dont_email_post_to_subs":false,"_jetpack_newsletter_tier_id":0,"_jetpack_memberships_contains_paywalled_content":false,"_jetpack_memberships_contains_paid_content":false,"footnotes":"","jetpack_publicize_message":"","jetpack_publicize_feature_enabled":true,"jetpack_social_post_already_shared":true,"jetpack_social_options":{"image_generator_settings":{"template":"highway","default_image_id":0,"font":"","enabled":false},"version":2}},"categories":[11],"tags":[17],"class_list":["post-8917","post","type-post","status-publish","format-standard","has-post-thumbnail","hentry","category-energia-y-produccion","tag-otros-medios"],"jetpack_publicize_connections":[],"jetpack_featured_media_url":"https:\/\/i0.wp.com\/ccnews.com.ar\/prensa\/wp-content\/uploads\/2018\/09\/20180921071301.jpg?fit=696%2C344","jetpack_shortlink":"https:\/\/wp.me\/p7L1gj-2jP","jetpack-related-posts":[{"id":8373,"url":"http:\/\/ccnews.com.ar\/prensa\/promueven-la-infraestructura-de-energia-electrica-a-parques-industriales-de-anelo\/","url_meta":{"origin":8917,"position":0},"title":"PROMUEVEN LA INFRAESTRUCTURA DE ENERG\u00cdA EL\u00c9CTRICA A PARQUES INDUSTRIALES DE A\u00d1ELO","author":"CLUSTERciar","date":"20 julio, 2018","format":false,"excerpt":"Desde este martes comienza la instancia de consulta p\u00fablica para poner a consideraci\u00f3n de los sectores involucrados el proyecto de interconexi\u00f3n entre la estaci\u00f3n Loma Campana y la subestaci\u00f3n A\u00f1elo urbana. \u00a0 A partir del martes 10 de julio se inicia la convocatoria a consulta p\u00fablica para la implementaci\u00f3n del\u2026","rel":"","context":"En \u00abSustentabilidad\u00bb","block_context":{"text":"Sustentabilidad","link":"http:\/\/ccnews.com.ar\/prensa\/category\/sustentabilidad\/"},"img":{"alt_text":"","src":"https:\/\/i0.wp.com\/ccnews.com.ar\/prensa\/wp-content\/uploads\/2018\/07\/20180710091001.jpg?fit=957%2C472&resize=350%2C200","width":350,"height":200,"srcset":"https:\/\/i0.wp.com\/ccnews.com.ar\/prensa\/wp-content\/uploads\/2018\/07\/20180710091001.jpg?fit=957%2C472&resize=350%2C200 1x, https:\/\/i0.wp.com\/ccnews.com.ar\/prensa\/wp-content\/uploads\/2018\/07\/20180710091001.jpg?fit=957%2C472&resize=525%2C300 1,5x, https:\/\/i0.wp.com\/ccnews.com.ar\/prensa\/wp-content\/uploads\/2018\/07\/20180710091001.jpg?fit=957%2C472&resize=700%2C400 2x"},"classes":[]},{"id":1353,"url":"http:\/\/ccnews.com.ar\/prensa\/vaca-muerta-suma-obras-durante-el-parate\/","url_meta":{"origin":8917,"position":1},"title":"Vaca Muerta suma obras durante el parate","author":"CLUSTERciar","date":"29 agosto, 2016","format":false,"excerpt":"Pese a la baja actividad, la Provincia y el Municipio de A\u00f1elo avanzan con los trabajos para mejorar la infraestructura en el corredor petrolero. En los planes se anotan energ\u00eda, rutas, agua y gas. Buscan mejorar la calidad de vida de los vecinos. Con la industria paralizada el gobierno provincial\u2026","rel":"","context":"En \u00abEnerg\u00eda y Producci\u00f3n\u00bb","block_context":{"text":"Energ\u00eda y Producci\u00f3n","link":"http:\/\/ccnews.com.ar\/prensa\/category\/energia-y-produccion\/"},"img":{"alt_text":"Abastecimiento el\u00e9ctrico. La Estaci\u00f3n Transformadora Loma Campana es una obra que promete una capacidad ampliada pensando el crecimiento de la localidad. ","src":"https:\/\/i0.wp.com\/www.rionegro.com.ar\/documents\/1\/0\/660x433\/0c32\/660d370\/none\/12350\/PLJI\/image_content_7505293_20160824193548.jpg?resize=350%2C200","width":350,"height":200,"srcset":"https:\/\/i0.wp.com\/www.rionegro.com.ar\/documents\/1\/0\/660x433\/0c32\/660d370\/none\/12350\/PLJI\/image_content_7505293_20160824193548.jpg?resize=350%2C200 1x, https:\/\/i0.wp.com\/www.rionegro.com.ar\/documents\/1\/0\/660x433\/0c32\/660d370\/none\/12350\/PLJI\/image_content_7505293_20160824193548.jpg?resize=525%2C300 1,5x"},"classes":[]},{"id":7631,"url":"http:\/\/ccnews.com.ar\/prensa\/la-licitacion-del-tren-a-vaca-muerta-sera-en-mayo\/","url_meta":{"origin":8917,"position":2},"title":"La Licitaci\u00f3n Del Tren A Vaca Muerta Ser\u00e1 En Mayo","author":"admin","date":"29 abril, 2018","format":false,"excerpt":"El Tren de la Patagonia Norte tendr\u00e1 una traza de 675 kil\u00f3metros de extensi\u00f3n que unir\u00e1n el puerto de Bah\u00eda Blanca con la localidad de A\u00f1elo, con un plazo de construcci\u00f3n de 3 a\u00f1os. El gobernador Omar Guti\u00e9rrez anunci\u00f3 que en mayo el gobierno nacional licitar\u00e1 el tren norpatag\u00f3nico, que\u2026","rel":"","context":"En \u00abEnerg\u00eda y Producci\u00f3n\u00bb","block_context":{"text":"Energ\u00eda y Producci\u00f3n","link":"http:\/\/ccnews.com.ar\/prensa\/category\/energia-y-produccion\/"},"img":{"alt_text":"","src":"https:\/\/i0.wp.com\/ccnews.com.ar\/prensa\/wp-content\/uploads\/2018\/04\/20180418083601.jpg?fit=841%2C527&resize=350%2C200","width":350,"height":200,"srcset":"https:\/\/i0.wp.com\/ccnews.com.ar\/prensa\/wp-content\/uploads\/2018\/04\/20180418083601.jpg?fit=841%2C527&resize=350%2C200 1x, https:\/\/i0.wp.com\/ccnews.com.ar\/prensa\/wp-content\/uploads\/2018\/04\/20180418083601.jpg?fit=841%2C527&resize=525%2C300 1,5x, https:\/\/i0.wp.com\/ccnews.com.ar\/prensa\/wp-content\/uploads\/2018\/04\/20180418083601.jpg?fit=841%2C527&resize=700%2C400 2x"},"classes":[]},{"id":6753,"url":"http:\/\/ccnews.com.ar\/prensa\/dos-parques-eolicos-suman-viento-a-favor\/","url_meta":{"origin":8917,"position":3},"title":"Dos parques e\u00f3licos suman viento a favor","author":"admin","date":"5 febrero, 2018","format":false,"excerpt":"El gobierno nacional les otorg\u00f3 el status de agente generador, mejorando el potencial que tienen para ser licitados. La secretar\u00eda de Energ\u00eda El\u00e9ctrica de la Naci\u00f3n que conduce Alejandro Srouga, le dio un fuerte impulso a dos de los proyectos de parques e\u00f3licos que hay en la provincia, al reconocerlos\u2026","rel":"","context":"En \u00abSustentabilidad\u00bb","block_context":{"text":"Sustentabilidad","link":"http:\/\/ccnews.com.ar\/prensa\/category\/sustentabilidad\/"},"img":{"alt_text":"","src":"https:\/\/i0.wp.com\/ccnews.com.ar\/prensa\/wp-content\/uploads\/2018\/01\/Rio-negro-parques-eolicos.jpg?fit=550%2C346&resize=350%2C200","width":350,"height":200,"srcset":"https:\/\/i0.wp.com\/ccnews.com.ar\/prensa\/wp-content\/uploads\/2018\/01\/Rio-negro-parques-eolicos.jpg?fit=550%2C346&resize=350%2C200 1x, https:\/\/i0.wp.com\/ccnews.com.ar\/prensa\/wp-content\/uploads\/2018\/01\/Rio-negro-parques-eolicos.jpg?fit=550%2C346&resize=525%2C300 1,5x"},"classes":[]},{"id":1787,"url":"http:\/\/ccnews.com.ar\/prensa\/nuestros-hidrocarburos-no-convencionales-posibilitaran-el-autoabastecmiento-nacional\/","url_meta":{"origin":8917,"position":4},"title":"\u201cNuestros hidrocarburos no convencionales posibilitar\u00e1n el autoabastecmiento nacional\u201d","author":"CLUSTERciar","date":"28 septiembre, 2016","format":false,"excerpt":"Entrevista con el secretario de Energ\u00eda de Neuqu\u00e9n, Alejandro Nicola Aunque s\u00f3lo representa un 3% del territorio argentino y alberga a un 2% de la poblaci\u00f3n nacional, Neuqu\u00e9n es responsable de un 50% de la producci\u00f3n gas\u00edfera y de un 22% de la explotaci\u00f3n petrolera del pa\u00eds. Seg\u00fan el ministro\u2026","rel":"","context":"En \u00abSustentabilidad\u00bb","block_context":{"text":"Sustentabilidad","link":"http:\/\/ccnews.com.ar\/prensa\/category\/sustentabilidad\/"},"img":{"alt_text":"alejandro-nicola","src":"https:\/\/i0.wp.com\/revistapetroquimica.com\/wp-content\/uploads\/2016\/09\/alejandro-nicola.jpg?resize=350%2C200","width":350,"height":200},"classes":[]},{"id":4999,"url":"http:\/\/ccnews.com.ar\/prensa\/presentaron-40-ofertas-para-nueva-generacion-electrica\/","url_meta":{"origin":8917,"position":5},"title":"Presentaron 40 ofertas para nueva generaci\u00f3n el\u00e9ctrica","author":"CLUSTERciar","date":"22 agosto, 2017","format":false,"excerpt":"El Ministerio de Energ\u00eda y Miner\u00eda de la Naci\u00f3n inform\u00f3 que se realiz\u00f3 el acto de recepci\u00f3n de ofertas t\u00e9cnicas y econ\u00f3micas de la convocatoria abierta a interesados para incorporar nueva generaci\u00f3n de energ\u00eda el\u00e9ctrica eficiente mediante el Cierre de Ciclos Abiertos y Cogeneraci\u00f3n. Se recibi\u00f3 un total de 40\u2026","rel":"","context":"En \u00abEnerg\u00eda y Producci\u00f3n\u00bb","block_context":{"text":"Energ\u00eda y Producci\u00f3n","link":"http:\/\/ccnews.com.ar\/prensa\/category\/energia-y-produccion\/"},"img":{"alt_text":"","src":"https:\/\/i0.wp.com\/ccnews.com.ar\/prensa\/wp-content\/uploads\/2017\/08\/ciclo.jpg?fit=555%2C358&resize=350%2C200","width":350,"height":200,"srcset":"https:\/\/i0.wp.com\/ccnews.com.ar\/prensa\/wp-content\/uploads\/2017\/08\/ciclo.jpg?fit=555%2C358&resize=350%2C200 1x, https:\/\/i0.wp.com\/ccnews.com.ar\/prensa\/wp-content\/uploads\/2017\/08\/ciclo.jpg?fit=555%2C358&resize=525%2C300 1,5x"},"classes":[]}],"jetpack_sharing_enabled":true,"_links":{"self":[{"href":"http:\/\/ccnews.com.ar\/prensa\/wp-json\/wp\/v2\/posts\/8917","targetHints":{"allow":["GET"]}}],"collection":[{"href":"http:\/\/ccnews.com.ar\/prensa\/wp-json\/wp\/v2\/posts"}],"about":[{"href":"http:\/\/ccnews.com.ar\/prensa\/wp-json\/wp\/v2\/types\/post"}],"author":[{"embeddable":true,"href":"http:\/\/ccnews.com.ar\/prensa\/wp-json\/wp\/v2\/users\/2"}],"replies":[{"embeddable":true,"href":"http:\/\/ccnews.com.ar\/prensa\/wp-json\/wp\/v2\/comments?post=8917"}],"version-history":[{"count":1,"href":"http:\/\/ccnews.com.ar\/prensa\/wp-json\/wp\/v2\/posts\/8917\/revisions"}],"predecessor-version":[{"id":8921,"href":"http:\/\/ccnews.com.ar\/prensa\/wp-json\/wp\/v2\/posts\/8917\/revisions\/8921"}],"wp:featuredmedia":[{"embeddable":true,"href":"http:\/\/ccnews.com.ar\/prensa\/wp-json\/wp\/v2\/media\/8919"}],"wp:attachment":[{"href":"http:\/\/ccnews.com.ar\/prensa\/wp-json\/wp\/v2\/media?parent=8917"}],"wp:term":[{"taxonomy":"category","embeddable":true,"href":"http:\/\/ccnews.com.ar\/prensa\/wp-json\/wp\/v2\/categories?post=8917"},{"taxonomy":"post_tag","embeddable":true,"href":"http:\/\/ccnews.com.ar\/prensa\/wp-json\/wp\/v2\/tags?post=8917"}],"curies":[{"name":"wp","href":"https:\/\/api.w.org\/{rel}","templated":true}]}}