{"id":8987,"date":"2018-10-04T08:00:12","date_gmt":"2018-10-04T11:00:12","guid":{"rendered":"http:\/\/clusterciarnews.com.ar\/prensa\/?p=8987"},"modified":"2018-10-01T11:48:19","modified_gmt":"2018-10-01T14:48:19","slug":"el-estres-es-cada-vez-mas-comun-en-los-ninos-y-ninas","status":"publish","type":"post","link":"http:\/\/ccnews.com.ar\/prensa\/el-estres-es-cada-vez-mas-comun-en-los-ninos-y-ninas\/","title":{"rendered":"El estr\u00e9s es cada vez m\u00e1s com\u00fan en los ni\u00f1os y ni\u00f1as"},"content":{"rendered":"<h2 class=\"subheadline font-2 fs16\">Los pediatras aconsejan a los padres estar atentos a los cambios de conductas habituales. El uso excesivo de la tecnolog\u00eda es uno de los factores desencadenantes.<\/h2>\n<div class=\"paragraph\">\n<p>Que cualquiera se siente o ve al resto del mundo estresado no es novedad para nadie. Los profesionales coinciden en que el entorno en el que vivimos con tiempos apurados, exigencias por dem\u00e1s y est\u00edmulos constantes no colabora con nuestro bienestar.<\/p>\n<p>Estr\u00e9s se convirti\u00f3 en un vocablo de lo m\u00e1s normal en nuestras charlas diarias y no nos cuestionamos demasiado los motivos por los que nos adjudicamos ese estado. Pero hay una parte de la poblaci\u00f3n sobre la que no se nos ocurre pensar en esos t\u00e9rminos y, sin embargo, tambi\u00e9n son susceptibles de atravesarlo: los ni\u00f1os y ni\u00f1as.<\/p>\n<p>El estr\u00e9s puede ocurrir a cualquier edad y puede ser desencadenado por diferentes est\u00edmulos. Lo que a alguien lo estrese para otra persona ser\u00e1 una situaci\u00f3n m\u00e1s. Esto se debe a que reaccionamos de acuerdo a una complejidad de factores que se determinan por nuestra predisposici\u00f3n gen\u00e9tica, las herramientas que aprehendemos y lo que nos ofrece el entorno. Pero en la infancia se da una particularidad ya que \u201clos ni\u00f1os todo el tiempo se tienen que estar adaptando a situaciones nuevas y que generalmente son impuestas por los adultos, es un psiquismo en estructuraci\u00f3n\u201d, explic\u00f3 la psic\u00f3loga Celina Noguez.<\/p>\n<p>Esta caracter\u00edstica hace que los infantes sean m\u00e1s vulnerables y m\u00e1s dependientes de tener un medio que los contenga. \u201cLos ni\u00f1os aprenden a enfrentar el estr\u00e9s con la contenci\u00f3n de sus cuidadores\u201d, detall\u00f3 Alicia Schiavoni, integrante del equipo de ni\u00f1os del hospital Castro Rend\u00f3n, y agreg\u00f3: \u201cla negligencia es algo muy frecuente ahora, los padres no saben que hacer con los chicos, est\u00e1n mal ellos y entonces no pueden transmitir confianza porque ni ellos pueden con ellos mismos\u201d.<\/p>\n<p><b>\u00bfCu\u00e1les son los indicios de que un ni\u00f1o puede estar estresado?<\/b><\/p>\n<p>Que deje de hacer lo que antes hac\u00eda normalmente es una generalizaci\u00f3n que bien funciona de clave para que las personas adultas del entorno comiencen a prestar atenci\u00f3n.<\/p>\n<p>\u201cEl estr\u00e9s se puede entender como una \u2018bomba at\u00f3mica\u2019 que desregula todo: lo biol\u00f3gico, lo psicol\u00f3gico y lo social\u201d. Por lo tanto, un ni\u00f1o estresado puede presentar problemas gastrointestinales, no mirar a los ojos y estar irritado. Esto depender\u00e1 de sus caracter\u00edsticas personales ya que, por ejemplo, a los tres a\u00f1os no es raro que un nene no busque tener amiguitos ya que se encuentra en una etapa egoc\u00e9ntrica.<\/p>\n<p>El dejar de jugar suele ser otra de las situaciones que deben llamar la atenci\u00f3n de los adultos. \u201cMuchas veces el ni\u00f1o puede no jugar a pesar de tener el contexto para hacerlo, pero en la sociedad actual muchos tienen \u201cagenda completa. Van a la escuela, hacen un deporte, estudian un idioma y practican alguna expresi\u00f3n art\u00edstica. \u00bfEl resultado? No tienen tiempo para nada m\u00e1s\u201d, ampli\u00f3 Noguez.<\/p>\n<p>Otro problema de estos tiempos es la exposici\u00f3n durante largos per\u00edodos a las pantallas. \u201cSe los enchufa con cosas materiales pero hay poca contenci\u00f3n\u201d, resalt\u00f3 Schiavoni.<\/p>\n<p>El problema es que al estar observando no hay nada de ese ni\u00f1o puesto en juego ni de asociaci\u00f3n con otras personas, se pierde el transformar una caja en una casa, el inventar personajes y hacer el sonido del tren que va pasando.<\/p>\n<p>\u201cPero tampoco se puede pelear con el televisor y el celular en el entorno actual\u201d, reconoci\u00f3 Noguez.<\/p>\n<p>Es importante interactuar con el ni\u00f1o en esos momentos, por ejemplo, haci\u00e9ndole preguntas. Nuevamente, la contenci\u00f3n y el acompa\u00f1amiento son la clave.<\/p>\n<\/div>\n<div class=\"highlight_text ant-text\"><b>Los profesionales aseguran que cuando los adultos est\u00e1n mal no pueden trasmitirle confianza a los chicos porque ni ellos pueden con ellos mismos.<\/b><\/div>\n<div class=\"multimediaMacroWrapper\">\n<div class=\"contentMedia art-img\">\n<figure class=\"cutlineShow\">\n<div><img loading=\"lazy\" decoding=\"async\" class=\" lazyloaded\" title=\"El estr\u00e9s es cada vez m\u00e1s com\u00fan en los ni\u00f1os y ni\u00f1as\" src=\"https:\/\/www.rionegro.com.ar\/placeholder\/svg\/viewbox\/650x365\" srcset=\"\/\/www.rionegro.com.ar\/binrepository\/650x425\/0c30\/650d365\/none\/12350\/RYNG\/image_content_10159857_20180930234627.jpg 650w\" alt=\"El estr\u00e9s es cada vez m\u00e1s com\u00fan en los ni\u00f1os y ni\u00f1as\" width=\"650\" height=\"365\" data-srcset=\"\/\/www.rionegro.com.ar\/binrepository\/650x425\/0c30\/650d365\/none\/12350\/RYNG\/image_content_10159857_20180930234627.jpg 650w\" \/><\/div>\n<\/figure>\n<div class=\"cutline\">Frente a las pantallas se anulan las capacidades de asociaci\u00f3n, de creatividad e imaginaci\u00f3n. Todo est\u00e1 resuelto de antemano.<span class=\"byline-image\">\u00a0(florencia salto)<\/span><\/div>\n<div><\/div>\n<\/div>\n<\/div>\n<div class=\"microformat_headline ant-Image_Text\"><b>Claves a tener en cuenta<\/b><\/div>\n<div class=\"microformat_list_text ant-microformat_headline\">Los factores estresores son variados y distintos seg\u00fan cada ni\u00f1o. Lo que a uno puede afectarlo, a otro no.<\/div>\n<div class=\"microformat_list_text ant-microformat_list_text\">El estr\u00e9s se presenta como parte de una situaci\u00f3n con m\u00faltiples factores. Puede ser agudo, por ejemplo si se sobrevive a una explosi\u00f3n, postraum\u00e1tico, como cuando hay ataques sexuales, y el adaptativo que no son circunstancias tan agudas pero implican un cambio en la seguridad personal.<\/div>\n<div class=\"microformat_list_text ant-microformat_list_text\">Hay que prestar atenci\u00f3n si el ni\u00f1o pierde pautas madurativas o deja de hacer algo que hac\u00eda normalmente. Por ejemplo, se hace pis en la cama, no se puede separar de la mam\u00e1, no quiere ir a la escuela o habla como un beb\u00e9.<\/div>\n<div class=\"microformat_list_text ant-microformat_list_text\">La contenci\u00f3n es fundamental para evitar situaciones de estr\u00e9s a los infantes. Los ni\u00f1os necesitan que los tranquilicen y saber que alguien se ocupar\u00e1 de los problemas.<\/div>\n<div class=\"microformat_list_text ant-microformat_list_text\">Dar tiempo para que el ni\u00f1o exprese lo que le sucede.<\/div>\n<div class=\"box_headline ant-microformat_list_text\">En una consulta de rutina se revelan los primeros indicios<\/div>\n<div class=\"box_text ant-box_headline\">\n<p>En Salud P\u00fablica no hay estad\u00edsticas sobre la cantidad de ni\u00f1os que son atendidos por situaciones de estr\u00e9s, pero las psic\u00f3logas coinciden en indicar que \u00e9ste es un factor, entre otros que se presentan.<\/p>\n<\/div>\n<div class=\"box_text ant-box_text\">\n<p>En general muchos casos son detectados por los pediatras, quienes al notar que hay una p\u00e9rdida en las pautas madurativas recomiendan la consulta psicol\u00f3gica. En el hospital Castro Rend\u00f3n, puntualiz\u00f3 la psic\u00f3loga Schiavoni, se dan muchas situaciones relacionadas con problemas de salud.<\/p>\n<\/div>\n<div class=\"box_text ant-box_text\">\n<p>Hay chicos que tienen riesgo de muerte o que quedan con una incapacidad grave cr\u00f3nica. Hay un grupo que trabaja con ni\u00f1os con diabetes y otro de psicoprofilaxis para antes de una cirug\u00eda. Adem\u00e1s se ven casos vinculados a lo psicosocial derivados de situaciones como la separaci\u00f3n de padres o m\u00e1s traum\u00e1ticas, como un abuso sexual.<\/p>\n<\/div>\n<div class=\"box_text ant-box_text\">\n<p>Otro \u00e1mbito con factores estresantes puede ser la escuela. Hoy es una moda hablar de bullying explicaron los psic\u00f3logos Marina Posata, Dami\u00e1n P\u00e9rez y Lucia Da Campo, pero ha existido siempre. \u201cNeuqu\u00e9n intenta, adhiri\u00e9ndose a normativas internacionales, fomentar la diversidad no s\u00f3lo incluyendo a la discapacidad en la escuela sino la cultural, de g\u00e9nero y que el diagn\u00f3stico no sea un requisito para acceder a la educaci\u00f3n\u201d, dicen.<\/p>\n<\/div>\n<p>Fuente: Rio Negro<\/p>\n<!-- AddThis Advanced Settings generic via filter on the_content -->","protected":false},"excerpt":{"rendered":"<p>Los pediatras aconsejan a los padres estar atentos a los cambios de conductas habituales. El uso excesivo de la tecnolog\u00eda<!-- AddThis Advanced Settings generic via filter on get_the_excerpt --><\/p>\n","protected":false},"author":2,"featured_media":8989,"comment_status":"closed","ping_status":"closed","sticky":false,"template":"","format":"standard","meta":{"colormag_page_container_layout":"default_layout","colormag_page_sidebar_layout":"default_layout","jetpack_post_was_ever_published":false,"_jetpack_newsletter_access":"","_jetpack_dont_email_post_to_subs":false,"_jetpack_newsletter_tier_id":0,"_jetpack_memberships_contains_paywalled_content":false,"_jetpack_memberships_contains_paid_content":false,"footnotes":"","jetpack_publicize_message":"","jetpack_publicize_feature_enabled":true,"jetpack_social_post_already_shared":true,"jetpack_social_options":{"image_generator_settings":{"template":"highway","default_image_id":0,"font":"","enabled":false},"version":2}},"categories":[19],"tags":[17],"class_list":["post-8987","post","type-post","status-publish","format-standard","has-post-thumbnail","hentry","category-educacion-sociedad","tag-otros-medios"],"jetpack_publicize_connections":[],"jetpack_featured_media_url":"https:\/\/i0.wp.com\/ccnews.com.ar\/prensa\/wp-content\/uploads\/2018\/10\/ccn-4.jpg?fit=660%2C370","jetpack_shortlink":"https:\/\/wp.me\/p7L1gj-2kX","jetpack-related-posts":[{"id":5931,"url":"http:\/\/ccnews.com.ar\/prensa\/el-trabajo-puede-ocasionar-estres\/","url_meta":{"origin":8987,"position":0},"title":"\u00bfEl trabajo puede ocasionar estr\u00e9s?","author":"CLUSTERciar","date":"1 noviembre, 2017","format":false,"excerpt":"Esta enfermedad puede afectar la reacci\u00f3n emocional frente al entorno, modificando el estado de \u00e1nimo y alterando el comportamiento. Estas reacciones, como el mal humor o la irritabilidad, son f\u00e1cilmente perceptibles en el \u00e1mbito laboral. El estr\u00e9s laboral recibi\u00f3 distintos nombres a lo largo de los a\u00f1os, desde el famoso\u2026","rel":"","context":"En \u00abManagement\u00bb","block_context":{"text":"Management","link":"http:\/\/ccnews.com.ar\/prensa\/category\/management\/"},"img":{"alt_text":"","src":"https:\/\/i0.wp.com\/ccnews.com.ar\/prensa\/wp-content\/uploads\/2017\/10\/image_content_8939854_20171012220038.jpg?fit=660%2C370&resize=350%2C200","width":350,"height":200,"srcset":"https:\/\/i0.wp.com\/ccnews.com.ar\/prensa\/wp-content\/uploads\/2017\/10\/image_content_8939854_20171012220038.jpg?fit=660%2C370&resize=350%2C200 1x, https:\/\/i0.wp.com\/ccnews.com.ar\/prensa\/wp-content\/uploads\/2017\/10\/image_content_8939854_20171012220038.jpg?fit=660%2C370&resize=525%2C300 1,5x"},"classes":[]},{"id":6549,"url":"http:\/\/ccnews.com.ar\/prensa\/sindrome-de-burnout-tres-senales-claras-para-poder-reconocer-el-desgaste-profesional\/","url_meta":{"origin":8987,"position":1},"title":"S\u00edndrome de burnout: tres se\u00f1ales claras para poder reconocer el &#8220;desgaste profesional&#8221;","author":"CLUSTERciar","date":"17 enero, 2018","format":false,"excerpt":"Para muchos, las vacaciones llegar\u00e1n m\u00e1s avanzado el a\u00f1o, y el cansancio acumulado se hace sentir aunque el calendario marque la primera semana de enero. C\u00f3mo detectar los s\u00edntomas tempranos de estr\u00e9s laboral y por qu\u00e9 es clave tratarlo a tiempo Frente a la creencia de que el a\u00f1o nuevo\u2026","rel":"","context":"En \u00abEducaci\u00f3n\/Sociedad\u00bb","block_context":{"text":"Educaci\u00f3n\/Sociedad","link":"http:\/\/ccnews.com.ar\/prensa\/category\/educacion-sociedad\/"},"img":{"alt_text":"","src":"https:\/\/i0.wp.com\/ccnews.com.ar\/prensa\/wp-content\/uploads\/2018\/01\/183336-thumb-800x600.jpg?fit=800%2C600&resize=350%2C200","width":350,"height":200,"srcset":"https:\/\/i0.wp.com\/ccnews.com.ar\/prensa\/wp-content\/uploads\/2018\/01\/183336-thumb-800x600.jpg?fit=800%2C600&resize=350%2C200 1x, https:\/\/i0.wp.com\/ccnews.com.ar\/prensa\/wp-content\/uploads\/2018\/01\/183336-thumb-800x600.jpg?fit=800%2C600&resize=525%2C300 1,5x, https:\/\/i0.wp.com\/ccnews.com.ar\/prensa\/wp-content\/uploads\/2018\/01\/183336-thumb-800x600.jpg?fit=800%2C600&resize=700%2C400 2x"},"classes":[]},{"id":12662,"url":"http:\/\/ccnews.com.ar\/prensa\/que-es-lo-que-provoca-el-estres-mental-y-como-puedes-combatirlo\/","url_meta":{"origin":8987,"position":2},"title":"\u00bfQu\u00e9 es lo que provoca el estr\u00e9s mental y c\u00f3mo puedes combatirlo?","author":"admin","date":"28 agosto, 2019","format":false,"excerpt":"\"Dime, qu\u00e9 hiciste hoy en el trabajo?\" Esta simple pregunta puede sentirse como un derechazo directo a tu mente. Has estado coordinando los horarios para las reuniones, juntando las firmas para la tarjeta de cumplea\u00f1os para el jefe y te pasaste una hora, que no hab\u00edas contemplado, corrigiendo errores tipogr\u00e1ficos\u2026","rel":"","context":"En \u00abManagement\u00bb","block_context":{"text":"Management","link":"http:\/\/ccnews.com.ar\/prensa\/category\/management\/"},"img":{"alt_text":"","src":"https:\/\/i0.wp.com\/ccnews.com.ar\/prensa\/wp-content\/uploads\/2019\/08\/2017-05-23_Form-Storm-Norm-Perform_05_storming_r01.png?fit=1200%2C600&resize=350%2C200","width":350,"height":200,"srcset":"https:\/\/i0.wp.com\/ccnews.com.ar\/prensa\/wp-content\/uploads\/2019\/08\/2017-05-23_Form-Storm-Norm-Perform_05_storming_r01.png?fit=1200%2C600&resize=350%2C200 1x, https:\/\/i0.wp.com\/ccnews.com.ar\/prensa\/wp-content\/uploads\/2019\/08\/2017-05-23_Form-Storm-Norm-Perform_05_storming_r01.png?fit=1200%2C600&resize=525%2C300 1,5x, https:\/\/i0.wp.com\/ccnews.com.ar\/prensa\/wp-content\/uploads\/2019\/08\/2017-05-23_Form-Storm-Norm-Perform_05_storming_r01.png?fit=1200%2C600&resize=700%2C400 2x, https:\/\/i0.wp.com\/ccnews.com.ar\/prensa\/wp-content\/uploads\/2019\/08\/2017-05-23_Form-Storm-Norm-Perform_05_storming_r01.png?fit=1200%2C600&resize=1050%2C600 3x"},"classes":[]},{"id":9423,"url":"http:\/\/ccnews.com.ar\/prensa\/estres-laboral-como-combatirlo\/","url_meta":{"origin":8987,"position":3},"title":"Estr\u00e9s laboral: \u00bfc\u00f3mo combatirlo?","author":"CLUSTERciar","date":"26 noviembre, 2018","format":false,"excerpt":"El\u00a0estr\u00e9s\u00a0se define seg\u00fan la Organizaci\u00f3n Mundial de la Salud (OMS) como el\u00a0conjunto de reacciones fisiol\u00f3gicas que prepara al organismo para la acci\u00f3n. Es la respuesta de un organismo frente a un cambio en el mundo exterior que le rodea. La RAE lo detalla como la tensi\u00f3n provocada por situaciones agobiantes\u2026","rel":"","context":"En \u00abManagement\u00bb","block_context":{"text":"Management","link":"http:\/\/ccnews.com.ar\/prensa\/category\/management\/"},"img":{"alt_text":"","src":"https:\/\/i0.wp.com\/ccnews.com.ar\/prensa\/wp-content\/uploads\/2018\/11\/estr%C3%A9s-laboral.jpg?fit=543%2C462&resize=350%2C200","width":350,"height":200,"srcset":"https:\/\/i0.wp.com\/ccnews.com.ar\/prensa\/wp-content\/uploads\/2018\/11\/estr%C3%A9s-laboral.jpg?fit=543%2C462&resize=350%2C200 1x, https:\/\/i0.wp.com\/ccnews.com.ar\/prensa\/wp-content\/uploads\/2018\/11\/estr%C3%A9s-laboral.jpg?fit=543%2C462&resize=525%2C300 1,5x"},"classes":[]},{"id":14522,"url":"http:\/\/ccnews.com.ar\/prensa\/dia-internacional-de-la-internet-segura-a-que-riesgos-se-exponen-ninos-ninas-y-adolescentes\/","url_meta":{"origin":8987,"position":4},"title":"D\u00eda Internacional de la Internet Segura: \u00bfa qu\u00e9 riesgos se exponen ni\u00f1os, ni\u00f1as y adolescentes?","author":"Editor","date":"11 febrero, 2020","format":false,"excerpt":"Con el objetivo de generar conciencia sobre los riesgos en la web y compartir iniciativas para generar soluciones, el 11 de febrero se celebra el D\u00eda Internacional de la Internet Segura. CCNews convers\u00f3 con una de las directoras de la Asociaci\u00f3n Chicos.net, entidad que lidera el evento en la Argentina.\u2026","rel":"","context":"En \u00abEducaci\u00f3n\/Sociedad\u00bb","block_context":{"text":"Educaci\u00f3n\/Sociedad","link":"http:\/\/ccnews.com.ar\/prensa\/category\/educacion-sociedad\/"},"img":{"alt_text":"","src":"https:\/\/i0.wp.com\/ccnews.com.ar\/prensa\/wp-content\/uploads\/2020\/02\/nota.jpg?fit=816%2C426&resize=350%2C200","width":350,"height":200,"srcset":"https:\/\/i0.wp.com\/ccnews.com.ar\/prensa\/wp-content\/uploads\/2020\/02\/nota.jpg?fit=816%2C426&resize=350%2C200 1x, https:\/\/i0.wp.com\/ccnews.com.ar\/prensa\/wp-content\/uploads\/2020\/02\/nota.jpg?fit=816%2C426&resize=525%2C300 1,5x, https:\/\/i0.wp.com\/ccnews.com.ar\/prensa\/wp-content\/uploads\/2020\/02\/nota.jpg?fit=816%2C426&resize=700%2C400 2x"},"classes":[]},{"id":6935,"url":"http:\/\/ccnews.com.ar\/prensa\/relajacion-y-rendimiento-laboral\/","url_meta":{"origin":8987,"position":5},"title":"Relajaci\u00f3n y rendimiento laboral","author":"admin","date":"26 febrero, 2018","format":false,"excerpt":"ARGENTINA. Las t\u00e9cnicas de relajaci\u00f3n llegan a la empresa como para reducir el estr\u00e9s y aumentar la productividad de cada sus trabajadores y ayuda a saber c\u00f3mo la tecnolog\u00eda impacta en el cerebro cuando hay presi\u00f3n provocando confusi\u00f3n y aumentando los errores. \u00a0 Una tradici\u00f3n contemplativa de siglos de antig\u00fcedad\u2026","rel":"","context":"En \u00abEducaci\u00f3n\/Sociedad\u00bb","block_context":{"text":"Educaci\u00f3n\/Sociedad","link":"http:\/\/ccnews.com.ar\/prensa\/category\/educacion-sociedad\/"},"img":{"alt_text":"","src":"https:\/\/i0.wp.com\/ccnews.com.ar\/prensa\/wp-content\/uploads\/2018\/02\/image_content_9320514_20180201223458.jpg?fit=660%2C370&resize=350%2C200","width":350,"height":200,"srcset":"https:\/\/i0.wp.com\/ccnews.com.ar\/prensa\/wp-content\/uploads\/2018\/02\/image_content_9320514_20180201223458.jpg?fit=660%2C370&resize=350%2C200 1x, https:\/\/i0.wp.com\/ccnews.com.ar\/prensa\/wp-content\/uploads\/2018\/02\/image_content_9320514_20180201223458.jpg?fit=660%2C370&resize=525%2C300 1,5x"},"classes":[]}],"jetpack_sharing_enabled":true,"_links":{"self":[{"href":"http:\/\/ccnews.com.ar\/prensa\/wp-json\/wp\/v2\/posts\/8987","targetHints":{"allow":["GET"]}}],"collection":[{"href":"http:\/\/ccnews.com.ar\/prensa\/wp-json\/wp\/v2\/posts"}],"about":[{"href":"http:\/\/ccnews.com.ar\/prensa\/wp-json\/wp\/v2\/types\/post"}],"author":[{"embeddable":true,"href":"http:\/\/ccnews.com.ar\/prensa\/wp-json\/wp\/v2\/users\/2"}],"replies":[{"embeddable":true,"href":"http:\/\/ccnews.com.ar\/prensa\/wp-json\/wp\/v2\/comments?post=8987"}],"version-history":[{"count":1,"href":"http:\/\/ccnews.com.ar\/prensa\/wp-json\/wp\/v2\/posts\/8987\/revisions"}],"predecessor-version":[{"id":8991,"href":"http:\/\/ccnews.com.ar\/prensa\/wp-json\/wp\/v2\/posts\/8987\/revisions\/8991"}],"wp:featuredmedia":[{"embeddable":true,"href":"http:\/\/ccnews.com.ar\/prensa\/wp-json\/wp\/v2\/media\/8989"}],"wp:attachment":[{"href":"http:\/\/ccnews.com.ar\/prensa\/wp-json\/wp\/v2\/media?parent=8987"}],"wp:term":[{"taxonomy":"category","embeddable":true,"href":"http:\/\/ccnews.com.ar\/prensa\/wp-json\/wp\/v2\/categories?post=8987"},{"taxonomy":"post_tag","embeddable":true,"href":"http:\/\/ccnews.com.ar\/prensa\/wp-json\/wp\/v2\/tags?post=8987"}],"curies":[{"name":"wp","href":"https:\/\/api.w.org\/{rel}","templated":true}]}}