{"id":9017,"date":"2018-10-14T08:00:36","date_gmt":"2018-10-14T11:00:36","guid":{"rendered":"http:\/\/clusterciarnews.com.ar\/prensa\/?p=9017"},"modified":"2018-10-01T12:12:54","modified_gmt":"2018-10-01T15:12:54","slug":"hoy-buscan-mas-carreras-terciarias","status":"publish","type":"post","link":"http:\/\/ccnews.com.ar\/prensa\/hoy-buscan-mas-carreras-terciarias\/","title":{"rendered":"Hoy buscan m\u00e1s carreras terciarias"},"content":{"rendered":"<div id=\"p_p_id_contentviewerportlet_WAR_newsportlet_INSTANCE_cbedb239e7ee4df0a0bee6f329db3664_\" class=\"portlet-boundary   portlet-static portlet-static-end portlet-boundary_contentviewerportlet_WAR_newsportlet_ content-viewer-portlet \">\n<div class=\"td-portlet itr-rm\">\n<section id=\"portlet_contentviewerportlet_WAR_newsportlet_INSTANCE_cbedb239e7ee4df0a0bee6f329db3664\" class=\"portlet itr-rm\">\n<div class=\"portlet-content itr-rm\">\n<div class=\" itr-rm portlet-content-container\">\n<div class=\"portlet-body itr-rm \">\n<div class=\"last td-viewer full-access norestricted\">\n<div class=\"template-90\">\n<div class=\"left-block\">\n<div class=\"location font-2-ebold fs16\"><\/div>\n<h3 class=\"subheadline font-2 fs16\">Si bien las carreras universitarias siguen teniendo mayor prestigio, recomiendan empezar y terminar un estudio. En este sentido, los terciarios pueden acomodarse a las necesidades particulares de cada argentino.<\/h3>\n<div class=\"separator\">\u00a0A pesar de que hablar de marzo 2019 parece muy lejano, a la hora de pensar en las inscripciones para el ciclo lectivo pr\u00f3ximo no estamos tan alejados. Cuando se debe tomar la decisi\u00f3n de elegir qu\u00e9 estudiar uno de los factores m\u00e1s importantes, para las nuevas generaciones, suele ser la duraci\u00f3n de la carrera y las oportunidades que \u00e9sta puede dar para entrar en el mercado laboral. Es por eso que, una vez elegida la carrera, hay que decidir entre las distintas modalidades de estudio.<\/div>\n<\/div>\n<\/div>\n<\/div>\n<\/div>\n<\/div>\n<\/div>\n<\/section>\n<\/div>\n<\/div>\n<div id=\"p_p_id_contentviewerportlet_WAR_newsportlet_INSTANCE_d122cdcc29154238bdf476746ecae3f6_\" class=\"portlet-boundary   portlet-static portlet-static-end portlet-boundary_contentviewerportlet_WAR_newsportlet_ content-viewer-portlet \">\n<div class=\"td-portlet itr-rm\">\n<section id=\"portlet_contentviewerportlet_WAR_newsportlet_INSTANCE_d122cdcc29154238bdf476746ecae3f6\" class=\"portlet itr-rm\">\n<div class=\"portlet-content itr-rm\">\n<div class=\" itr-rm portlet-content-container\">\n<div class=\"portlet-body itr-rm \">\n<div class=\"last td-viewer full-access norestricted\">\n<div class=\"template-94\">\n<div class=\"left-block\">\n<div class=\"text font-2 fs16 resizable\">\n<div class=\"paragraph\">\n<p><b>\u00bfPor qu\u00e9 cada vez m\u00e1s<\/b><\/p>\n<p><b>eligen carreras terciarias?<\/b><\/p>\n<p>Seg\u00fan nuestra base de m\u00e1s de 80 mil test vocacionales realizados, el 30% de los argentinos que est\u00e1n por comenzar a estudiar una carrera manifiesta inter\u00e9s en estudios terciarios. Esto puede deberse a que los planes de estudios de los terciarios tienen, por lo general, contenidos similares a las carreras universitarias pero m\u00e1s espec\u00edficos y orientados a las necesidades de la profesi\u00f3n y a los requerimientos concretos del mercado laboral. Por lo tanto, las materias a estudiar tienen un mayor contenido de aplicaci\u00f3n pr\u00e1ctica y de entrenamiento profesional en el campo espec\u00edfico. En los cursos terciarios le dan una gran importancia la realizaci\u00f3n de talleres, trabajos de campo y pasant\u00edas en empresas que ayudan a salir al mundo laboral con una experiencia previa que s\u00f3lo llev\u00f3 entre 2 y 3 a\u00f1os.<\/p>\n<p>Otra cuesti\u00f3n que advertimos en el proceso de orientaci\u00f3n vocacional es que los argentinos tenemos una sobre exposici\u00f3n a diferentes actividades y trabajos y queremos hacer todo junto. Es por eso que elegir una carrera terciaria puede ser una buena opci\u00f3n para poder continuar form\u00e1ndonos en diferentes tem\u00e1ticas. Actualmente est\u00e1 muy de moda el concepto de dise\u00f1o de carrera (laboral), donde se empieza con una carrera pero se va formando en diferentes \u00e1reas conforme los intereses, experiencias y gustos van madurando, evolucionando y los cursos y las carreras terciarias son formatos que se acomodan a este proceso de educaci\u00f3n continua.<\/p>\n<p>Esta modalidad de estudio es realmente una opci\u00f3n para todos aquellos que no tienen muy en claro qu\u00e9 seguir estudiando y en consecuencia no quieren embarcarse en una carrera de 5 o 6 a\u00f1os, para darse cuenta que no era lo que buscaban. Por eso, es importante saber que existen lo ciclos de licenciatura, que son cortos que se pueden rendir una vez que termin\u00e1s un terciario y quer\u00e9s obtener el t\u00edtulo de licenciatura, cursando 1 o 2 a\u00f1os m\u00e1s.<\/p>\n<p>Es importante comprender que ninguna formaci\u00f3n terciaria o universitaria nos da todo lo que necesitamos para desarrollarnos como profesionales sino un punto de partida sobre la cual deberemos edificar sin descanso hasta el \u00faltimo d\u00eda de nuestra vida profesional.<\/p>\n<p>&nbsp;<\/p>\n<\/div>\n<blockquote>\n<div class=\"highlight_text ant-text\">\u201cHoy tambi\u00e9n se estila empezar con una carrera e ir form\u00e1ndose en diferentes \u00e1reas conforme a los intereses\u201d.\u00a0Julieta Beistegui, especialista en educaci\u00f3n<\/div>\n<\/blockquote>\n<div><\/div>\n<div class=\"microformat_headline ant-highlight_author\"><strong>Datos<\/strong><\/div>\n<div class=\"microformat_text ant-microformat_headline\">de los argentinos busca hoy carreras terciarias para el 2019, consolidando as\u00ed una tendencia de los \u00faltimos a\u00f1os.<\/div>\n<div class=\"microformat_highlight_text ant-microformat_text\"><strong>30%\u00a0<\/strong>a\u00f1os es la duraci\u00f3n, en promedio, del dictado de las carreras terciarias con un cursado regular al d\u00eda.<\/div>\n<\/div>\n<\/div>\n<\/div>\n<\/div>\n<\/div>\n<div><\/div>\n<div>Fuente: Rio Negro<\/div>\n<\/div>\n<\/div>\n<\/section>\n<\/div>\n<\/div>\n<!-- AddThis Advanced Settings generic via filter on the_content -->","protected":false},"excerpt":{"rendered":"<p>Si bien las carreras universitarias siguen teniendo mayor prestigio, recomiendan empezar y terminar un estudio. En este sentido, los terciarios<!-- AddThis Advanced Settings generic via filter on get_the_excerpt --><\/p>\n","protected":false},"author":2,"featured_media":9019,"comment_status":"closed","ping_status":"closed","sticky":false,"template":"","format":"standard","meta":{"colormag_page_container_layout":"default_layout","colormag_page_sidebar_layout":"default_layout","jetpack_post_was_ever_published":false,"_jetpack_newsletter_access":"","_jetpack_dont_email_post_to_subs":false,"_jetpack_newsletter_tier_id":0,"_jetpack_memberships_contains_paywalled_content":false,"_jetpack_memberships_contains_paid_content":false,"footnotes":"","jetpack_publicize_message":"","jetpack_publicize_feature_enabled":true,"jetpack_social_post_already_shared":true,"jetpack_social_options":{"image_generator_settings":{"template":"highway","default_image_id":0,"font":"","enabled":false},"version":2}},"categories":[19],"tags":[17],"class_list":["post-9017","post","type-post","status-publish","format-standard","has-post-thumbnail","hentry","category-educacion-sociedad","tag-otros-medios"],"jetpack_publicize_connections":[],"jetpack_featured_media_url":"https:\/\/i0.wp.com\/ccnews.com.ar\/prensa\/wp-content\/uploads\/2018\/10\/ccn-9.jpg?fit=660%2C370","jetpack_shortlink":"https:\/\/wp.me\/p7L1gj-2lr","jetpack-related-posts":[{"id":9355,"url":"http:\/\/ccnews.com.ar\/prensa\/cuales-son-las-carreras-que-tienen-mas-futuro\/","url_meta":{"origin":9017,"position":0},"title":"Cu\u00e1les son las carreras que tienen m\u00e1s futuro","author":"admin","date":"18 noviembre, 2018","format":false,"excerpt":"El Foro Econ\u00f3mico Mundial y la Organizaci\u00f3n Internacional del Trabajo las ubican dentro de las llamadas STEM: Ciencia, Tecnolog\u00eda, Ingenier\u00eda y Matem\u00e1ticas. Elegirlas puede otorgar un plus sobre el resto en la demanda laboral de las empresas. El mercado laboral se regula de acuerdo a la oferta y demanda de\u2026","rel":"","context":"En \u00abEducaci\u00f3n\/Sociedad\u00bb","block_context":{"text":"Educaci\u00f3n\/Sociedad","link":"http:\/\/ccnews.com.ar\/prensa\/category\/educacion-sociedad\/"},"img":{"alt_text":"","src":"https:\/\/i0.wp.com\/ccnews.com.ar\/prensa\/wp-content\/uploads\/2018\/11\/image_content_10285446_20181111213730.jpg?fit=660%2C370&resize=350%2C200","width":350,"height":200,"srcset":"https:\/\/i0.wp.com\/ccnews.com.ar\/prensa\/wp-content\/uploads\/2018\/11\/image_content_10285446_20181111213730.jpg?fit=660%2C370&resize=350%2C200 1x, https:\/\/i0.wp.com\/ccnews.com.ar\/prensa\/wp-content\/uploads\/2018\/11\/image_content_10285446_20181111213730.jpg?fit=660%2C370&resize=525%2C300 1,5x"},"classes":[]},{"id":9011,"url":"http:\/\/ccnews.com.ar\/prensa\/los-estudios-tecnicos-con-mas-salida-laboral-en-el-pais\/","url_meta":{"origin":9017,"position":1},"title":"Los estudios t\u00e9cnicos con m\u00e1s salida laboral en el pa\u00eds","author":"CLUSTERciar","date":"9 octubre, 2018","format":false,"excerpt":"El nuevo entorno digital en el que vivimos promete cambiar las reglas del juego tanto en el \u00e1mbito educativo como en el laboral. Por causa del desarrollo y constante avance de las Tecnolog\u00edas de la Informaci\u00f3n y la Comunicaci\u00f3n se crean nuevas carreras por las que los estudiantes pueden optar\u2026","rel":"","context":"En \u00abEducaci\u00f3n\/Sociedad\u00bb","block_context":{"text":"Educaci\u00f3n\/Sociedad","link":"http:\/\/ccnews.com.ar\/prensa\/category\/educacion-sociedad\/"},"img":{"alt_text":"","src":"https:\/\/i0.wp.com\/ccnews.com.ar\/prensa\/wp-content\/uploads\/2018\/10\/ccn-8.jpg?fit=660%2C370&resize=350%2C200","width":350,"height":200,"srcset":"https:\/\/i0.wp.com\/ccnews.com.ar\/prensa\/wp-content\/uploads\/2018\/10\/ccn-8.jpg?fit=660%2C370&resize=350%2C200 1x, https:\/\/i0.wp.com\/ccnews.com.ar\/prensa\/wp-content\/uploads\/2018\/10\/ccn-8.jpg?fit=660%2C370&resize=525%2C300 1,5x"},"classes":[]},{"id":9461,"url":"http:\/\/ccnews.com.ar\/prensa\/de-la-mano-de-la-demanda-laboral-cambian-las-carreras-mas-buscadas\/","url_meta":{"origin":9017,"position":2},"title":"De la mano de la demanda laboral, cambian las carreras m\u00e1s buscadas","author":"CLUSTERciar","date":"28 noviembre, 2018","format":false,"excerpt":"En la Universidad Nacional de Comahue se conjugan las disciplinas cl\u00e1sicas con las m\u00e1s modernas en el ranking de los nuevos inscriptos. Las ingenier\u00edas, Inform\u00e1tica y Matem\u00e1tica ganan terreno. Medicina, Psicolog\u00eda y Contador P\u00fablico lideran los registros de preingresantes. Si bien la tendencia en Argentina marca que los estudiantes universitarios\u2026","rel":"","context":"En \u00abEducaci\u00f3n\/Sociedad\u00bb","block_context":{"text":"Educaci\u00f3n\/Sociedad","link":"http:\/\/ccnews.com.ar\/prensa\/category\/educacion-sociedad\/"},"img":{"alt_text":"","src":"https:\/\/i0.wp.com\/ccnews.com.ar\/prensa\/wp-content\/uploads\/2018\/11\/image_content_10316028_20181118204259.jpg?fit=660%2C370&resize=350%2C200","width":350,"height":200,"srcset":"https:\/\/i0.wp.com\/ccnews.com.ar\/prensa\/wp-content\/uploads\/2018\/11\/image_content_10316028_20181118204259.jpg?fit=660%2C370&resize=350%2C200 1x, https:\/\/i0.wp.com\/ccnews.com.ar\/prensa\/wp-content\/uploads\/2018\/11\/image_content_10316028_20181118204259.jpg?fit=660%2C370&resize=525%2C300 1,5x"},"classes":[]},{"id":1751,"url":"http:\/\/ccnews.com.ar\/prensa\/medicina-y-administracion-son-las-mas-elegidas-por-los-jovenes\/","url_meta":{"origin":9017,"position":3},"title":"Medicina y Administraci\u00f3n son las m\u00e1s elegidas por los j\u00f3venes","author":"CLUSTERciar","date":"4 octubre, 2016","format":false,"excerpt":"Las Ciencias Sociales y Humanas son las que concentran la mayor cantidad de interesados entre los j\u00f3venes que est\u00e1n por definir su carrera universitaria Los j\u00f3venes del \u00e1rea metropolitana de Buenos Aires que est\u00e1n terminando el secundario se vuelcan a continuar sus estudios superiores en carreras tradicionales como Medicina, Administraci\u00f3n\u2026","rel":"","context":"En \u00abEducaci\u00f3n\/Sociedad\u00bb","block_context":{"text":"Educaci\u00f3n\/Sociedad","link":"http:\/\/ccnews.com.ar\/prensa\/category\/educacion-sociedad\/"},"img":{"alt_text":"","src":"https:\/\/i0.wp.com\/719ec77057a57996613a-9a5081423686babcde0c8e2e3662dda4.r0.cf1.rackcdn.com\/adjuntos\/jpg\/2016\/09\/435361.jpg?resize=350%2C200","width":350,"height":200},"classes":[]},{"id":7215,"url":"http:\/\/ccnews.com.ar\/prensa\/cuales-son-las-profesiones-que-mas-se-necesitan-hoy-en-el-pais\/","url_meta":{"origin":9017,"position":4},"title":"\u00bfCu\u00e1les son las profesiones que m\u00e1s se necesitan hoy en el pa\u00eds?","author":"admin","date":"18 marzo, 2018","format":false,"excerpt":"En el marco de la implementaci\u00f3n de las becas Progresar, el Ministerio busca fomentar la elecci\u00f3n en las \u00e1reas con mayor demanda laboral, como ingenier\u00eda, enfermer\u00eda y turismo. El Gobierno anunci\u00f3 que quienes realicen \u201ccarreras estrat\u00e9gicas\u201d recibir\u00e1n montos mayores que el resto. Se busca incentivar a los j\u00f3venes a estudiar\u2026","rel":"","context":"En \u00abEducaci\u00f3n\/Sociedad\u00bb","block_context":{"text":"Educaci\u00f3n\/Sociedad","link":"http:\/\/ccnews.com.ar\/prensa\/category\/educacion-sociedad\/"},"img":{"alt_text":"","src":"https:\/\/i0.wp.com\/ccnews.com.ar\/prensa\/wp-content\/uploads\/2018\/03\/2502examenuniversidadcedocgjpg.jpg?fit=744%2C500&resize=350%2C200","width":350,"height":200,"srcset":"https:\/\/i0.wp.com\/ccnews.com.ar\/prensa\/wp-content\/uploads\/2018\/03\/2502examenuniversidadcedocgjpg.jpg?fit=744%2C500&resize=350%2C200 1x, https:\/\/i0.wp.com\/ccnews.com.ar\/prensa\/wp-content\/uploads\/2018\/03\/2502examenuniversidadcedocgjpg.jpg?fit=744%2C500&resize=525%2C300 1,5x, https:\/\/i0.wp.com\/ccnews.com.ar\/prensa\/wp-content\/uploads\/2018\/03\/2502examenuniversidadcedocgjpg.jpg?fit=744%2C500&resize=700%2C400 2x"},"classes":[]},{"id":8247,"url":"http:\/\/ccnews.com.ar\/prensa\/potenciar-educacion-superior-ofrece-tres-nuevas-carreras-con-oportunidades-laborales\/","url_meta":{"origin":9017,"position":5},"title":"Potenciar Educaci\u00f3n Superior  ofrece tres nuevas carreras  con oportunidades laborales","author":"admin","date":"27 junio, 2018","format":false,"excerpt":"Se trata de las Tecnicaturas Superiores en Energ\u00eda Renovable, en Operaci\u00f3n de Yacimientos No Convencionales y en Seguridad, Higiene y Medio Ambiente. La instituci\u00f3n tambi\u00e9n brinda acceso al mercado laboral, gracias a su v\u00ednculo con empresas del sector. El alcance de la propuesta es doble. Por un lado, m\u00e1s estudiantes\u2026","rel":"","context":"En \u00abEducaci\u00f3n\/Sociedad\u00bb","block_context":{"text":"Educaci\u00f3n\/Sociedad","link":"http:\/\/ccnews.com.ar\/prensa\/category\/educacion-sociedad\/"},"img":{"alt_text":"","src":"https:\/\/i0.wp.com\/ccnews.com.ar\/prensa\/wp-content\/uploads\/2018\/06\/ccn-49.jpg?fit=803%2C404&resize=350%2C200","width":350,"height":200,"srcset":"https:\/\/i0.wp.com\/ccnews.com.ar\/prensa\/wp-content\/uploads\/2018\/06\/ccn-49.jpg?fit=803%2C404&resize=350%2C200 1x, https:\/\/i0.wp.com\/ccnews.com.ar\/prensa\/wp-content\/uploads\/2018\/06\/ccn-49.jpg?fit=803%2C404&resize=525%2C300 1,5x, https:\/\/i0.wp.com\/ccnews.com.ar\/prensa\/wp-content\/uploads\/2018\/06\/ccn-49.jpg?fit=803%2C404&resize=700%2C400 2x"},"classes":[]}],"jetpack_sharing_enabled":true,"_links":{"self":[{"href":"http:\/\/ccnews.com.ar\/prensa\/wp-json\/wp\/v2\/posts\/9017","targetHints":{"allow":["GET"]}}],"collection":[{"href":"http:\/\/ccnews.com.ar\/prensa\/wp-json\/wp\/v2\/posts"}],"about":[{"href":"http:\/\/ccnews.com.ar\/prensa\/wp-json\/wp\/v2\/types\/post"}],"author":[{"embeddable":true,"href":"http:\/\/ccnews.com.ar\/prensa\/wp-json\/wp\/v2\/users\/2"}],"replies":[{"embeddable":true,"href":"http:\/\/ccnews.com.ar\/prensa\/wp-json\/wp\/v2\/comments?post=9017"}],"version-history":[{"count":1,"href":"http:\/\/ccnews.com.ar\/prensa\/wp-json\/wp\/v2\/posts\/9017\/revisions"}],"predecessor-version":[{"id":9021,"href":"http:\/\/ccnews.com.ar\/prensa\/wp-json\/wp\/v2\/posts\/9017\/revisions\/9021"}],"wp:featuredmedia":[{"embeddable":true,"href":"http:\/\/ccnews.com.ar\/prensa\/wp-json\/wp\/v2\/media\/9019"}],"wp:attachment":[{"href":"http:\/\/ccnews.com.ar\/prensa\/wp-json\/wp\/v2\/media?parent=9017"}],"wp:term":[{"taxonomy":"category","embeddable":true,"href":"http:\/\/ccnews.com.ar\/prensa\/wp-json\/wp\/v2\/categories?post=9017"},{"taxonomy":"post_tag","embeddable":true,"href":"http:\/\/ccnews.com.ar\/prensa\/wp-json\/wp\/v2\/tags?post=9017"}],"curies":[{"name":"wp","href":"https:\/\/api.w.org\/{rel}","templated":true}]}}