{"id":9037,"date":"2018-10-03T08:30:46","date_gmt":"2018-10-03T11:30:46","guid":{"rendered":"http:\/\/clusterciarnews.com.ar\/prensa\/?p=9037"},"modified":"2018-10-13T20:15:48","modified_gmt":"2018-10-13T23:15:48","slug":"clusterciar-realizo-su-primer-desayuno-de-prensa","status":"publish","type":"post","link":"http:\/\/ccnews.com.ar\/prensa\/clusterciar-realizo-su-primer-desayuno-de-prensa\/","title":{"rendered":"CLUSTERciar realiz\u00f3  su primer desayuno de prensa"},"content":{"rendered":"<p><strong>El cl\u00faster formado por Ciar Ingenier\u00eda, Ciar Tecnolog\u00eda, Trace Group, RSN Gesti\u00f3n y C-Technology ofreci\u00f3 un evento en su Campus Educativo Recreativo, donde dio a conocer sus <\/strong><strong>actividades, algunos de sus logros conseguidos en 26 a\u00f1os de trayectoria y su conexi\u00f3n con la sociedad a trav\u00e9s de Fundaci\u00f3n Potenciar.<\/strong><\/p>\n<p>En Cipolletti, el Campus Educativo Recreativo de CLUSTERciar fue testigo del 1<sup>er<\/sup> Desayuno de Prensa del cl\u00faster. El evento, realizado el 27 de septiembre, cont\u00f3 con la presencia de los periodistas Daniel Darrieux, director de la revista <em>Impacto Econ\u00f3mico<\/em>; Camilo Ciruzzi, del diario <em>La ma\u00f1ana<\/em> y radio <em>Lu5 <\/em>de Neuqu\u00e9n; y Raquel Volante junto a Juan Alberto Riquelme, del medio <em>Vaca Muerta News<\/em>. Como anfitriones, estuvieron presentes directivos de CLUSTERciar e integrantes de su equipo de Marketing y Relaciones Institucionales. Asistieron tambi\u00e9n representantes de Fundaci\u00f3n Potenciar.<\/p>\n<p>&#8220;Este es el primer encuentro de una nueva etapa de apertura hacia la prensa. Es el primero de los desayunos que vamos a organizar para dar a conocer lo que hoy somos y cu\u00e1les son nuestras actividades en el \u00e1mbito corporativo y tambi\u00e9n en el social. Tenemos 26 a\u00f1os de trayectoria y creemos que lo que hacemos merece ser comunicado para que no solo quede en nosotros, sino adem\u00e1s trascienda&#8221;, coment\u00f3 Francis Rimmele, Director General y Presidente de CLUSTERciar, en el inicio del evento.<\/p>\n<p>Durante el desayuno de trabajo, se defini\u00f3 a CLUSTERciar como un equipo de empresas que colaboran entre s\u00ed para generar el desarrollo de sectores estrat\u00e9gicos aportando servicios de ingenier\u00eda, tecnolog\u00eda de la informaci\u00f3n, inspecci\u00f3n de obras, capacitaci\u00f3n y management. Se repas\u00f3 tambi\u00e9n la historia del cl\u00faster, una organizaci\u00f3n que comenz\u00f3 en 1992 con dos personas, cuatro computadoras y un plotter, en una peque\u00f1a oficina en Cipolletti, y hoy suma casi 500 empleados, est\u00e1 presente en nueve distritos argentinos y cuenta con una oficina en EE.UU.<\/p>\n<p>&nbsp;<\/p>\n<p>CLUSTERciar est\u00e1 formado por <strong>Ciar<\/strong>, una empresa con dos \u00e1reas de negocio: <strong>Ciar Ingenier\u00eda<\/strong>, que desarrolla y realiza proyectos de ingenier\u00eda con especializaci\u00f3n en los sectores de energ\u00eda e industria; y <strong>Ciar Tecnolog\u00eda<\/strong>, que acompa\u00f1a la trasformaci\u00f3n digital de empresas en el proceso de adopci\u00f3n de nuevas tecnolog\u00edas de la informaci\u00f3n. Tambi\u00e9n forman parte del cl\u00faster <strong>Trace Group<\/strong>, que se dedica a la supervisi\u00f3n e inspecci\u00f3n t\u00e9cnica de obras; <strong>RSN Gesti\u00f3n<\/strong>, que brinda servicios de management, consultor\u00eda y outsorcing; y <strong>C-Technology<\/strong>, situada en Florida, EE.UU., que ofrece los servicios del cl\u00faster en el mercado internacional.<\/p>\n<p>&#8220;Sabemos que, en un pa\u00eds como el nuestro, no es f\u00e1cil permanecer un cuarto de siglo con un modelo de negocios sustentable. Nosotros lo hacemos posible gracias a los valores que nos impulsan d\u00eda a d\u00eda, que son la innovaci\u00f3n, la formaci\u00f3n y el trabajo en equipo. Con esta filosof\u00eda nos convertimos en un socio estrat\u00e9gico de empresas y desarrollamos nuestros principales ejes de trabajo, que son el crecimiento, la diversificaci\u00f3n, la regionalizaci\u00f3n y la globalizaci\u00f3n&#8221;, comentaron los oradores del equipo de Marketing y Relaciones Institucionales.<\/p>\n<p>Finalmente se\u00f1alaron que, adem\u00e1s de brindar servicios a empresas, CLUSTERciar se conecta con la sociedad a trav\u00e9s de <strong>Fundaci\u00f3n Potenciar<\/strong>. &#8220;Esta instituci\u00f3n fue creada por el cl\u00faster en 2006 y hoy trabaja en forma independiente, canalizando la responsabilidad social no solo de las empresas de CLUSTERciar, sino tambi\u00e9n de otras organizaciones que apoyan acciones educativas, formativas y sociales. Todo esto se resume en el lema que nos identifica como cl\u00faster: \u00abComprometidos con las empresas, conectados con la sociedad\u00bb.&#8221;<\/p>\n<p style=\"padding-left: 30px;\"><em>CLUSTERciar cuenta con oficinas centrales en las ciudades de Neuqu\u00e9n y Buenos Aires, oficinas regionales en <\/em><em>Comodoro Rivadavia, Cipolletti y <\/em><em>Coral Springs (Florida, EE.UU.), una base operativa\u00a0en\u00a0Las Heras y pr\u00f3ximamente en A\u00f1elo. Adem\u00e1s, opera en las provincias de Buenos Aires, La Pampa, Mendoza y Tierra del Fuego.<\/em><\/p>\n<p>&nbsp;<\/p>\n<p>Fuente: CLUSTERciar News<\/p>\n<!-- AddThis Advanced Settings generic via filter on the_content -->","protected":false},"excerpt":{"rendered":"<p>El cl\u00faster formado por Ciar Ingenier\u00eda, Ciar Tecnolog\u00eda, Trace Group, RSN Gesti\u00f3n y C-Technology ofreci\u00f3 un evento en su Campus<!-- AddThis Advanced Settings generic via filter on get_the_excerpt --><\/p>\n","protected":false},"author":1,"featured_media":9043,"comment_status":"closed","ping_status":"closed","sticky":false,"template":"","format":"standard","meta":{"colormag_page_container_layout":"default_layout","colormag_page_sidebar_layout":"default_layout","jetpack_post_was_ever_published":false,"_jetpack_newsletter_access":"","_jetpack_dont_email_post_to_subs":false,"_jetpack_newsletter_tier_id":0,"_jetpack_memberships_contains_paywalled_content":false,"_jetpack_memberships_contains_paid_content":false,"footnotes":"","jetpack_publicize_message":"","jetpack_publicize_feature_enabled":true,"jetpack_social_post_already_shared":true,"jetpack_social_options":{"image_generator_settings":{"template":"highway","default_image_id":0,"font":"","enabled":false},"version":2}},"categories":[7],"tags":[13],"class_list":["post-9037","post","type-post","status-publish","format-standard","has-post-thumbnail","hentry","category-management","tag-ccnews"],"jetpack_publicize_connections":[],"jetpack_featured_media_url":"https:\/\/i0.wp.com\/ccnews.com.ar\/prensa\/wp-content\/uploads\/2018\/10\/nota.jpg?fit=803%2C404","jetpack_shortlink":"https:\/\/wp.me\/p7L1gj-2lL","jetpack-related-posts":[{"id":6649,"url":"http:\/\/ccnews.com.ar\/prensa\/para-celebrar-sus-25-anos-clusterciar-inauguro-un-campus-en-cipolletti\/","url_meta":{"origin":9037,"position":0},"title":"Para celebrar sus 25 a\u00f1os, CLUSTERciar inaugur\u00f3 un campus  en Cipolletti","author":"CLUSTERciar","date":"10 enero, 2018","format":false,"excerpt":"En diciembre de 2017, culminando el a\u00f1o de su 25 aniversario, CLUSTERciar inaugur\u00f3 su Campus Educativo Recreativo con oficinas en la ciudad de Cipolletti. A ra\u00edz de este hito, CLUSTERciar News dialog\u00f3 con el Ing. Francis Rimmele, Director General del cl\u00faster y Presidente de Fundaci\u00f3n Potenciar. \u00bfCon qu\u00e9 prop\u00f3sito construyeron\u2026","rel":"","context":"En \u00abManagement\u00bb","block_context":{"text":"Management","link":"http:\/\/ccnews.com.ar\/prensa\/category\/management\/"},"img":{"alt_text":"","src":"https:\/\/i0.wp.com\/clusterciarnews.com.ar\/prensa\/wp-content\/uploads\/2018\/01\/26168293_560406864301889_3995949790915129745_n.jpg?resize=350%2C200","width":350,"height":200},"classes":[]},{"id":12129,"url":"http:\/\/ccnews.com.ar\/prensa\/clusterciar-cumplio-27-anos-de-crecimiento-diversificacion-regionalizacion-y-globalizacion\/","url_meta":{"origin":9037,"position":1},"title":"CLUSTERciar cumpli\u00f3 27 a\u00f1os  de crecimiento, diversificaci\u00f3n,  regionalizaci\u00f3n y globalizaci\u00f3n","author":"CLUSTERciar","date":"11 julio, 2019","format":false,"excerpt":"El grupo empresarial pas\u00f3 de tener dos colaboradores a m\u00e1s de quinientos, de cero veh\u00edculos a m\u00e1s de doscientos, de diez metros cuadrados a m\u00e1s de mil novecientos, de ninguna vivienda para el personal a ochenta. Operaba en un solo rubro y se extendi\u00f3 a cinco, y a partir de\u2026","rel":"","context":"En \u00abManagement\u00bb","block_context":{"text":"Management","link":"http:\/\/ccnews.com.ar\/prensa\/category\/management\/"},"img":{"alt_text":"","src":"https:\/\/i0.wp.com\/ccnews.com.ar\/prensa\/wp-content\/uploads\/2019\/07\/nota-1.jpg?fit=803%2C404&resize=350%2C200","width":350,"height":200,"srcset":"https:\/\/i0.wp.com\/ccnews.com.ar\/prensa\/wp-content\/uploads\/2019\/07\/nota-1.jpg?fit=803%2C404&resize=350%2C200 1x, https:\/\/i0.wp.com\/ccnews.com.ar\/prensa\/wp-content\/uploads\/2019\/07\/nota-1.jpg?fit=803%2C404&resize=525%2C300 1,5x, https:\/\/i0.wp.com\/ccnews.com.ar\/prensa\/wp-content\/uploads\/2019\/07\/nota-1.jpg?fit=803%2C404&resize=700%2C400 2x"},"classes":[]},{"id":1967,"url":"http:\/\/ccnews.com.ar\/prensa\/%e2%80%8b%e2%80%8bclusterciar-presento-sus-proyectos-de-rse-en-cai\/","url_meta":{"origin":9037,"position":2},"title":"\u200b\u200bCLUSTERciar present\u00f3 sus proyectos de RSE  en CAI","author":"CLUSTERciar","date":"12 octubre, 2016","format":false,"excerpt":"Jorge Petrocelli,\u00a0Director de Negocios y Relaciones Institucionales\u00a0del\u00a0CLUSTERciar, realiz\u00f3 una\u00a0presentaci\u00f3n\u00a0en el Centro Argentino de\u00a0Ingenieria (CAI), dentro de la comisi\u00f3n de Empresas Proveedoras de\u00a0servicios de Ingenier\u00eda (CEPSI), donde participaron empresas nacionales de\u00a0primera l\u00ednea, interesadas en instrumentar canales de desarrollo para\u00a0acciones de RSE (Educativos y socio-formativos). En la exposici\u00f3n explic\u00f3 el gran impacto\u2026","rel":"","context":"En \u00abManagement\u00bb","block_context":{"text":"Management","link":"http:\/\/ccnews.com.ar\/prensa\/category\/management\/"},"img":{"alt_text":"img_1195","src":"https:\/\/i0.wp.com\/clusterciarnews.com.ar\/prensa\/wp-content\/uploads\/2016\/10\/IMG_1195-300x225.jpg?resize=350%2C200","width":350,"height":200},"classes":[]},{"id":6735,"url":"http:\/\/ccnews.com.ar\/prensa\/top-5-las-notas-mas-leidas-de-clusterciar-news-en-2017\/","url_meta":{"origin":9037,"position":3},"title":"Top 5: las notas m\u00e1s le\u00eddas de CLUSTERciar News en 2017","author":"CLUSTERciar","date":"24 enero, 2018","format":false,"excerpt":"Cada comienzo de a\u00f1o es una oportunidad para iniciar nuevos proyectos y tener presentes las metas cumplidas durante el per\u00edodo anterior. Por ese motivo, CLUSTERciar News agradece el acompa\u00f1amiento de sus lectores y comparte un recuento de las notas m\u00e1s le\u00eddas durante 2017 en los rubros de ingenier\u00eda, educaci\u00f3n, management,\u2026","rel":"","context":"En \u00abManagement\u00bb","block_context":{"text":"Management","link":"http:\/\/ccnews.com.ar\/prensa\/category\/management\/"},"img":{"alt_text":"","src":"","width":0,"height":0},"classes":[]},{"id":353,"url":"http:\/\/ccnews.com.ar\/prensa\/marcelo-artigas-sera-el-orador-en-esta-ocasion-como-parte-de-los-ciclos-de-tecnologia-del-cluster-ciar\/","url_meta":{"origin":9037,"position":4},"title":"Marcelo Artigas, ser\u00e1 el orador en esta ocasi\u00f3n,  como parte de los \u201cCiclos de Tecnolog\u00eda\u201d del CLUSTERciar.","author":"CLUSTERciar","date":"25 abril, 2016","format":false,"excerpt":"\u201cEl seminario apunta a que se generen procesos consistentes\u201d remarc\u00f3 \u00a0el Gerente Operativo de CIAR que agreg\u00f3: \u201cSabemos que la eficiencia es la clave para el aprovechamiento del capital existente, buscamos desde estas charlas que las empresas puedan llegar a su m\u00e1ximo potencial\u201d La urgencia en producir debido al tiempo\u2026","rel":"","context":"En \u00abTransformaci\u00f3n digital\u00bb","block_context":{"text":"Transformaci\u00f3n digital","link":"http:\/\/ccnews.com.ar\/prensa\/category\/transformacion-digital\/"},"img":{"alt_text":"","src":"","width":0,"height":0},"classes":[]},{"id":49,"url":"http:\/\/ccnews.com.ar\/prensa\/c-tec\/","url_meta":{"origin":9037,"position":5},"title":"C-TEC","author":"CLUSTERciar","date":"3 mayo, 2016","format":false,"excerpt":"C-TEC \u2013CLUSTERciar TECnolog\u00eda- naci\u00f3 en 2015 cuando se detect\u00f3 como una gran oportunidad la conformaci\u00f3n de una Usina Tecnol\u00f3gica dentro del CLUSTERciar. Antes de esto el personal con perfil inform\u00e1tico estaba diseminado en distintos sectores dentro de la organizaci\u00f3n, algunos aglutinados en Unidades Operativas y otros en Sectores de Servicios\u2026","rel":"","context":"En \u00abManagement\u00bb","block_context":{"text":"Management","link":"http:\/\/ccnews.com.ar\/prensa\/category\/management\/"},"img":{"alt_text":"","src":"","width":0,"height":0},"classes":[]}],"jetpack_sharing_enabled":true,"_links":{"self":[{"href":"http:\/\/ccnews.com.ar\/prensa\/wp-json\/wp\/v2\/posts\/9037","targetHints":{"allow":["GET"]}}],"collection":[{"href":"http:\/\/ccnews.com.ar\/prensa\/wp-json\/wp\/v2\/posts"}],"about":[{"href":"http:\/\/ccnews.com.ar\/prensa\/wp-json\/wp\/v2\/types\/post"}],"author":[{"embeddable":true,"href":"http:\/\/ccnews.com.ar\/prensa\/wp-json\/wp\/v2\/users\/1"}],"replies":[{"embeddable":true,"href":"http:\/\/ccnews.com.ar\/prensa\/wp-json\/wp\/v2\/comments?post=9037"}],"version-history":[{"count":6,"href":"http:\/\/ccnews.com.ar\/prensa\/wp-json\/wp\/v2\/posts\/9037\/revisions"}],"predecessor-version":[{"id":9089,"href":"http:\/\/ccnews.com.ar\/prensa\/wp-json\/wp\/v2\/posts\/9037\/revisions\/9089"}],"wp:featuredmedia":[{"embeddable":true,"href":"http:\/\/ccnews.com.ar\/prensa\/wp-json\/wp\/v2\/media\/9043"}],"wp:attachment":[{"href":"http:\/\/ccnews.com.ar\/prensa\/wp-json\/wp\/v2\/media?parent=9037"}],"wp:term":[{"taxonomy":"category","embeddable":true,"href":"http:\/\/ccnews.com.ar\/prensa\/wp-json\/wp\/v2\/categories?post=9037"},{"taxonomy":"post_tag","embeddable":true,"href":"http:\/\/ccnews.com.ar\/prensa\/wp-json\/wp\/v2\/tags?post=9037"}],"curies":[{"name":"wp","href":"https:\/\/api.w.org\/{rel}","templated":true}]}}