{"id":9109,"date":"2018-10-18T10:38:03","date_gmt":"2018-10-18T13:38:03","guid":{"rendered":"http:\/\/clusterciarnews.com.ar\/prensa\/?p=9109"},"modified":"2018-10-18T10:38:03","modified_gmt":"2018-10-18T13:38:03","slug":"ganan-presencia-en-el-mercado-los-calefones-solares-termicos-de-origen-nacionales","status":"publish","type":"post","link":"http:\/\/ccnews.com.ar\/prensa\/ganan-presencia-en-el-mercado-los-calefones-solares-termicos-de-origen-nacionales\/","title":{"rendered":"Ganan presencia en el mercado los calefones solares t\u00e9rmicos de origen nacionales"},"content":{"rendered":"<div class=\"bajada\">\n<p>Dardo Allarague, Director de la C\u00e1mara Argentina de Fabricantes de Equipos de Energ\u00eda Solar T\u00e9rmica (CAFEEST) confirm\u00f3 un aumento de las consultas para adquirir calefones solares. Fabricantes esperan cerrar m\u00e1s operaciones de venta tras el lanzamiento de cr\u00e9ditos nacionales que estimulan la compra en cuotas sin intereses.<\/p>\n<\/div>\n<div class=\"imagen-nota-interna\">Con el aumento de tarifas de electricidad y gas en Argentina, las consultas para adquirir equipos termo solares se cuadriplicaron y se acentuar\u00edan cada vez m\u00e1s. As\u00ed lo indic\u00f3 el director de la C\u00e1mara Argentina de Fabricantes de Equipos de Energ\u00eda Solar T\u00e9rmica (CAFEEST)\u00a0<b>Dardo Allarague<\/b>, en una entrevista exclusiva con Energ\u00eda Estrat\u00e9gica.<span class=\"m_12753950395250076m_4026928916591607302gmail-Apple-converted-space\">\u00a0<\/span><\/div>\n<div class=\"texto-noticia-interna\">\n<p class=\"m_12753950395250076m_4026928916591607302gmail-p2\"><span class=\"m_12753950395250076m_4026928916591607302gmail-s1\">\u201cEl incremento de los costos de los servicios de forma progresiva est\u00e1 impulsando a la gente a ir a buscar energ\u00eda m\u00e1s barata (\u2026) las consultas a los fabricantes se cuatruplicaron\u201d, se\u00f1al\u00f3 el director de CAFEEST.<span class=\"m_12753950395250076m_4026928916591607302gmail-Apple-converted-space\">\u00a0<\/span><\/span><\/p>\n<p class=\"m_12753950395250076m_4026928916591607302gmail-p2\"><span class=\"m_12753950395250076m_4026928916591607302gmail-s1\">De all\u00ed es que la fabricaci\u00f3n de equipos termo solares est\u00e9 en aumento respecto a a\u00f1os anteriores. Como titular de la fabrica Montajes Rosario, Allargue indic\u00f3 que su empresa es una de las que est\u00e1 apostando a este crecimiento del mercado.<span class=\"m_12753950395250076m_4026928916591607302gmail-Apple-converted-space\">\u00a0<\/span><\/span><\/p>\n<p class=\"m_12753950395250076m_4026928916591607302gmail-p2\"><span class=\"m_12753950395250076m_4026928916591607302gmail-s1\">Con 15 a\u00f1os de trayectoria en construcciones industriales, Montajes Rosario incursion\u00f3 en el negocio de energ\u00eda solar t\u00e9rmica en principio comercializando los equipos, hasta fabricar unos 100 calefones solares por mes. En la actualidad, la empresa creci\u00f3 pudiendo fabricar un total de 300 unidades.<span class=\"m_12753950395250076m_4026928916591607302gmail-Apple-converted-space\">\u00a0<\/span><\/span><\/p>\n<p class=\"m_12753950395250076m_4026928916591607302gmail-p2\"><span class=\"m_12753950395250076m_4026928916591607302gmail-s1\">Sin embargo, la tendencia al alza no se termina por traducir en operaciones efectivas de compra-venta, por lo que hoy la empresa est\u00e1 al 50% de la producci\u00f3n, que se traduce en unos 150 equipos al mes.<\/span><\/p>\n<p class=\"m_12753950395250076m_4026928916591607302gmail-p2\"><span class=\"m_12753950395250076m_4026928916591607302gmail-s1\">La devaluaci\u00f3n del peso argentino tambi\u00e9n impact\u00f3 en el negocio de equipos termo solares al afectar a los fabricantes como a cualquier otra PyME con un producto \u201cantic\u00edclico\u201d. La soluci\u00f3n que encuentra el sector hasta ahora, seg\u00fan Allargue es que \u201cfabricantes, junto a proveedores y grandes clientes como empresas constructoras, triangulen adapt\u00e1ndose para poder hacer funcionar el mercado y mantener los puestos de trabajo\u201d.<\/span><\/p>\n<p class=\"m_12753950395250076m_4026928916591607302gmail-p2\"><span class=\"m_12753950395250076m_4026928916591607302gmail-s1\">Una buena noticia para el negocio de estos equipos a nivel residencial fue el financiamiento para la compra de calefones el\u00e9ctricos anunciado como parte del Programa de Ahorro Energ\u00e9tico.<span class=\"m_12753950395250076m_4026928916591607302gmail-Apple-converted-space\">\u00a0<\/span><\/span><\/p>\n<p class=\"m_12753950395250076m_4026928916591607302gmail-p2\"><span class=\"m_12753950395250076m_4026928916591607302gmail-s1\">\u201cDesde que se hizo p\u00fablica la nueva l\u00ednea de cr\u00e9ditos del Banco Naci\u00f3n, recibimos much\u00edsimas consultas todos los d\u00edas. De momento, se concretaron muy pocas ventas, pero result\u00f3 muy tentadora la posibilidad de 25 cuotas sin intereses\u201d.<span class=\"m_12753950395250076m_4026928916591607302gmail-Apple-converted-space\">\u00a0<\/span><\/span><\/p>\n<p class=\"m_12753950395250076m_4026928916591607302gmail-p2\"><span class=\"m_12753950395250076m_4026928916591607302gmail-s1\">Tal como se\u00f1al\u00f3 el director de CAFEEST, se trata de un financiamiento a 25 cuotas provisto por el Banco de la Naci\u00f3n Argentina (BNA), que ser\u00e1 sin inter\u00e9s con las tarjetas Nativa Visa y Nativa Mastercard.<span class=\"m_12753950395250076m_4026928916591607302gmail-Apple-converted-space\">\u00a0<\/span><\/span><\/p>\n<p class=\"m_12753950395250076m_4026928916591607302gmail-p2\"><span class=\"m_12753950395250076m_4026928916591607302gmail-s1\">Al respecto, es preciso recordar que los pedidos de este cr\u00e9dito podr\u00e1n realizarse hasta el 31 de octubre de este a\u00f1o y es posible solicitar mayor informaci\u00f3n tanto al\u00a0<a href=\"http:\/\/www.bna.com.ar\/Personas\" target=\"_blank\" rel=\"noopener noreferrer\" data-saferedirecturl=\"https:\/\/www.google.com\/url?q=http:\/\/www.bna.com.ar\/Personas&amp;source=gmail&amp;ust=1539947634301000&amp;usg=AFQjCNGwKUEl9uQ3MH7tvfZguL9snu0diw\"><span class=\"m_12753950395250076m_4026928916591607302gmail-s2\">BNA<\/span><\/a>, como a los fabricantes locales de estos equipos:\u00a0<a href=\"http:\/\/www.energe.com.ar\/\" target=\"_blank\" rel=\"noopener noreferrer\" data-saferedirecturl=\"https:\/\/www.google.com\/url?q=http:\/\/www.energe.com.ar&amp;source=gmail&amp;ust=1539947634301000&amp;usg=AFQjCNEL5J9PgnJFKhDifF58nAi6HXwaqQ\"><span class=\"m_12753950395250076m_4026928916591607302gmail-s2\">Energe<\/span><\/a>,\u00a0<a href=\"http:\/\/www.energiasolarsantafe.com.ar\/\" target=\"_blank\" rel=\"noopener noreferrer\" data-saferedirecturl=\"https:\/\/www.google.com\/url?q=http:\/\/www.energiasolarsantafe.com.ar&amp;source=gmail&amp;ust=1539947634301000&amp;usg=AFQjCNFL1IesEI7FTPVSQBsJkeQh8DhGMQ\"><span class=\"m_12753950395250076m_4026928916591607302gmail-s2\">Energ\u00eda Solar Santa Fe<\/span><\/a>,\u00a0<a href=\"http:\/\/www.innovarsrl.com.ar\/\" target=\"_blank\" rel=\"noopener noreferrer\" data-saferedirecturl=\"https:\/\/www.google.com\/url?q=http:\/\/www.innovarsrl.com.ar&amp;source=gmail&amp;ust=1539947634301000&amp;usg=AFQjCNEqwDONujDhVebBLvkULewbIjTW3g\"><span class=\"m_12753950395250076m_4026928916591607302gmail-s2\">Innovar<\/span><\/a>,\u00a0<a href=\"http:\/\/www.montajesrosario.com.ar\/\" target=\"_blank\" rel=\"noopener noreferrer\" data-saferedirecturl=\"https:\/\/www.google.com\/url?q=http:\/\/www.montajesrosario.com.ar&amp;source=gmail&amp;ust=1539947634301000&amp;usg=AFQjCNEVyfb9nUC1TFZPvysMQSiNZLxTBQ\"><span class=\"m_12753950395250076m_4026928916591607302gmail-s2\">Montajes Rosario<\/span><\/a>\u00a0y\u00a0<a href=\"http:\/\/www.vetak.com.ar\/\" target=\"_blank\" rel=\"noopener noreferrer\" data-saferedirecturl=\"https:\/\/www.google.com\/url?q=http:\/\/www.vetak.com.ar&amp;source=gmail&amp;ust=1539947634301000&amp;usg=AFQjCNECzwLdKPipBsKAXPA7BbP76_czqA\"><span class=\"m_12753950395250076m_4026928916591607302gmail-s2\">Vetak<\/span><\/a>.<\/span><\/p>\n<div class=\"yj6qo ajU\"><\/div>\n<div id=\"shr_canvas2\" class=\"shareaholic-canvas shareaholic-ui shareaholic-resolved-canvas ng-scope\" data-app=\"share_buttons\" data-title=\"Ganan presencia en el mercado los calefones solares t\u00e9rmicos de origen nacionales\" data-link=\"http:\/\/www.energiaestrategica.com\/ganan-presencia-en-el-mercado-los-calefones-solares-termicos-de-origen-nacionales\/\" data-app-id=\"25689297\" data-app-id-name=\"post_below_content\"><\/div>\n<\/div>\n<div class=\"formulario-interna\">Fuente: Energ\u00eda Estrategica<\/div>\n<!-- AddThis Advanced Settings generic via filter on the_content -->","protected":false},"excerpt":{"rendered":"<p>Dardo Allarague, Director de la C\u00e1mara Argentina de Fabricantes de Equipos de Energ\u00eda Solar T\u00e9rmica (CAFEEST) confirm\u00f3 un aumento de<!-- AddThis Advanced Settings generic via filter on get_the_excerpt --><\/p>\n","protected":false},"author":2,"featured_media":9113,"comment_status":"closed","ping_status":"closed","sticky":false,"template":"","format":"standard","meta":{"colormag_page_container_layout":"default_layout","colormag_page_sidebar_layout":"default_layout","jetpack_post_was_ever_published":false,"_jetpack_newsletter_access":"","_jetpack_dont_email_post_to_subs":false,"_jetpack_newsletter_tier_id":0,"_jetpack_memberships_contains_paywalled_content":false,"_jetpack_memberships_contains_paid_content":false,"footnotes":"","jetpack_publicize_message":"","jetpack_publicize_feature_enabled":true,"jetpack_social_post_already_shared":true,"jetpack_social_options":{"image_generator_settings":{"template":"highway","default_image_id":0,"font":"","enabled":false},"version":2}},"categories":[3],"tags":[17],"class_list":["post-9109","post","type-post","status-publish","format-standard","has-post-thumbnail","hentry","category-sustentabilidad","tag-otros-medios"],"jetpack_publicize_connections":[],"jetpack_featured_media_url":"https:\/\/i0.wp.com\/ccnews.com.ar\/prensa\/wp-content\/uploads\/2018\/10\/nota-61.jpg?fit=800%2C400","jetpack_shortlink":"https:\/\/wp.me\/p7L1gj-2mV","jetpack-related-posts":[{"id":9691,"url":"http:\/\/ccnews.com.ar\/prensa\/conoce-los-termotanques-solares-hechos-en-argentina\/","url_meta":{"origin":9109,"position":0},"title":"Conoc\u00e9 los termotanques solares hechos en Argentina","author":"CLUSTERciar","date":"17 diciembre, 2018","format":false,"excerpt":"Una firma de Rosario desarroll\u00f3 \u00edntegramente los equipos que hasta hace poco tiempo importaba. Desde el Instituto Nacional de Tecnolog\u00eda Industrial (INTI) fomentan varias iniciativas similares. Propusieron que los instaladores tengan un certificado especial. A la par del incremento tarifario en los servicios de gas y energ\u00eda el\u00e9ctrica, crece en\u2026","rel":"","context":"En \u00abSustentabilidad\u00bb","block_context":{"text":"Sustentabilidad","link":"http:\/\/ccnews.com.ar\/prensa\/category\/sustentabilidad\/"},"img":{"alt_text":"","src":"https:\/\/i0.wp.com\/ccnews.com.ar\/prensa\/wp-content\/uploads\/2018\/12\/ccn-2.jpg?fit=660%2C370&resize=350%2C200","width":350,"height":200,"srcset":"https:\/\/i0.wp.com\/ccnews.com.ar\/prensa\/wp-content\/uploads\/2018\/12\/ccn-2.jpg?fit=660%2C370&resize=350%2C200 1x, https:\/\/i0.wp.com\/ccnews.com.ar\/prensa\/wp-content\/uploads\/2018\/12\/ccn-2.jpg?fit=660%2C370&resize=525%2C300 1,5x"},"classes":[]},{"id":11397,"url":"http:\/\/ccnews.com.ar\/prensa\/instalan-sistemas-solares-en-distintos-parques-nacionales\/","url_meta":{"origin":9109,"position":1},"title":"Instalan sistemas solares en distintos Parques Nacionales","author":"admin","date":"16 mayo, 2019","format":false,"excerpt":"En el marco del Programa de Fuentes de Energ\u00eda Renovable en \u00c1reas Protegidas Nacionales, la Administraci\u00f3n de Parques Nacionales lleva adelante desde 2018 la instalaci\u00f3n de sistemas solares en distintos Parques con el fin de promover la conversi\u00f3n de servicios energ\u00e9ticos hacia sistemas de generaci\u00f3n de fuentes renovables. En este\u2026","rel":"","context":"En \u00abSustentabilidad\u00bb","block_context":{"text":"Sustentabilidad","link":"http:\/\/ccnews.com.ar\/prensa\/category\/sustentabilidad\/"},"img":{"alt_text":"","src":"https:\/\/i0.wp.com\/ccnews.com.ar\/prensa\/wp-content\/uploads\/2019\/05\/paneles_solares_apn_05_ph-parques-nacionales-750x470.jpeg?fit=750%2C450&resize=350%2C200","width":350,"height":200,"srcset":"https:\/\/i0.wp.com\/ccnews.com.ar\/prensa\/wp-content\/uploads\/2019\/05\/paneles_solares_apn_05_ph-parques-nacionales-750x470.jpeg?fit=750%2C450&resize=350%2C200 1x, https:\/\/i0.wp.com\/ccnews.com.ar\/prensa\/wp-content\/uploads\/2019\/05\/paneles_solares_apn_05_ph-parques-nacionales-750x470.jpeg?fit=750%2C450&resize=525%2C300 1,5x, https:\/\/i0.wp.com\/ccnews.com.ar\/prensa\/wp-content\/uploads\/2019\/05\/paneles_solares_apn_05_ph-parques-nacionales-750x470.jpeg?fit=750%2C450&resize=700%2C400 2x"},"classes":[]},{"id":12534,"url":"http:\/\/ccnews.com.ar\/prensa\/argentina-mexico-e-israel-impulsan-arboles-con-energia-solar-e-internet-gratis\/","url_meta":{"origin":9109,"position":2},"title":"Argentina, M\u00e9xico e Israel impulsan \u00e1rboles con energ\u00eda solar e internet gratis","author":"admin","date":"14 agosto, 2019","format":false,"excerpt":"M\u00e9xico, Argentina e Israel impulsan propuestas innovadoras para garantizar acceso a energ\u00eda limpia e internet gratis en zonas p\u00fablicas como plazas, parques y centros comerciales, mejorando la calidad de vida de sus ciudadanos. Hace casi dos d\u00e9cadas Israel marco la pauta con tecnolog\u00edas solares que despu\u00e9s incorporaron servicios como internet\u2026","rel":"","context":"En \u00abSustentabilidad\u00bb","block_context":{"text":"Sustentabilidad","link":"http:\/\/ccnews.com.ar\/prensa\/category\/sustentabilidad\/"},"img":{"alt_text":"","src":"https:\/\/i0.wp.com\/ccnews.com.ar\/prensa\/wp-content\/uploads\/2019\/08\/intendencia-godoy-argentina-cortesia.jpg?fit=723%2C584&resize=350%2C200","width":350,"height":200,"srcset":"https:\/\/i0.wp.com\/ccnews.com.ar\/prensa\/wp-content\/uploads\/2019\/08\/intendencia-godoy-argentina-cortesia.jpg?fit=723%2C584&resize=350%2C200 1x, https:\/\/i0.wp.com\/ccnews.com.ar\/prensa\/wp-content\/uploads\/2019\/08\/intendencia-godoy-argentina-cortesia.jpg?fit=723%2C584&resize=525%2C300 1,5x, https:\/\/i0.wp.com\/ccnews.com.ar\/prensa\/wp-content\/uploads\/2019\/08\/intendencia-godoy-argentina-cortesia.jpg?fit=723%2C584&resize=700%2C400 2x"},"classes":[]},{"id":13406,"url":"http:\/\/ccnews.com.ar\/prensa\/500-escuelas-en-argentina-apuestan-por-energia-solar-y-mejoran-niveles-de-ensenanza\/","url_meta":{"origin":9109,"position":3},"title":"500 escuelas en Argentina apuestan por energ\u00eda solar y mejoran niveles de ense\u00f1anza","author":"admin","date":"28 octubre, 2019","format":false,"excerpt":"Con esta importante iniciativa se esta promoviendo el uso de energ\u00eda renovable en el sistema educativo y se esta promoviendo conciencia sobre temas como el cambio clim\u00e1tico y el desarrollo sostenible entre los futuros profesionales del pa\u00eds. M\u00e1s escuelas en Argentina cuentan con energ\u00eda limpia, segura y a bajos costos.\u2026","rel":"","context":"En \u00abSustentabilidad\u00bb","block_context":{"text":"Sustentabilidad","link":"http:\/\/ccnews.com.ar\/prensa\/category\/sustentabilidad\/"},"img":{"alt_text":"","src":"https:\/\/i0.wp.com\/ccnews.com.ar\/prensa\/wp-content\/uploads\/2019\/10\/nota-1569138-argentina-escuelas-energia-solar-catamarca-tucuman-buenos-aires-mendoza-910091.jpg?fit=1000%2C755&resize=350%2C200","width":350,"height":200,"srcset":"https:\/\/i0.wp.com\/ccnews.com.ar\/prensa\/wp-content\/uploads\/2019\/10\/nota-1569138-argentina-escuelas-energia-solar-catamarca-tucuman-buenos-aires-mendoza-910091.jpg?fit=1000%2C755&resize=350%2C200 1x, https:\/\/i0.wp.com\/ccnews.com.ar\/prensa\/wp-content\/uploads\/2019\/10\/nota-1569138-argentina-escuelas-energia-solar-catamarca-tucuman-buenos-aires-mendoza-910091.jpg?fit=1000%2C755&resize=525%2C300 1,5x, https:\/\/i0.wp.com\/ccnews.com.ar\/prensa\/wp-content\/uploads\/2019\/10\/nota-1569138-argentina-escuelas-energia-solar-catamarca-tucuman-buenos-aires-mendoza-910091.jpg?fit=1000%2C755&resize=700%2C400 2x"},"classes":[]},{"id":6015,"url":"http:\/\/ccnews.com.ar\/prensa\/firman-convenio-de-productividad-para-impulsar-empresas-de-energia-renovable\/","url_meta":{"origin":9109,"position":4},"title":"Firman convenio de productividad para impulsar empresas de energ\u00eda renovable","author":"CLUSTERciar","date":"1 noviembre, 2017","format":false,"excerpt":"Buscar\u00e1n un nuevo marco laboral con UOM, UOCRA y Luz y Fuerza. La industria de energ\u00eda renovable est\u00e1 despegando en el pa\u00eds. Y la construcci\u00f3n de partes para el sector todav\u00eda est\u00e1 en pa\u00f1ales. El Gobierno, las c\u00e1maras empresarias y los sindicatos firmaron un convenio de productividad, para que los\u2026","rel":"","context":"En \u00abEnerg\u00eda y Producci\u00f3n\u00bb","block_context":{"text":"Energ\u00eda y Producci\u00f3n","link":"http:\/\/ccnews.com.ar\/prensa\/category\/energia-y-produccion\/"},"img":{"alt_text":"","src":"https:\/\/i0.wp.com\/ccnews.com.ar\/prensa\/wp-content\/uploads\/2017\/11\/renovables311017.jpg?fit=250%2C250&resize=350%2C200","width":350,"height":200},"classes":[]},{"id":11479,"url":"http:\/\/ccnews.com.ar\/prensa\/argentina-15-preguntas-claves-para-inistalar-energia-solar-en-casa-o-sistemas-de-generacion-distribuida\/","url_meta":{"origin":9109,"position":5},"title":"Argentina 15 preguntas claves para instalar energ\u00eda solar en casa o sistemas de generaci\u00f3n distribuida","author":"admin","date":"21 mayo, 2019","format":false,"excerpt":"Energ\u00eda limpia XXI. La energ\u00eda limpia y los sistemas de generaci\u00f3n distribuida son una realidad en argentina hoy. Energ\u00eda limpia xxi te comparte la informaci\u00f3n que el gobierno argentino ha publicado sobre c\u00f3mo hacer el giro por un nuevo sistema en casa o negocio. 1. \u00bfQUI\u00c9NES SON LOS ACTORES PRINCIPALES\u2026","rel":"","context":"En \u00abSustentabilidad\u00bb","block_context":{"text":"Sustentabilidad","link":"http:\/\/ccnews.com.ar\/prensa\/category\/sustentabilidad\/"},"img":{"alt_text":"","src":"https:\/\/i0.wp.com\/ccnews.com.ar\/prensa\/wp-content\/uploads\/2019\/05\/generacion-distribuida1.png?fit=723%2C502&resize=350%2C200","width":350,"height":200,"srcset":"https:\/\/i0.wp.com\/ccnews.com.ar\/prensa\/wp-content\/uploads\/2019\/05\/generacion-distribuida1.png?fit=723%2C502&resize=350%2C200 1x, https:\/\/i0.wp.com\/ccnews.com.ar\/prensa\/wp-content\/uploads\/2019\/05\/generacion-distribuida1.png?fit=723%2C502&resize=525%2C300 1,5x, https:\/\/i0.wp.com\/ccnews.com.ar\/prensa\/wp-content\/uploads\/2019\/05\/generacion-distribuida1.png?fit=723%2C502&resize=700%2C400 2x"},"classes":[]}],"jetpack_sharing_enabled":true,"_links":{"self":[{"href":"http:\/\/ccnews.com.ar\/prensa\/wp-json\/wp\/v2\/posts\/9109","targetHints":{"allow":["GET"]}}],"collection":[{"href":"http:\/\/ccnews.com.ar\/prensa\/wp-json\/wp\/v2\/posts"}],"about":[{"href":"http:\/\/ccnews.com.ar\/prensa\/wp-json\/wp\/v2\/types\/post"}],"author":[{"embeddable":true,"href":"http:\/\/ccnews.com.ar\/prensa\/wp-json\/wp\/v2\/users\/2"}],"replies":[{"embeddable":true,"href":"http:\/\/ccnews.com.ar\/prensa\/wp-json\/wp\/v2\/comments?post=9109"}],"version-history":[{"count":1,"href":"http:\/\/ccnews.com.ar\/prensa\/wp-json\/wp\/v2\/posts\/9109\/revisions"}],"predecessor-version":[{"id":9115,"href":"http:\/\/ccnews.com.ar\/prensa\/wp-json\/wp\/v2\/posts\/9109\/revisions\/9115"}],"wp:featuredmedia":[{"embeddable":true,"href":"http:\/\/ccnews.com.ar\/prensa\/wp-json\/wp\/v2\/media\/9113"}],"wp:attachment":[{"href":"http:\/\/ccnews.com.ar\/prensa\/wp-json\/wp\/v2\/media?parent=9109"}],"wp:term":[{"taxonomy":"category","embeddable":true,"href":"http:\/\/ccnews.com.ar\/prensa\/wp-json\/wp\/v2\/categories?post=9109"},{"taxonomy":"post_tag","embeddable":true,"href":"http:\/\/ccnews.com.ar\/prensa\/wp-json\/wp\/v2\/tags?post=9109"}],"curies":[{"name":"wp","href":"https:\/\/api.w.org\/{rel}","templated":true}]}}