{"id":9143,"date":"2018-10-23T08:00:37","date_gmt":"2018-10-23T11:00:37","guid":{"rendered":"http:\/\/clusterciarnews.com.ar\/prensa\/?p=9143"},"modified":"2018-11-23T09:04:13","modified_gmt":"2018-11-23T12:04:13","slug":"hidrovia-continental","status":"publish","type":"post","link":"http:\/\/ccnews.com.ar\/prensa\/hidrovia-continental\/","title":{"rendered":"Hidrov\u00eda continental"},"content":{"rendered":"<p><strong>Pablo Bereciart\u00faa, Secretario de Infraestructura y Pol\u00edtica H\u00eddrica del Ministerio del Interior, nos presenta el proyecto.<\/strong><\/p>\n<p>Meses atr\u00e1s, en el marco del G20, el presidente Mauricio Macri efectiviz\u00f3 una reuni\u00f3n con la Reina M\u00e1xima de Holanda para el financiamiento de los estudios preliminares de una \u201cautopista navegable\u201d. El proyecto versa sobre<br \/>\nuna \u201chidrov\u00eda continental\u201d, una suerte de R\u00edo Paran\u00e1\u00a0paralelo y la cooperaci\u00f3n estrat\u00e9gica con Holanda es vital: Pa\u00edses Bajos es l\u00edder mundial en conocimientos\u00a0de hidr\u00e1ulica.<br \/>\nLa comisi\u00f3n que analiza el proyecto se pronunciara en septiembre respecto a su factibilidad. Por Argentina,\u00a0quien firm\u00f3 el convenio y encabeza la apuesta\u00a0es el Secretario de Infraestructura y Pol\u00edtica H\u00eddrica\u00a0del Ministerio del Interior, Pablo Jos\u00e9 Bereciart\u00faa. Su contraparte holandesa fue Hendrik Willem Johan\u00a0Ovink, enviado Especial del Reino de los Pa\u00edses Bajos\u00a0en Asuntos H\u00eddricos.<br \/>\nLa hidrov\u00eda correr\u00eda desde el centro del pa\u00eds hasta el\u00a0Oc\u00e9ano Atl\u00e1ntico. La traza propuesta parte del R\u00edo\u00a0Segundo en la provincia de C\u00f3rdoba, hasta Catril\u00f3\u00a0en la provincia de La Pampa. En Catril\u00f3 se estima\u00a0construir un puerto seco, con el objeto de conectar la\u00a0hidrov\u00eda con el ferrocarril Ferroexpreso Pampeano y\u00a0el Puerto de Bah\u00eda Blanca. Para conocer m\u00e1s detalles\u00a0sobre el proyecto, entrevistamos a Pablo Bereciart\u00faa.<\/p>\n<p><strong><span style=\"color: #808080;\">La traza propuesta parte del R\u00edo Segundo en la provincia<\/span><\/strong><br \/>\n<strong><span style=\"color: #808080;\">de C\u00f3rdoba, hasta Catril\u00f3 en la provincia de La Pampa.<\/span><\/strong><\/p>\n<p><strong>&#8211; \u00bfEn qu\u00e9 estado se encuentra el estudio de prefactibilidad de la hidrov\u00eda continental?<\/strong><br \/>\n&#8211; Estamos avanzados. Hemos comparado distintas trazas, empezando por las propuestas que han existido en el pasado (como potenciales hidrov\u00edas) en el centro del territorio del pa\u00eds. Trabajamos en cu\u00e1les deben ser los objetivos que justifiquen un proyecto de este tipo para la Argentina en este siglo y en las pr\u00f3ximas d\u00e9cadas: el principal objetivo es el an\u00e1lisis y la evaluaci\u00f3n de que este proyecto sea una estrategia \u00fatil para la adaptaci\u00f3n y la variabilidad del cambio clim\u00e1tico del centro, de la pampa h\u00fameda y espec\u00edficamente de las cuencas del centro de Argentina: las del R\u00edo Quinto, Carcara\u00f1\u00e1, La Picasa, del Salado. All\u00ed el primer criterio es la posibilidad de disminuir los excesos h\u00eddricos, y tambi\u00e9n de construir un reservorio de agua para permitir el riego, como mitigaci\u00f3n para<br \/>\nlos d\u00e9ficit h\u00eddricos y sequ\u00edas.<\/p>\n<p><strong>&#8211; \u00bfQu\u00e9 cantidad aproximada de hect\u00e1reas han sido afectadas por inundaciones y sequ\u00edas en los \u00faltimos a\u00f1os?<\/strong><br \/>\n&#8211; En los \u00faltimos dos a\u00f1os, Argentina ha tenido en el centro de su territorio aproximadamente 5 millones de hect\u00e1reas afectadas, entre algo m\u00e1s de 2 millones de has. inundadas y cerca de 3 millones de has.<br \/>\nanegadas. La forma de adaptar un territorio de esta magnitud para que sea menos vulnerable a la variabilidad<br \/>\ndel cambio clim\u00e1tico, requiere de un conjunto de obras de infraestructura y tambi\u00e9n de un conjunto de medidas no estructurales: pol\u00edticas de uso del suelo o el desarrollo de mercados de derivados financieros que permitan valorizar el riesgo y crear, incluso, eventualmente, instrumentos financieros para mitigar el impacto negativo de estos dos fen\u00f3menos.<br \/>\nAs\u00ed como est\u00e1 vigente el Plan Maestro del R\u00edo Salado, las obras de La Picasa, el Canal San Antonio, o el complejo que se conoce como Los Daneses en el norte de la provincia de La Pampa, la Hidrov\u00eda est\u00e1 pensada como un sistema m\u00e1s de infraestructura que pueda derivar parte de los flujos de las cuencas de C\u00f3rdoba, antes de que generen un impacto de inundaciones en el centro de la Argentina.<br \/>\nEl primer an\u00e1lisis est\u00e1 vinculado con la adaptaci\u00f3n al cambio clim\u00e1tico, una innovaci\u00f3n, porque las hidrov\u00edas que se hab\u00eda planteado hist\u00f3ricamente siempre han sido pensadas pura y exclusivamente para la navegaci\u00f3n y para el transporte de cargas, incluso de pasajeros.<\/p>\n<p><strong>&#8211; Sin embargo, el proyecto contempla la ampliaci\u00f3n de redes de transporte de cargas.<\/strong><br \/>\nComo segundo criterio, la hidrov\u00eda est\u00e1 planteada de tal manera que es viable la navegaci\u00f3n en una \u00fanica cota,\u00a0que es la cota 135. Por lo tanto no tiene esclusas y eso hace que sea extremadamente f\u00e1cil plantear la navegaci\u00f3n norte-sur. Como hemos hecho modelos matem\u00e1ticos para la adaptaci\u00f3n al cambio clim\u00e1tico, tambi\u00e9n hemos realizado<br \/>\nya un modelo log\u00edstico que muestra datos de 2017.<br \/>\nEste sistema tendr\u00eda un impacto positivo en el movimiento de cargas de exportaci\u00f3n de la Argentina, sobretodo de graneles, que est\u00e1 estimado entre un 4 y un 9% de las cargas anuales de exportaci\u00f3n del pa\u00eds. Entonces, es una v\u00eda m\u00e1s de comunicaci\u00f3n que se suma a la necesidad de extender el sistema ferroviario y tambi\u00e9n el sistema de transporte vial o carretero. Esto suma y tiene una capacidad cercana a los 18 millones de toneladas que aporta al movimiento de cargas. Argentina plantea en las pr\u00f3ximas d\u00e9cadas, que suba incluso significativamente la producci\u00f3n en 50 millones de tn. Este es un sistema que transformar\u00eda la distribuci\u00f3n del transporte en el territorio.<\/p>\n<p><strong><span style=\"color: #808080;\">La cooperaci\u00f3n estrat\u00e9gica con Holanda es vital: Pa\u00edses Bajos es<\/span><\/strong><br \/>\n<strong><span style=\"color: #808080;\">l\u00edder mundial en conocimientosde hidr\u00e1ulica.<\/span><\/strong><\/p>\n<p><strong>&#8211; \u00bfCu\u00e1les son las limitaciones actuales en el transporte de carga?<\/strong><br \/>\nHoy la Argentina tiene una concentraci\u00f3n sobre el transporte en la Hidrov\u00eda del Paran\u00e1 en los puertos cercanos a Rosario, en San Lorenzo-San Mart\u00edn, y ese es un sistema que tiene limitaciones: por un lado las de acceso terrestre hacia los puertos, que son dif\u00edciles de revertir, porque implica que tiene una limitaci\u00f3n de dragado de hasta 40 pies, mientras que el puerto de Bah\u00eda Blanca tiene aproximadamente 50. Y adem\u00e1s, tiene una particularidad respecto del<br \/>\ncambio clim\u00e1tico. En estas \u00faltimas semanas hemos visto una baja importante del R\u00edo Paran\u00e1, con magnitudes similares a las de 2009. Esa variante ya ha mostrado estas \u00faltimas semanas que han bajado una gran cantidad de barcos que no han podido cargarse, seg\u00fan lo previsto. Es decir, es tambi\u00e9n estructural en t\u00e9rminos de desarrollo de actividad en el territorio y de movilidad de carga contar con v\u00edas alternativas que permitan salir a puertos del Atl\u00e1ntico, como el de Bah\u00eda Blanca. Por \u00faltimo, esto implicar\u00eda la creaci\u00f3n de al menos un nodo muy significativo en<br \/>\nel centro de Argentina, que es donde termina la traza de la Hidrov\u00eda que present\u00e9, y que es en Catril\u00f3. Ser\u00eda un puerto seco para el puerto de Bah\u00eda Blanca inicialmente, y tambi\u00e9n en el futuro para Quequ\u00e9n y Mar del Plata. Un puerto seco que puede ser un agregado de valor y un desarrollo, digamos, m\u00e1s vinculado con la multimodalidad y con la posibilidad de hacer log\u00edstica distribuida en un punto alejado de los puertos, pero privilegiado en t\u00e9rminos de las comunicaciones.<br \/>\nLa Argentina tiene que volver a plantear estrategias de desarrollo que excedan los per\u00edodos de gobierno para los pr\u00f3ximos a\u00f1os. Tanto para atender el tema del clima, que es de mediano y largo plazo, y tambi\u00e9n de c\u00f3mo se desarrolla el territorio. Creo que ah\u00ed hay un valor agregado que supera al proyecto.<\/p>\n<p><strong><span style=\"color: #808080;\">\u201cLa hidrov\u00eda es un sistema m\u00e1s de infraestructura para derivar flujos de las cuencas de C\u00f3rdoba, antes de que generen un impacto las inundaciones en el centro de la Argentina, adem\u00e1s de posibilitar la navegaci\u00f3n y el transporte de mercader\u00edas.\u201d Pablo Bereciart\u00faa, Secretario de Infraestructura y Pol\u00edtica H\u00eddrica del Ministerio del Interior.<\/span><\/strong><\/p>\n<p>Fuente: CAI<\/p>\n<!-- AddThis Advanced Settings generic via filter on the_content -->","protected":false},"excerpt":{"rendered":"<p>Pablo Bereciart\u00faa, Secretario de Infraestructura y Pol\u00edtica H\u00eddrica del Ministerio del Interior, nos presenta el proyecto. Meses atr\u00e1s, en el<!-- AddThis Advanced Settings generic via filter on get_the_excerpt --><\/p>\n","protected":false},"author":1,"featured_media":9145,"comment_status":"closed","ping_status":"closed","sticky":false,"template":"","format":"standard","meta":{"colormag_page_container_layout":"default_layout","colormag_page_sidebar_layout":"default_layout","jetpack_post_was_ever_published":false,"_jetpack_newsletter_access":"","_jetpack_dont_email_post_to_subs":false,"_jetpack_newsletter_tier_id":0,"_jetpack_memberships_contains_paywalled_content":false,"_jetpack_memberships_contains_paid_content":false,"footnotes":"","jetpack_publicize_message":"","jetpack_publicize_feature_enabled":true,"jetpack_social_post_already_shared":false,"jetpack_social_options":{"image_generator_settings":{"template":"highway","default_image_id":0,"font":"","enabled":false},"version":2}},"categories":[3],"tags":[17],"class_list":["post-9143","post","type-post","status-publish","format-standard","has-post-thumbnail","hentry","category-sustentabilidad","tag-otros-medios"],"jetpack_publicize_connections":[],"jetpack_featured_media_url":"https:\/\/i0.wp.com\/ccnews.com.ar\/prensa\/wp-content\/uploads\/2018\/10\/hidrovia.jpg?fit=1024%2C768","jetpack_shortlink":"https:\/\/wp.me\/p7L1gj-2nt","jetpack-related-posts":[{"id":2071,"url":"http:\/\/ccnews.com.ar\/prensa\/el-gobierno-intenta-revivir-seis-proyectos-de-represas-en-el-pais\/","url_meta":{"origin":9143,"position":0},"title":"El Gobierno intenta revivir seis proyectos de represas en el pa\u00eds","author":"CLUSTERciar","date":"29 octubre, 2016","format":false,"excerpt":"La generaci\u00f3n hidroel\u00e9ctrica no creci\u00f3, pese a las adjudicaciones del kirchnerismo; c\u00f3mo est\u00e1n las iniciativas A\u00fan\u00a0no lleg\u00f3 el calor, pero cuando el sol caliente el term\u00f3metro volver\u00e1 el debate sobre los cortes de electricidad y las obras que el Gobierno realiza para empezar a dar vuelta la p\u00e1gina de la\u2026","rel":"","context":"En \u00abEnerg\u00eda y Producci\u00f3n\u00bb","block_context":{"text":"Energ\u00eda y Producci\u00f3n","link":"http:\/\/ccnews.com.ar\/prensa\/category\/energia-y-produccion\/"},"img":{"alt_text":"","src":"","width":0,"height":0},"classes":[]},{"id":11851,"url":"http:\/\/ccnews.com.ar\/prensa\/los-ingenieros-de-cara-a-nuestro-futuro\/","url_meta":{"origin":9143,"position":1},"title":"Los ingenieros, de cara a nuestro futuro","author":"admin","date":"20 junio, 2019","format":false,"excerpt":"El verdadero desaf\u00edo de la Argentina es transformarse en un pa\u00eds innovador que cree m\u00e1s valor y desarrolle m\u00e1s y mejores productos y servicios, utilizando sus recursos humanos e institucionales, y genere m\u00e1s empresas como MercadoLibre, INVAP y Bioceres, para tomar tres distintas y relevantes. Hay quienes ponen esto en\u2026","rel":"","context":"En \u00abSustentabilidad\u00bb","block_context":{"text":"Sustentabilidad","link":"http:\/\/ccnews.com.ar\/prensa\/category\/sustentabilidad\/"},"img":{"alt_text":"","src":"https:\/\/i0.wp.com\/ccnews.com.ar\/prensa\/wp-content\/uploads\/2019\/06\/obra-del-paseo-del-bajo___PJH-P5gNX_1256x620__1.jpg?fit=1200%2C592&resize=350%2C200","width":350,"height":200,"srcset":"https:\/\/i0.wp.com\/ccnews.com.ar\/prensa\/wp-content\/uploads\/2019\/06\/obra-del-paseo-del-bajo___PJH-P5gNX_1256x620__1.jpg?fit=1200%2C592&resize=350%2C200 1x, https:\/\/i0.wp.com\/ccnews.com.ar\/prensa\/wp-content\/uploads\/2019\/06\/obra-del-paseo-del-bajo___PJH-P5gNX_1256x620__1.jpg?fit=1200%2C592&resize=525%2C300 1,5x, https:\/\/i0.wp.com\/ccnews.com.ar\/prensa\/wp-content\/uploads\/2019\/06\/obra-del-paseo-del-bajo___PJH-P5gNX_1256x620__1.jpg?fit=1200%2C592&resize=700%2C400 2x, https:\/\/i0.wp.com\/ccnews.com.ar\/prensa\/wp-content\/uploads\/2019\/06\/obra-del-paseo-del-bajo___PJH-P5gNX_1256x620__1.jpg?fit=1200%2C592&resize=1050%2C600 3x"},"classes":[]},{"id":446,"url":"http:\/\/ccnews.com.ar\/prensa\/el-gobernador-de-neuquen-viajo-a-rusia-para-destrabar-construccion-de-la-represa-chihuido\/","url_meta":{"origin":9143,"position":2},"title":"El Gobernador de Neuqu\u00e9n viaj\u00f3 a Rusia para destrabar construcci\u00f3n de la represa Chihuido","author":"CLUSTERciar","date":"21 abril, 2016","format":false,"excerpt":"Omar Guti\u00e9rrez participa de la misi\u00f3n oficial a la Federaci\u00f3n Rusa encabezada por la canciller Susana Malcorra, que mantuvo sus primeras reuniones con el objetivo de concretar la ejecuci\u00f3n de la represa Chihuido, en la provincia patag\u00f3nica. El gobierno provincial inform\u00f3 que el mandatario\u00a0Omar Guti\u00e9rrez particip\u00f3 de un encuentro con\u2026","rel":"","context":"En \u00abSustentabilidad\u00bb","block_context":{"text":"Sustentabilidad","link":"http:\/\/ccnews.com.ar\/prensa\/category\/sustentabilidad\/"},"img":{"alt_text":"","src":"","width":0,"height":0},"classes":[]},{"id":259,"url":"http:\/\/ccnews.com.ar\/prensa\/mac-allister-debemos-hacer-politica-deportiva-no-politica\/","url_meta":{"origin":9143,"position":3},"title":"Mac Allister: Debemos hacer pol\u00edtica deportiva, no pol\u00edtica","author":"CLUSTERciar","date":"8 enero, 2016","format":false,"excerpt":"El flamante secretario de Deportes de la Naci\u00f3n apunta a una planificaci\u00f3n nacional y sostuvo que habra que mejorar la relaci\u00f3n con el Enard. El\u00a0nombre de Carlos Javier Mac Allister apareci\u00f3 por sorpresa en la escena nacional, a fines de noviembre pasado. \u201cEl Colo\u201d, quien desde 2013 era diputado del\u2026","rel":"","context":"En \u00abEducaci\u00f3n\/Sociedad\u00bb","block_context":{"text":"Educaci\u00f3n\/Sociedad","link":"http:\/\/ccnews.com.ar\/prensa\/category\/educacion-sociedad\/"},"img":{"alt_text":"Formar Valores, una necesidad social Argentina","src":"http:\/\/clusterciar.com.ar\/wp\/wp-content\/uploads\/2016\/01\/Nueva-imagen-de-mapa-de-bits.bmp","width":350,"height":200},"classes":[]},{"id":4845,"url":"http:\/\/ccnews.com.ar\/prensa\/buenos-aires-se-anota-en-la-moda-de-las-energias-renovables\/","url_meta":{"origin":9143,"position":4},"title":"Buenos Aires se anota en la moda de las energ\u00edas renovables","author":"CLUSTERciar","date":"12 agosto, 2017","format":false,"excerpt":"La provincia de Buenos Aires est\u00e1 dando sus primeros pasos en materia de energ\u00edas renovables.\u00a0En la actualidad se est\u00e1n construyendo en territorio bonaerense 6 parques solares y 8 e\u00f3licos 2 estar\u00e1n en la costa atl\u00e1ntica que producir\u00e1n energ\u00edas limpias, es decir, no contaminantes del medio ambiente. Con la puesta en\u2026","rel":"","context":"En \u00abEnerg\u00eda y Producci\u00f3n\u00bb","block_context":{"text":"Energ\u00eda y Producci\u00f3n","link":"http:\/\/ccnews.com.ar\/prensa\/category\/energia-y-produccion\/"},"img":{"alt_text":"","src":"https:\/\/i0.wp.com\/ccnews.com.ar\/prensa\/wp-content\/uploads\/2017\/07\/1500397329_792129_1500397489_noticia_normal_recorte1-4.jpg?fit=640%2C360&resize=350%2C200","width":350,"height":200,"srcset":"https:\/\/i0.wp.com\/ccnews.com.ar\/prensa\/wp-content\/uploads\/2017\/07\/1500397329_792129_1500397489_noticia_normal_recorte1-4.jpg?fit=640%2C360&resize=350%2C200 1x, https:\/\/i0.wp.com\/ccnews.com.ar\/prensa\/wp-content\/uploads\/2017\/07\/1500397329_792129_1500397489_noticia_normal_recorte1-4.jpg?fit=640%2C360&resize=525%2C300 1,5x"},"classes":[]},{"id":8917,"url":"http:\/\/ccnews.com.ar\/prensa\/seis-empresas-se-presentaron-a-la-licitacion-para-mejorar-la-infraestructura-electrica-en-anelo\/","url_meta":{"origin":9143,"position":5},"title":"SEIS EMPRESAS SE PRESENTARON A LA LICITACI\u00d3N PARA MEJORAR LA INFRAESTRUCTURA EL\u00c9CTRICA EN A\u00d1ELO","author":"CLUSTERciar","date":"1 octubre, 2018","format":false,"excerpt":"Se realiz\u00f3 el acto de apertura de sobres de la licitaci\u00f3n destinada a adquirir todo el equipamiento para construir una nueva subestaci\u00f3n transformadora de 33 a 13,2 kilovatios. Seis fueron las empresas oferentes. Se concret\u00f3 el jueves 20 de septiembre la apertura de la licitaci\u00f3n del proyecto denominado Infraestructura de\u2026","rel":"","context":"En \u00abEnerg\u00eda y Producci\u00f3n\u00bb","block_context":{"text":"Energ\u00eda y Producci\u00f3n","link":"http:\/\/ccnews.com.ar\/prensa\/category\/energia-y-produccion\/"},"img":{"alt_text":"","src":"https:\/\/i0.wp.com\/ccnews.com.ar\/prensa\/wp-content\/uploads\/2018\/09\/20180921071301.jpg?fit=696%2C344&resize=350%2C200","width":350,"height":200,"srcset":"https:\/\/i0.wp.com\/ccnews.com.ar\/prensa\/wp-content\/uploads\/2018\/09\/20180921071301.jpg?fit=696%2C344&resize=350%2C200 1x, https:\/\/i0.wp.com\/ccnews.com.ar\/prensa\/wp-content\/uploads\/2018\/09\/20180921071301.jpg?fit=696%2C344&resize=525%2C300 1,5x"},"classes":[]}],"jetpack_sharing_enabled":true,"_links":{"self":[{"href":"http:\/\/ccnews.com.ar\/prensa\/wp-json\/wp\/v2\/posts\/9143","targetHints":{"allow":["GET"]}}],"collection":[{"href":"http:\/\/ccnews.com.ar\/prensa\/wp-json\/wp\/v2\/posts"}],"about":[{"href":"http:\/\/ccnews.com.ar\/prensa\/wp-json\/wp\/v2\/types\/post"}],"author":[{"embeddable":true,"href":"http:\/\/ccnews.com.ar\/prensa\/wp-json\/wp\/v2\/users\/1"}],"replies":[{"embeddable":true,"href":"http:\/\/ccnews.com.ar\/prensa\/wp-json\/wp\/v2\/comments?post=9143"}],"version-history":[{"count":5,"href":"http:\/\/ccnews.com.ar\/prensa\/wp-json\/wp\/v2\/posts\/9143\/revisions"}],"predecessor-version":[{"id":9155,"href":"http:\/\/ccnews.com.ar\/prensa\/wp-json\/wp\/v2\/posts\/9143\/revisions\/9155"}],"wp:featuredmedia":[{"embeddable":true,"href":"http:\/\/ccnews.com.ar\/prensa\/wp-json\/wp\/v2\/media\/9145"}],"wp:attachment":[{"href":"http:\/\/ccnews.com.ar\/prensa\/wp-json\/wp\/v2\/media?parent=9143"}],"wp:term":[{"taxonomy":"category","embeddable":true,"href":"http:\/\/ccnews.com.ar\/prensa\/wp-json\/wp\/v2\/categories?post=9143"},{"taxonomy":"post_tag","embeddable":true,"href":"http:\/\/ccnews.com.ar\/prensa\/wp-json\/wp\/v2\/tags?post=9143"}],"curies":[{"name":"wp","href":"https:\/\/api.w.org\/{rel}","templated":true}]}}