{"id":9291,"date":"2018-11-09T08:46:05","date_gmt":"2018-11-09T11:46:05","guid":{"rendered":"http:\/\/clusterciarnews.com.ar\/prensa\/?p=9291"},"modified":"2018-11-09T08:46:05","modified_gmt":"2018-11-09T11:46:05","slug":"en-neuquen-la-tecnologia-que-mas-se-usa-es-el-celular","status":"publish","type":"post","link":"http:\/\/ccnews.com.ar\/prensa\/en-neuquen-la-tecnologia-que-mas-se-usa-es-el-celular\/","title":{"rendered":"En Neuqu\u00e9n, la tecnolog\u00eda que m\u00e1s se usa es el celular"},"content":{"rendered":"<h2 class=\"subheadline font-2 fs16\">La \u201cadicci\u00f3n\u201d al celular no distingue rangos etarios, lo usan por igual los preadolescentes como los adultos mayores. Hay consejos para evitar el uso del tel\u00e9fono a toda hora.<\/h2>\n<div class=\"paragraph\">\n<p>Al final de la semana, los smartphones mandan una notificaci\u00f3n cont\u00e1ndonos cu\u00e1ntas horas semanales los usuarios pasaron frente a la pantalla chica. Las cifras var\u00edan dependiendo la persona y sus consumos. Sin embargo, con la incipiente tecnologizaci\u00f3n de todos los sectores de la sociedad,\u00a0<b>cada vez hay m\u00e1s aplicaciones y opciones para mantenerse entretenido (y distra\u00eddo) frente a los tel\u00e9fonos inteligentes.<\/b>No es casual que en la regi\u00f3n\u00a0<b>m\u00e1s del 90% de las personas tengan un equipo en su poder y que los porcentajes de consumo sean igual de altos a los 14 a\u00f1os como a los 64.<\/b><\/p>\n<p>Seg\u00fan la Direcci\u00f3n Provincial de Estad\u00edsticas y Censos de la provincia de Neuqu\u00e9n en su informe del \u00faltimo trimestre del 2017, el tel\u00e9fono celular es la tecnolog\u00eda de uso m\u00e1s extendido en la poblaci\u00f3n, y ya no es una cuesti\u00f3n de la juventud puesto que el porcentaje es muy similar entre la poblaci\u00f3n de 14 a 19 a\u00f1os con un 93,7%, que la de 50 a 64 con un 87,7%. Mientras que los n\u00fameros m\u00e1s altos se lo llev\u00f3 la franja etaria del medio, de 20 a 29, con un 98,8% y de 30 a 49 con un 97%.<\/p>\n<p>Despegarse del tel\u00e9fono m\u00f3vil es algo complejo y existen aplicaciones que prometen l\u00edmites al uso a\u00fan desde el mismo celular. Tambi\u00e9n est\u00e1n las t\u00e9cnicas caseras como desactivar la l\u00ednea por la noche o esconderlo lejos cuando ocupemos intimidad y soledad. Esas son algunas de las indicaciones que Pablo Fern\u00e1ndez y Martina R\u00faa dan en \u201cLa F\u00e1brica de Tiempo\u201d, un libro que se propone como una caja de herramientas para ir hacia una vida m\u00e1s productiva.<\/p>\n<p>\u201cEstoy seguro que si le preguntamos a los usuarios de tel\u00e9fonos inteligentes nadie sabe respondernos cu\u00e1nto tiempo pasamos frente a la pantalla. Hoy no sabemos si tenemos la rienda del celular o el celular tiene la rienda sobre nosotros\u201d, afirma Pablo Fern\u00e1ndez quien adem\u00e1s es director de Innovaci\u00f3n Digital en Chequeado.<\/p>\n<p>El escritor no tiene una postura definida desde un lado antitecnol\u00f3gico ni tampoco desde el enamoramiento. \u00c9l, como su coequiper, estudian la tecnolog\u00eda y sus usos hace a\u00f1os. Afirma que somos adictos a la tecnolog\u00eda y que todo est\u00e1 hecho para que eso suceda. \u201cDetr\u00e1s de cada aplicaci\u00f3n hay un estudio riguroso de lo que la gente necesita y todo est\u00e1 pensado para que estemos m\u00e1s distra\u00eddos. Sin embargo, el tiempo es un tesoro muy preciado en estos tiempos, al igual que el enfoque y el descanso y por eso dejar a un lado un poco la tecnolog\u00eda es un paso muy importante\u201d, afirma Pablo.<\/p>\n<p>Seg\u00fan Fern\u00e1ndez esta adicci\u00f3n tambi\u00e9n est\u00e1 acompa\u00f1ada de la acumulaci\u00f3n de apps. Es decir, bajamos y\/o compramos aplicaciones que rara vez usamos pero est\u00e1n ah\u00ed en el celular mand\u00e1ndonos notificaciones desde la misma app o a trav\u00e9s del email. \u201cSi bajamos las aplicaciones que nos cuentan cu\u00e1nto tiempo estamos conectados vamos a recibir un cachetazo de realidad. Es tremendo lo que la gente se encuentra\u201d, agrega Fern\u00e1ndez.<\/p>\n<p>\u00bfSe usan todas las apps que tenemos en el celular? Para Fern\u00e1ndez no. \u201cUna de las cosas que hacemos en los talleres es el \u201cborren una app\u201d y as\u00ed nos damos cuenta de todas las cosas que tenemos en el celular y nunca usamos y que quiz\u00e1s sea hora de borrarla para que no nos ocupe espacio y, sobre todo, tiempo. Es importante reducir el n\u00famero de aplicaciones y sobre todo ser conscientes de qu\u00e9 tenemos en la pantalla principal del celular, que ojal\u00e1 sean cosas que te resuelvan problemas y no que sean como un casino en el que no paras de jugar\u201d, agrega.<\/p>\n<\/div>\n<div class=\"multimediaMacroWrapper\">\n<div class=\"contentMedia art-img\">\n<figure class=\"cutlineShow\">\n<div><img loading=\"lazy\" decoding=\"async\" class=\" lazyloaded\" title=\"En Neuqu\u00e9n, la tecnolog\u00eda que m\u00e1s se usa es el celular\" src=\"https:\/\/www.rionegro.com.ar\/placeholder\/svg\/viewbox\/650x365\" srcset=\"\/\/www.rionegro.com.ar\/binrepository\/663x365\/7c0\/650d365\/none\/12350\/TLLH\/image_content_10246417_20181026184216.jpg 650w\" alt=\"En Neuqu\u00e9n, la tecnolog\u00eda que m\u00e1s se usa es el celular\" width=\"650\" height=\"365\" data-srcset=\"\/\/www.rionegro.com.ar\/binrepository\/663x365\/7c0\/650d365\/none\/12350\/TLLH\/image_content_10246417_20181026184216.jpg 650w\" \/><\/div>\n<\/figure>\n<div class=\"cutline\">En la regi\u00f3n m\u00e1s del 90% de las personas tienen un smartphone.<span class=\"byline-image\">\u00a0(Florencia Salto)<\/span><\/div>\n<\/div>\n<\/div>\n<div class=\"microformat_headline ant-Image_Text\">C\u00f3mo cambiaron los consumos<\/div>\n<div class=\"paragraph\">\n<p>Los consumos tambi\u00e9n han cambiado y han cambiado por la cantidad de ofertas. Hoy se prioriza lo que es fugaz e inmediato. \u201cY sobre todo lo que es adictivo, como Instagram. Si hace 5 a\u00f1os hubi\u00e9ramos dicho que \u00edbamos a subir contenido que en 24 horas desaparecer\u00eda nos hubieran dicho que est\u00e1bamos locos. Hoy existe y estamos atentos al r\u00e9cord de personas que nos miren las stories en ese per\u00edodo de tiempo\u201d, afirma Fern\u00e1ndez.<\/p>\n<p>Pero tambi\u00e9n hay una necesidad del todo ya. De hecho ya, es tarde. \u201cHay que tratar de domar esas \u201cfalsas urgencias\u201d. Hasta hace 10 a\u00f1os o menos viv\u00edamos sin WhatsApp y todo estaba bien, nadie nos dec\u00eda que les \u201cclav\u00e1bamos el visto\u201d porque tard\u00e1bamos a veces media hora en contestar algo. Eso que es incre\u00edble lo estamos naturalizando y no deber\u00eda ser as\u00ed. El arte es ver c\u00f3mo hacemos para que eso que est\u00e1 pensado para que nos genere ansiedad no nos genere ansiedad y nos de buen rendimiento en lo que hacemos\u201d, concluye Fern\u00e1ndez.<\/p>\n<\/div>\n<div class=\"microformat_headline ant-text\">Pablo Fern\u00e1ndez da las siguientes sugerencias:<\/div>\n<div class=\"paragraph\">\n<p>-Apagar las notificaciones de las aplicaciones que no usamos.<\/p>\n<p>-Apagar durante el tiempo que querramos las notificaciones de Instagram o Facebook (las que seguramente m\u00e1s usamos).<\/p>\n<p>-T\u00e9cnica Pomodoro: si necesit\u00e1s 25 minutos full de concentraci\u00f3n, comprate un timer de cocina, puede ser el t\u00edpico tomate (de ah\u00ed el nombre), para trabajar en una tarea durante 25 minutos sin interrupciones. Luego descans\u00e1 5 minutos y volv\u00e9 a empezar.<\/p>\n<p>-Comprate un reloj despertador cl\u00e1sico as\u00ed dejas el celular<\/p>\n<p>-Cargar el celular lejos de la habitaci\u00f3n.<\/p>\n<p>-Y sobre todo respir\u00e1 y enfocate: algo urgente ser\u00e1 una llamada no un WhatsApp<\/p>\n<p>Fuente: Rio Negro<\/p>\n<\/div>\n<!-- AddThis Advanced Settings generic via filter on the_content -->","protected":false},"excerpt":{"rendered":"<p>La \u201cadicci\u00f3n\u201d al celular no distingue rangos etarios, lo usan por igual los preadolescentes como los adultos mayores. Hay consejos<!-- AddThis Advanced Settings generic via filter on get_the_excerpt --><\/p>\n","protected":false},"author":2,"featured_media":9293,"comment_status":"closed","ping_status":"closed","sticky":false,"template":"","format":"standard","meta":{"colormag_page_container_layout":"default_layout","colormag_page_sidebar_layout":"default_layout","jetpack_post_was_ever_published":false,"_jetpack_newsletter_access":"","_jetpack_dont_email_post_to_subs":false,"_jetpack_newsletter_tier_id":0,"_jetpack_memberships_contains_paywalled_content":false,"_jetpack_memberships_contains_paid_content":false,"footnotes":"","jetpack_publicize_message":"","jetpack_publicize_feature_enabled":true,"jetpack_social_post_already_shared":true,"jetpack_social_options":{"image_generator_settings":{"template":"highway","default_image_id":0,"font":"","enabled":false},"version":2}},"categories":[5],"tags":[17],"class_list":["post-9291","post","type-post","status-publish","format-standard","has-post-thumbnail","hentry","category-transformacion-digital","tag-otros-medios"],"jetpack_publicize_connections":[],"jetpack_featured_media_url":"https:\/\/i0.wp.com\/ccnews.com.ar\/prensa\/wp-content\/uploads\/2018\/11\/image_content_10246258_20181026184214.jpg?fit=660%2C370","jetpack_shortlink":"https:\/\/wp.me\/p7L1gj-2pR","jetpack-related-posts":[{"id":1069,"url":"http:\/\/ccnews.com.ar\/prensa\/la-billetera-digital-en-marcha-ya-se-puede-pagar-y-enviar-plata-al-instante-con-el-celular\/","url_meta":{"origin":9291,"position":0},"title":"La billetera digital, en marcha: ya se puede pagar y enviar plata al instante con el celular","author":"CLUSTERciar","date":"10 agosto, 2016","format":false,"excerpt":"A trav\u00e9s de aplicaciones gratuitas, el tel\u00e9fono funciona como monedero virtual. Se le carga cr\u00e9dito y luego se puede usar en 500 restaurantes, bares, comercios y hasta en 5 universidades. Hay m\u00e1s de 30 mil usuarios. \u00a0 Tras rendir un parcial, Camilo va al bar de la universidad y pide\u2026","rel":"","context":"En \u00abTransformaci\u00f3n digital\u00bb","block_context":{"text":"Transformaci\u00f3n digital","link":"http:\/\/ccnews.com.ar\/prensa\/category\/transformacion-digital\/"},"img":{"alt_text":"De pantalla a pantalla. Ayer, en el bar de la Universidad Cat\u00f3lica de Puerto Madero, un usuario realiza un pago usando su celular. Foto Mario Quinteros","src":"https:\/\/i0.wp.com\/images.clarin.com\/sociedad\/Universidad-Catolica-Puerto-Madero-Quinteros_CLAIMA20160804_0388_28.jpg?resize=350%2C200","width":350,"height":200,"srcset":"https:\/\/i0.wp.com\/images.clarin.com\/sociedad\/Universidad-Catolica-Puerto-Madero-Quinteros_CLAIMA20160804_0388_28.jpg?resize=350%2C200 1x, https:\/\/i0.wp.com\/images.clarin.com\/sociedad\/Universidad-Catolica-Puerto-Madero-Quinteros_CLAIMA20160804_0388_28.jpg?resize=525%2C300 1,5x"},"classes":[]},{"id":8045,"url":"http:\/\/ccnews.com.ar\/prensa\/5-reglas-que-los-lideres-en-tecnologia-le-imponen-a-sus-hijos\/","url_meta":{"origin":9291,"position":1},"title":"5 reglas que los l\u00edderes en tecnolog\u00eda le imponen a sus hijos","author":"admin","date":"16 junio, 2018","format":false,"excerpt":"Bill Gates, Steve Jobs y Tim Cook est\u00e1n muy involucrados en la tecnolog\u00eda, pero hasta ellos entienden que los excesos no son buenos Si tus\u00a0hijos\u00a0se la pasan todo el d\u00eda\u00a0pegados a una pantalla, no est\u00e1s solo. Muchos padres no saben c\u00f3mo regular el comportamiento de su familia respecto a la\u2026","rel":"","context":"En \u00abEducaci\u00f3n\/Sociedad\u00bb","block_context":{"text":"Educaci\u00f3n\/Sociedad","link":"http:\/\/ccnews.com.ar\/prensa\/category\/educacion-sociedad\/"},"img":{"alt_text":"","src":"https:\/\/i0.wp.com\/ccnews.com.ar\/prensa\/wp-content\/uploads\/2018\/06\/tecnologia_p.jpg?fit=763%2C463&resize=350%2C200","width":350,"height":200,"srcset":"https:\/\/i0.wp.com\/ccnews.com.ar\/prensa\/wp-content\/uploads\/2018\/06\/tecnologia_p.jpg?fit=763%2C463&resize=350%2C200 1x, https:\/\/i0.wp.com\/ccnews.com.ar\/prensa\/wp-content\/uploads\/2018\/06\/tecnologia_p.jpg?fit=763%2C463&resize=525%2C300 1,5x, https:\/\/i0.wp.com\/ccnews.com.ar\/prensa\/wp-content\/uploads\/2018\/06\/tecnologia_p.jpg?fit=763%2C463&resize=700%2C400 2x"},"classes":[]},{"id":7567,"url":"http:\/\/ccnews.com.ar\/prensa\/7-aplicaciones-para-explorar-el-espacio-con-el-celular\/","url_meta":{"origin":9291,"position":2},"title":"7 aplicaciones para explorar el espacio con el celular","author":"admin","date":"23 abril, 2018","format":false,"excerpt":"Herramientas gratuitas para identificar y aprender sobre sat\u00e9lites, constelaciones, planetas del sistema solar y galaxias muy lejanas Apuntar el celular al cielo puede ser suficiente para ver y aprender sobre las estrellas, planetas y hasta sobre otras galaxias. No ser\u00e1 lo mismo que tener un telescopio de \u00faltima generaci\u00f3n pero\u2026","rel":"","context":"En \u00abTransformaci\u00f3n digital\u00bb","block_context":{"text":"Transformaci\u00f3n digital","link":"http:\/\/ccnews.com.ar\/prensa\/category\/transformacion-digital\/"},"img":{"alt_text":"","src":"https:\/\/i0.wp.com\/ccnews.com.ar\/prensa\/wp-content\/uploads\/2018\/04\/Aplicaciones-astronomia.jpg?fit=600%2C338&resize=350%2C200","width":350,"height":200,"srcset":"https:\/\/i0.wp.com\/ccnews.com.ar\/prensa\/wp-content\/uploads\/2018\/04\/Aplicaciones-astronomia.jpg?fit=600%2C338&resize=350%2C200 1x, https:\/\/i0.wp.com\/ccnews.com.ar\/prensa\/wp-content\/uploads\/2018\/04\/Aplicaciones-astronomia.jpg?fit=600%2C338&resize=525%2C300 1,5x"},"classes":[]},{"id":11873,"url":"http:\/\/ccnews.com.ar\/prensa\/7-claves-para-proteger-tu-celular-de-ciberatacantes\/","url_meta":{"origin":9291,"position":3},"title":"7 claves para proteger tu celular de ciberatacantes","author":"CLUSTERciar","date":"22 junio, 2019","format":false,"excerpt":"Los smartphones son uno de los blancos favoritos de los\u00a0cibercriminales. \u00bfPor qu\u00e9? El 67% de la poblaci\u00f3n tiene m\u00f3viles y es el dispositivo que m\u00e1s usan los usuarios para conectarse a la red. Por lo tanto, es una gran puerta de entrada para los hackers. Los usuarios pueden, por ejemplo,\u2026","rel":"","context":"En \u00abTransformaci\u00f3n digital\u00bb","block_context":{"text":"Transformaci\u00f3n digital","link":"http:\/\/ccnews.com.ar\/prensa\/category\/transformacion-digital\/"},"img":{"alt_text":"","src":"https:\/\/i0.wp.com\/ccnews.com.ar\/prensa\/wp-content\/uploads\/2019\/06\/x.jpg?fit=1200%2C797&resize=350%2C200","width":350,"height":200,"srcset":"https:\/\/i0.wp.com\/ccnews.com.ar\/prensa\/wp-content\/uploads\/2019\/06\/x.jpg?fit=1200%2C797&resize=350%2C200 1x, https:\/\/i0.wp.com\/ccnews.com.ar\/prensa\/wp-content\/uploads\/2019\/06\/x.jpg?fit=1200%2C797&resize=525%2C300 1,5x, https:\/\/i0.wp.com\/ccnews.com.ar\/prensa\/wp-content\/uploads\/2019\/06\/x.jpg?fit=1200%2C797&resize=700%2C400 2x, https:\/\/i0.wp.com\/ccnews.com.ar\/prensa\/wp-content\/uploads\/2019\/06\/x.jpg?fit=1200%2C797&resize=1050%2C600 3x"},"classes":[]},{"id":1285,"url":"http:\/\/ccnews.com.ar\/prensa\/el-desafio-de-los-chicos-digitales-esta-la-argentina-preparada-para-las-aulas-del-futuro\/","url_meta":{"origin":9291,"position":4},"title":"El desaf\u00edo de los chicos digitales: \u00bfest\u00e1 la Argentina preparada para las aulas del futuro?","author":"CLUSTERciar","date":"27 agosto, 2016","format":false,"excerpt":"Ya llegaron a la universidad los nativos digitales. La irrupci\u00f3n de la tecnolog\u00eda modific\u00f3 el perfil de los estudiantes en todos los niveles y obliga a repensar la forma de ense\u00f1ar. \u00bfC\u00f3mo debe ser el cambio? \u00bfEs posible implementarlo en el pa\u00eds? Fueron bautizados como \u201cPulgarcita\u201d, pero son cientos de\u2026","rel":"","context":"En \u00abEducaci\u00f3n\/Sociedad\u00bb","block_context":{"text":"Educaci\u00f3n\/Sociedad","link":"http:\/\/ccnews.com.ar\/prensa\/category\/educacion-sociedad\/"},"img":{"alt_text":"","src":"","width":0,"height":0},"classes":[]},{"id":8987,"url":"http:\/\/ccnews.com.ar\/prensa\/el-estres-es-cada-vez-mas-comun-en-los-ninos-y-ninas\/","url_meta":{"origin":9291,"position":5},"title":"El estr\u00e9s es cada vez m\u00e1s com\u00fan en los ni\u00f1os y ni\u00f1as","author":"CLUSTERciar","date":"4 octubre, 2018","format":false,"excerpt":"Los pediatras aconsejan a los padres estar atentos a los cambios de conductas habituales. El uso excesivo de la tecnolog\u00eda es uno de los factores desencadenantes. Que cualquiera se siente o ve al resto del mundo estresado no es novedad para nadie. Los profesionales coinciden en que el entorno en\u2026","rel":"","context":"En \u00abEducaci\u00f3n\/Sociedad\u00bb","block_context":{"text":"Educaci\u00f3n\/Sociedad","link":"http:\/\/ccnews.com.ar\/prensa\/category\/educacion-sociedad\/"},"img":{"alt_text":"","src":"https:\/\/i0.wp.com\/ccnews.com.ar\/prensa\/wp-content\/uploads\/2018\/10\/ccn-4.jpg?fit=660%2C370&resize=350%2C200","width":350,"height":200,"srcset":"https:\/\/i0.wp.com\/ccnews.com.ar\/prensa\/wp-content\/uploads\/2018\/10\/ccn-4.jpg?fit=660%2C370&resize=350%2C200 1x, https:\/\/i0.wp.com\/ccnews.com.ar\/prensa\/wp-content\/uploads\/2018\/10\/ccn-4.jpg?fit=660%2C370&resize=525%2C300 1,5x"},"classes":[]}],"jetpack_sharing_enabled":true,"_links":{"self":[{"href":"http:\/\/ccnews.com.ar\/prensa\/wp-json\/wp\/v2\/posts\/9291","targetHints":{"allow":["GET"]}}],"collection":[{"href":"http:\/\/ccnews.com.ar\/prensa\/wp-json\/wp\/v2\/posts"}],"about":[{"href":"http:\/\/ccnews.com.ar\/prensa\/wp-json\/wp\/v2\/types\/post"}],"author":[{"embeddable":true,"href":"http:\/\/ccnews.com.ar\/prensa\/wp-json\/wp\/v2\/users\/2"}],"replies":[{"embeddable":true,"href":"http:\/\/ccnews.com.ar\/prensa\/wp-json\/wp\/v2\/comments?post=9291"}],"version-history":[{"count":1,"href":"http:\/\/ccnews.com.ar\/prensa\/wp-json\/wp\/v2\/posts\/9291\/revisions"}],"predecessor-version":[{"id":9295,"href":"http:\/\/ccnews.com.ar\/prensa\/wp-json\/wp\/v2\/posts\/9291\/revisions\/9295"}],"wp:featuredmedia":[{"embeddable":true,"href":"http:\/\/ccnews.com.ar\/prensa\/wp-json\/wp\/v2\/media\/9293"}],"wp:attachment":[{"href":"http:\/\/ccnews.com.ar\/prensa\/wp-json\/wp\/v2\/media?parent=9291"}],"wp:term":[{"taxonomy":"category","embeddable":true,"href":"http:\/\/ccnews.com.ar\/prensa\/wp-json\/wp\/v2\/categories?post=9291"},{"taxonomy":"post_tag","embeddable":true,"href":"http:\/\/ccnews.com.ar\/prensa\/wp-json\/wp\/v2\/tags?post=9291"}],"curies":[{"name":"wp","href":"https:\/\/api.w.org\/{rel}","templated":true}]}}