{"id":9323,"date":"2018-11-16T08:00:56","date_gmt":"2018-11-16T11:00:56","guid":{"rendered":"http:\/\/clusterciarnews.com.ar\/prensa\/?p=9323"},"modified":"2018-11-16T09:01:32","modified_gmt":"2018-11-16T12:01:32","slug":"los-5-superpoderes-que-las-personas-con-tdah-pueden-usar-para-ser-mejores-emprendedores","status":"publish","type":"post","link":"http:\/\/ccnews.com.ar\/prensa\/los-5-superpoderes-que-las-personas-con-tdah-pueden-usar-para-ser-mejores-emprendedores\/","title":{"rendered":"Los 5 superpoderes que las personas con TDAH pueden usar para ser mejores emprendedores"},"content":{"rendered":"<p>Algunos de los rasgos que se encuentran en las personas con trastorno por d\u00e9ficit de atenci\u00f3n con hiperactividad pueden ser una ventaja al dirigir un negocio.<\/p>\n<p>Le sucede incluso a los\u00a0<b>emprendedores<\/b>\u00a0m\u00e1s centrados y motivados. Te sientas en tu escritorio y abres tu computadora port\u00e1til listo para cambiar el mundo y luego BAM: unas horas m\u00e1s tarde, te encuentras perdido en un mar de pesta\u00f1as de tu navegador y de paso, se te olvid\u00f3 comer.<\/p>\n<p>El hiperfoco y la distracci\u00f3n parecen ser cualidades t\u00edpicas de muchos emprendedores, pero tambi\u00e9n son rasgos ampliamente reconocido del\u00a0<b>trastorno por d\u00e9ficit de atenci\u00f3n con hiperactividad<\/b>\u00a0(<a href=\"https:\/\/es.wikipedia.org\/wiki\/Trastorno_por_d%C3%A9ficit_de_atenci%C3%B3n_con_hiperactividad\" rel=\"follow\">TDAH<\/a>).<\/p>\n<div id=\"2flhl8hcqv\" class=\"banner-ad adbox adbox--called offset offset-none adbox--handled\" data-key=\"a2ad\" data-google-query-id=\"CIu7_c6kx94CFcJiwQodmFEBnQ\">\n<div id=\"google_ads_iframe_\/6280\/Entrepreneur-es\/article_4__container__\">Imag\u00ednate, yo llevaba un a\u00f1o tratando de desarrollar mi negocio cuando me diagnosticaron\u00a0<b>TDAH en adultos<\/b>. Aunque al principio fue duro entender mi realidad, pronto me di cuenta de que la mayor\u00eda de los rasgos del trastorno tambi\u00e9n me convirtieron en una empresaria exitosa. En lugar de permitir que mi diagn\u00f3stico limitara mis habilidades, super\u00e9 el estigma asociado al TDAH y constru\u00ed un negocio de miles de d\u00f3lares en solo dos a\u00f1os.<\/div>\n<\/div>\n<div id=\"teadsNative\">No soy la \u00fanica emprendedora con d\u00e9ficit de atenci\u00f3n con hiperactividad.\u00a0<b>Richard Branson<\/b>, CEO y fundador de Virgin Airlines, se neg\u00f3 a verse limitado por su propio\u00a0<a href=\"https:\/\/edgefoundation.org\/2016\/12\/28\/sir-richard-branson-adhd-entrepreneur-extraordinaire\/\" rel=\"follow\">diagn\u00f3stico de TDAH y dislexia<\/a>. La autora y ganadora del Premio Pulitzer Katherine Ellison es una oradora \u00e1vida sobre\u00a0<a href=\"http:\/\/www.mhsso.org\/poc\/view_doc.php?type=doc&amp;id=41773\" rel=\"follow\">c\u00f3mo vivir con el trastorno<\/a>. Y el fundador de JetBlue Airways, David Neeleman, siempre comparte su experiencia sobre emprender con\u00a0<a href=\"http:\/\/fortune.com\/2008\/06\/12\/jetblue-founder-speaks-out-about-his-add\/\" rel=\"follow\">d\u00e9ficit de atenci\u00f3n<\/a>.<\/div>\n<p>Como emprendedores es f\u00e1cil presionarnos demasiado, y eso incluye ser cr\u00edticos con nosotros mismos y nuestras limitaciones, ya sea el TDAH u otra condici\u00f3n alterna de aprendizaje. Pero, si Branson pudo iniciar una compa\u00f1\u00eda como Virgin Airlines y prosperar, t\u00fa tambi\u00e9n puedes hacerlo.<\/p>\n<p>Aqu\u00ed hay\u00a0<a href=\"https:\/\/www.sciencedaily.com\/releases\/2017\/03\/170309132303.htm\" rel=\"follow\">cinco rasgos del TDAH que cient\u00edficamente<\/a>\u00a0podr\u00edan volverte un mejor emprendedor y que, si los tomas con filosof\u00eda, puedes transformar en s\u00faper poderes:<\/p>\n<h2><b>1. Mentalidad creativa: Conectas brillantemente conceptos aparentemente no relacionados<\/b><\/h2>\n<p>La mayor\u00eda de los emprendedores son creativos de alguna manera (tienen que serlo para hacer el trabajo que realizan), y los que tienen TDAH parecen tener una mentalidad creativa que est\u00e1 &#8220;siempre activa&#8221;.<\/p>\n<p>Las personas con TDAH a menudo son pensadores visuales. Peter Shankman, empresario y autor de\u00a0<i>Faster Than Normal<\/i>,\u00a0<a href=\"https:\/\/hiring.monster.com\/hr\/hr-best-practices\/workforce-management\/employee-performance-management\/adhd-peter-shankman.aspx\" rel=\"follow\">atribuye su \u00e9xito a su trastorno<\/a>. &#8220;Las personas con TDAH suelen ser innovadoras porque ven conexiones entre cosas aparentemente no relacionadas&#8221;, escribe.<\/p>\n<p>Los que somos hiperactivos y tenemos problemas para poner atenci\u00f3n vemos la imagen m\u00e1s grande y conectamos los puntos con mayor facilidad, lo que nos ayuda a descifrar los problemas de manera r\u00e1pida e intuitiva, y esa es una fuerza invaluable.<\/p>\n<p>Si sientes que tienes una gran idea, pero que no tienes las palabras para plantarla, considera crear un mapa mental para ayudar a anclar tus pensamientos. Se trata de un diagrama que vincula conceptos m\u00e1s grandes con otros m\u00e1s peque\u00f1os y puede ayudarte a tener una visi\u00f3n general de tu idea.<\/p>\n<h2><b>2. Modo hiperconcentrado: Te enfocas\u00a0tanto que olvidas todo<\/b><\/h2>\n<p>La mayor\u00eda de las personas piensan que tener TDAH en adultos solo significa que nos cuesta concentrarnos, pero eso no siempre es cierto. Tanto el hiperfoco como la distracci\u00f3n son rasgos del TDAH, a pesar de ser atributos opuestos. Al igual que nos distraemos f\u00e1cilmente, las personas con TDAH tambi\u00e9n podemos\u00a0<a href=\"https:\/\/www.additudemag.com\/understanding-adhd-hyperfocus\/\" rel=\"follow\">concentrarnos hasta el punto de olvidar<\/a>\u00a0todo lo que nos rodea.<\/p>\n<p>Mi esposo llama a esto &#8220;la matriz&#8221;. Puedo pasar horas codificando o creando anuncios de Facebook y el mundo que me rodea desaparece. Tengo la suerte de tener a alguien a m\u00ed lado que me recuerda comer o beber cuando esto sucede.<\/p>\n<div id=\"wkp40sohhd\" class=\"banner-ad adbox adbox--called offset offset-right adbox--handled\" data-key=\"a2ad\" data-google-query-id=\"CO6MjNSkx94CFUNgwQod7VYJ_w\">\n<div id=\"google_ads_iframe_\/6280\/Entrepreneur-es\/article_5__container__\">Si crees que eso te pasa, prueba un truco de administraci\u00f3n del tiempo como la t\u00e9cnica Pomodoro. Conc\u00e9ntrate en tus tareas m\u00e1s importantes durante un per\u00edodo de tiempo determinado y luego toma breves descansos entre ellas. Esto no solo elimina el estr\u00e9s, sino que tambi\u00e9n mantiene sus niveles de energ\u00eda en alto. Esta t\u00e9cnica es excelente si tiendes a enfocarte demasiado en algo, pero tambi\u00e9n es una buena manera de combatir la distracci\u00f3n continua.<\/div>\n<\/div>\n<h2><b>3. Asumir riesgos: Te atreves a dar pasos que otros no\u00a0<\/b><\/h2>\n<p>Las personas con TDAH, incluidos aquellos que son emprendedores, son conocidos por ser impulsivos y asumir riesgos. A veces es necesario tomar riesgos, especialmente cuando crees en lo que est\u00e1s haciendo.<\/p>\n<p>Sin embargo, es importante tomar riesgos significativos que te hagan avanzar, no solo por el hecho de aventarse a la nada. Protege a tu empresa mediante la implementaci\u00f3n de medidas para mitigar los peligros, como un\u00a0<a href=\"https:\/\/www.smartsheet.com\/all-risk-assessment-matrix-templates-you-need\" rel=\"follow\">an\u00e1lisis de riesgos<\/a>\u00a0o tomando acciones con un enfoque financiero m\u00e1s conservador.<\/p>\n<h2><b>4. Multiapasionado: Tus muchos &#8220;amores&#8221; te dan mayor profundidad<\/b><\/h2>\n<p>La mayor\u00eda de los emprendedores que conozco, incluso aquellos sin TDAH,\u00a0<a href=\"https:\/\/upliftconnect.com\/the-creative-superpowers-of-adhd\/\" rel=\"follow\">son muy apasionados<\/a>. Se podr\u00eda decir que somos buscadores profesionales de la alegr\u00eda, siempre localizando nuevas formas de expandir nuestras pasiones y experiencias. Sin embargo, ser multiapasionado significa asumir la responsabilidad por ti mismo y de la administraci\u00f3n de tu tiempo. Especialmente cuando tienes TDAH.<\/p>\n<p>Si sientes que est\u00e1s haciendo malabares con tu horario, puedes usar m\u00e9todos como el\u00a0<b><i>journaling<\/i><\/b>\u00a0para darle seguimiento a proyectos, eventos y tareas importantes, y de ser posible, delegar todo lo dem\u00e1s a un miembro del equipo o asistente de confianza.<\/p>\n<p>&nbsp;<\/p>\n<h2><b>5. Alta energ\u00eda: Siempre te sientes listo para entrar en acci\u00f3n<\/b><\/h2>\n<p>Tener altos niveles de energ\u00eda a veces se considera el mayor superpoder del emprendedor con TDAH. Esta inquietud, que puede ser f\u00edsica y mental, significa que siempre estamos actuando de alguna manera. Y el \u00e9xito ama la acci\u00f3n. Pero, es importante usar nuestra energ\u00eda sabiamente, de lo contrario el \u00e9xito ser\u00e1 fugaz.<\/p>\n<p>Intenta dedicar un poco de tiempo cada ma\u00f1ana a priorizar tus tareas diarias, semanales y mensuales. Una forma de hacerlo es con un calendario o un planificador diario. A lo largo de los a\u00f1os, me he dado cuenta de que el cuidado personal tambi\u00e9n es parte del \u00e9xito de un negocio, por lo que me aseguro de programar \u201ctiempo para m\u00ed\u201d en mi agenda para reponer mi mente y mi cuerpo. Esto no solo te mantendr\u00e1 enfocado, sino que tambi\u00e9n te ayudar\u00e1 a establecer los l\u00edmites necesarios.<br \/>\nFuente: Entrepreneur<\/p>\n<!-- AddThis Advanced Settings generic via filter on the_content -->","protected":false},"excerpt":{"rendered":"<p>Algunos de los rasgos que se encuentran en las personas con trastorno por d\u00e9ficit de atenci\u00f3n con hiperactividad pueden ser<!-- AddThis Advanced Settings generic via filter on get_the_excerpt --><\/p>\n","protected":false},"author":2,"featured_media":9325,"comment_status":"closed","ping_status":"closed","sticky":false,"template":"","format":"standard","meta":{"colormag_page_container_layout":"default_layout","colormag_page_sidebar_layout":"default_layout","jetpack_post_was_ever_published":false,"_jetpack_newsletter_access":"","_jetpack_dont_email_post_to_subs":false,"_jetpack_newsletter_tier_id":0,"_jetpack_memberships_contains_paywalled_content":false,"_jetpack_memberships_contains_paid_content":false,"footnotes":"","jetpack_publicize_message":"","jetpack_publicize_feature_enabled":true,"jetpack_social_post_already_shared":true,"jetpack_social_options":{"image_generator_settings":{"template":"highway","default_image_id":0,"font":"","enabled":false},"version":2}},"categories":[7],"tags":[17],"class_list":["post-9323","post","type-post","status-publish","format-standard","has-post-thumbnail","hentry","category-management","tag-otros-medios"],"jetpack_publicize_connections":[],"jetpack_featured_media_url":"https:\/\/i0.wp.com\/ccnews.com.ar\/prensa\/wp-content\/uploads\/2018\/11\/ccn.jpeg?fit=700%2C350","jetpack_shortlink":"https:\/\/wp.me\/p7L1gj-2qn","jetpack-related-posts":[{"id":12981,"url":"http:\/\/ccnews.com.ar\/prensa\/la-importancia-de-la-educacion-especial-para-adaptarse-a-las-necesidades-del-alumnado\/","url_meta":{"origin":9323,"position":0},"title":"La importancia de la educaci\u00f3n especial para adaptarse a las necesidades del alumnado","author":"admin","date":"14 septiembre, 2019","format":false,"excerpt":"TDAH, dislexia o TEA son algunos de los trastornos del neurodesarrollo m\u00e1s comunes entre el alumnado y una de las causas m\u00e1s frecuentes de los problemas de aprendizaje y conducta. La educaci\u00f3n especial es esencial para evitar sus consecuencias. \u00bfSab\u00edas que m\u00e1s de un 30% de los estudiantes presentan alg\u00fan\u2026","rel":"","context":"En \u00abEducaci\u00f3n\/Sociedad\u00bb","block_context":{"text":"Educaci\u00f3n\/Sociedad","link":"http:\/\/ccnews.com.ar\/prensa\/category\/educacion-sociedad\/"},"img":{"alt_text":"","src":"https:\/\/i0.wp.com\/ccnews.com.ar\/prensa\/wp-content\/uploads\/2019\/09\/cropped-34090-696x392.jpg?fit=696%2C392&resize=350%2C200","width":350,"height":200,"srcset":"https:\/\/i0.wp.com\/ccnews.com.ar\/prensa\/wp-content\/uploads\/2019\/09\/cropped-34090-696x392.jpg?fit=696%2C392&resize=350%2C200 1x, https:\/\/i0.wp.com\/ccnews.com.ar\/prensa\/wp-content\/uploads\/2019\/09\/cropped-34090-696x392.jpg?fit=696%2C392&resize=525%2C300 1,5x"},"classes":[]},{"id":11429,"url":"http:\/\/ccnews.com.ar\/prensa\/los-consejos-para-emprendedores-argentinos-de-marvin-liao-socio-de-la-aceleradora-500-startups-de-silicon-valley\/","url_meta":{"origin":9323,"position":1},"title":"Los consejos para emprendedores argentinos de Marvin Liao, socio de la aceleradora 500 Startups de Silicon Valley","author":"admin","date":"20 mayo, 2019","format":false,"excerpt":"Como uno de los expositores de Experiencia Endeavor, alent\u00f3 a \"pensar en grande\" para construir empresas globales. Marvin Liao lleva m\u00e1s de cinco a\u00f1os invirtiendo en empresas en etapa de desarrollo y con un alto potencial de crecimiento como socio de 500 Startups, uno de los principales fondos de inversi\u00f3n\u2026","rel":"","context":"En \u00abManagement\u00bb","block_context":{"text":"Management","link":"http:\/\/ccnews.com.ar\/prensa\/category\/management\/"},"img":{"alt_text":"","src":"https:\/\/i0.wp.com\/ccnews.com.ar\/prensa\/wp-content\/uploads\/2019\/05\/Experiencia-Endeavor-Marvin-Liao-3.jpg?fit=1200%2C674&resize=350%2C200","width":350,"height":200,"srcset":"https:\/\/i0.wp.com\/ccnews.com.ar\/prensa\/wp-content\/uploads\/2019\/05\/Experiencia-Endeavor-Marvin-Liao-3.jpg?fit=1200%2C674&resize=350%2C200 1x, https:\/\/i0.wp.com\/ccnews.com.ar\/prensa\/wp-content\/uploads\/2019\/05\/Experiencia-Endeavor-Marvin-Liao-3.jpg?fit=1200%2C674&resize=525%2C300 1,5x, https:\/\/i0.wp.com\/ccnews.com.ar\/prensa\/wp-content\/uploads\/2019\/05\/Experiencia-Endeavor-Marvin-Liao-3.jpg?fit=1200%2C674&resize=700%2C400 2x, https:\/\/i0.wp.com\/ccnews.com.ar\/prensa\/wp-content\/uploads\/2019\/05\/Experiencia-Endeavor-Marvin-Liao-3.jpg?fit=1200%2C674&resize=1050%2C600 3x"},"classes":[]},{"id":413,"url":"http:\/\/ccnews.com.ar\/prensa\/el-apoyo-a-los-emprendedores-favorece-la-movilidad-social\/","url_meta":{"origin":9323,"position":2},"title":"El apoyo a los emprendedores favorece la movilidad social","author":"CLUSTERciar","date":"12 abril, 2016","format":false,"excerpt":"Congreso global de emprendimientos 2016Medell\u00edn fue la sede del encuentro mundial del que participaron peque\u00f1os empresarios innovadores de m\u00e1s de 150 pa\u00edses. Los idiomas, las texturas y los colores se mezclaban en el centro de convenciones Plaza Mayor de Medell\u00edn, el espacio que alberg\u00f3 durante tres d\u00edas al Congreso Global\u2026","rel":"","context":"En \u00abEducaci\u00f3n\/Sociedad\u00bb","block_context":{"text":"Educaci\u00f3n\/Sociedad","link":"http:\/\/ccnews.com.ar\/prensa\/category\/educacion-sociedad\/"},"img":{"alt_text":"","src":"","width":0,"height":0},"classes":[]},{"id":12560,"url":"http:\/\/ccnews.com.ar\/prensa\/los-rasgos-que-todo-lider-debe-desarrollar-para-no-poner-en-riesgo-su-carrera\/","url_meta":{"origin":9323,"position":3},"title":"Los rasgos que todo l\u00edder debe desarrollar para no poner en riesgo su carrera","author":"admin","date":"18 agosto, 2019","format":false,"excerpt":"La personalidad puede ser una palanca o un ancla en el desarrollo profesional de cada uno. De ese modo, reconocer y explotar las caracter\u00edsticas propias es necesario para hacer un cambio disruptivo en la carrera. Hace unas dos d\u00e9cadas los psic\u00f3logos Robert y Joyce Hogan desarrollaron un inventario de 11\u2026","rel":"","context":"En \u00abManagement\u00bb","block_context":{"text":"Management","link":"http:\/\/ccnews.com.ar\/prensa\/category\/management\/"},"img":{"alt_text":"","src":"https:\/\/i0.wp.com\/ccnews.com.ar\/prensa\/wp-content\/uploads\/2019\/08\/personalidade-1200x801.jpg?fit=1200%2C801&resize=350%2C200","width":350,"height":200,"srcset":"https:\/\/i0.wp.com\/ccnews.com.ar\/prensa\/wp-content\/uploads\/2019\/08\/personalidade-1200x801.jpg?fit=1200%2C801&resize=350%2C200 1x, https:\/\/i0.wp.com\/ccnews.com.ar\/prensa\/wp-content\/uploads\/2019\/08\/personalidade-1200x801.jpg?fit=1200%2C801&resize=525%2C300 1,5x, https:\/\/i0.wp.com\/ccnews.com.ar\/prensa\/wp-content\/uploads\/2019\/08\/personalidade-1200x801.jpg?fit=1200%2C801&resize=700%2C400 2x, https:\/\/i0.wp.com\/ccnews.com.ar\/prensa\/wp-content\/uploads\/2019\/08\/personalidade-1200x801.jpg?fit=1200%2C801&resize=1050%2C600 3x"},"classes":[]},{"id":1893,"url":"http:\/\/ccnews.com.ar\/prensa\/como-educar-para-emprender-y-no-para-buscar-trabajo\/","url_meta":{"origin":9323,"position":4},"title":"\u00bfC\u00f3mo educar para emprender y no para buscar trabajo?","author":"CLUSTERciar","date":"13 octubre, 2016","format":false,"excerpt":"Dec\u00eda Oscar Wilde que la sociedad perdona a veces a un criminal pero nunca perdona a un so\u00f1ador. Seg\u00fan Hayek, no\u00a0podemos censurar a nuestros j\u00f3venes porque prefieran una posici\u00f3n asalariada segura frente al riesgo de la empresa, cuando desde su primera juventud han visto aqu\u00e9lla considerada como ocupaci\u00f3n superior m\u00e1s\u2026","rel":"","context":"En \u00abEducaci\u00f3n\/Sociedad\u00bb","block_context":{"text":"Educaci\u00f3n\/Sociedad","link":"http:\/\/ccnews.com.ar\/prensa\/category\/educacion-sociedad\/"},"img":{"alt_text":"","src":"","width":0,"height":0},"classes":[]},{"id":13253,"url":"http:\/\/ccnews.com.ar\/prensa\/camino-a-la-digitalizacion-por-que-incorporar-tecnologia-en-tu-empresa\/","url_meta":{"origin":9323,"position":5},"title":"Camino a la digitalizaci\u00f3n: \u00bfPor qu\u00e9 incorporar tecnolog\u00eda en tu empresa?","author":"CLUSTERciar","date":"15 octubre, 2019","format":false,"excerpt":"Digitalizar tu Pyme puede ser determinante en el \u00e9xito o fracaso de un negocio. Ad portas de una nueva celebraci\u00f3n de la semana de la Pyme en Chile, expertos explican por qu\u00e9 es tan importante que todos empiecen a subirse al tren de la tecnolog\u00eda. Seg\u00fan cifras de la OCDE,\u2026","rel":"","context":"En \u00abTransformaci\u00f3n digital\u00bb","block_context":{"text":"Transformaci\u00f3n digital","link":"http:\/\/ccnews.com.ar\/prensa\/category\/transformacion-digital\/"},"img":{"alt_text":"","src":"https:\/\/i0.wp.com\/ccnews.com.ar\/prensa\/wp-content\/uploads\/2019\/10\/700x420_digital-defini.jpg?fit=700%2C420&resize=350%2C200","width":350,"height":200,"srcset":"https:\/\/i0.wp.com\/ccnews.com.ar\/prensa\/wp-content\/uploads\/2019\/10\/700x420_digital-defini.jpg?fit=700%2C420&resize=350%2C200 1x, https:\/\/i0.wp.com\/ccnews.com.ar\/prensa\/wp-content\/uploads\/2019\/10\/700x420_digital-defini.jpg?fit=700%2C420&resize=525%2C300 1,5x, https:\/\/i0.wp.com\/ccnews.com.ar\/prensa\/wp-content\/uploads\/2019\/10\/700x420_digital-defini.jpg?fit=700%2C420&resize=700%2C400 2x"},"classes":[]}],"jetpack_sharing_enabled":true,"_links":{"self":[{"href":"http:\/\/ccnews.com.ar\/prensa\/wp-json\/wp\/v2\/posts\/9323","targetHints":{"allow":["GET"]}}],"collection":[{"href":"http:\/\/ccnews.com.ar\/prensa\/wp-json\/wp\/v2\/posts"}],"about":[{"href":"http:\/\/ccnews.com.ar\/prensa\/wp-json\/wp\/v2\/types\/post"}],"author":[{"embeddable":true,"href":"http:\/\/ccnews.com.ar\/prensa\/wp-json\/wp\/v2\/users\/2"}],"replies":[{"embeddable":true,"href":"http:\/\/ccnews.com.ar\/prensa\/wp-json\/wp\/v2\/comments?post=9323"}],"version-history":[{"count":1,"href":"http:\/\/ccnews.com.ar\/prensa\/wp-json\/wp\/v2\/posts\/9323\/revisions"}],"predecessor-version":[{"id":9327,"href":"http:\/\/ccnews.com.ar\/prensa\/wp-json\/wp\/v2\/posts\/9323\/revisions\/9327"}],"wp:featuredmedia":[{"embeddable":true,"href":"http:\/\/ccnews.com.ar\/prensa\/wp-json\/wp\/v2\/media\/9325"}],"wp:attachment":[{"href":"http:\/\/ccnews.com.ar\/prensa\/wp-json\/wp\/v2\/media?parent=9323"}],"wp:term":[{"taxonomy":"category","embeddable":true,"href":"http:\/\/ccnews.com.ar\/prensa\/wp-json\/wp\/v2\/categories?post=9323"},{"taxonomy":"post_tag","embeddable":true,"href":"http:\/\/ccnews.com.ar\/prensa\/wp-json\/wp\/v2\/tags?post=9323"}],"curies":[{"name":"wp","href":"https:\/\/api.w.org\/{rel}","templated":true}]}}