{"id":9429,"date":"2018-11-22T08:00:59","date_gmt":"2018-11-22T11:00:59","guid":{"rendered":"http:\/\/clusterciarnews.com.ar\/prensa\/?p=9429"},"modified":"2018-11-23T08:41:47","modified_gmt":"2018-11-23T11:41:47","slug":"vaca-muerta-le-impone-nuevos-desafios-a-ingenieria-en-la-unco","status":"publish","type":"post","link":"http:\/\/ccnews.com.ar\/prensa\/vaca-muerta-le-impone-nuevos-desafios-a-ingenieria-en-la-unco\/","title":{"rendered":"Vaca Muerta le impone nuevos desaf\u00edos a Ingenier\u00eda en la UNCo"},"content":{"rendered":"<article id=\"article-post\" class=\"cat-azul\">\n<div class=\"cuerpo\">\n<p><strong>Escribe Salvador Canzonieri<\/strong><\/p>\n<p><strong>Decano de Ingenier\u00eda UNCo<\/strong><\/p>\n<p>El hecho de estar \u201cencima\u201d de Vaca Muerta nos posiciona en un lugar diferente. Esto, como visi\u00f3n desde la academia. Siempre surge el tema de la relaci\u00f3n con la industria, el gobierno y las instituciones en los temas vinculados al sector petrolero.<\/p>\n<\/div>\n<\/article>\n<article id=\"article-post\" class=\"cat-azul\">\n<div class=\"cuerpo\">\n<p>Pero lo cierto es que es un v\u00ednculo que tiene 53 a\u00f1os. Por ejemplo, en el caso de nuestros alumnos, muchos de ellos hacen pr\u00e1cticas pre-profesionales supervisadas y completan as\u00ed sus estudios. Tambi\u00e9n contamos en nuestros cuadros docentes con especialistas de empresas que ense\u00f1an este nuevo paradigma de los no convencionales. Creemos en ese ida y vuelta que enriquece a la universidad y el proceso de formaci\u00f3n de los estudiantes.<\/p>\n<\/div>\n<\/article>\n<section class=\"news-lay-3 bottom-margin lista-notas-relacionadas relacionadas-nota inbody\">\n<header><\/header>\n<div class=\"row\">\n<article class=\"item clearfix col-xs-12 col-sm-6 cat- rel-has-media\">\n<div class=\"row\">\n<div class=\"col-xs-6 col-sm-6\">\n<div class=\"media thumb-wrap relative wrapper-relacionadas\">Vaca Muerta, tambi\u00e9n, nos impone un desaf\u00edo. Estamos limitados en materia de infraestructura. Si creciera mucho la matr\u00edcula, tendr\u00edamos un problema. Habr\u00eda dificultades para afrontar una demanda educativa creciente. Entre 2008 y 2015 se duplic\u00f3 la cantidad de estudiantes en las ingeniar\u00edas de la UNCo.<\/div>\n<\/div>\n<\/div>\n<\/article>\n<\/div>\n<\/section>\n<article id=\"article-post\" class=\"cat-azul\">\n<div class=\"cuerpo\">\n<p>Hoy se inscriben unos 1100 alumnos por a\u00f1o. En el 2015 tuvimos la m\u00e1xima afluencia con unos 1300, en ese momento unos 400 en ingenier\u00eda en petr\u00f3leo y otros 250 en la licenciatura en geolog\u00eda, en las m\u00e1s vinculadas al petr\u00f3leo. Este crecimiento del sector petrolero nos podr\u00eda traer inconvenientes y hay momentos en los que la capacidad de aulas no responde a las necesidades de funcionamiento acad\u00e9mico, teniendo que disponer de la colaboraci\u00f3n de otras facultades que nos prestan espacios.<\/p>\n<p>En cuanto a la graduaci\u00f3n, tenemos 100 profesionales por a\u00f1o que terminan las carreras de la Facultad Ingenier\u00eda. Es la media nacional, estamos en esos est\u00e1ndares. En las carreras de ingenier\u00eda en general, la deserci\u00f3n es alta, tenemos un cuello de botella en el ingreso, pero tenemos un 40% de deserci\u00f3n. Al mismo tiempo, en nuestras carreras hay muchos estudiantes muy avanzados que demoran su graduaci\u00f3n porque est\u00e1n insertos en el sector laboral. Hay unos 200 alumnos que siempre est\u00e1n con el 90% de la carrera culminada y que postergan su titulaci\u00f3n.<\/p>\n<p>Es necesario generar condiciones para que la culminen. En un plazo de dos a\u00f1os, encararemos la reforma del plan de estudios en las seis ingenier\u00edas. A los no convencionales, que implican un cambio de paradigma, los tenemos que plasmar en los nuevos planes de estudio.<\/p>\n<p>Al mismo tiempo, nos posicionamos para la mayor demanda que hay en el sector con dos carreras de postgrado, una especializaci\u00f3n en hidrocarburos convencionales y otra en energ\u00eda e\u00f3lica. El v\u00ednculo con el sector, tambi\u00e9n se da con transferencia y servicios profesionales a las empresas de la industria. No solo de operadoras sino tambi\u00e9n de pymes.<\/p>\n<p>Hubo, al mismo tiempo, importantes ayudas que tambi\u00e9n dieron a la UNCo, instituciones como el IAPG, con aportes del 70% de materiales para un edificio en construcci\u00f3n para Ingenier\u00eda en Petr\u00f3leo, como tambi\u00e9n lo ha hecho la fundaci\u00f3n YPF para el \u00e1rea de Geolog\u00eda de nuestra facultad.<\/p>\n<\/div>\n<p>Fuente: LM Neuqu\u00e9n<\/p>\n<\/article>\n<!-- AddThis Advanced Settings generic via filter on the_content -->","protected":false},"excerpt":{"rendered":"<p>Escribe Salvador Canzonieri Decano de Ingenier\u00eda UNCo El hecho de estar \u201cencima\u201d de Vaca Muerta nos posiciona en un lugar<!-- AddThis Advanced Settings generic via filter on get_the_excerpt --><\/p>\n","protected":false},"author":2,"featured_media":9431,"comment_status":"closed","ping_status":"closed","sticky":false,"template":"","format":"standard","meta":{"colormag_page_container_layout":"default_layout","colormag_page_sidebar_layout":"default_layout","jetpack_post_was_ever_published":false,"_jetpack_newsletter_access":"","_jetpack_dont_email_post_to_subs":false,"_jetpack_newsletter_tier_id":0,"_jetpack_memberships_contains_paywalled_content":false,"_jetpack_memberships_contains_paid_content":false,"footnotes":"","jetpack_publicize_message":"","jetpack_publicize_feature_enabled":true,"jetpack_social_post_already_shared":true,"jetpack_social_options":{"image_generator_settings":{"template":"highway","default_image_id":0,"font":"","enabled":false},"version":2}},"categories":[3],"tags":[17],"class_list":["post-9429","post","type-post","status-publish","format-standard","has-post-thumbnail","hentry","category-sustentabilidad","tag-otros-medios"],"jetpack_publicize_connections":[],"jetpack_featured_media_url":"https:\/\/i0.wp.com\/ccnews.com.ar\/prensa\/wp-content\/uploads\/2018\/11\/0003345338.jpg?fit=770%2C433","jetpack_shortlink":"https:\/\/wp.me\/p7L1gj-2s5","jetpack-related-posts":[{"id":10445,"url":"http:\/\/ccnews.com.ar\/prensa\/finalizo-el-proyecto-de-ingenieria-para-una-nueva-estacion-de-bombeo-en-vaca-muerta\/","url_meta":{"origin":9429,"position":0},"title":"Finaliz\u00f3 el proyecto de ingenier\u00eda para una nueva estaci\u00f3n de bombeo  en Vaca Muerta","author":"CLUSTERciar","date":"26 febrero, 2019","format":false,"excerpt":"La estaci\u00f3n se construir\u00e1 en el yacimiento Rinc\u00f3n del Mangrullo, en la cuenca neuquina, dentro del \u00e1rea de Vaca Muerta. El proyecto de realizaci\u00f3n y ejecuci\u00f3n de la ingenier\u00eda conceptual y b\u00e1sica estuvo a cargo de la empresa Ciar Ingenier\u00eda. \u200bRinc\u00f3n del Mangrullo contar\u00e1 con un nuevo sistema de captaci\u00f3n\u2026","rel":"","context":"En \u00abSustentabilidad\u00bb","block_context":{"text":"Sustentabilidad","link":"http:\/\/ccnews.com.ar\/prensa\/category\/sustentabilidad\/"},"img":{"alt_text":"","src":"https:\/\/i0.wp.com\/ccnews.com.ar\/prensa\/wp-content\/uploads\/2019\/02\/0-Plantillaa.jpg?fit=803%2C404&resize=350%2C200","width":350,"height":200,"srcset":"https:\/\/i0.wp.com\/ccnews.com.ar\/prensa\/wp-content\/uploads\/2019\/02\/0-Plantillaa.jpg?fit=803%2C404&resize=350%2C200 1x, https:\/\/i0.wp.com\/ccnews.com.ar\/prensa\/wp-content\/uploads\/2019\/02\/0-Plantillaa.jpg?fit=803%2C404&resize=525%2C300 1,5x, https:\/\/i0.wp.com\/ccnews.com.ar\/prensa\/wp-content\/uploads\/2019\/02\/0-Plantillaa.jpg?fit=803%2C404&resize=700%2C400 2x"},"classes":[]},{"id":11463,"url":"http:\/\/ccnews.com.ar\/prensa\/lanzan-becas-para-estudiantes-de-ingenierias-en-vaca-muerta\/","url_meta":{"origin":9429,"position":1},"title":"Lanzan becas para estudiantes de ingenier\u00edas en Vaca Muerta","author":"admin","date":"20 mayo, 2019","format":false,"excerpt":"Est\u00e1n destinadas tanto a quienes comenzar\u00e1n las carreras como a quienes quieren continuarlas. Las personas interesadas tienen tiempo para inscribirse hasta el 16 de junio. Quienes estudian o quieren estudiar carreras de las distintas especializaciones en ingenier\u00eda que se dictan en la Universidad del Comahue pero no cuentan con los\u2026","rel":"","context":"En \u00abSustentabilidad\u00bb","block_context":{"text":"Sustentabilidad","link":"http:\/\/ccnews.com.ar\/prensa\/category\/sustentabilidad\/"},"img":{"alt_text":"","src":"https:\/\/i0.wp.com\/ccnews.com.ar\/prensa\/wp-content\/uploads\/2019\/05\/image_content_10170462_20181003133550.jpg?fit=920%2C520&resize=350%2C200","width":350,"height":200,"srcset":"https:\/\/i0.wp.com\/ccnews.com.ar\/prensa\/wp-content\/uploads\/2019\/05\/image_content_10170462_20181003133550.jpg?fit=920%2C520&resize=350%2C200 1x, https:\/\/i0.wp.com\/ccnews.com.ar\/prensa\/wp-content\/uploads\/2019\/05\/image_content_10170462_20181003133550.jpg?fit=920%2C520&resize=525%2C300 1,5x, https:\/\/i0.wp.com\/ccnews.com.ar\/prensa\/wp-content\/uploads\/2019\/05\/image_content_10170462_20181003133550.jpg?fit=920%2C520&resize=700%2C400 2x"},"classes":[]},{"id":3777,"url":"http:\/\/ccnews.com.ar\/prensa\/vaca-muerta-perfiles-mas-solicitados\/","url_meta":{"origin":9429,"position":2},"title":"Vaca Muerta: Perfiles m\u00e1s solicitados","author":"CLUSTERciar","date":"5 abril, 2017","format":false,"excerpt":"Atentos al mercado laboral actual CLUSTERciarnews entrevist\u00f3 a los L\u00edderes de Ingenier\u00eda de CIAR sobre las b\u00fasquedas que se est\u00e1n realizando en este momento y cu\u00e1les son los perfiles que est\u00e1n siendo m\u00e1s solicitados para cubrir puestos en el rubro. \u201cEl sector petrolero muestra una reactivaci\u00f3n donde las inversiones llegan\u2026","rel":"","context":"En \u00abSustentabilidad\u00bb","block_context":{"text":"Sustentabilidad","link":"http:\/\/ccnews.com.ar\/prensa\/category\/sustentabilidad\/"},"img":{"alt_text":"IMG_3884","src":"https:\/\/i0.wp.com\/clusterciarnews.com.ar\/prensa\/wp-content\/uploads\/2017\/04\/IMG_3884-300x262.jpg?resize=350%2C200","width":350,"height":200},"classes":[]},{"id":11795,"url":"http:\/\/ccnews.com.ar\/prensa\/filial-de-ingenieria-del-grupo-coreano-samsung-interesada-en-desembarcar-en-vaca-muerta\/","url_meta":{"origin":9429,"position":3},"title":"Filial de ingenier\u00eda del grupo coreano Samsung interesada en desembarcar en Vaca Muerta","author":"admin","date":"15 junio, 2019","format":false,"excerpt":"El director para Am\u00e9rica y Europa de la empresa coreana Samsung Engineering, Yun NamHum, expres\u00f3 su inter\u00e9s por invertir en el sector de petr\u00f3leo y gas en la Argentina, con prioridad en la formaci\u00f3n neuquina de Vaca Muerta, durante una reuni\u00f3n en la sede de la Canciller\u00eda con el secretario\u2026","rel":"","context":"En \u00abSustentabilidad\u00bb","block_context":{"text":"Sustentabilidad","link":"http:\/\/ccnews.com.ar\/prensa\/category\/sustentabilidad\/"},"img":{"alt_text":"","src":"https:\/\/i0.wp.com\/ccnews.com.ar\/prensa\/wp-content\/uploads\/2019\/06\/Vaca-Muerta-1280x720.jpg?fit=1200%2C675&resize=350%2C200","width":350,"height":200,"srcset":"https:\/\/i0.wp.com\/ccnews.com.ar\/prensa\/wp-content\/uploads\/2019\/06\/Vaca-Muerta-1280x720.jpg?fit=1200%2C675&resize=350%2C200 1x, https:\/\/i0.wp.com\/ccnews.com.ar\/prensa\/wp-content\/uploads\/2019\/06\/Vaca-Muerta-1280x720.jpg?fit=1200%2C675&resize=525%2C300 1,5x, https:\/\/i0.wp.com\/ccnews.com.ar\/prensa\/wp-content\/uploads\/2019\/06\/Vaca-Muerta-1280x720.jpg?fit=1200%2C675&resize=700%2C400 2x, https:\/\/i0.wp.com\/ccnews.com.ar\/prensa\/wp-content\/uploads\/2019\/06\/Vaca-Muerta-1280x720.jpg?fit=1200%2C675&resize=1050%2C600 3x"},"classes":[]},{"id":7173,"url":"http:\/\/ccnews.com.ar\/prensa\/avanza-la-obra-del-acueducto-para-vaca-muerta\/","url_meta":{"origin":9429,"position":4},"title":"Avanza la obra del acueducto para Vaca Muerta","author":"admin","date":"15 marzo, 2018","format":false,"excerpt":"Mediante un mapeo con drones, avanza el trazado de los ductos que reducir\u00e1n el costo de agua para los yacimientos. La empresa Ingenier\u00eda Sima present\u00f3 a mediados del 2017 un proyecto para construir una tuber\u00eda de 68 kil\u00f3metros desde el R\u00edo Neuqu\u00e9n hasta Bardas Negras (cerca de A\u00f1elo) pasando por\u2026","rel":"","context":"En \u00abEnerg\u00eda y Producci\u00f3n\u00bb","block_context":{"text":"Energ\u00eda y Producci\u00f3n","link":"http:\/\/ccnews.com.ar\/prensa\/category\/energia-y-produccion\/"},"img":{"alt_text":"","src":"https:\/\/i0.wp.com\/ccnews.com.ar\/prensa\/wp-content\/uploads\/2018\/03\/0002822444.jpg?fit=770%2C433&resize=350%2C200","width":350,"height":200,"srcset":"https:\/\/i0.wp.com\/ccnews.com.ar\/prensa\/wp-content\/uploads\/2018\/03\/0002822444.jpg?fit=770%2C433&resize=350%2C200 1x, https:\/\/i0.wp.com\/ccnews.com.ar\/prensa\/wp-content\/uploads\/2018\/03\/0002822444.jpg?fit=770%2C433&resize=525%2C300 1,5x, https:\/\/i0.wp.com\/ccnews.com.ar\/prensa\/wp-content\/uploads\/2018\/03\/0002822444.jpg?fit=770%2C433&resize=700%2C400 2x"},"classes":[]},{"id":6357,"url":"http:\/\/ccnews.com.ar\/prensa\/jornada-sobre-vaca-muerta\/","url_meta":{"origin":9429,"position":5},"title":"Jornada sobre Vaca Muerta","author":"CLUSTERciar","date":"13 diciembre, 2017","format":false,"excerpt":"Disertaron el Ing. Pablo Videla\u00a0de Techint y el Lic. Jorge Dimopulos de Tecpetrol. El colmado sal\u00f3n Costantini del Centro Argentino de Ingenieros es la imagen que expone el inter\u00e9s suscitado por la jornada sobre Desaf\u00edos y potencial de Vaca Muerta: m\u00e1s de 150 personas asistieron al encuentro para presenciar las\u2026","rel":"","context":"En \u00abSustentabilidad\u00bb","block_context":{"text":"Sustentabilidad","link":"http:\/\/ccnews.com.ar\/prensa\/category\/sustentabilidad\/"},"img":{"alt_text":"","src":"https:\/\/i0.wp.com\/ccnews.com.ar\/prensa\/wp-content\/uploads\/2017\/12\/201212_Vaca-7.jpg?fit=600%2C399&resize=350%2C200","width":350,"height":200,"srcset":"https:\/\/i0.wp.com\/ccnews.com.ar\/prensa\/wp-content\/uploads\/2017\/12\/201212_Vaca-7.jpg?fit=600%2C399&resize=350%2C200 1x, https:\/\/i0.wp.com\/ccnews.com.ar\/prensa\/wp-content\/uploads\/2017\/12\/201212_Vaca-7.jpg?fit=600%2C399&resize=525%2C300 1,5x"},"classes":[]}],"jetpack_sharing_enabled":true,"_links":{"self":[{"href":"http:\/\/ccnews.com.ar\/prensa\/wp-json\/wp\/v2\/posts\/9429","targetHints":{"allow":["GET"]}}],"collection":[{"href":"http:\/\/ccnews.com.ar\/prensa\/wp-json\/wp\/v2\/posts"}],"about":[{"href":"http:\/\/ccnews.com.ar\/prensa\/wp-json\/wp\/v2\/types\/post"}],"author":[{"embeddable":true,"href":"http:\/\/ccnews.com.ar\/prensa\/wp-json\/wp\/v2\/users\/2"}],"replies":[{"embeddable":true,"href":"http:\/\/ccnews.com.ar\/prensa\/wp-json\/wp\/v2\/comments?post=9429"}],"version-history":[{"count":1,"href":"http:\/\/ccnews.com.ar\/prensa\/wp-json\/wp\/v2\/posts\/9429\/revisions"}],"predecessor-version":[{"id":9433,"href":"http:\/\/ccnews.com.ar\/prensa\/wp-json\/wp\/v2\/posts\/9429\/revisions\/9433"}],"wp:featuredmedia":[{"embeddable":true,"href":"http:\/\/ccnews.com.ar\/prensa\/wp-json\/wp\/v2\/media\/9431"}],"wp:attachment":[{"href":"http:\/\/ccnews.com.ar\/prensa\/wp-json\/wp\/v2\/media?parent=9429"}],"wp:term":[{"taxonomy":"category","embeddable":true,"href":"http:\/\/ccnews.com.ar\/prensa\/wp-json\/wp\/v2\/categories?post=9429"},{"taxonomy":"post_tag","embeddable":true,"href":"http:\/\/ccnews.com.ar\/prensa\/wp-json\/wp\/v2\/tags?post=9429"}],"curies":[{"name":"wp","href":"https:\/\/api.w.org\/{rel}","templated":true}]}}