{"id":9673,"date":"2018-12-17T08:54:41","date_gmt":"2018-12-17T11:54:41","guid":{"rendered":"http:\/\/ccnews.com.ar\/prensa\/?p=9673"},"modified":"2018-12-17T08:57:39","modified_gmt":"2018-12-17T11:57:39","slug":"clusterciar-jm-team-dueno-del-endurance-kart","status":"publish","type":"post","link":"http:\/\/ccnews.com.ar\/prensa\/clusterciar-jm-team-dueno-del-endurance-kart\/","title":{"rendered":"CLUSTERciar JM team, due\u00f1o del Endurance Kart"},"content":{"rendered":"<p class=\"headline font-1-bold\"><strong><span class=\"priority-content\">Mac Kenzie, Amartino y Lovagnini, l<\/span><\/strong><strong>os pilotos del equipo que lidera Javier Moreiro ganaron la primera edici\u00f3n de la prueba en la Isla Jord\u00e1n.<\/strong><\/p>\n<p>El experimentado equipo que integraron Guillermo Mac Kenzie, Mateo Amartino y Juan Lovagnini, se impuso en la primera edici\u00f3n del Endurance Kart que ayer se cumpli\u00f3 en el kart\u00f3dromo de la Isla Jord\u00e1n, en Cipolletti.<\/p>\n<p>La in\u00e9dita prueba fue todo un suceso, con un buen espect\u00e1culo y la presencia de unos cuantos equipos.<\/p>\n<p>Despu\u00e9s de completar 4h 01m 03s 66\/100 y 248 vueltas, Mac Kenzie, Amartino y Lovagnini, quienes integraron el equipo de Javier Moreiro, se quedaron con la victoria en la general y en la categor\u00eda 125 cc.<\/p>\n<p>Fueron 14 los equipos que se animaron al desaf\u00edo, que se complet\u00f3 con las pruebas para Mini Endurance.<\/p>\n<p>Mac Kenzie, Amartino y Lovagnini fueron los due\u00f1os de 125 cc, ratificando su chapa de candidatos. En 150 cc. con caja la victoria qued\u00f3 para el equipo que lider\u00f3 Emiliano Gallucci.<\/p>\n<p>Fuente: Diario R\u00edo Negro<\/p>\n<!-- AddThis Advanced Settings generic via filter on the_content -->","protected":false},"excerpt":{"rendered":"<p>Mac Kenzie, Amartino y Lovagnini, los pilotos del equipo que lidera Javier Moreiro ganaron la primera edici\u00f3n de la prueba<!-- AddThis Advanced Settings generic via filter on get_the_excerpt --><\/p>\n","protected":false},"author":2,"featured_media":9679,"comment_status":"closed","ping_status":"closed","sticky":false,"template":"","format":"standard","meta":{"colormag_page_container_layout":"default_layout","colormag_page_sidebar_layout":"default_layout","jetpack_post_was_ever_published":false,"_jetpack_newsletter_access":"","_jetpack_dont_email_post_to_subs":false,"_jetpack_newsletter_tier_id":0,"_jetpack_memberships_contains_paywalled_content":false,"_jetpack_memberships_contains_paid_content":false,"footnotes":"","jetpack_publicize_message":"","jetpack_publicize_feature_enabled":true,"jetpack_social_post_already_shared":true,"jetpack_social_options":{"image_generator_settings":{"template":"highway","default_image_id":0,"font":"","enabled":false},"version":2}},"categories":[19],"tags":[17],"class_list":["post-9673","post","type-post","status-publish","format-standard","has-post-thumbnail","hentry","category-educacion-sociedad","tag-otros-medios"],"jetpack_publicize_connections":[],"jetpack_featured_media_url":"https:\/\/i0.wp.com\/ccnews.com.ar\/prensa\/wp-content\/uploads\/2018\/12\/IMG_2936-1.jpg?fit=4725%2C3122","jetpack_shortlink":"https:\/\/wp.me\/p7L1gj-2w1","jetpack-related-posts":[{"id":9639,"url":"http:\/\/ccnews.com.ar\/prensa\/cipolletti-calienta-motores-arranca-el-endurance-kart-una-carrera-inedita-en-el-pais\/","url_meta":{"origin":9673,"position":0},"title":"Cipolletti calienta motores:  arranca el Endurance Kart,  una carrera in\u00e9dita en el pa\u00eds","author":"CLUSTERciar","date":"11 diciembre, 2018","format":false,"excerpt":"El s\u00e1bado 15 de diciembre se pone en marcha la primera competencia de karting de cuatro horas de duraci\u00f3n que se celebra en la Argentina. El evento marcar\u00e1 el debut de la escuder\u00eda CLUSTERciar JM Team, que ser\u00e1 presentada por CLUSTERciar con el objetivo de apoyar y promover el valor\u2026","rel":"","context":"En \u00abEducaci\u00f3n\/Sociedad\u00bb","block_context":{"text":"Educaci\u00f3n\/Sociedad","link":"http:\/\/ccnews.com.ar\/prensa\/category\/educacion-sociedad\/"},"img":{"alt_text":"","src":"https:\/\/i0.wp.com\/ccnews.com.ar\/prensa\/wp-content\/uploads\/2018\/12\/0-Plantilla-1.jpg?fit=803%2C404&resize=350%2C200","width":350,"height":200,"srcset":"https:\/\/i0.wp.com\/ccnews.com.ar\/prensa\/wp-content\/uploads\/2018\/12\/0-Plantilla-1.jpg?fit=803%2C404&resize=350%2C200 1x, https:\/\/i0.wp.com\/ccnews.com.ar\/prensa\/wp-content\/uploads\/2018\/12\/0-Plantilla-1.jpg?fit=803%2C404&resize=525%2C300 1,5x, https:\/\/i0.wp.com\/ccnews.com.ar\/prensa\/wp-content\/uploads\/2018\/12\/0-Plantilla-1.jpg?fit=803%2C404&resize=700%2C400 2x"},"classes":[]},{"id":3841,"url":"http:\/\/ccnews.com.ar\/prensa\/un-hotel-que-se-suma-al-concepto-verde\/","url_meta":{"origin":9673,"position":1},"title":"Un hotel que se suma al concepto verde","author":"CLUSTERciar","date":"18 abril, 2017","format":false,"excerpt":"En Roca montaron un equipo de colectores solares para cubrir el uso de agua caliente y la calefacci\u00f3n del edificio. Es uno de los primeros que se instalan en la zona. Adem\u00e1s del ahorro energ\u00e9tico, reduce las emisiones contaminantes. Las energ\u00edas renovables se extienden con fuerza en todo el pa\u00eds.\u2026","rel":"","context":"En \u00abSustentabilidad\u00bb","block_context":{"text":"Sustentabilidad","link":"http:\/\/ccnews.com.ar\/prensa\/category\/sustentabilidad\/"},"img":{"alt_text":"","src":"https:\/\/i0.wp.com\/ccnews.com.ar\/prensa\/wp-content\/uploads\/2017\/04\/image_content_8285568_20170412221105.jpg?fit=660%2C370&resize=350%2C200","width":350,"height":200,"srcset":"https:\/\/i0.wp.com\/ccnews.com.ar\/prensa\/wp-content\/uploads\/2017\/04\/image_content_8285568_20170412221105.jpg?fit=660%2C370&resize=350%2C200 1x, https:\/\/i0.wp.com\/ccnews.com.ar\/prensa\/wp-content\/uploads\/2017\/04\/image_content_8285568_20170412221105.jpg?fit=660%2C370&resize=525%2C300 1,5x"},"classes":[]},{"id":2357,"url":"http:\/\/ccnews.com.ar\/prensa\/crean-en-la-argentina-una-biompresora-que-podria-usarse-para-hacer-piel\/","url_meta":{"origin":9673,"position":2},"title":"Crean en la Argentina una biompresora que podr\u00eda usarse para hacer piel","author":"CLUSTERciar","date":"23 noviembre, 2016","format":false,"excerpt":"La bioimpresora podr\u00eda imprimir parches de regeneraci\u00f3n de piel a medida para aplicar sobre una herida; tambi\u00e9n se puede usar para probar nuevos materiales y medicamentos Una impresora capaz de fabricar piel y tejidos humanos parece un objeto salido de la serie Black Mirror. Sin embargo, las bioimpresoras no solo\u2026","rel":"","context":"En \u00abSustentabilidad\u00bb","block_context":{"text":"Sustentabilidad","link":"http:\/\/ccnews.com.ar\/prensa\/category\/sustentabilidad\/"},"img":{"alt_text":"","src":"https:\/\/i0.wp.com\/ccnews.com.ar\/prensa\/wp-content\/uploads\/2016\/11\/2302977h765.jpg?fit=1200%2C675&resize=350%2C200","width":350,"height":200,"srcset":"https:\/\/i0.wp.com\/ccnews.com.ar\/prensa\/wp-content\/uploads\/2016\/11\/2302977h765.jpg?fit=1200%2C675&resize=350%2C200 1x, https:\/\/i0.wp.com\/ccnews.com.ar\/prensa\/wp-content\/uploads\/2016\/11\/2302977h765.jpg?fit=1200%2C675&resize=525%2C300 1,5x, https:\/\/i0.wp.com\/ccnews.com.ar\/prensa\/wp-content\/uploads\/2016\/11\/2302977h765.jpg?fit=1200%2C675&resize=700%2C400 2x, https:\/\/i0.wp.com\/ccnews.com.ar\/prensa\/wp-content\/uploads\/2016\/11\/2302977h765.jpg?fit=1200%2C675&resize=1050%2C600 3x"},"classes":[]},{"id":7677,"url":"http:\/\/ccnews.com.ar\/prensa\/do-you-speak-english-you-are-one-step-ahead\/","url_meta":{"origin":9673,"position":3},"title":"Do you speak english? You are one step ahead","author":"admin","date":"26 abril, 2018","format":false,"excerpt":"En el entorno profesional, saber ingl\u00e9s abre puertas y ofrece ventajas competitivas a la hora de postularse para un puesto de trabajo, crecer en una empresa o desarrollar un proyecto propio. A continuaci\u00f3n, un panorama sobre el valor de este idioma en Neuqu\u00e9n. En un mundo globalizado, el ingl\u00e9s se\u2026","rel":"","context":"En \u00abEducaci\u00f3n\/Sociedad\u00bb","block_context":{"text":"Educaci\u00f3n\/Sociedad","link":"http:\/\/ccnews.com.ar\/prensa\/category\/educacion-sociedad\/"},"img":{"alt_text":"","src":"https:\/\/i0.wp.com\/ccnews.com.ar\/prensa\/wp-content\/uploads\/2018\/04\/nota-principal-sitio-2.jpg?fit=781%2C222&resize=350%2C200","width":350,"height":200,"srcset":"https:\/\/i0.wp.com\/ccnews.com.ar\/prensa\/wp-content\/uploads\/2018\/04\/nota-principal-sitio-2.jpg?fit=781%2C222&resize=350%2C200 1x, https:\/\/i0.wp.com\/ccnews.com.ar\/prensa\/wp-content\/uploads\/2018\/04\/nota-principal-sitio-2.jpg?fit=781%2C222&resize=525%2C300 1,5x, https:\/\/i0.wp.com\/ccnews.com.ar\/prensa\/wp-content\/uploads\/2018\/04\/nota-principal-sitio-2.jpg?fit=781%2C222&resize=700%2C400 2x"},"classes":[]},{"id":10185,"url":"http:\/\/ccnews.com.ar\/prensa\/los-especialistas-que-cambian-lineas-de-alta-tension-sin-parar-las-operaciones\/","url_meta":{"origin":9673,"position":4},"title":"Los especialistas que cambian lineas de alta tensi\u00f3n sin parar las operaciones","author":"admin","date":"3 febrero, 2019","format":false,"excerpt":"Se trata de una firma local, formada por exempleados de Agua y Energ\u00eda de la Naci\u00f3n. Por sus caracter\u00edsticas han prestado servicios hasta en Kuwait. Jorge Villablanca y Sergio Amado entraron a trabajar en Agua y Energ\u00eda de la Naci\u00f3n en 1980 y casi de inmediato se integraron a la\u2026","rel":"","context":"En \u00abEnerg\u00eda y Producci\u00f3n\u00bb","block_context":{"text":"Energ\u00eda y Producci\u00f3n","link":"http:\/\/ccnews.com.ar\/prensa\/category\/energia-y-produccion\/"},"img":{"alt_text":"","src":"https:\/\/i0.wp.com\/ccnews.com.ar\/prensa\/wp-content\/uploads\/2019\/02\/inspeccion1.jpg?fit=660%2C370&resize=350%2C200","width":350,"height":200,"srcset":"https:\/\/i0.wp.com\/ccnews.com.ar\/prensa\/wp-content\/uploads\/2019\/02\/inspeccion1.jpg?fit=660%2C370&resize=350%2C200 1x, https:\/\/i0.wp.com\/ccnews.com.ar\/prensa\/wp-content\/uploads\/2019\/02\/inspeccion1.jpg?fit=660%2C370&resize=525%2C300 1,5x"},"classes":[]},{"id":11141,"url":"http:\/\/ccnews.com.ar\/prensa\/investigadores-imprimen-en-3d-un-corazon-hecho-de-celulas-de-pacientes-humanos\/","url_meta":{"origin":9673,"position":5},"title":"C\u00f3mo ser\u00e1n las futuras casas en Marte de la NASA impresas en 3D","author":"admin","date":"18 abril, 2019","format":false,"excerpt":"Fueron ideadas como parte de un concurso para instalar colonias humanas, la Agencia Espacial de EEUU present\u00f3 los tres proyectos finalistas. En mayo se conocer\u00e1 al ganador. La idea de colonizar Marte est\u00e1 cada vez m\u00e1s adelantada. Y los proyectos para que eso suceda en un futuro muy pr\u00f3ximo se\u2026","rel":"","context":"En \u00abTransformaci\u00f3n digital\u00bb","block_context":{"text":"Transformaci\u00f3n digital","link":"http:\/\/ccnews.com.ar\/prensa\/category\/transformacion-digital\/"},"img":{"alt_text":"","src":"https:\/\/i0.wp.com\/ccnews.com.ar\/prensa\/wp-content\/uploads\/2019\/04\/CasaNasa011.jpg?fit=1200%2C675&resize=350%2C200","width":350,"height":200,"srcset":"https:\/\/i0.wp.com\/ccnews.com.ar\/prensa\/wp-content\/uploads\/2019\/04\/CasaNasa011.jpg?fit=1200%2C675&resize=350%2C200 1x, https:\/\/i0.wp.com\/ccnews.com.ar\/prensa\/wp-content\/uploads\/2019\/04\/CasaNasa011.jpg?fit=1200%2C675&resize=525%2C300 1,5x, https:\/\/i0.wp.com\/ccnews.com.ar\/prensa\/wp-content\/uploads\/2019\/04\/CasaNasa011.jpg?fit=1200%2C675&resize=700%2C400 2x, https:\/\/i0.wp.com\/ccnews.com.ar\/prensa\/wp-content\/uploads\/2019\/04\/CasaNasa011.jpg?fit=1200%2C675&resize=1050%2C600 3x"},"classes":[]}],"jetpack_sharing_enabled":true,"_links":{"self":[{"href":"http:\/\/ccnews.com.ar\/prensa\/wp-json\/wp\/v2\/posts\/9673","targetHints":{"allow":["GET"]}}],"collection":[{"href":"http:\/\/ccnews.com.ar\/prensa\/wp-json\/wp\/v2\/posts"}],"about":[{"href":"http:\/\/ccnews.com.ar\/prensa\/wp-json\/wp\/v2\/types\/post"}],"author":[{"embeddable":true,"href":"http:\/\/ccnews.com.ar\/prensa\/wp-json\/wp\/v2\/users\/2"}],"replies":[{"embeddable":true,"href":"http:\/\/ccnews.com.ar\/prensa\/wp-json\/wp\/v2\/comments?post=9673"}],"version-history":[{"count":2,"href":"http:\/\/ccnews.com.ar\/prensa\/wp-json\/wp\/v2\/posts\/9673\/revisions"}],"predecessor-version":[{"id":9681,"href":"http:\/\/ccnews.com.ar\/prensa\/wp-json\/wp\/v2\/posts\/9673\/revisions\/9681"}],"wp:featuredmedia":[{"embeddable":true,"href":"http:\/\/ccnews.com.ar\/prensa\/wp-json\/wp\/v2\/media\/9679"}],"wp:attachment":[{"href":"http:\/\/ccnews.com.ar\/prensa\/wp-json\/wp\/v2\/media?parent=9673"}],"wp:term":[{"taxonomy":"category","embeddable":true,"href":"http:\/\/ccnews.com.ar\/prensa\/wp-json\/wp\/v2\/categories?post=9673"},{"taxonomy":"post_tag","embeddable":true,"href":"http:\/\/ccnews.com.ar\/prensa\/wp-json\/wp\/v2\/tags?post=9673"}],"curies":[{"name":"wp","href":"https:\/\/api.w.org\/{rel}","templated":true}]}}